{"id":154219,"date":"2025-01-13T18:34:46","date_gmt":"2025-01-14T00:34:46","guid":{"rendered":"https:\/\/canal7slp.tv\/2025\/?p=154219"},"modified":"2025-01-13T18:34:46","modified_gmt":"2025-01-14T00:34:46","slug":"entrega-de-despensas-en-soledad-sin-colores-partidistas-afirma-directora-de-desarrollo-social","status":"publish","type":"post","link":"https:\/\/canal7slp.tv\/2025\/entrega-de-despensas-en-soledad-sin-colores-partidistas-afirma-directora-de-desarrollo-social\/","title":{"rendered":"Entrega de despensas en Soledad sin colores partidistas afirma directora de Desarrollo Social"},"content":{"rendered":"<p style=\"text-align: justify;\"><span style=\"font-size: 1.21429rem;\">SGS.- Al afirmar que se tiene un padr\u00f3n de 26 mil beneficiarios en los programas de apoyos sociales del ayuntamiento soledense, la directora de Desarrollo Social Mariana S\u00e1nchez Mart\u00ednez, rechaz\u00f3 categ\u00f3rica que la entrega de despensas tengan alg\u00fan color de partido, al decir que representan al ayuntamiento y no a una fuerza pol\u00edtica.<\/span><\/p>\n<p style=\"text-align: justify;\">La funcionaria municipal coment\u00f3 que existen otros programas sociales como los apoyos econ\u00f3micos bimestrales a personas adultas mayores, as\u00ed como los est\u00edmulos a la educaci\u00f3n b\u00e1sica con la entrega de una despensa.<\/p>\n<p style=\"text-align: justify;\">La directora de Desarrollo Social del ayuntamiento soledense reiter\u00f3 que los programas sociales de este municipio, \u201cno tienen color verde ni de ning\u00fan otro partido\u201d, al afirmar que hasta el momento, no ha recibido quejas formales sobre el condicionamiento de estos apoyos.<\/p>\n<p style=\"text-align: justify;\">Por: Claudio Ibarra<\/p>\n","protected":false},"excerpt":{"rendered":"<p>SGS.- Al afirmar que se tiene un padr\u00f3n de 26 mil beneficiarios en los programas de apoyos sociales del ayuntamiento soledense, la directora de Desarrollo Social Mariana S\u00e1nchez Mart\u00ednez, rechaz\u00f3 categ\u00f3rica que la entrega de despensas tengan alg\u00fan color de partido, al decir que representan al ayuntamiento y no a una fuerza pol\u00edtica. La funcionaria municipal coment\u00f3 que existen otros programas sociales como los apoyos econ\u00f3micos bimestrales a personas adultas mayores, as\u00ed como los est\u00edmulos a la educaci\u00f3n b\u00e1sica con la entrega de una despensa. La directora de Desarrollo Social del ayuntamiento soledense reiter\u00f3 que los programas sociales de este [&hellip;]<\/p>\n","protected":false},"author":2,"featured_media":154227,"comment_status":"closed","ping_status":"closed","sticky":false,"template":"","format":"video","meta":{"_monsterinsights_skip_tracking":false,"_monsterinsights_sitenote_active":false,"_monsterinsights_sitenote_note":"","_monsterinsights_sitenote_category":0,"footnotes":""},"categories":[512,5,45],"tags":[],"class_list":["post-154219","post","type-post","status-publish","format-video","has-post-thumbnail","hentry","category-ayosgs","category-destacadas","category-localesyregionales","post_format-post-format-video","post--single"],"yoast_head":"<!-- This site is optimized with the Yoast SEO plugin v27.5 - https:\/\/yoast.com\/product\/yoast-seo-wordpress\/ -->\n<title>Entrega de despensas en Soledad sin colores partidistas afirma directora de Desarrollo Social - Canal 7 SLP - 2025<\/title>\n<meta name=\"robots\" content=\"index, follow, max-snippet:-1, max-image-preview:large, max-video-preview:-1\" \/>\n<link rel=\"canonical\" href=\"https:\/\/canal7slp.tv\/2025\/entrega-de-despensas-en-soledad-sin-colores-partidistas-afirma-directora-de-desarrollo-social\/\" \/>\n<meta property=\"og:locale\" content=\"es_ES\" \/>\n<meta property=\"og:type\" content=\"article\" \/>\n<meta property=\"og:title\" content=\"Entrega de despensas en Soledad sin colores partidistas afirma directora de Desarrollo Social - Canal 7 SLP - 2025\" \/>\n<meta property=\"og:description\" content=\"SGS.- Al afirmar que se tiene un padr\u00f3n de 26 mil beneficiarios en los programas de apoyos sociales del ayuntamiento soledense, la directora de Desarrollo Social Mariana S\u00e1nchez Mart\u00ednez, rechaz\u00f3 categ\u00f3rica que la entrega de despensas tengan alg\u00fan color de partido, al decir que representan al ayuntamiento y no a una fuerza pol\u00edtica. La funcionaria municipal coment\u00f3 que existen otros programas sociales como los apoyos econ\u00f3micos bimestrales a personas adultas mayores, as\u00ed como los est\u00edmulos a la educaci\u00f3n b\u00e1sica con la entrega de una despensa. La directora de Desarrollo Social del ayuntamiento soledense reiter\u00f3 que los programas sociales de este [&hellip;]\" \/>\n<meta property=\"og:url\" content=\"https:\/\/canal7slp.tv\/2025\/entrega-de-despensas-en-soledad-sin-colores-partidistas-afirma-directora-de-desarrollo-social\/\" \/>\n<meta property=\"og:site_name\" content=\"Canal 7 SLP - 2025\" \/>\n<meta property=\"article:publisher\" content=\"https:\/\/www.facebook.com\/noticieroscanal7atencionciudadana\/\" \/>\n<meta property=\"article:published_time\" content=\"2025-01-14T00:34:46+00:00\" \/>\n<meta property=\"og:image\" content=\"https:\/\/canal7slp.tv\/2025\/wp-content\/uploads\/2025\/01\/Claudio02SinColores.jpg\" \/>\n\t<meta property=\"og:image:width\" content=\"1280\" \/>\n\t<meta property=\"og:image:height\" content=\"720\" \/>\n\t<meta property=\"og:image:type\" content=\"image\/jpeg\" \/>\n<meta name=\"author\" content=\"Edici\u00f3n Web\" \/>\n<meta name=\"twitter:card\" content=\"summary_large_image\" \/>\n<meta name=\"twitter:creator\" content=\"@NOTICIEROS7\" \/>\n<meta name=\"twitter:site\" content=\"@NOTICIEROS7\" \/>\n<meta name=\"twitter:label1\" content=\"Escrito por\" \/>\n\t<meta name=\"twitter:data1\" content=\"Edici\u00f3n Web\" \/>\n\t<meta name=\"twitter:label2\" content=\"Tiempo de lectura\" \/>\n\t<meta name=\"twitter:data2\" content=\"1 minuto\" \/>\n<script type=\"application\/ld+json\" class=\"yoast-schema-graph\">{\"@context\":\"https:\\\/\\\/schema.org\",\"@graph\":[{\"@type\":\"Article\",\"@id\":\"https:\\\/\\\/canal7slp.tv\\\/2025\\\/entrega-de-despensas-en-soledad-sin-colores-partidistas-afirma-directora-de-desarrollo-social\\\/#article\",\"isPartOf\":{\"@id\":\"https:\\\/\\\/canal7slp.tv\\\/2025\\\/entrega-de-despensas-en-soledad-sin-colores-partidistas-afirma-directora-de-desarrollo-social\\\/\"},\"author\":{\"name\":\"Edici\u00f3n Web\",\"@id\":\"https:\\\/\\\/canal7slp.tv\\\/2025\\\/#\\\/schema\\\/person\\\/271e2b60a96e7cc9d9ac296f4d7e414b\"},\"headline\":\"Entrega de despensas en Soledad sin colores partidistas afirma directora de Desarrollo Social\",\"datePublished\":\"2025-01-14T00:34:46+00:00\",\"mainEntityOfPage\":{\"@id\":\"https:\\\/\\\/canal7slp.tv\\\/2025\\\/entrega-de-despensas-en-soledad-sin-colores-partidistas-afirma-directora-de-desarrollo-social\\\/\"},\"wordCount\":154,\"publisher\":{\"@id\":\"https:\\\/\\\/canal7slp.tv\\\/2025\\\/#organization\"},\"image\":{\"@id\":\"https:\\\/\\\/canal7slp.tv\\\/2025\\\/entrega-de-despensas-en-soledad-sin-colores-partidistas-afirma-directora-de-desarrollo-social\\\/#primaryimage\"},\"thumbnailUrl\":\"https:\\\/\\\/canal7slp.tv\\\/2025\\\/wp-content\\\/uploads\\\/2025\\\/01\\\/Claudio02SinColores.jpg\",\"articleSection\":[\"AYOSGS\",\"DESTACADAS\",\"LOCALES Y REGIONALES\"],\"inLanguage\":\"es\"},{\"@type\":\"WebPage\",\"@id\":\"https:\\\/\\\/canal7slp.tv\\\/2025\\\/entrega-de-despensas-en-soledad-sin-colores-partidistas-afirma-directora-de-desarrollo-social\\\/\",\"url\":\"https:\\\/\\\/canal7slp.tv\\\/2025\\\/entrega-de-despensas-en-soledad-sin-colores-partidistas-afirma-directora-de-desarrollo-social\\\/\",\"name\":\"Entrega de despensas en Soledad sin colores partidistas afirma directora de Desarrollo Social - Canal 7 SLP - 2025\",\"isPartOf\":{\"@id\":\"https:\\\/\\\/canal7slp.tv\\\/2025\\\/#website\"},\"primaryImageOfPage\":{\"@id\":\"https:\\\/\\\/canal7slp.tv\\\/2025\\\/entrega-de-despensas-en-soledad-sin-colores-partidistas-afirma-directora-de-desarrollo-social\\\/#primaryimage\"},\"image\":{\"@id\":\"https:\\\/\\\/canal7slp.tv\\\/2025\\\/entrega-de-despensas-en-soledad-sin-colores-partidistas-afirma-directora-de-desarrollo-social\\\/#primaryimage\"},\"thumbnailUrl\":\"https:\\\/\\\/canal7slp.tv\\\/2025\\\/wp-content\\\/uploads\\\/2025\\\/01\\\/Claudio02SinColores.jpg\",\"datePublished\":\"2025-01-14T00:34:46+00:00\",\"breadcrumb\":{\"@id\":\"https:\\\/\\\/canal7slp.tv\\\/2025\\\/entrega-de-despensas-en-soledad-sin-colores-partidistas-afirma-directora-de-desarrollo-social\\\/#breadcrumb\"},\"inLanguage\":\"es\",\"potentialAction\":[{\"@type\":\"ReadAction\",\"target\":[\"https:\\\/\\\/canal7slp.tv\\\/2025\\\/entrega-de-despensas-en-soledad-sin-colores-partidistas-afirma-directora-de-desarrollo-social\\\/\"]}]},{\"@type\":\"ImageObject\",\"inLanguage\":\"es\",\"@id\":\"https:\\\/\\\/canal7slp.tv\\\/2025\\\/entrega-de-despensas-en-soledad-sin-colores-partidistas-afirma-directora-de-desarrollo-social\\\/#primaryimage\",\"url\":\"https:\\\/\\\/canal7slp.tv\\\/2025\\\/wp-content\\\/uploads\\\/2025\\\/01\\\/Claudio02SinColores.jpg\",\"contentUrl\":\"https:\\\/\\\/canal7slp.tv\\\/2025\\\/wp-content\\\/uploads\\\/2025\\\/01\\\/Claudio02SinColores.jpg\",\"width\":1280,\"height\":720},{\"@type\":\"BreadcrumbList\",\"@id\":\"https:\\\/\\\/canal7slp.tv\\\/2025\\\/entrega-de-despensas-en-soledad-sin-colores-partidistas-afirma-directora-de-desarrollo-social\\\/#breadcrumb\",\"itemListElement\":[{\"@type\":\"ListItem\",\"position\":1,\"name\":\"Portada\",\"item\":\"https:\\\/\\\/canal7slp.tv\\\/2025\\\/\"},{\"@type\":\"ListItem\",\"position\":2,\"name\":\"Entrega de despensas en Soledad sin colores partidistas afirma directora de Desarrollo Social\"}]},{\"@type\":\"WebSite\",\"@id\":\"https:\\\/\\\/canal7slp.tv\\\/2025\\\/#website\",\"url\":\"https:\\\/\\\/canal7slp.tv\\\/2025\\\/\",\"name\":\"N7 - Noticieros Canal 7\",\"description\":\"Somos el Medio\",\"publisher\":{\"@id\":\"https:\\\/\\\/canal7slp.tv\\\/2025\\\/#organization\"},\"potentialAction\":[{\"@type\":\"SearchAction\",\"target\":{\"@type\":\"EntryPoint\",\"urlTemplate\":\"https:\\\/\\\/canal7slp.tv\\\/2025\\\/?s={search_term_string}\"},\"query-input\":{\"@type\":\"PropertyValueSpecification\",\"valueRequired\":true,\"valueName\":\"search_term_string\"}}],\"inLanguage\":\"es\"},{\"@type\":\"Organization\",\"@id\":\"https:\\\/\\\/canal7slp.tv\\\/2025\\\/#organization\",\"name\":\"Noticieros Canal 7\",\"url\":\"https:\\\/\\\/canal7slp.tv\\\/2025\\\/\",\"logo\":{\"@type\":\"ImageObject\",\"inLanguage\":\"es\",\"@id\":\"https:\\\/\\\/canal7slp.tv\\\/2025\\\/#\\\/schema\\\/logo\\\/image\\\/\",\"url\":\"https:\\\/\\\/canal7slp.tv\\\/2025\\\/wp-content\\\/uploads\\\/2021\\\/01\\\/logo-noticieros@2x.png\",\"contentUrl\":\"https:\\\/\\\/canal7slp.tv\\\/2025\\\/wp-content\\\/uploads\\\/2021\\\/01\\\/logo-noticieros@2x.png\",\"width\":1017,\"height\":268,\"caption\":\"Noticieros Canal 7\"},\"image\":{\"@id\":\"https:\\\/\\\/canal7slp.tv\\\/2025\\\/#\\\/schema\\\/logo\\\/image\\\/\"},\"sameAs\":[\"https:\\\/\\\/www.facebook.com\\\/noticieroscanal7atencionciudadana\\\/\",\"https:\\\/\\\/x.com\\\/NOTICIEROS7\",\"https:\\\/\\\/www.instagram.com\\\/canal7_slp\",\"https:\\\/\\\/www.youtube.com\\\/channel\\\/UCliiYs-gP3JfJeqdPrNdd5A\"]},{\"@type\":\"Person\",\"@id\":\"https:\\\/\\\/canal7slp.tv\\\/2025\\\/#\\\/schema\\\/person\\\/271e2b60a96e7cc9d9ac296f4d7e414b\",\"name\":\"Edici\u00f3n Web\",\"image\":{\"@type\":\"ImageObject\",\"inLanguage\":\"es\",\"@id\":\"https:\\\/\\\/secure.gravatar.com\\\/avatar\\\/eee448fc3f7164808013b816ba91ac7e43bbe82a70bebac296f8bc6f0addaa1a?s=96&d=mm&r=g\",\"url\":\"https:\\\/\\\/secure.gravatar.com\\\/avatar\\\/eee448fc3f7164808013b816ba91ac7e43bbe82a70bebac296f8bc6f0addaa1a?s=96&d=mm&r=g\",\"contentUrl\":\"https:\\\/\\\/secure.gravatar.com\\\/avatar\\\/eee448fc3f7164808013b816ba91ac7e43bbe82a70bebac296f8bc6f0addaa1a?s=96&d=mm&r=g\",\"caption\":\"Edici\u00f3n Web\"},\"url\":\"https:\\\/\\\/canal7slp.tv\\\/2025\\\/author\\\/edicionweb\\\/\"}]}<\/script>\n<!-- \/ Yoast SEO plugin. -->","yoast_head_json":{"title":"Entrega de despensas en Soledad sin colores partidistas afirma directora de Desarrollo Social - Canal 7 SLP - 2025","robots":{"index":"index","follow":"follow","max-snippet":"max-snippet:-1","max-image-preview":"max-image-preview:large","max-video-preview":"max-video-preview:-1"},"canonical":"https:\/\/canal7slp.tv\/2025\/entrega-de-despensas-en-soledad-sin-colores-partidistas-afirma-directora-de-desarrollo-social\/","og_locale":"es_ES","og_type":"article","og_title":"Entrega de despensas en Soledad sin colores partidistas afirma directora de Desarrollo Social - Canal 7 SLP - 2025","og_description":"SGS.- Al afirmar que se tiene un padr\u00f3n de 26 mil beneficiarios en los programas de apoyos sociales del ayuntamiento soledense, la directora de Desarrollo Social Mariana S\u00e1nchez Mart\u00ednez, rechaz\u00f3 categ\u00f3rica que la entrega de despensas tengan alg\u00fan color de partido, al decir que representan al ayuntamiento y no a una fuerza pol\u00edtica. La funcionaria municipal coment\u00f3 que existen otros programas sociales como los apoyos econ\u00f3micos bimestrales a personas adultas mayores, as\u00ed como los est\u00edmulos a la educaci\u00f3n b\u00e1sica con la entrega de una despensa. La directora de Desarrollo Social del ayuntamiento soledense reiter\u00f3 que los programas sociales de este [&hellip;]","og_url":"https:\/\/canal7slp.tv\/2025\/entrega-de-despensas-en-soledad-sin-colores-partidistas-afirma-directora-de-desarrollo-social\/","og_site_name":"Canal 7 SLP - 2025","article_publisher":"https:\/\/www.facebook.com\/noticieroscanal7atencionciudadana\/","article_published_time":"2025-01-14T00:34:46+00:00","og_image":[{"width":1280,"height":720,"url":"https:\/\/canal7slp.tv\/2025\/wp-content\/uploads\/2025\/01\/Claudio02SinColores.jpg","type":"image\/jpeg"}],"author":"Edici\u00f3n Web","twitter_card":"summary_large_image","twitter_creator":"@NOTICIEROS7","twitter_site":"@NOTICIEROS7","twitter_misc":{"Escrito por":"Edici\u00f3n Web","Tiempo de lectura":"1 minuto"},"schema":{"@context":"https:\/\/schema.org","@graph":[{"@type":"Article","@id":"https:\/\/canal7slp.tv\/2025\/entrega-de-despensas-en-soledad-sin-colores-partidistas-afirma-directora-de-desarrollo-social\/#article","isPartOf":{"@id":"https:\/\/canal7slp.tv\/2025\/entrega-de-despensas-en-soledad-sin-colores-partidistas-afirma-directora-de-desarrollo-social\/"},"author":{"name":"Edici\u00f3n Web","@id":"https:\/\/canal7slp.tv\/2025\/#\/schema\/person\/271e2b60a96e7cc9d9ac296f4d7e414b"},"headline":"Entrega de despensas en Soledad sin colores partidistas afirma directora de Desarrollo Social","datePublished":"2025-01-14T00:34:46+00:00","mainEntityOfPage":{"@id":"https:\/\/canal7slp.tv\/2025\/entrega-de-despensas-en-soledad-sin-colores-partidistas-afirma-directora-de-desarrollo-social\/"},"wordCount":154,"publisher":{"@id":"https:\/\/canal7slp.tv\/2025\/#organization"},"image":{"@id":"https:\/\/canal7slp.tv\/2025\/entrega-de-despensas-en-soledad-sin-colores-partidistas-afirma-directora-de-desarrollo-social\/#primaryimage"},"thumbnailUrl":"https:\/\/canal7slp.tv\/2025\/wp-content\/uploads\/2025\/01\/Claudio02SinColores.jpg","articleSection":["AYOSGS","DESTACADAS","LOCALES Y REGIONALES"],"inLanguage":"es"},{"@type":"WebPage","@id":"https:\/\/canal7slp.tv\/2025\/entrega-de-despensas-en-soledad-sin-colores-partidistas-afirma-directora-de-desarrollo-social\/","url":"https:\/\/canal7slp.tv\/2025\/entrega-de-despensas-en-soledad-sin-colores-partidistas-afirma-directora-de-desarrollo-social\/","name":"Entrega de despensas en Soledad sin colores partidistas afirma directora de Desarrollo Social - Canal 7 SLP - 2025","isPartOf":{"@id":"https:\/\/canal7slp.tv\/2025\/#website"},"primaryImageOfPage":{"@id":"https:\/\/canal7slp.tv\/2025\/entrega-de-despensas-en-soledad-sin-colores-partidistas-afirma-directora-de-desarrollo-social\/#primaryimage"},"image":{"@id":"https:\/\/canal7slp.tv\/2025\/entrega-de-despensas-en-soledad-sin-colores-partidistas-afirma-directora-de-desarrollo-social\/#primaryimage"},"thumbnailUrl":"https:\/\/canal7slp.tv\/2025\/wp-content\/uploads\/2025\/01\/Claudio02SinColores.jpg","datePublished":"2025-01-14T00:34:46+00:00","breadcrumb":{"@id":"https:\/\/canal7slp.tv\/2025\/entrega-de-despensas-en-soledad-sin-colores-partidistas-afirma-directora-de-desarrollo-social\/#breadcrumb"},"inLanguage":"es","potentialAction":[{"@type":"ReadAction","target":["https:\/\/canal7slp.tv\/2025\/entrega-de-despensas-en-soledad-sin-colores-partidistas-afirma-directora-de-desarrollo-social\/"]}]},{"@type":"ImageObject","inLanguage":"es","@id":"https:\/\/canal7slp.tv\/2025\/entrega-de-despensas-en-soledad-sin-colores-partidistas-afirma-directora-de-desarrollo-social\/#primaryimage","url":"https:\/\/canal7slp.tv\/2025\/wp-content\/uploads\/2025\/01\/Claudio02SinColores.jpg","contentUrl":"https:\/\/canal7slp.tv\/2025\/wp-content\/uploads\/2025\/01\/Claudio02SinColores.jpg","width":1280,"height":720},{"@type":"BreadcrumbList","@id":"https:\/\/canal7slp.tv\/2025\/entrega-de-despensas-en-soledad-sin-colores-partidistas-afirma-directora-de-desarrollo-social\/#breadcrumb","itemListElement":[{"@type":"ListItem","position":1,"name":"Portada","item":"https:\/\/canal7slp.tv\/2025\/"},{"@type":"ListItem","position":2,"name":"Entrega de despensas en Soledad sin colores partidistas afirma directora de Desarrollo Social"}]},{"@type":"WebSite","@id":"https:\/\/canal7slp.tv\/2025\/#website","url":"https:\/\/canal7slp.tv\/2025\/","name":"N7 - Noticieros Canal 7","description":"Somos el Medio","publisher":{"@id":"https:\/\/canal7slp.tv\/2025\/#organization"},"potentialAction":[{"@type":"SearchAction","target":{"@type":"EntryPoint","urlTemplate":"https:\/\/canal7slp.tv\/2025\/?s={search_term_string}"},"query-input":{"@type":"PropertyValueSpecification","valueRequired":true,"valueName":"search_term_string"}}],"inLanguage":"es"},{"@type":"Organization","@id":"https:\/\/canal7slp.tv\/2025\/#organization","name":"Noticieros Canal 7","url":"https:\/\/canal7slp.tv\/2025\/","logo":{"@type":"ImageObject","inLanguage":"es","@id":"https:\/\/canal7slp.tv\/2025\/#\/schema\/logo\/image\/","url":"https:\/\/canal7slp.tv\/2025\/wp-content\/uploads\/2021\/01\/logo-noticieros@2x.png","contentUrl":"https:\/\/canal7slp.tv\/2025\/wp-content\/uploads\/2021\/01\/logo-noticieros@2x.png","width":1017,"height":268,"caption":"Noticieros Canal 7"},"image":{"@id":"https:\/\/canal7slp.tv\/2025\/#\/schema\/logo\/image\/"},"sameAs":["https:\/\/www.facebook.com\/noticieroscanal7atencionciudadana\/","https:\/\/x.com\/NOTICIEROS7","https:\/\/www.instagram.com\/canal7_slp","https:\/\/www.youtube.com\/channel\/UCliiYs-gP3JfJeqdPrNdd5A"]},{"@type":"Person","@id":"https:\/\/canal7slp.tv\/2025\/#\/schema\/person\/271e2b60a96e7cc9d9ac296f4d7e414b","name":"Edici\u00f3n Web","image":{"@type":"ImageObject","inLanguage":"es","@id":"https:\/\/secure.gravatar.com\/avatar\/eee448fc3f7164808013b816ba91ac7e43bbe82a70bebac296f8bc6f0addaa1a?s=96&d=mm&r=g","url":"https:\/\/secure.gravatar.com\/avatar\/eee448fc3f7164808013b816ba91ac7e43bbe82a70bebac296f8bc6f0addaa1a?s=96&d=mm&r=g","contentUrl":"https:\/\/secure.gravatar.com\/avatar\/eee448fc3f7164808013b816ba91ac7e43bbe82a70bebac296f8bc6f0addaa1a?s=96&d=mm&r=g","caption":"Edici\u00f3n Web"},"url":"https:\/\/canal7slp.tv\/2025\/author\/edicionweb\/"}]}},"_links":{"self":[{"href":"https:\/\/canal7slp.tv\/2025\/wp-json\/wp\/v2\/posts\/154219","targetHints":{"allow":["GET"]}}],"collection":[{"href":"https:\/\/canal7slp.tv\/2025\/wp-json\/wp\/v2\/posts"}],"about":[{"href":"https:\/\/canal7slp.tv\/2025\/wp-json\/wp\/v2\/types\/post"}],"author":[{"embeddable":true,"href":"https:\/\/canal7slp.tv\/2025\/wp-json\/wp\/v2\/users\/2"}],"replies":[{"embeddable":true,"href":"https:\/\/canal7slp.tv\/2025\/wp-json\/wp\/v2\/comments?post=154219"}],"version-history":[{"count":2,"href":"https:\/\/canal7slp.tv\/2025\/wp-json\/wp\/v2\/posts\/154219\/revisions"}],"predecessor-version":[{"id":154228,"href":"https:\/\/canal7slp.tv\/2025\/wp-json\/wp\/v2\/posts\/154219\/revisions\/154228"}],"wp:featuredmedia":[{"embeddable":true,"href":"https:\/\/canal7slp.tv\/2025\/wp-json\/wp\/v2\/media\/154227"}],"wp:attachment":[{"href":"https:\/\/canal7slp.tv\/2025\/wp-json\/wp\/v2\/media?parent=154219"}],"wp:term":[{"taxonomy":"category","embeddable":true,"href":"https:\/\/canal7slp.tv\/2025\/wp-json\/wp\/v2\/categories?post=154219"},{"taxonomy":"post_tag","embeddable":true,"href":"https:\/\/canal7slp.tv\/2025\/wp-json\/wp\/v2\/tags?post=154219"}],"curies":[{"name":"wp","href":"https:\/\/api.w.org\/{rel}","templated":true}]}}