{"id":154198,"date":"2025-01-13T15:56:08","date_gmt":"2025-01-13T21:56:08","guid":{"rendered":"https:\/\/canal7slp.tv\/2025\/?p=154198"},"modified":"2025-01-13T15:56:08","modified_gmt":"2025-01-13T21:56:08","slug":"mil-800-estudiantes-regresaron-a-clases-en-el-sistema-municipal-de-la-capital","status":"publish","type":"post","link":"https:\/\/canal7slp.tv\/2025\/mil-800-estudiantes-regresaron-a-clases-en-el-sistema-municipal-de-la-capital\/","title":{"rendered":"Mil 800 estudiantes regresaron a clases en el sistema municipal de la capital"},"content":{"rendered":"<p style=\"text-align: justify;\"><span style=\"font-size: 1.21429rem;\">SLP.- Mil 800 j\u00f3venes estudiantes del sistema educativo municipal del Ayuntamiento de San Luis Potos\u00ed, regresaron a clases, as\u00ed lo hizo saber el director de Educaci\u00f3n Municipal Joel Ram\u00edrez D\u00edaz.<\/span><\/p>\n<p style=\"text-align: justify;\">\u201cSon en todos los sistemas de educaci\u00f3n b\u00e1sica y de media-superiores, son alrededor de mil 800 alumnos\u201d<\/p>\n<p style=\"text-align: justify;\">A su vez, habl\u00f3 sobre las medidas implementadas por el fr\u00edo.<\/p>\n<p style=\"text-align: justify;\">\u201cEl regreso a clases con fr\u00edo, por eso implementamos el calendario invernal con las medidas que hemos practicado en otro momento, una media hora de tolerancia en el ingreso en primarias, tambi\u00e9n en la tarde en secundarias tenemos escuelas vespertinas, media hora antes del t\u00e9rmino del horario habitual, que se permita la ropa abrigadora en las escuelas sobre el uniforme para garantizar la protecci\u00f3n, buscar que los filtros de seguridad funcionen, que al salir de la casa los papas si tienen en el alumno en el hijo alg\u00fan s\u00edntoma respiratorio, un padecimiento respiratorio no lo lleven a la escuela hasta no hacer la verificaci\u00f3n para evitar alg\u00fan contagio\u201d.<\/p>\n<p style=\"text-align: justify;\">No se tuvieron reportes de ausentismo en los planteles municipales, o reportes de enfermedades al alza entre personal o alumnado que volvi\u00f3 a clases.<\/p>\n<p>Por: Juan Carlos Contreras<\/p>\n","protected":false},"excerpt":{"rendered":"<p>SLP.- Mil 800 j\u00f3venes estudiantes del sistema educativo municipal del Ayuntamiento de San Luis Potos\u00ed, regresaron a clases, as\u00ed lo hizo saber el director de Educaci\u00f3n Municipal Joel Ram\u00edrez D\u00edaz. \u201cSon en todos los sistemas de educaci\u00f3n b\u00e1sica y de media-superiores, son alrededor de mil 800 alumnos\u201d A su vez, habl\u00f3 sobre las medidas implementadas por el fr\u00edo. \u201cEl regreso a clases con fr\u00edo, por eso implementamos el calendario invernal con las medidas que hemos practicado en otro momento, una media hora de tolerancia en el ingreso en primarias, tambi\u00e9n en la tarde en secundarias tenemos escuelas vespertinas, media hora [&hellip;]<\/p>\n","protected":false},"author":2,"featured_media":154208,"comment_status":"closed","ping_status":"closed","sticky":false,"template":"","format":"video","meta":{"_monsterinsights_skip_tracking":false,"_monsterinsights_sitenote_active":false,"_monsterinsights_sitenote_note":"","_monsterinsights_sitenote_category":0,"footnotes":""},"categories":[66,5,45],"tags":[],"class_list":["post-154198","post","type-post","status-publish","format-video","has-post-thumbnail","hentry","category-ayoslp","category-destacadas","category-localesyregionales","post_format-post-format-video","post--single"],"yoast_head":"<!-- This site is optimized with the Yoast SEO plugin v27.5 - https:\/\/yoast.com\/product\/yoast-seo-wordpress\/ -->\n<title>Mil 800 estudiantes regresaron a clases en el sistema municipal de la capital - Canal 7 SLP - 2025<\/title>\n<meta name=\"robots\" content=\"index, follow, max-snippet:-1, max-image-preview:large, max-video-preview:-1\" \/>\n<link rel=\"canonical\" href=\"https:\/\/canal7slp.tv\/2025\/mil-800-estudiantes-regresaron-a-clases-en-el-sistema-municipal-de-la-capital\/\" \/>\n<meta property=\"og:locale\" content=\"es_ES\" \/>\n<meta property=\"og:type\" content=\"article\" \/>\n<meta property=\"og:title\" content=\"Mil 800 estudiantes regresaron a clases en el sistema municipal de la capital - Canal 7 SLP - 2025\" \/>\n<meta property=\"og:description\" content=\"SLP.- Mil 800 j\u00f3venes estudiantes del sistema educativo municipal del Ayuntamiento de San Luis Potos\u00ed, regresaron a clases, as\u00ed lo hizo saber el director de Educaci\u00f3n Municipal Joel Ram\u00edrez D\u00edaz. \u201cSon en todos los sistemas de educaci\u00f3n b\u00e1sica y de media-superiores, son alrededor de mil 800 alumnos\u201d A su vez, habl\u00f3 sobre las medidas implementadas por el fr\u00edo. \u201cEl regreso a clases con fr\u00edo, por eso implementamos el calendario invernal con las medidas que hemos practicado en otro momento, una media hora de tolerancia en el ingreso en primarias, tambi\u00e9n en la tarde en secundarias tenemos escuelas vespertinas, media hora [&hellip;]\" \/>\n<meta property=\"og:url\" content=\"https:\/\/canal7slp.tv\/2025\/mil-800-estudiantes-regresaron-a-clases-en-el-sistema-municipal-de-la-capital\/\" \/>\n<meta property=\"og:site_name\" content=\"Canal 7 SLP - 2025\" \/>\n<meta property=\"article:publisher\" content=\"https:\/\/www.facebook.com\/noticieroscanal7atencionciudadana\/\" \/>\n<meta property=\"article:published_time\" content=\"2025-01-13T21:56:08+00:00\" \/>\n<meta property=\"og:image\" content=\"https:\/\/canal7slp.tv\/2025\/wp-content\/uploads\/2025\/01\/Poky01RegresoClases.jpg\" \/>\n\t<meta property=\"og:image:width\" content=\"1280\" \/>\n\t<meta property=\"og:image:height\" content=\"720\" \/>\n\t<meta property=\"og:image:type\" content=\"image\/jpeg\" \/>\n<meta name=\"author\" content=\"Edici\u00f3n Web\" \/>\n<meta name=\"twitter:card\" content=\"summary_large_image\" \/>\n<meta name=\"twitter:creator\" content=\"@NOTICIEROS7\" \/>\n<meta name=\"twitter:site\" content=\"@NOTICIEROS7\" \/>\n<meta name=\"twitter:label1\" content=\"Escrito por\" \/>\n\t<meta name=\"twitter:data1\" content=\"Edici\u00f3n Web\" \/>\n\t<meta name=\"twitter:label2\" content=\"Tiempo de lectura\" \/>\n\t<meta name=\"twitter:data2\" content=\"2 minutos\" \/>\n<script type=\"application\/ld+json\" class=\"yoast-schema-graph\">{\"@context\":\"https:\\\/\\\/schema.org\",\"@graph\":[{\"@type\":\"Article\",\"@id\":\"https:\\\/\\\/canal7slp.tv\\\/2025\\\/mil-800-estudiantes-regresaron-a-clases-en-el-sistema-municipal-de-la-capital\\\/#article\",\"isPartOf\":{\"@id\":\"https:\\\/\\\/canal7slp.tv\\\/2025\\\/mil-800-estudiantes-regresaron-a-clases-en-el-sistema-municipal-de-la-capital\\\/\"},\"author\":{\"name\":\"Edici\u00f3n Web\",\"@id\":\"https:\\\/\\\/canal7slp.tv\\\/2025\\\/#\\\/schema\\\/person\\\/271e2b60a96e7cc9d9ac296f4d7e414b\"},\"headline\":\"Mil 800 estudiantes regresaron a clases en el sistema municipal de la capital\",\"datePublished\":\"2025-01-13T21:56:08+00:00\",\"mainEntityOfPage\":{\"@id\":\"https:\\\/\\\/canal7slp.tv\\\/2025\\\/mil-800-estudiantes-regresaron-a-clases-en-el-sistema-municipal-de-la-capital\\\/\"},\"wordCount\":220,\"publisher\":{\"@id\":\"https:\\\/\\\/canal7slp.tv\\\/2025\\\/#organization\"},\"image\":{\"@id\":\"https:\\\/\\\/canal7slp.tv\\\/2025\\\/mil-800-estudiantes-regresaron-a-clases-en-el-sistema-municipal-de-la-capital\\\/#primaryimage\"},\"thumbnailUrl\":\"https:\\\/\\\/canal7slp.tv\\\/2025\\\/wp-content\\\/uploads\\\/2025\\\/01\\\/Poky01RegresoClases.jpg\",\"articleSection\":[\"AYOSLP\",\"DESTACADAS\",\"LOCALES Y REGIONALES\"],\"inLanguage\":\"es\"},{\"@type\":\"WebPage\",\"@id\":\"https:\\\/\\\/canal7slp.tv\\\/2025\\\/mil-800-estudiantes-regresaron-a-clases-en-el-sistema-municipal-de-la-capital\\\/\",\"url\":\"https:\\\/\\\/canal7slp.tv\\\/2025\\\/mil-800-estudiantes-regresaron-a-clases-en-el-sistema-municipal-de-la-capital\\\/\",\"name\":\"Mil 800 estudiantes regresaron a clases en el sistema municipal de la capital - Canal 7 SLP - 2025\",\"isPartOf\":{\"@id\":\"https:\\\/\\\/canal7slp.tv\\\/2025\\\/#website\"},\"primaryImageOfPage\":{\"@id\":\"https:\\\/\\\/canal7slp.tv\\\/2025\\\/mil-800-estudiantes-regresaron-a-clases-en-el-sistema-municipal-de-la-capital\\\/#primaryimage\"},\"image\":{\"@id\":\"https:\\\/\\\/canal7slp.tv\\\/2025\\\/mil-800-estudiantes-regresaron-a-clases-en-el-sistema-municipal-de-la-capital\\\/#primaryimage\"},\"thumbnailUrl\":\"https:\\\/\\\/canal7slp.tv\\\/2025\\\/wp-content\\\/uploads\\\/2025\\\/01\\\/Poky01RegresoClases.jpg\",\"datePublished\":\"2025-01-13T21:56:08+00:00\",\"breadcrumb\":{\"@id\":\"https:\\\/\\\/canal7slp.tv\\\/2025\\\/mil-800-estudiantes-regresaron-a-clases-en-el-sistema-municipal-de-la-capital\\\/#breadcrumb\"},\"inLanguage\":\"es\",\"potentialAction\":[{\"@type\":\"ReadAction\",\"target\":[\"https:\\\/\\\/canal7slp.tv\\\/2025\\\/mil-800-estudiantes-regresaron-a-clases-en-el-sistema-municipal-de-la-capital\\\/\"]}]},{\"@type\":\"ImageObject\",\"inLanguage\":\"es\",\"@id\":\"https:\\\/\\\/canal7slp.tv\\\/2025\\\/mil-800-estudiantes-regresaron-a-clases-en-el-sistema-municipal-de-la-capital\\\/#primaryimage\",\"url\":\"https:\\\/\\\/canal7slp.tv\\\/2025\\\/wp-content\\\/uploads\\\/2025\\\/01\\\/Poky01RegresoClases.jpg\",\"contentUrl\":\"https:\\\/\\\/canal7slp.tv\\\/2025\\\/wp-content\\\/uploads\\\/2025\\\/01\\\/Poky01RegresoClases.jpg\",\"width\":1280,\"height\":720},{\"@type\":\"BreadcrumbList\",\"@id\":\"https:\\\/\\\/canal7slp.tv\\\/2025\\\/mil-800-estudiantes-regresaron-a-clases-en-el-sistema-municipal-de-la-capital\\\/#breadcrumb\",\"itemListElement\":[{\"@type\":\"ListItem\",\"position\":1,\"name\":\"Portada\",\"item\":\"https:\\\/\\\/canal7slp.tv\\\/2025\\\/\"},{\"@type\":\"ListItem\",\"position\":2,\"name\":\"Mil 800 estudiantes regresaron a clases en el sistema municipal de la capital\"}]},{\"@type\":\"WebSite\",\"@id\":\"https:\\\/\\\/canal7slp.tv\\\/2025\\\/#website\",\"url\":\"https:\\\/\\\/canal7slp.tv\\\/2025\\\/\",\"name\":\"N7 - Noticieros Canal 7\",\"description\":\"Somos el Medio\",\"publisher\":{\"@id\":\"https:\\\/\\\/canal7slp.tv\\\/2025\\\/#organization\"},\"potentialAction\":[{\"@type\":\"SearchAction\",\"target\":{\"@type\":\"EntryPoint\",\"urlTemplate\":\"https:\\\/\\\/canal7slp.tv\\\/2025\\\/?s={search_term_string}\"},\"query-input\":{\"@type\":\"PropertyValueSpecification\",\"valueRequired\":true,\"valueName\":\"search_term_string\"}}],\"inLanguage\":\"es\"},{\"@type\":\"Organization\",\"@id\":\"https:\\\/\\\/canal7slp.tv\\\/2025\\\/#organization\",\"name\":\"Noticieros Canal 7\",\"url\":\"https:\\\/\\\/canal7slp.tv\\\/2025\\\/\",\"logo\":{\"@type\":\"ImageObject\",\"inLanguage\":\"es\",\"@id\":\"https:\\\/\\\/canal7slp.tv\\\/2025\\\/#\\\/schema\\\/logo\\\/image\\\/\",\"url\":\"https:\\\/\\\/canal7slp.tv\\\/2025\\\/wp-content\\\/uploads\\\/2021\\\/01\\\/logo-noticieros@2x.png\",\"contentUrl\":\"https:\\\/\\\/canal7slp.tv\\\/2025\\\/wp-content\\\/uploads\\\/2021\\\/01\\\/logo-noticieros@2x.png\",\"width\":1017,\"height\":268,\"caption\":\"Noticieros Canal 7\"},\"image\":{\"@id\":\"https:\\\/\\\/canal7slp.tv\\\/2025\\\/#\\\/schema\\\/logo\\\/image\\\/\"},\"sameAs\":[\"https:\\\/\\\/www.facebook.com\\\/noticieroscanal7atencionciudadana\\\/\",\"https:\\\/\\\/x.com\\\/NOTICIEROS7\",\"https:\\\/\\\/www.instagram.com\\\/canal7_slp\",\"https:\\\/\\\/www.youtube.com\\\/channel\\\/UCliiYs-gP3JfJeqdPrNdd5A\"]},{\"@type\":\"Person\",\"@id\":\"https:\\\/\\\/canal7slp.tv\\\/2025\\\/#\\\/schema\\\/person\\\/271e2b60a96e7cc9d9ac296f4d7e414b\",\"name\":\"Edici\u00f3n Web\",\"image\":{\"@type\":\"ImageObject\",\"inLanguage\":\"es\",\"@id\":\"https:\\\/\\\/secure.gravatar.com\\\/avatar\\\/eee448fc3f7164808013b816ba91ac7e43bbe82a70bebac296f8bc6f0addaa1a?s=96&d=mm&r=g\",\"url\":\"https:\\\/\\\/secure.gravatar.com\\\/avatar\\\/eee448fc3f7164808013b816ba91ac7e43bbe82a70bebac296f8bc6f0addaa1a?s=96&d=mm&r=g\",\"contentUrl\":\"https:\\\/\\\/secure.gravatar.com\\\/avatar\\\/eee448fc3f7164808013b816ba91ac7e43bbe82a70bebac296f8bc6f0addaa1a?s=96&d=mm&r=g\",\"caption\":\"Edici\u00f3n Web\"},\"url\":\"https:\\\/\\\/canal7slp.tv\\\/2025\\\/author\\\/edicionweb\\\/\"}]}<\/script>\n<!-- \/ Yoast SEO plugin. -->","yoast_head_json":{"title":"Mil 800 estudiantes regresaron a clases en el sistema municipal de la capital - Canal 7 SLP - 2025","robots":{"index":"index","follow":"follow","max-snippet":"max-snippet:-1","max-image-preview":"max-image-preview:large","max-video-preview":"max-video-preview:-1"},"canonical":"https:\/\/canal7slp.tv\/2025\/mil-800-estudiantes-regresaron-a-clases-en-el-sistema-municipal-de-la-capital\/","og_locale":"es_ES","og_type":"article","og_title":"Mil 800 estudiantes regresaron a clases en el sistema municipal de la capital - Canal 7 SLP - 2025","og_description":"SLP.- Mil 800 j\u00f3venes estudiantes del sistema educativo municipal del Ayuntamiento de San Luis Potos\u00ed, regresaron a clases, as\u00ed lo hizo saber el director de Educaci\u00f3n Municipal Joel Ram\u00edrez D\u00edaz. \u201cSon en todos los sistemas de educaci\u00f3n b\u00e1sica y de media-superiores, son alrededor de mil 800 alumnos\u201d A su vez, habl\u00f3 sobre las medidas implementadas por el fr\u00edo. \u201cEl regreso a clases con fr\u00edo, por eso implementamos el calendario invernal con las medidas que hemos practicado en otro momento, una media hora de tolerancia en el ingreso en primarias, tambi\u00e9n en la tarde en secundarias tenemos escuelas vespertinas, media hora [&hellip;]","og_url":"https:\/\/canal7slp.tv\/2025\/mil-800-estudiantes-regresaron-a-clases-en-el-sistema-municipal-de-la-capital\/","og_site_name":"Canal 7 SLP - 2025","article_publisher":"https:\/\/www.facebook.com\/noticieroscanal7atencionciudadana\/","article_published_time":"2025-01-13T21:56:08+00:00","og_image":[{"width":1280,"height":720,"url":"https:\/\/canal7slp.tv\/2025\/wp-content\/uploads\/2025\/01\/Poky01RegresoClases.jpg","type":"image\/jpeg"}],"author":"Edici\u00f3n Web","twitter_card":"summary_large_image","twitter_creator":"@NOTICIEROS7","twitter_site":"@NOTICIEROS7","twitter_misc":{"Escrito por":"Edici\u00f3n Web","Tiempo de lectura":"2 minutos"},"schema":{"@context":"https:\/\/schema.org","@graph":[{"@type":"Article","@id":"https:\/\/canal7slp.tv\/2025\/mil-800-estudiantes-regresaron-a-clases-en-el-sistema-municipal-de-la-capital\/#article","isPartOf":{"@id":"https:\/\/canal7slp.tv\/2025\/mil-800-estudiantes-regresaron-a-clases-en-el-sistema-municipal-de-la-capital\/"},"author":{"name":"Edici\u00f3n Web","@id":"https:\/\/canal7slp.tv\/2025\/#\/schema\/person\/271e2b60a96e7cc9d9ac296f4d7e414b"},"headline":"Mil 800 estudiantes regresaron a clases en el sistema municipal de la capital","datePublished":"2025-01-13T21:56:08+00:00","mainEntityOfPage":{"@id":"https:\/\/canal7slp.tv\/2025\/mil-800-estudiantes-regresaron-a-clases-en-el-sistema-municipal-de-la-capital\/"},"wordCount":220,"publisher":{"@id":"https:\/\/canal7slp.tv\/2025\/#organization"},"image":{"@id":"https:\/\/canal7slp.tv\/2025\/mil-800-estudiantes-regresaron-a-clases-en-el-sistema-municipal-de-la-capital\/#primaryimage"},"thumbnailUrl":"https:\/\/canal7slp.tv\/2025\/wp-content\/uploads\/2025\/01\/Poky01RegresoClases.jpg","articleSection":["AYOSLP","DESTACADAS","LOCALES Y REGIONALES"],"inLanguage":"es"},{"@type":"WebPage","@id":"https:\/\/canal7slp.tv\/2025\/mil-800-estudiantes-regresaron-a-clases-en-el-sistema-municipal-de-la-capital\/","url":"https:\/\/canal7slp.tv\/2025\/mil-800-estudiantes-regresaron-a-clases-en-el-sistema-municipal-de-la-capital\/","name":"Mil 800 estudiantes regresaron a clases en el sistema municipal de la capital - Canal 7 SLP - 2025","isPartOf":{"@id":"https:\/\/canal7slp.tv\/2025\/#website"},"primaryImageOfPage":{"@id":"https:\/\/canal7slp.tv\/2025\/mil-800-estudiantes-regresaron-a-clases-en-el-sistema-municipal-de-la-capital\/#primaryimage"},"image":{"@id":"https:\/\/canal7slp.tv\/2025\/mil-800-estudiantes-regresaron-a-clases-en-el-sistema-municipal-de-la-capital\/#primaryimage"},"thumbnailUrl":"https:\/\/canal7slp.tv\/2025\/wp-content\/uploads\/2025\/01\/Poky01RegresoClases.jpg","datePublished":"2025-01-13T21:56:08+00:00","breadcrumb":{"@id":"https:\/\/canal7slp.tv\/2025\/mil-800-estudiantes-regresaron-a-clases-en-el-sistema-municipal-de-la-capital\/#breadcrumb"},"inLanguage":"es","potentialAction":[{"@type":"ReadAction","target":["https:\/\/canal7slp.tv\/2025\/mil-800-estudiantes-regresaron-a-clases-en-el-sistema-municipal-de-la-capital\/"]}]},{"@type":"ImageObject","inLanguage":"es","@id":"https:\/\/canal7slp.tv\/2025\/mil-800-estudiantes-regresaron-a-clases-en-el-sistema-municipal-de-la-capital\/#primaryimage","url":"https:\/\/canal7slp.tv\/2025\/wp-content\/uploads\/2025\/01\/Poky01RegresoClases.jpg","contentUrl":"https:\/\/canal7slp.tv\/2025\/wp-content\/uploads\/2025\/01\/Poky01RegresoClases.jpg","width":1280,"height":720},{"@type":"BreadcrumbList","@id":"https:\/\/canal7slp.tv\/2025\/mil-800-estudiantes-regresaron-a-clases-en-el-sistema-municipal-de-la-capital\/#breadcrumb","itemListElement":[{"@type":"ListItem","position":1,"name":"Portada","item":"https:\/\/canal7slp.tv\/2025\/"},{"@type":"ListItem","position":2,"name":"Mil 800 estudiantes regresaron a clases en el sistema municipal de la capital"}]},{"@type":"WebSite","@id":"https:\/\/canal7slp.tv\/2025\/#website","url":"https:\/\/canal7slp.tv\/2025\/","name":"N7 - Noticieros Canal 7","description":"Somos el Medio","publisher":{"@id":"https:\/\/canal7slp.tv\/2025\/#organization"},"potentialAction":[{"@type":"SearchAction","target":{"@type":"EntryPoint","urlTemplate":"https:\/\/canal7slp.tv\/2025\/?s={search_term_string}"},"query-input":{"@type":"PropertyValueSpecification","valueRequired":true,"valueName":"search_term_string"}}],"inLanguage":"es"},{"@type":"Organization","@id":"https:\/\/canal7slp.tv\/2025\/#organization","name":"Noticieros Canal 7","url":"https:\/\/canal7slp.tv\/2025\/","logo":{"@type":"ImageObject","inLanguage":"es","@id":"https:\/\/canal7slp.tv\/2025\/#\/schema\/logo\/image\/","url":"https:\/\/canal7slp.tv\/2025\/wp-content\/uploads\/2021\/01\/logo-noticieros@2x.png","contentUrl":"https:\/\/canal7slp.tv\/2025\/wp-content\/uploads\/2021\/01\/logo-noticieros@2x.png","width":1017,"height":268,"caption":"Noticieros Canal 7"},"image":{"@id":"https:\/\/canal7slp.tv\/2025\/#\/schema\/logo\/image\/"},"sameAs":["https:\/\/www.facebook.com\/noticieroscanal7atencionciudadana\/","https:\/\/x.com\/NOTICIEROS7","https:\/\/www.instagram.com\/canal7_slp","https:\/\/www.youtube.com\/channel\/UCliiYs-gP3JfJeqdPrNdd5A"]},{"@type":"Person","@id":"https:\/\/canal7slp.tv\/2025\/#\/schema\/person\/271e2b60a96e7cc9d9ac296f4d7e414b","name":"Edici\u00f3n Web","image":{"@type":"ImageObject","inLanguage":"es","@id":"https:\/\/secure.gravatar.com\/avatar\/eee448fc3f7164808013b816ba91ac7e43bbe82a70bebac296f8bc6f0addaa1a?s=96&d=mm&r=g","url":"https:\/\/secure.gravatar.com\/avatar\/eee448fc3f7164808013b816ba91ac7e43bbe82a70bebac296f8bc6f0addaa1a?s=96&d=mm&r=g","contentUrl":"https:\/\/secure.gravatar.com\/avatar\/eee448fc3f7164808013b816ba91ac7e43bbe82a70bebac296f8bc6f0addaa1a?s=96&d=mm&r=g","caption":"Edici\u00f3n Web"},"url":"https:\/\/canal7slp.tv\/2025\/author\/edicionweb\/"}]}},"_links":{"self":[{"href":"https:\/\/canal7slp.tv\/2025\/wp-json\/wp\/v2\/posts\/154198","targetHints":{"allow":["GET"]}}],"collection":[{"href":"https:\/\/canal7slp.tv\/2025\/wp-json\/wp\/v2\/posts"}],"about":[{"href":"https:\/\/canal7slp.tv\/2025\/wp-json\/wp\/v2\/types\/post"}],"author":[{"embeddable":true,"href":"https:\/\/canal7slp.tv\/2025\/wp-json\/wp\/v2\/users\/2"}],"replies":[{"embeddable":true,"href":"https:\/\/canal7slp.tv\/2025\/wp-json\/wp\/v2\/comments?post=154198"}],"version-history":[{"count":2,"href":"https:\/\/canal7slp.tv\/2025\/wp-json\/wp\/v2\/posts\/154198\/revisions"}],"predecessor-version":[{"id":154206,"href":"https:\/\/canal7slp.tv\/2025\/wp-json\/wp\/v2\/posts\/154198\/revisions\/154206"}],"wp:featuredmedia":[{"embeddable":true,"href":"https:\/\/canal7slp.tv\/2025\/wp-json\/wp\/v2\/media\/154208"}],"wp:attachment":[{"href":"https:\/\/canal7slp.tv\/2025\/wp-json\/wp\/v2\/media?parent=154198"}],"wp:term":[{"taxonomy":"category","embeddable":true,"href":"https:\/\/canal7slp.tv\/2025\/wp-json\/wp\/v2\/categories?post=154198"},{"taxonomy":"post_tag","embeddable":true,"href":"https:\/\/canal7slp.tv\/2025\/wp-json\/wp\/v2\/tags?post=154198"}],"curies":[{"name":"wp","href":"https:\/\/api.w.org\/{rel}","templated":true}]}}