{"id":154194,"date":"2025-01-13T15:36:59","date_gmt":"2025-01-13T21:36:59","guid":{"rendered":"https:\/\/canal7slp.tv\/2025\/?p=154194"},"modified":"2025-01-13T15:36:59","modified_gmt":"2025-01-13T21:36:59","slug":"sre-inicia-consulta-ciudadana-para-el-plan-nacional-de-desarrollo","status":"publish","type":"post","link":"https:\/\/canal7slp.tv\/2025\/sre-inicia-consulta-ciudadana-para-el-plan-nacional-de-desarrollo\/","title":{"rendered":"SRE inicia consulta ciudadana para el Plan Nacional de Desarrollo"},"content":{"rendered":"<p style=\"text-align: justify;\">Hermosillo.- El canciller Juan Ram\u00f3n de la Fuente inaugur\u00f3 en Hermosillo, Sonora, la primera etapa de la consulta p\u00fablica organizada por la Secretar\u00eda de Relaciones Exteriores (SRE) para la elaboraci\u00f3n del Plan Nacional de Desarrollo del Gobierno Federal. Este ejercicio busca fortalecer las pol\u00edticas p\u00fablicas a trav\u00e9s del di\u00e1logo y la participaci\u00f3n ciudadana.<\/p>\n<p style=\"text-align: justify;\">De la Fuente destac\u00f3 a Hermosillo como la sede inicial de esta consulta por su diversidad cultural y su proximidad estrat\u00e9gica a la frontera norte de M\u00e9xico, subrayando que las regiones fronterizas representan una fortaleza social para el pa\u00eds.<\/p>\n<p style=\"text-align: justify;\">Durante el evento, el canciller se\u00f1al\u00f3 que la consulta p\u00fablica abordar\u00e1 temas como:<\/p>\n<ul style=\"text-align: justify;\">\n<li>Movilidad humana y derechos de los migrantes mexicanos en el exterior.<\/li>\n<li>Desarrollo econ\u00f3mico.<\/li>\n<li>Incorporaci\u00f3n de ejes transversales, incluyendo igualdad de g\u00e9nero, innovaci\u00f3n tecnol\u00f3gica y los derechos de comunidades ind\u00edgenas y afromexicanas.<\/li>\n<\/ul>\n<p style=\"text-align: justify;\">De la Fuente reafirm\u00f3 el compromiso de la SRE en la defensa de los derechos de los migrantes, asegurando que los mexicanos en el extranjero \u201cno est\u00e1n solos\u201d. Asimismo, enfatiz\u00f3 que la pol\u00edtica exterior debe ser una herramienta para promover el crecimiento econ\u00f3mico y combatir las desigualdades.<\/p>\n<p style=\"text-align: justify;\">El canciller concluy\u00f3 que el contenido del Plan Nacional de Desarrollo ser\u00e1 construido a partir de las aportaciones de la ciudadan\u00eda en las mesas de trabajo realizadas en todo el pa\u00eds. Estas propuestas ser\u00e1n analizadas y difundidas posteriormente a trav\u00e9s del Consejo correspondiente para su incorporaci\u00f3n en el documento final.<\/p>\n<p style=\"text-align: justify;\">\n","protected":false},"excerpt":{"rendered":"<p>Hermosillo.- El canciller Juan Ram\u00f3n de la Fuente inaugur\u00f3 en Hermosillo, Sonora, la primera etapa de la consulta p\u00fablica organizada por la Secretar\u00eda de Relaciones Exteriores (SRE) para la elaboraci\u00f3n del Plan Nacional de Desarrollo del Gobierno Federal. Este ejercicio busca fortalecer las pol\u00edticas p\u00fablicas a trav\u00e9s del di\u00e1logo y la participaci\u00f3n ciudadana. De la Fuente destac\u00f3 a Hermosillo como la sede inicial de esta consulta por su diversidad cultural y su proximidad estrat\u00e9gica a la frontera norte de M\u00e9xico, subrayando que las regiones fronterizas representan una fortaleza social para el pa\u00eds. Durante el evento, el canciller se\u00f1al\u00f3 que la [&hellip;]<\/p>\n","protected":false},"author":2,"featured_media":154195,"comment_status":"closed","ping_status":"closed","sticky":false,"template":"","format":"standard","meta":{"_monsterinsights_skip_tracking":false,"_monsterinsights_sitenote_active":false,"_monsterinsights_sitenote_note":"","_monsterinsights_sitenote_category":0,"footnotes":""},"categories":[46],"tags":[],"class_list":["post-154194","post","type-post","status-publish","format-standard","has-post-thumbnail","hentry","category-nacional","post--single"],"yoast_head":"<!-- This site is optimized with the Yoast SEO plugin v27.5 - https:\/\/yoast.com\/product\/yoast-seo-wordpress\/ -->\n<title>SRE inicia consulta ciudadana para el Plan Nacional de Desarrollo - Canal 7 SLP - 2025<\/title>\n<meta name=\"robots\" content=\"index, follow, max-snippet:-1, max-image-preview:large, max-video-preview:-1\" \/>\n<link rel=\"canonical\" href=\"https:\/\/canal7slp.tv\/2025\/sre-inicia-consulta-ciudadana-para-el-plan-nacional-de-desarrollo\/\" \/>\n<meta property=\"og:locale\" content=\"es_ES\" \/>\n<meta property=\"og:type\" content=\"article\" \/>\n<meta property=\"og:title\" content=\"SRE inicia consulta ciudadana para el Plan Nacional de Desarrollo - Canal 7 SLP - 2025\" \/>\n<meta property=\"og:description\" content=\"Hermosillo.- El canciller Juan Ram\u00f3n de la Fuente inaugur\u00f3 en Hermosillo, Sonora, la primera etapa de la consulta p\u00fablica organizada por la Secretar\u00eda de Relaciones Exteriores (SRE) para la elaboraci\u00f3n del Plan Nacional de Desarrollo del Gobierno Federal. Este ejercicio busca fortalecer las pol\u00edticas p\u00fablicas a trav\u00e9s del di\u00e1logo y la participaci\u00f3n ciudadana. De la Fuente destac\u00f3 a Hermosillo como la sede inicial de esta consulta por su diversidad cultural y su proximidad estrat\u00e9gica a la frontera norte de M\u00e9xico, subrayando que las regiones fronterizas representan una fortaleza social para el pa\u00eds. Durante el evento, el canciller se\u00f1al\u00f3 que la [&hellip;]\" \/>\n<meta property=\"og:url\" content=\"https:\/\/canal7slp.tv\/2025\/sre-inicia-consulta-ciudadana-para-el-plan-nacional-de-desarrollo\/\" \/>\n<meta property=\"og:site_name\" content=\"Canal 7 SLP - 2025\" \/>\n<meta property=\"article:publisher\" content=\"https:\/\/www.facebook.com\/noticieroscanal7atencionciudadana\/\" \/>\n<meta property=\"article:published_time\" content=\"2025-01-13T21:36:59+00:00\" \/>\n<meta property=\"og:image\" content=\"https:\/\/canal7slp.tv\/2025\/wp-content\/uploads\/2025\/01\/10-10.jpg\" \/>\n\t<meta property=\"og:image:width\" content=\"888\" \/>\n\t<meta property=\"og:image:height\" content=\"500\" \/>\n\t<meta property=\"og:image:type\" content=\"image\/jpeg\" \/>\n<meta name=\"author\" content=\"Edici\u00f3n Web\" \/>\n<meta name=\"twitter:card\" content=\"summary_large_image\" \/>\n<meta name=\"twitter:creator\" content=\"@NOTICIEROS7\" \/>\n<meta name=\"twitter:site\" content=\"@NOTICIEROS7\" \/>\n<meta name=\"twitter:label1\" content=\"Escrito por\" \/>\n\t<meta name=\"twitter:data1\" content=\"Edici\u00f3n Web\" \/>\n\t<meta name=\"twitter:label2\" content=\"Tiempo de lectura\" \/>\n\t<meta name=\"twitter:data2\" content=\"2 minutos\" \/>\n<script type=\"application\/ld+json\" class=\"yoast-schema-graph\">{\"@context\":\"https:\\\/\\\/schema.org\",\"@graph\":[{\"@type\":\"Article\",\"@id\":\"https:\\\/\\\/canal7slp.tv\\\/2025\\\/sre-inicia-consulta-ciudadana-para-el-plan-nacional-de-desarrollo\\\/#article\",\"isPartOf\":{\"@id\":\"https:\\\/\\\/canal7slp.tv\\\/2025\\\/sre-inicia-consulta-ciudadana-para-el-plan-nacional-de-desarrollo\\\/\"},\"author\":{\"name\":\"Edici\u00f3n Web\",\"@id\":\"https:\\\/\\\/canal7slp.tv\\\/2025\\\/#\\\/schema\\\/person\\\/271e2b60a96e7cc9d9ac296f4d7e414b\"},\"headline\":\"SRE inicia consulta ciudadana para el Plan Nacional de Desarrollo\",\"datePublished\":\"2025-01-13T21:36:59+00:00\",\"mainEntityOfPage\":{\"@id\":\"https:\\\/\\\/canal7slp.tv\\\/2025\\\/sre-inicia-consulta-ciudadana-para-el-plan-nacional-de-desarrollo\\\/\"},\"wordCount\":272,\"publisher\":{\"@id\":\"https:\\\/\\\/canal7slp.tv\\\/2025\\\/#organization\"},\"image\":{\"@id\":\"https:\\\/\\\/canal7slp.tv\\\/2025\\\/sre-inicia-consulta-ciudadana-para-el-plan-nacional-de-desarrollo\\\/#primaryimage\"},\"thumbnailUrl\":\"https:\\\/\\\/canal7slp.tv\\\/2025\\\/wp-content\\\/uploads\\\/2025\\\/01\\\/10-10.jpg\",\"articleSection\":[\"NACIONALES\"],\"inLanguage\":\"es\"},{\"@type\":\"WebPage\",\"@id\":\"https:\\\/\\\/canal7slp.tv\\\/2025\\\/sre-inicia-consulta-ciudadana-para-el-plan-nacional-de-desarrollo\\\/\",\"url\":\"https:\\\/\\\/canal7slp.tv\\\/2025\\\/sre-inicia-consulta-ciudadana-para-el-plan-nacional-de-desarrollo\\\/\",\"name\":\"SRE inicia consulta ciudadana para el Plan Nacional de Desarrollo - Canal 7 SLP - 2025\",\"isPartOf\":{\"@id\":\"https:\\\/\\\/canal7slp.tv\\\/2025\\\/#website\"},\"primaryImageOfPage\":{\"@id\":\"https:\\\/\\\/canal7slp.tv\\\/2025\\\/sre-inicia-consulta-ciudadana-para-el-plan-nacional-de-desarrollo\\\/#primaryimage\"},\"image\":{\"@id\":\"https:\\\/\\\/canal7slp.tv\\\/2025\\\/sre-inicia-consulta-ciudadana-para-el-plan-nacional-de-desarrollo\\\/#primaryimage\"},\"thumbnailUrl\":\"https:\\\/\\\/canal7slp.tv\\\/2025\\\/wp-content\\\/uploads\\\/2025\\\/01\\\/10-10.jpg\",\"datePublished\":\"2025-01-13T21:36:59+00:00\",\"breadcrumb\":{\"@id\":\"https:\\\/\\\/canal7slp.tv\\\/2025\\\/sre-inicia-consulta-ciudadana-para-el-plan-nacional-de-desarrollo\\\/#breadcrumb\"},\"inLanguage\":\"es\",\"potentialAction\":[{\"@type\":\"ReadAction\",\"target\":[\"https:\\\/\\\/canal7slp.tv\\\/2025\\\/sre-inicia-consulta-ciudadana-para-el-plan-nacional-de-desarrollo\\\/\"]}]},{\"@type\":\"ImageObject\",\"inLanguage\":\"es\",\"@id\":\"https:\\\/\\\/canal7slp.tv\\\/2025\\\/sre-inicia-consulta-ciudadana-para-el-plan-nacional-de-desarrollo\\\/#primaryimage\",\"url\":\"https:\\\/\\\/canal7slp.tv\\\/2025\\\/wp-content\\\/uploads\\\/2025\\\/01\\\/10-10.jpg\",\"contentUrl\":\"https:\\\/\\\/canal7slp.tv\\\/2025\\\/wp-content\\\/uploads\\\/2025\\\/01\\\/10-10.jpg\",\"width\":888,\"height\":500},{\"@type\":\"BreadcrumbList\",\"@id\":\"https:\\\/\\\/canal7slp.tv\\\/2025\\\/sre-inicia-consulta-ciudadana-para-el-plan-nacional-de-desarrollo\\\/#breadcrumb\",\"itemListElement\":[{\"@type\":\"ListItem\",\"position\":1,\"name\":\"Portada\",\"item\":\"https:\\\/\\\/canal7slp.tv\\\/2025\\\/\"},{\"@type\":\"ListItem\",\"position\":2,\"name\":\"SRE inicia consulta ciudadana para el Plan Nacional de Desarrollo\"}]},{\"@type\":\"WebSite\",\"@id\":\"https:\\\/\\\/canal7slp.tv\\\/2025\\\/#website\",\"url\":\"https:\\\/\\\/canal7slp.tv\\\/2025\\\/\",\"name\":\"N7 - Noticieros Canal 7\",\"description\":\"Somos el Medio\",\"publisher\":{\"@id\":\"https:\\\/\\\/canal7slp.tv\\\/2025\\\/#organization\"},\"potentialAction\":[{\"@type\":\"SearchAction\",\"target\":{\"@type\":\"EntryPoint\",\"urlTemplate\":\"https:\\\/\\\/canal7slp.tv\\\/2025\\\/?s={search_term_string}\"},\"query-input\":{\"@type\":\"PropertyValueSpecification\",\"valueRequired\":true,\"valueName\":\"search_term_string\"}}],\"inLanguage\":\"es\"},{\"@type\":\"Organization\",\"@id\":\"https:\\\/\\\/canal7slp.tv\\\/2025\\\/#organization\",\"name\":\"Noticieros Canal 7\",\"url\":\"https:\\\/\\\/canal7slp.tv\\\/2025\\\/\",\"logo\":{\"@type\":\"ImageObject\",\"inLanguage\":\"es\",\"@id\":\"https:\\\/\\\/canal7slp.tv\\\/2025\\\/#\\\/schema\\\/logo\\\/image\\\/\",\"url\":\"https:\\\/\\\/canal7slp.tv\\\/2025\\\/wp-content\\\/uploads\\\/2021\\\/01\\\/logo-noticieros@2x.png\",\"contentUrl\":\"https:\\\/\\\/canal7slp.tv\\\/2025\\\/wp-content\\\/uploads\\\/2021\\\/01\\\/logo-noticieros@2x.png\",\"width\":1017,\"height\":268,\"caption\":\"Noticieros Canal 7\"},\"image\":{\"@id\":\"https:\\\/\\\/canal7slp.tv\\\/2025\\\/#\\\/schema\\\/logo\\\/image\\\/\"},\"sameAs\":[\"https:\\\/\\\/www.facebook.com\\\/noticieroscanal7atencionciudadana\\\/\",\"https:\\\/\\\/x.com\\\/NOTICIEROS7\",\"https:\\\/\\\/www.instagram.com\\\/canal7_slp\",\"https:\\\/\\\/www.youtube.com\\\/channel\\\/UCliiYs-gP3JfJeqdPrNdd5A\"]},{\"@type\":\"Person\",\"@id\":\"https:\\\/\\\/canal7slp.tv\\\/2025\\\/#\\\/schema\\\/person\\\/271e2b60a96e7cc9d9ac296f4d7e414b\",\"name\":\"Edici\u00f3n Web\",\"image\":{\"@type\":\"ImageObject\",\"inLanguage\":\"es\",\"@id\":\"https:\\\/\\\/secure.gravatar.com\\\/avatar\\\/eee448fc3f7164808013b816ba91ac7e43bbe82a70bebac296f8bc6f0addaa1a?s=96&d=mm&r=g\",\"url\":\"https:\\\/\\\/secure.gravatar.com\\\/avatar\\\/eee448fc3f7164808013b816ba91ac7e43bbe82a70bebac296f8bc6f0addaa1a?s=96&d=mm&r=g\",\"contentUrl\":\"https:\\\/\\\/secure.gravatar.com\\\/avatar\\\/eee448fc3f7164808013b816ba91ac7e43bbe82a70bebac296f8bc6f0addaa1a?s=96&d=mm&r=g\",\"caption\":\"Edici\u00f3n Web\"},\"url\":\"https:\\\/\\\/canal7slp.tv\\\/2025\\\/author\\\/edicionweb\\\/\"}]}<\/script>\n<!-- \/ Yoast SEO plugin. -->","yoast_head_json":{"title":"SRE inicia consulta ciudadana para el Plan Nacional de Desarrollo - Canal 7 SLP - 2025","robots":{"index":"index","follow":"follow","max-snippet":"max-snippet:-1","max-image-preview":"max-image-preview:large","max-video-preview":"max-video-preview:-1"},"canonical":"https:\/\/canal7slp.tv\/2025\/sre-inicia-consulta-ciudadana-para-el-plan-nacional-de-desarrollo\/","og_locale":"es_ES","og_type":"article","og_title":"SRE inicia consulta ciudadana para el Plan Nacional de Desarrollo - Canal 7 SLP - 2025","og_description":"Hermosillo.- El canciller Juan Ram\u00f3n de la Fuente inaugur\u00f3 en Hermosillo, Sonora, la primera etapa de la consulta p\u00fablica organizada por la Secretar\u00eda de Relaciones Exteriores (SRE) para la elaboraci\u00f3n del Plan Nacional de Desarrollo del Gobierno Federal. Este ejercicio busca fortalecer las pol\u00edticas p\u00fablicas a trav\u00e9s del di\u00e1logo y la participaci\u00f3n ciudadana. De la Fuente destac\u00f3 a Hermosillo como la sede inicial de esta consulta por su diversidad cultural y su proximidad estrat\u00e9gica a la frontera norte de M\u00e9xico, subrayando que las regiones fronterizas representan una fortaleza social para el pa\u00eds. Durante el evento, el canciller se\u00f1al\u00f3 que la [&hellip;]","og_url":"https:\/\/canal7slp.tv\/2025\/sre-inicia-consulta-ciudadana-para-el-plan-nacional-de-desarrollo\/","og_site_name":"Canal 7 SLP - 2025","article_publisher":"https:\/\/www.facebook.com\/noticieroscanal7atencionciudadana\/","article_published_time":"2025-01-13T21:36:59+00:00","og_image":[{"width":888,"height":500,"url":"https:\/\/canal7slp.tv\/2025\/wp-content\/uploads\/2025\/01\/10-10.jpg","type":"image\/jpeg"}],"author":"Edici\u00f3n Web","twitter_card":"summary_large_image","twitter_creator":"@NOTICIEROS7","twitter_site":"@NOTICIEROS7","twitter_misc":{"Escrito por":"Edici\u00f3n Web","Tiempo de lectura":"2 minutos"},"schema":{"@context":"https:\/\/schema.org","@graph":[{"@type":"Article","@id":"https:\/\/canal7slp.tv\/2025\/sre-inicia-consulta-ciudadana-para-el-plan-nacional-de-desarrollo\/#article","isPartOf":{"@id":"https:\/\/canal7slp.tv\/2025\/sre-inicia-consulta-ciudadana-para-el-plan-nacional-de-desarrollo\/"},"author":{"name":"Edici\u00f3n Web","@id":"https:\/\/canal7slp.tv\/2025\/#\/schema\/person\/271e2b60a96e7cc9d9ac296f4d7e414b"},"headline":"SRE inicia consulta ciudadana para el Plan Nacional de Desarrollo","datePublished":"2025-01-13T21:36:59+00:00","mainEntityOfPage":{"@id":"https:\/\/canal7slp.tv\/2025\/sre-inicia-consulta-ciudadana-para-el-plan-nacional-de-desarrollo\/"},"wordCount":272,"publisher":{"@id":"https:\/\/canal7slp.tv\/2025\/#organization"},"image":{"@id":"https:\/\/canal7slp.tv\/2025\/sre-inicia-consulta-ciudadana-para-el-plan-nacional-de-desarrollo\/#primaryimage"},"thumbnailUrl":"https:\/\/canal7slp.tv\/2025\/wp-content\/uploads\/2025\/01\/10-10.jpg","articleSection":["NACIONALES"],"inLanguage":"es"},{"@type":"WebPage","@id":"https:\/\/canal7slp.tv\/2025\/sre-inicia-consulta-ciudadana-para-el-plan-nacional-de-desarrollo\/","url":"https:\/\/canal7slp.tv\/2025\/sre-inicia-consulta-ciudadana-para-el-plan-nacional-de-desarrollo\/","name":"SRE inicia consulta ciudadana para el Plan Nacional de Desarrollo - Canal 7 SLP - 2025","isPartOf":{"@id":"https:\/\/canal7slp.tv\/2025\/#website"},"primaryImageOfPage":{"@id":"https:\/\/canal7slp.tv\/2025\/sre-inicia-consulta-ciudadana-para-el-plan-nacional-de-desarrollo\/#primaryimage"},"image":{"@id":"https:\/\/canal7slp.tv\/2025\/sre-inicia-consulta-ciudadana-para-el-plan-nacional-de-desarrollo\/#primaryimage"},"thumbnailUrl":"https:\/\/canal7slp.tv\/2025\/wp-content\/uploads\/2025\/01\/10-10.jpg","datePublished":"2025-01-13T21:36:59+00:00","breadcrumb":{"@id":"https:\/\/canal7slp.tv\/2025\/sre-inicia-consulta-ciudadana-para-el-plan-nacional-de-desarrollo\/#breadcrumb"},"inLanguage":"es","potentialAction":[{"@type":"ReadAction","target":["https:\/\/canal7slp.tv\/2025\/sre-inicia-consulta-ciudadana-para-el-plan-nacional-de-desarrollo\/"]}]},{"@type":"ImageObject","inLanguage":"es","@id":"https:\/\/canal7slp.tv\/2025\/sre-inicia-consulta-ciudadana-para-el-plan-nacional-de-desarrollo\/#primaryimage","url":"https:\/\/canal7slp.tv\/2025\/wp-content\/uploads\/2025\/01\/10-10.jpg","contentUrl":"https:\/\/canal7slp.tv\/2025\/wp-content\/uploads\/2025\/01\/10-10.jpg","width":888,"height":500},{"@type":"BreadcrumbList","@id":"https:\/\/canal7slp.tv\/2025\/sre-inicia-consulta-ciudadana-para-el-plan-nacional-de-desarrollo\/#breadcrumb","itemListElement":[{"@type":"ListItem","position":1,"name":"Portada","item":"https:\/\/canal7slp.tv\/2025\/"},{"@type":"ListItem","position":2,"name":"SRE inicia consulta ciudadana para el Plan Nacional de Desarrollo"}]},{"@type":"WebSite","@id":"https:\/\/canal7slp.tv\/2025\/#website","url":"https:\/\/canal7slp.tv\/2025\/","name":"N7 - Noticieros Canal 7","description":"Somos el Medio","publisher":{"@id":"https:\/\/canal7slp.tv\/2025\/#organization"},"potentialAction":[{"@type":"SearchAction","target":{"@type":"EntryPoint","urlTemplate":"https:\/\/canal7slp.tv\/2025\/?s={search_term_string}"},"query-input":{"@type":"PropertyValueSpecification","valueRequired":true,"valueName":"search_term_string"}}],"inLanguage":"es"},{"@type":"Organization","@id":"https:\/\/canal7slp.tv\/2025\/#organization","name":"Noticieros Canal 7","url":"https:\/\/canal7slp.tv\/2025\/","logo":{"@type":"ImageObject","inLanguage":"es","@id":"https:\/\/canal7slp.tv\/2025\/#\/schema\/logo\/image\/","url":"https:\/\/canal7slp.tv\/2025\/wp-content\/uploads\/2021\/01\/logo-noticieros@2x.png","contentUrl":"https:\/\/canal7slp.tv\/2025\/wp-content\/uploads\/2021\/01\/logo-noticieros@2x.png","width":1017,"height":268,"caption":"Noticieros Canal 7"},"image":{"@id":"https:\/\/canal7slp.tv\/2025\/#\/schema\/logo\/image\/"},"sameAs":["https:\/\/www.facebook.com\/noticieroscanal7atencionciudadana\/","https:\/\/x.com\/NOTICIEROS7","https:\/\/www.instagram.com\/canal7_slp","https:\/\/www.youtube.com\/channel\/UCliiYs-gP3JfJeqdPrNdd5A"]},{"@type":"Person","@id":"https:\/\/canal7slp.tv\/2025\/#\/schema\/person\/271e2b60a96e7cc9d9ac296f4d7e414b","name":"Edici\u00f3n Web","image":{"@type":"ImageObject","inLanguage":"es","@id":"https:\/\/secure.gravatar.com\/avatar\/eee448fc3f7164808013b816ba91ac7e43bbe82a70bebac296f8bc6f0addaa1a?s=96&d=mm&r=g","url":"https:\/\/secure.gravatar.com\/avatar\/eee448fc3f7164808013b816ba91ac7e43bbe82a70bebac296f8bc6f0addaa1a?s=96&d=mm&r=g","contentUrl":"https:\/\/secure.gravatar.com\/avatar\/eee448fc3f7164808013b816ba91ac7e43bbe82a70bebac296f8bc6f0addaa1a?s=96&d=mm&r=g","caption":"Edici\u00f3n Web"},"url":"https:\/\/canal7slp.tv\/2025\/author\/edicionweb\/"}]}},"_links":{"self":[{"href":"https:\/\/canal7slp.tv\/2025\/wp-json\/wp\/v2\/posts\/154194","targetHints":{"allow":["GET"]}}],"collection":[{"href":"https:\/\/canal7slp.tv\/2025\/wp-json\/wp\/v2\/posts"}],"about":[{"href":"https:\/\/canal7slp.tv\/2025\/wp-json\/wp\/v2\/types\/post"}],"author":[{"embeddable":true,"href":"https:\/\/canal7slp.tv\/2025\/wp-json\/wp\/v2\/users\/2"}],"replies":[{"embeddable":true,"href":"https:\/\/canal7slp.tv\/2025\/wp-json\/wp\/v2\/comments?post=154194"}],"version-history":[{"count":1,"href":"https:\/\/canal7slp.tv\/2025\/wp-json\/wp\/v2\/posts\/154194\/revisions"}],"predecessor-version":[{"id":154196,"href":"https:\/\/canal7slp.tv\/2025\/wp-json\/wp\/v2\/posts\/154194\/revisions\/154196"}],"wp:featuredmedia":[{"embeddable":true,"href":"https:\/\/canal7slp.tv\/2025\/wp-json\/wp\/v2\/media\/154195"}],"wp:attachment":[{"href":"https:\/\/canal7slp.tv\/2025\/wp-json\/wp\/v2\/media?parent=154194"}],"wp:term":[{"taxonomy":"category","embeddable":true,"href":"https:\/\/canal7slp.tv\/2025\/wp-json\/wp\/v2\/categories?post=154194"},{"taxonomy":"post_tag","embeddable":true,"href":"https:\/\/canal7slp.tv\/2025\/wp-json\/wp\/v2\/tags?post=154194"}],"curies":[{"name":"wp","href":"https:\/\/api.w.org\/{rel}","templated":true}]}}