{"id":154191,"date":"2025-01-13T15:29:45","date_gmt":"2025-01-13T21:29:45","guid":{"rendered":"https:\/\/canal7slp.tv\/2025\/?p=154191"},"modified":"2025-01-13T15:29:45","modified_gmt":"2025-01-13T21:29:45","slug":"victimas-fatales-por-incendios-en-california-suben-a-24","status":"publish","type":"post","link":"https:\/\/canal7slp.tv\/2025\/victimas-fatales-por-incendios-en-california-suben-a-24\/","title":{"rendered":"V\u00edctimas fatales por incendios en California suben a 24"},"content":{"rendered":"<ul>\n<li style=\"text-align: justify;\">Han sido evacuadas m\u00e1s de 150 mil personas.<\/li>\n<\/ul>\n<p style=\"text-align: justify;\">Los \u00c1ngeles.- La cifra de fallecidos por los incendios en Los \u00c1ngeles asciende a 24 personas, de acuerdo con la oficina del m\u00e9dico forense del condado. Entre las v\u00edctimas, 16 perdieron la vida en el incendio de Eaton y el resto en el de Palisades. Hasta ahora, solo se han identificado a dos de los fallecidos: Charles Mortimer (84 a\u00f1os) y Victor Shaw (66 a\u00f1os).<\/p>\n<p style=\"text-align: justify;\">Los incendios, activos desde el martes pasado, contin\u00faan siendo combatidos por cientos de bomberos. El incendio de Palisades presenta un avance de 11% en su contenci\u00f3n, mientras que el de Eaton ha logrado un 27%. Por su parte, el incendio Hurst est\u00e1 contenido en un 89%.<\/p>\n<p style=\"text-align: justify;\">Se espera que las condiciones clim\u00e1ticas se agraven en los pr\u00f3ximos d\u00edas debido a la llegada de vientos fuertes, lo que complicar\u00e1 las labores de extinci\u00f3n. En respuesta, el gobernador de California, Gavin Newsom, despleg\u00f3 mil miembros adicionales de la Guardia Nacional, elevando a dos mil 500 el n\u00famero de efectivos en la zona. Tambi\u00e9n firm\u00f3 una orden ejecutiva para suspender ciertas regulaciones medioambientales, con el objetivo de agilizar la reconstrucci\u00f3n de las viviendas y edificios destruidos.<\/p>\n<p style=\"text-align: justify;\">Hasta la fecha, los incendios han devastado m\u00e1s de cinco mil 700 hect\u00e1reas, destruido al menos siete mil estructuras y forzado la evacuaci\u00f3n de m\u00e1s de 150 mil personas. La causa de los incendios sigue bajo investigaci\u00f3n, y las autoridades no descartan ninguna hip\u00f3tesis.<\/p>\n<p style=\"text-align: justify;\">En medio de la emergencia, se ha registrado un aumento en los casos de saqueo, con varios arrestos recientes. Seg\u00fan el capit\u00e1n del Departamento de Polic\u00eda de Los \u00c1ngeles, Michael Lorenz, se han detenido a siete personas, incluyendo a dos individuos que se hac\u00edan pasar por bomberos. Las detenciones relacionadas con saqueos alcanzan un promedio de 10 diarias, lo que refleja la tensi\u00f3n y vulnerabilidad de las \u00e1reas afectadas.<\/p>\n","protected":false},"excerpt":{"rendered":"<p>Han sido evacuadas m\u00e1s de 150 mil personas. Los \u00c1ngeles.- La cifra de fallecidos por los incendios en Los \u00c1ngeles asciende a 24 personas, de acuerdo con la oficina del m\u00e9dico forense del condado. Entre las v\u00edctimas, 16 perdieron la vida en el incendio de Eaton y el resto en el de Palisades. Hasta ahora, solo se han identificado a dos de los fallecidos: Charles Mortimer (84 a\u00f1os) y Victor Shaw (66 a\u00f1os). Los incendios, activos desde el martes pasado, contin\u00faan siendo combatidos por cientos de bomberos. El incendio de Palisades presenta un avance de 11% en su contenci\u00f3n, mientras [&hellip;]<\/p>\n","protected":false},"author":2,"featured_media":154192,"comment_status":"closed","ping_status":"closed","sticky":false,"template":"","format":"standard","meta":{"_monsterinsights_skip_tracking":false,"_monsterinsights_sitenote_active":false,"_monsterinsights_sitenote_note":"","_monsterinsights_sitenote_category":0,"footnotes":""},"categories":[44],"tags":[],"class_list":["post-154191","post","type-post","status-publish","format-standard","has-post-thumbnail","hentry","category-internacional","post--single"],"yoast_head":"<!-- This site is optimized with the Yoast SEO plugin v27.5 - https:\/\/yoast.com\/product\/yoast-seo-wordpress\/ -->\n<title>V\u00edctimas fatales por incendios en California suben a 24 - Canal 7 SLP - 2025<\/title>\n<meta name=\"robots\" content=\"index, follow, max-snippet:-1, max-image-preview:large, max-video-preview:-1\" \/>\n<link rel=\"canonical\" href=\"https:\/\/canal7slp.tv\/2025\/victimas-fatales-por-incendios-en-california-suben-a-24\/\" \/>\n<meta property=\"og:locale\" content=\"es_ES\" \/>\n<meta property=\"og:type\" content=\"article\" \/>\n<meta property=\"og:title\" content=\"V\u00edctimas fatales por incendios en California suben a 24 - Canal 7 SLP - 2025\" \/>\n<meta property=\"og:description\" content=\"Han sido evacuadas m\u00e1s de 150 mil personas. Los \u00c1ngeles.- La cifra de fallecidos por los incendios en Los \u00c1ngeles asciende a 24 personas, de acuerdo con la oficina del m\u00e9dico forense del condado. Entre las v\u00edctimas, 16 perdieron la vida en el incendio de Eaton y el resto en el de Palisades. Hasta ahora, solo se han identificado a dos de los fallecidos: Charles Mortimer (84 a\u00f1os) y Victor Shaw (66 a\u00f1os). Los incendios, activos desde el martes pasado, contin\u00faan siendo combatidos por cientos de bomberos. El incendio de Palisades presenta un avance de 11% en su contenci\u00f3n, mientras [&hellip;]\" \/>\n<meta property=\"og:url\" content=\"https:\/\/canal7slp.tv\/2025\/victimas-fatales-por-incendios-en-california-suben-a-24\/\" \/>\n<meta property=\"og:site_name\" content=\"Canal 7 SLP - 2025\" \/>\n<meta property=\"article:publisher\" content=\"https:\/\/www.facebook.com\/noticieroscanal7atencionciudadana\/\" \/>\n<meta property=\"article:published_time\" content=\"2025-01-13T21:29:45+00:00\" \/>\n<meta property=\"og:image\" content=\"https:\/\/canal7slp.tv\/2025\/wp-content\/uploads\/2025\/01\/09-11.jpg\" \/>\n\t<meta property=\"og:image:width\" content=\"728\" \/>\n\t<meta property=\"og:image:height\" content=\"410\" \/>\n\t<meta property=\"og:image:type\" content=\"image\/jpeg\" \/>\n<meta name=\"author\" content=\"Edici\u00f3n Web\" \/>\n<meta name=\"twitter:card\" content=\"summary_large_image\" \/>\n<meta name=\"twitter:creator\" content=\"@NOTICIEROS7\" \/>\n<meta name=\"twitter:site\" content=\"@NOTICIEROS7\" \/>\n<meta name=\"twitter:label1\" content=\"Escrito por\" \/>\n\t<meta name=\"twitter:data1\" content=\"Edici\u00f3n Web\" \/>\n\t<meta name=\"twitter:label2\" content=\"Tiempo de lectura\" \/>\n\t<meta name=\"twitter:data2\" content=\"2 minutos\" \/>\n<script type=\"application\/ld+json\" class=\"yoast-schema-graph\">{\"@context\":\"https:\\\/\\\/schema.org\",\"@graph\":[{\"@type\":\"Article\",\"@id\":\"https:\\\/\\\/canal7slp.tv\\\/2025\\\/victimas-fatales-por-incendios-en-california-suben-a-24\\\/#article\",\"isPartOf\":{\"@id\":\"https:\\\/\\\/canal7slp.tv\\\/2025\\\/victimas-fatales-por-incendios-en-california-suben-a-24\\\/\"},\"author\":{\"name\":\"Edici\u00f3n Web\",\"@id\":\"https:\\\/\\\/canal7slp.tv\\\/2025\\\/#\\\/schema\\\/person\\\/271e2b60a96e7cc9d9ac296f4d7e414b\"},\"headline\":\"V\u00edctimas fatales por incendios en California suben a 24\",\"datePublished\":\"2025-01-13T21:29:45+00:00\",\"mainEntityOfPage\":{\"@id\":\"https:\\\/\\\/canal7slp.tv\\\/2025\\\/victimas-fatales-por-incendios-en-california-suben-a-24\\\/\"},\"wordCount\":332,\"publisher\":{\"@id\":\"https:\\\/\\\/canal7slp.tv\\\/2025\\\/#organization\"},\"image\":{\"@id\":\"https:\\\/\\\/canal7slp.tv\\\/2025\\\/victimas-fatales-por-incendios-en-california-suben-a-24\\\/#primaryimage\"},\"thumbnailUrl\":\"https:\\\/\\\/canal7slp.tv\\\/2025\\\/wp-content\\\/uploads\\\/2025\\\/01\\\/09-11.jpg\",\"articleSection\":[\"INTERNACIONALES\"],\"inLanguage\":\"es\"},{\"@type\":\"WebPage\",\"@id\":\"https:\\\/\\\/canal7slp.tv\\\/2025\\\/victimas-fatales-por-incendios-en-california-suben-a-24\\\/\",\"url\":\"https:\\\/\\\/canal7slp.tv\\\/2025\\\/victimas-fatales-por-incendios-en-california-suben-a-24\\\/\",\"name\":\"V\u00edctimas fatales por incendios en California suben a 24 - Canal 7 SLP - 2025\",\"isPartOf\":{\"@id\":\"https:\\\/\\\/canal7slp.tv\\\/2025\\\/#website\"},\"primaryImageOfPage\":{\"@id\":\"https:\\\/\\\/canal7slp.tv\\\/2025\\\/victimas-fatales-por-incendios-en-california-suben-a-24\\\/#primaryimage\"},\"image\":{\"@id\":\"https:\\\/\\\/canal7slp.tv\\\/2025\\\/victimas-fatales-por-incendios-en-california-suben-a-24\\\/#primaryimage\"},\"thumbnailUrl\":\"https:\\\/\\\/canal7slp.tv\\\/2025\\\/wp-content\\\/uploads\\\/2025\\\/01\\\/09-11.jpg\",\"datePublished\":\"2025-01-13T21:29:45+00:00\",\"breadcrumb\":{\"@id\":\"https:\\\/\\\/canal7slp.tv\\\/2025\\\/victimas-fatales-por-incendios-en-california-suben-a-24\\\/#breadcrumb\"},\"inLanguage\":\"es\",\"potentialAction\":[{\"@type\":\"ReadAction\",\"target\":[\"https:\\\/\\\/canal7slp.tv\\\/2025\\\/victimas-fatales-por-incendios-en-california-suben-a-24\\\/\"]}]},{\"@type\":\"ImageObject\",\"inLanguage\":\"es\",\"@id\":\"https:\\\/\\\/canal7slp.tv\\\/2025\\\/victimas-fatales-por-incendios-en-california-suben-a-24\\\/#primaryimage\",\"url\":\"https:\\\/\\\/canal7slp.tv\\\/2025\\\/wp-content\\\/uploads\\\/2025\\\/01\\\/09-11.jpg\",\"contentUrl\":\"https:\\\/\\\/canal7slp.tv\\\/2025\\\/wp-content\\\/uploads\\\/2025\\\/01\\\/09-11.jpg\",\"width\":728,\"height\":410},{\"@type\":\"BreadcrumbList\",\"@id\":\"https:\\\/\\\/canal7slp.tv\\\/2025\\\/victimas-fatales-por-incendios-en-california-suben-a-24\\\/#breadcrumb\",\"itemListElement\":[{\"@type\":\"ListItem\",\"position\":1,\"name\":\"Portada\",\"item\":\"https:\\\/\\\/canal7slp.tv\\\/2025\\\/\"},{\"@type\":\"ListItem\",\"position\":2,\"name\":\"V\u00edctimas fatales por incendios en California suben a 24\"}]},{\"@type\":\"WebSite\",\"@id\":\"https:\\\/\\\/canal7slp.tv\\\/2025\\\/#website\",\"url\":\"https:\\\/\\\/canal7slp.tv\\\/2025\\\/\",\"name\":\"N7 - Noticieros Canal 7\",\"description\":\"Somos el Medio\",\"publisher\":{\"@id\":\"https:\\\/\\\/canal7slp.tv\\\/2025\\\/#organization\"},\"potentialAction\":[{\"@type\":\"SearchAction\",\"target\":{\"@type\":\"EntryPoint\",\"urlTemplate\":\"https:\\\/\\\/canal7slp.tv\\\/2025\\\/?s={search_term_string}\"},\"query-input\":{\"@type\":\"PropertyValueSpecification\",\"valueRequired\":true,\"valueName\":\"search_term_string\"}}],\"inLanguage\":\"es\"},{\"@type\":\"Organization\",\"@id\":\"https:\\\/\\\/canal7slp.tv\\\/2025\\\/#organization\",\"name\":\"Noticieros Canal 7\",\"url\":\"https:\\\/\\\/canal7slp.tv\\\/2025\\\/\",\"logo\":{\"@type\":\"ImageObject\",\"inLanguage\":\"es\",\"@id\":\"https:\\\/\\\/canal7slp.tv\\\/2025\\\/#\\\/schema\\\/logo\\\/image\\\/\",\"url\":\"https:\\\/\\\/canal7slp.tv\\\/2025\\\/wp-content\\\/uploads\\\/2021\\\/01\\\/logo-noticieros@2x.png\",\"contentUrl\":\"https:\\\/\\\/canal7slp.tv\\\/2025\\\/wp-content\\\/uploads\\\/2021\\\/01\\\/logo-noticieros@2x.png\",\"width\":1017,\"height\":268,\"caption\":\"Noticieros Canal 7\"},\"image\":{\"@id\":\"https:\\\/\\\/canal7slp.tv\\\/2025\\\/#\\\/schema\\\/logo\\\/image\\\/\"},\"sameAs\":[\"https:\\\/\\\/www.facebook.com\\\/noticieroscanal7atencionciudadana\\\/\",\"https:\\\/\\\/x.com\\\/NOTICIEROS7\",\"https:\\\/\\\/www.instagram.com\\\/canal7_slp\",\"https:\\\/\\\/www.youtube.com\\\/channel\\\/UCliiYs-gP3JfJeqdPrNdd5A\"]},{\"@type\":\"Person\",\"@id\":\"https:\\\/\\\/canal7slp.tv\\\/2025\\\/#\\\/schema\\\/person\\\/271e2b60a96e7cc9d9ac296f4d7e414b\",\"name\":\"Edici\u00f3n Web\",\"image\":{\"@type\":\"ImageObject\",\"inLanguage\":\"es\",\"@id\":\"https:\\\/\\\/secure.gravatar.com\\\/avatar\\\/eee448fc3f7164808013b816ba91ac7e43bbe82a70bebac296f8bc6f0addaa1a?s=96&d=mm&r=g\",\"url\":\"https:\\\/\\\/secure.gravatar.com\\\/avatar\\\/eee448fc3f7164808013b816ba91ac7e43bbe82a70bebac296f8bc6f0addaa1a?s=96&d=mm&r=g\",\"contentUrl\":\"https:\\\/\\\/secure.gravatar.com\\\/avatar\\\/eee448fc3f7164808013b816ba91ac7e43bbe82a70bebac296f8bc6f0addaa1a?s=96&d=mm&r=g\",\"caption\":\"Edici\u00f3n Web\"},\"url\":\"https:\\\/\\\/canal7slp.tv\\\/2025\\\/author\\\/edicionweb\\\/\"}]}<\/script>\n<!-- \/ Yoast SEO plugin. -->","yoast_head_json":{"title":"V\u00edctimas fatales por incendios en California suben a 24 - Canal 7 SLP - 2025","robots":{"index":"index","follow":"follow","max-snippet":"max-snippet:-1","max-image-preview":"max-image-preview:large","max-video-preview":"max-video-preview:-1"},"canonical":"https:\/\/canal7slp.tv\/2025\/victimas-fatales-por-incendios-en-california-suben-a-24\/","og_locale":"es_ES","og_type":"article","og_title":"V\u00edctimas fatales por incendios en California suben a 24 - Canal 7 SLP - 2025","og_description":"Han sido evacuadas m\u00e1s de 150 mil personas. Los \u00c1ngeles.- La cifra de fallecidos por los incendios en Los \u00c1ngeles asciende a 24 personas, de acuerdo con la oficina del m\u00e9dico forense del condado. Entre las v\u00edctimas, 16 perdieron la vida en el incendio de Eaton y el resto en el de Palisades. Hasta ahora, solo se han identificado a dos de los fallecidos: Charles Mortimer (84 a\u00f1os) y Victor Shaw (66 a\u00f1os). Los incendios, activos desde el martes pasado, contin\u00faan siendo combatidos por cientos de bomberos. El incendio de Palisades presenta un avance de 11% en su contenci\u00f3n, mientras [&hellip;]","og_url":"https:\/\/canal7slp.tv\/2025\/victimas-fatales-por-incendios-en-california-suben-a-24\/","og_site_name":"Canal 7 SLP - 2025","article_publisher":"https:\/\/www.facebook.com\/noticieroscanal7atencionciudadana\/","article_published_time":"2025-01-13T21:29:45+00:00","og_image":[{"width":728,"height":410,"url":"https:\/\/canal7slp.tv\/2025\/wp-content\/uploads\/2025\/01\/09-11.jpg","type":"image\/jpeg"}],"author":"Edici\u00f3n Web","twitter_card":"summary_large_image","twitter_creator":"@NOTICIEROS7","twitter_site":"@NOTICIEROS7","twitter_misc":{"Escrito por":"Edici\u00f3n Web","Tiempo de lectura":"2 minutos"},"schema":{"@context":"https:\/\/schema.org","@graph":[{"@type":"Article","@id":"https:\/\/canal7slp.tv\/2025\/victimas-fatales-por-incendios-en-california-suben-a-24\/#article","isPartOf":{"@id":"https:\/\/canal7slp.tv\/2025\/victimas-fatales-por-incendios-en-california-suben-a-24\/"},"author":{"name":"Edici\u00f3n Web","@id":"https:\/\/canal7slp.tv\/2025\/#\/schema\/person\/271e2b60a96e7cc9d9ac296f4d7e414b"},"headline":"V\u00edctimas fatales por incendios en California suben a 24","datePublished":"2025-01-13T21:29:45+00:00","mainEntityOfPage":{"@id":"https:\/\/canal7slp.tv\/2025\/victimas-fatales-por-incendios-en-california-suben-a-24\/"},"wordCount":332,"publisher":{"@id":"https:\/\/canal7slp.tv\/2025\/#organization"},"image":{"@id":"https:\/\/canal7slp.tv\/2025\/victimas-fatales-por-incendios-en-california-suben-a-24\/#primaryimage"},"thumbnailUrl":"https:\/\/canal7slp.tv\/2025\/wp-content\/uploads\/2025\/01\/09-11.jpg","articleSection":["INTERNACIONALES"],"inLanguage":"es"},{"@type":"WebPage","@id":"https:\/\/canal7slp.tv\/2025\/victimas-fatales-por-incendios-en-california-suben-a-24\/","url":"https:\/\/canal7slp.tv\/2025\/victimas-fatales-por-incendios-en-california-suben-a-24\/","name":"V\u00edctimas fatales por incendios en California suben a 24 - Canal 7 SLP - 2025","isPartOf":{"@id":"https:\/\/canal7slp.tv\/2025\/#website"},"primaryImageOfPage":{"@id":"https:\/\/canal7slp.tv\/2025\/victimas-fatales-por-incendios-en-california-suben-a-24\/#primaryimage"},"image":{"@id":"https:\/\/canal7slp.tv\/2025\/victimas-fatales-por-incendios-en-california-suben-a-24\/#primaryimage"},"thumbnailUrl":"https:\/\/canal7slp.tv\/2025\/wp-content\/uploads\/2025\/01\/09-11.jpg","datePublished":"2025-01-13T21:29:45+00:00","breadcrumb":{"@id":"https:\/\/canal7slp.tv\/2025\/victimas-fatales-por-incendios-en-california-suben-a-24\/#breadcrumb"},"inLanguage":"es","potentialAction":[{"@type":"ReadAction","target":["https:\/\/canal7slp.tv\/2025\/victimas-fatales-por-incendios-en-california-suben-a-24\/"]}]},{"@type":"ImageObject","inLanguage":"es","@id":"https:\/\/canal7slp.tv\/2025\/victimas-fatales-por-incendios-en-california-suben-a-24\/#primaryimage","url":"https:\/\/canal7slp.tv\/2025\/wp-content\/uploads\/2025\/01\/09-11.jpg","contentUrl":"https:\/\/canal7slp.tv\/2025\/wp-content\/uploads\/2025\/01\/09-11.jpg","width":728,"height":410},{"@type":"BreadcrumbList","@id":"https:\/\/canal7slp.tv\/2025\/victimas-fatales-por-incendios-en-california-suben-a-24\/#breadcrumb","itemListElement":[{"@type":"ListItem","position":1,"name":"Portada","item":"https:\/\/canal7slp.tv\/2025\/"},{"@type":"ListItem","position":2,"name":"V\u00edctimas fatales por incendios en California suben a 24"}]},{"@type":"WebSite","@id":"https:\/\/canal7slp.tv\/2025\/#website","url":"https:\/\/canal7slp.tv\/2025\/","name":"N7 - Noticieros Canal 7","description":"Somos el Medio","publisher":{"@id":"https:\/\/canal7slp.tv\/2025\/#organization"},"potentialAction":[{"@type":"SearchAction","target":{"@type":"EntryPoint","urlTemplate":"https:\/\/canal7slp.tv\/2025\/?s={search_term_string}"},"query-input":{"@type":"PropertyValueSpecification","valueRequired":true,"valueName":"search_term_string"}}],"inLanguage":"es"},{"@type":"Organization","@id":"https:\/\/canal7slp.tv\/2025\/#organization","name":"Noticieros Canal 7","url":"https:\/\/canal7slp.tv\/2025\/","logo":{"@type":"ImageObject","inLanguage":"es","@id":"https:\/\/canal7slp.tv\/2025\/#\/schema\/logo\/image\/","url":"https:\/\/canal7slp.tv\/2025\/wp-content\/uploads\/2021\/01\/logo-noticieros@2x.png","contentUrl":"https:\/\/canal7slp.tv\/2025\/wp-content\/uploads\/2021\/01\/logo-noticieros@2x.png","width":1017,"height":268,"caption":"Noticieros Canal 7"},"image":{"@id":"https:\/\/canal7slp.tv\/2025\/#\/schema\/logo\/image\/"},"sameAs":["https:\/\/www.facebook.com\/noticieroscanal7atencionciudadana\/","https:\/\/x.com\/NOTICIEROS7","https:\/\/www.instagram.com\/canal7_slp","https:\/\/www.youtube.com\/channel\/UCliiYs-gP3JfJeqdPrNdd5A"]},{"@type":"Person","@id":"https:\/\/canal7slp.tv\/2025\/#\/schema\/person\/271e2b60a96e7cc9d9ac296f4d7e414b","name":"Edici\u00f3n Web","image":{"@type":"ImageObject","inLanguage":"es","@id":"https:\/\/secure.gravatar.com\/avatar\/eee448fc3f7164808013b816ba91ac7e43bbe82a70bebac296f8bc6f0addaa1a?s=96&d=mm&r=g","url":"https:\/\/secure.gravatar.com\/avatar\/eee448fc3f7164808013b816ba91ac7e43bbe82a70bebac296f8bc6f0addaa1a?s=96&d=mm&r=g","contentUrl":"https:\/\/secure.gravatar.com\/avatar\/eee448fc3f7164808013b816ba91ac7e43bbe82a70bebac296f8bc6f0addaa1a?s=96&d=mm&r=g","caption":"Edici\u00f3n Web"},"url":"https:\/\/canal7slp.tv\/2025\/author\/edicionweb\/"}]}},"_links":{"self":[{"href":"https:\/\/canal7slp.tv\/2025\/wp-json\/wp\/v2\/posts\/154191","targetHints":{"allow":["GET"]}}],"collection":[{"href":"https:\/\/canal7slp.tv\/2025\/wp-json\/wp\/v2\/posts"}],"about":[{"href":"https:\/\/canal7slp.tv\/2025\/wp-json\/wp\/v2\/types\/post"}],"author":[{"embeddable":true,"href":"https:\/\/canal7slp.tv\/2025\/wp-json\/wp\/v2\/users\/2"}],"replies":[{"embeddable":true,"href":"https:\/\/canal7slp.tv\/2025\/wp-json\/wp\/v2\/comments?post=154191"}],"version-history":[{"count":1,"href":"https:\/\/canal7slp.tv\/2025\/wp-json\/wp\/v2\/posts\/154191\/revisions"}],"predecessor-version":[{"id":154193,"href":"https:\/\/canal7slp.tv\/2025\/wp-json\/wp\/v2\/posts\/154191\/revisions\/154193"}],"wp:featuredmedia":[{"embeddable":true,"href":"https:\/\/canal7slp.tv\/2025\/wp-json\/wp\/v2\/media\/154192"}],"wp:attachment":[{"href":"https:\/\/canal7slp.tv\/2025\/wp-json\/wp\/v2\/media?parent=154191"}],"wp:term":[{"taxonomy":"category","embeddable":true,"href":"https:\/\/canal7slp.tv\/2025\/wp-json\/wp\/v2\/categories?post=154191"},{"taxonomy":"post_tag","embeddable":true,"href":"https:\/\/canal7slp.tv\/2025\/wp-json\/wp\/v2\/tags?post=154191"}],"curies":[{"name":"wp","href":"https:\/\/api.w.org\/{rel}","templated":true}]}}