{"id":154181,"date":"2025-01-13T14:28:39","date_gmt":"2025-01-13T20:28:39","guid":{"rendered":"https:\/\/canal7slp.tv\/2025\/?p=154181"},"modified":"2025-01-13T14:28:39","modified_gmt":"2025-01-13T20:28:39","slug":"scjn-aprueba-presupuesto-2025-con-recorte-de-714-mdp","status":"publish","type":"post","link":"https:\/\/canal7slp.tv\/2025\/scjn-aprueba-presupuesto-2025-con-recorte-de-714-mdp\/","title":{"rendered":"SCJN aprueba presupuesto 2025 con recorte de 714 mdp"},"content":{"rendered":"<p style=\"text-align: justify;\">\n<p style=\"text-align: justify;\">M\u00e9xico.- La Suprema Corte de Justicia de la Naci\u00f3n (SCJN) aprob\u00f3 por unanimidad su presupuesto para 2025, el cual asciende a 5,208.5 millones de pesos. Este monto representa una reducci\u00f3n del 13% respecto al a\u00f1o anterior, derivada de un recorte de 714 millones de pesos aprobado por la C\u00e1mara de Diputados.<\/p>\n<p style=\"text-align: justify;\">Este ajuste presupuestal es uno de los m\u00e1s significativos que ha enfrentado la SCJN en los \u00faltimos a\u00f1os, lo que obliga a realizar modificaciones en sus previsiones de gasto y podr\u00eda afectar actividades programadas y proyectos institucionales. La situaci\u00f3n genera incertidumbre sobre el cumplimiento del art\u00edculo D\u00e9cimo Transitorio de la reforma constitucional al Poder Judicial, que protege los derechos laborales de sus trabajadores.<\/p>\n<p style=\"text-align: justify;\">Ante este escenario, la presidenta Claudia Sheinbaum ha manifestado que, si los recursos asignados resultan insuficientes y afectan los derechos laborales, buscar\u00e1 ampliar el presupuesto para evitar consecuencias negativas en el Poder Judicial.<\/p>\n<p style=\"text-align: justify;\">\n","protected":false},"excerpt":{"rendered":"<p>M\u00e9xico.- La Suprema Corte de Justicia de la Naci\u00f3n (SCJN) aprob\u00f3 por unanimidad su presupuesto para 2025, el cual asciende a 5,208.5 millones de pesos. Este monto representa una reducci\u00f3n del 13% respecto al a\u00f1o anterior, derivada de un recorte de 714 millones de pesos aprobado por la C\u00e1mara de Diputados. Este ajuste presupuestal es uno de los m\u00e1s significativos que ha enfrentado la SCJN en los \u00faltimos a\u00f1os, lo que obliga a realizar modificaciones en sus previsiones de gasto y podr\u00eda afectar actividades programadas y proyectos institucionales. La situaci\u00f3n genera incertidumbre sobre el cumplimiento del art\u00edculo D\u00e9cimo Transitorio de [&hellip;]<\/p>\n","protected":false},"author":2,"featured_media":154182,"comment_status":"closed","ping_status":"closed","sticky":false,"template":"","format":"standard","meta":{"_monsterinsights_skip_tracking":false,"_monsterinsights_sitenote_active":false,"_monsterinsights_sitenote_note":"","_monsterinsights_sitenote_category":0,"footnotes":""},"categories":[46],"tags":[],"class_list":["post-154181","post","type-post","status-publish","format-standard","has-post-thumbnail","hentry","category-nacional","post--single"],"yoast_head":"<!-- This site is optimized with the Yoast SEO plugin v27.5 - https:\/\/yoast.com\/product\/yoast-seo-wordpress\/ -->\n<title>SCJN aprueba presupuesto 2025 con recorte de 714 mdp - Canal 7 SLP - 2025<\/title>\n<meta name=\"robots\" content=\"index, follow, max-snippet:-1, max-image-preview:large, max-video-preview:-1\" \/>\n<link rel=\"canonical\" href=\"https:\/\/canal7slp.tv\/2025\/scjn-aprueba-presupuesto-2025-con-recorte-de-714-mdp\/\" \/>\n<meta property=\"og:locale\" content=\"es_ES\" \/>\n<meta property=\"og:type\" content=\"article\" \/>\n<meta property=\"og:title\" content=\"SCJN aprueba presupuesto 2025 con recorte de 714 mdp - Canal 7 SLP - 2025\" \/>\n<meta property=\"og:description\" content=\"M\u00e9xico.- La Suprema Corte de Justicia de la Naci\u00f3n (SCJN) aprob\u00f3 por unanimidad su presupuesto para 2025, el cual asciende a 5,208.5 millones de pesos. Este monto representa una reducci\u00f3n del 13% respecto al a\u00f1o anterior, derivada de un recorte de 714 millones de pesos aprobado por la C\u00e1mara de Diputados. Este ajuste presupuestal es uno de los m\u00e1s significativos que ha enfrentado la SCJN en los \u00faltimos a\u00f1os, lo que obliga a realizar modificaciones en sus previsiones de gasto y podr\u00eda afectar actividades programadas y proyectos institucionales. La situaci\u00f3n genera incertidumbre sobre el cumplimiento del art\u00edculo D\u00e9cimo Transitorio de [&hellip;]\" \/>\n<meta property=\"og:url\" content=\"https:\/\/canal7slp.tv\/2025\/scjn-aprueba-presupuesto-2025-con-recorte-de-714-mdp\/\" \/>\n<meta property=\"og:site_name\" content=\"Canal 7 SLP - 2025\" \/>\n<meta property=\"article:publisher\" content=\"https:\/\/www.facebook.com\/noticieroscanal7atencionciudadana\/\" \/>\n<meta property=\"article:published_time\" content=\"2025-01-13T20:28:39+00:00\" \/>\n<meta property=\"og:image\" content=\"https:\/\/canal7slp.tv\/2025\/wp-content\/uploads\/2025\/01\/06-10.jpg\" \/>\n\t<meta property=\"og:image:width\" content=\"728\" \/>\n\t<meta property=\"og:image:height\" content=\"410\" \/>\n\t<meta property=\"og:image:type\" content=\"image\/jpeg\" \/>\n<meta name=\"author\" content=\"Edici\u00f3n Web\" \/>\n<meta name=\"twitter:card\" content=\"summary_large_image\" \/>\n<meta name=\"twitter:creator\" content=\"@NOTICIEROS7\" \/>\n<meta name=\"twitter:site\" content=\"@NOTICIEROS7\" \/>\n<meta name=\"twitter:label1\" content=\"Escrito por\" \/>\n\t<meta name=\"twitter:data1\" content=\"Edici\u00f3n Web\" \/>\n\t<meta name=\"twitter:label2\" content=\"Tiempo de lectura\" \/>\n\t<meta name=\"twitter:data2\" content=\"1 minuto\" \/>\n<script type=\"application\/ld+json\" class=\"yoast-schema-graph\">{\"@context\":\"https:\\\/\\\/schema.org\",\"@graph\":[{\"@type\":\"Article\",\"@id\":\"https:\\\/\\\/canal7slp.tv\\\/2025\\\/scjn-aprueba-presupuesto-2025-con-recorte-de-714-mdp\\\/#article\",\"isPartOf\":{\"@id\":\"https:\\\/\\\/canal7slp.tv\\\/2025\\\/scjn-aprueba-presupuesto-2025-con-recorte-de-714-mdp\\\/\"},\"author\":{\"name\":\"Edici\u00f3n Web\",\"@id\":\"https:\\\/\\\/canal7slp.tv\\\/2025\\\/#\\\/schema\\\/person\\\/271e2b60a96e7cc9d9ac296f4d7e414b\"},\"headline\":\"SCJN aprueba presupuesto 2025 con recorte de 714 mdp\",\"datePublished\":\"2025-01-13T20:28:39+00:00\",\"mainEntityOfPage\":{\"@id\":\"https:\\\/\\\/canal7slp.tv\\\/2025\\\/scjn-aprueba-presupuesto-2025-con-recorte-de-714-mdp\\\/\"},\"wordCount\":162,\"publisher\":{\"@id\":\"https:\\\/\\\/canal7slp.tv\\\/2025\\\/#organization\"},\"image\":{\"@id\":\"https:\\\/\\\/canal7slp.tv\\\/2025\\\/scjn-aprueba-presupuesto-2025-con-recorte-de-714-mdp\\\/#primaryimage\"},\"thumbnailUrl\":\"https:\\\/\\\/canal7slp.tv\\\/2025\\\/wp-content\\\/uploads\\\/2025\\\/01\\\/06-10.jpg\",\"articleSection\":[\"NACIONALES\"],\"inLanguage\":\"es\"},{\"@type\":\"WebPage\",\"@id\":\"https:\\\/\\\/canal7slp.tv\\\/2025\\\/scjn-aprueba-presupuesto-2025-con-recorte-de-714-mdp\\\/\",\"url\":\"https:\\\/\\\/canal7slp.tv\\\/2025\\\/scjn-aprueba-presupuesto-2025-con-recorte-de-714-mdp\\\/\",\"name\":\"SCJN aprueba presupuesto 2025 con recorte de 714 mdp - Canal 7 SLP - 2025\",\"isPartOf\":{\"@id\":\"https:\\\/\\\/canal7slp.tv\\\/2025\\\/#website\"},\"primaryImageOfPage\":{\"@id\":\"https:\\\/\\\/canal7slp.tv\\\/2025\\\/scjn-aprueba-presupuesto-2025-con-recorte-de-714-mdp\\\/#primaryimage\"},\"image\":{\"@id\":\"https:\\\/\\\/canal7slp.tv\\\/2025\\\/scjn-aprueba-presupuesto-2025-con-recorte-de-714-mdp\\\/#primaryimage\"},\"thumbnailUrl\":\"https:\\\/\\\/canal7slp.tv\\\/2025\\\/wp-content\\\/uploads\\\/2025\\\/01\\\/06-10.jpg\",\"datePublished\":\"2025-01-13T20:28:39+00:00\",\"breadcrumb\":{\"@id\":\"https:\\\/\\\/canal7slp.tv\\\/2025\\\/scjn-aprueba-presupuesto-2025-con-recorte-de-714-mdp\\\/#breadcrumb\"},\"inLanguage\":\"es\",\"potentialAction\":[{\"@type\":\"ReadAction\",\"target\":[\"https:\\\/\\\/canal7slp.tv\\\/2025\\\/scjn-aprueba-presupuesto-2025-con-recorte-de-714-mdp\\\/\"]}]},{\"@type\":\"ImageObject\",\"inLanguage\":\"es\",\"@id\":\"https:\\\/\\\/canal7slp.tv\\\/2025\\\/scjn-aprueba-presupuesto-2025-con-recorte-de-714-mdp\\\/#primaryimage\",\"url\":\"https:\\\/\\\/canal7slp.tv\\\/2025\\\/wp-content\\\/uploads\\\/2025\\\/01\\\/06-10.jpg\",\"contentUrl\":\"https:\\\/\\\/canal7slp.tv\\\/2025\\\/wp-content\\\/uploads\\\/2025\\\/01\\\/06-10.jpg\",\"width\":728,\"height\":410},{\"@type\":\"BreadcrumbList\",\"@id\":\"https:\\\/\\\/canal7slp.tv\\\/2025\\\/scjn-aprueba-presupuesto-2025-con-recorte-de-714-mdp\\\/#breadcrumb\",\"itemListElement\":[{\"@type\":\"ListItem\",\"position\":1,\"name\":\"Portada\",\"item\":\"https:\\\/\\\/canal7slp.tv\\\/2025\\\/\"},{\"@type\":\"ListItem\",\"position\":2,\"name\":\"SCJN aprueba presupuesto 2025 con recorte de 714 mdp\"}]},{\"@type\":\"WebSite\",\"@id\":\"https:\\\/\\\/canal7slp.tv\\\/2025\\\/#website\",\"url\":\"https:\\\/\\\/canal7slp.tv\\\/2025\\\/\",\"name\":\"N7 - Noticieros Canal 7\",\"description\":\"Somos el Medio\",\"publisher\":{\"@id\":\"https:\\\/\\\/canal7slp.tv\\\/2025\\\/#organization\"},\"potentialAction\":[{\"@type\":\"SearchAction\",\"target\":{\"@type\":\"EntryPoint\",\"urlTemplate\":\"https:\\\/\\\/canal7slp.tv\\\/2025\\\/?s={search_term_string}\"},\"query-input\":{\"@type\":\"PropertyValueSpecification\",\"valueRequired\":true,\"valueName\":\"search_term_string\"}}],\"inLanguage\":\"es\"},{\"@type\":\"Organization\",\"@id\":\"https:\\\/\\\/canal7slp.tv\\\/2025\\\/#organization\",\"name\":\"Noticieros Canal 7\",\"url\":\"https:\\\/\\\/canal7slp.tv\\\/2025\\\/\",\"logo\":{\"@type\":\"ImageObject\",\"inLanguage\":\"es\",\"@id\":\"https:\\\/\\\/canal7slp.tv\\\/2025\\\/#\\\/schema\\\/logo\\\/image\\\/\",\"url\":\"https:\\\/\\\/canal7slp.tv\\\/2025\\\/wp-content\\\/uploads\\\/2021\\\/01\\\/logo-noticieros@2x.png\",\"contentUrl\":\"https:\\\/\\\/canal7slp.tv\\\/2025\\\/wp-content\\\/uploads\\\/2021\\\/01\\\/logo-noticieros@2x.png\",\"width\":1017,\"height\":268,\"caption\":\"Noticieros Canal 7\"},\"image\":{\"@id\":\"https:\\\/\\\/canal7slp.tv\\\/2025\\\/#\\\/schema\\\/logo\\\/image\\\/\"},\"sameAs\":[\"https:\\\/\\\/www.facebook.com\\\/noticieroscanal7atencionciudadana\\\/\",\"https:\\\/\\\/x.com\\\/NOTICIEROS7\",\"https:\\\/\\\/www.instagram.com\\\/canal7_slp\",\"https:\\\/\\\/www.youtube.com\\\/channel\\\/UCliiYs-gP3JfJeqdPrNdd5A\"]},{\"@type\":\"Person\",\"@id\":\"https:\\\/\\\/canal7slp.tv\\\/2025\\\/#\\\/schema\\\/person\\\/271e2b60a96e7cc9d9ac296f4d7e414b\",\"name\":\"Edici\u00f3n Web\",\"image\":{\"@type\":\"ImageObject\",\"inLanguage\":\"es\",\"@id\":\"https:\\\/\\\/secure.gravatar.com\\\/avatar\\\/eee448fc3f7164808013b816ba91ac7e43bbe82a70bebac296f8bc6f0addaa1a?s=96&d=mm&r=g\",\"url\":\"https:\\\/\\\/secure.gravatar.com\\\/avatar\\\/eee448fc3f7164808013b816ba91ac7e43bbe82a70bebac296f8bc6f0addaa1a?s=96&d=mm&r=g\",\"contentUrl\":\"https:\\\/\\\/secure.gravatar.com\\\/avatar\\\/eee448fc3f7164808013b816ba91ac7e43bbe82a70bebac296f8bc6f0addaa1a?s=96&d=mm&r=g\",\"caption\":\"Edici\u00f3n Web\"},\"url\":\"https:\\\/\\\/canal7slp.tv\\\/2025\\\/author\\\/edicionweb\\\/\"}]}<\/script>\n<!-- \/ Yoast SEO plugin. -->","yoast_head_json":{"title":"SCJN aprueba presupuesto 2025 con recorte de 714 mdp - Canal 7 SLP - 2025","robots":{"index":"index","follow":"follow","max-snippet":"max-snippet:-1","max-image-preview":"max-image-preview:large","max-video-preview":"max-video-preview:-1"},"canonical":"https:\/\/canal7slp.tv\/2025\/scjn-aprueba-presupuesto-2025-con-recorte-de-714-mdp\/","og_locale":"es_ES","og_type":"article","og_title":"SCJN aprueba presupuesto 2025 con recorte de 714 mdp - Canal 7 SLP - 2025","og_description":"M\u00e9xico.- La Suprema Corte de Justicia de la Naci\u00f3n (SCJN) aprob\u00f3 por unanimidad su presupuesto para 2025, el cual asciende a 5,208.5 millones de pesos. Este monto representa una reducci\u00f3n del 13% respecto al a\u00f1o anterior, derivada de un recorte de 714 millones de pesos aprobado por la C\u00e1mara de Diputados. Este ajuste presupuestal es uno de los m\u00e1s significativos que ha enfrentado la SCJN en los \u00faltimos a\u00f1os, lo que obliga a realizar modificaciones en sus previsiones de gasto y podr\u00eda afectar actividades programadas y proyectos institucionales. La situaci\u00f3n genera incertidumbre sobre el cumplimiento del art\u00edculo D\u00e9cimo Transitorio de [&hellip;]","og_url":"https:\/\/canal7slp.tv\/2025\/scjn-aprueba-presupuesto-2025-con-recorte-de-714-mdp\/","og_site_name":"Canal 7 SLP - 2025","article_publisher":"https:\/\/www.facebook.com\/noticieroscanal7atencionciudadana\/","article_published_time":"2025-01-13T20:28:39+00:00","og_image":[{"width":728,"height":410,"url":"https:\/\/canal7slp.tv\/2025\/wp-content\/uploads\/2025\/01\/06-10.jpg","type":"image\/jpeg"}],"author":"Edici\u00f3n Web","twitter_card":"summary_large_image","twitter_creator":"@NOTICIEROS7","twitter_site":"@NOTICIEROS7","twitter_misc":{"Escrito por":"Edici\u00f3n Web","Tiempo de lectura":"1 minuto"},"schema":{"@context":"https:\/\/schema.org","@graph":[{"@type":"Article","@id":"https:\/\/canal7slp.tv\/2025\/scjn-aprueba-presupuesto-2025-con-recorte-de-714-mdp\/#article","isPartOf":{"@id":"https:\/\/canal7slp.tv\/2025\/scjn-aprueba-presupuesto-2025-con-recorte-de-714-mdp\/"},"author":{"name":"Edici\u00f3n Web","@id":"https:\/\/canal7slp.tv\/2025\/#\/schema\/person\/271e2b60a96e7cc9d9ac296f4d7e414b"},"headline":"SCJN aprueba presupuesto 2025 con recorte de 714 mdp","datePublished":"2025-01-13T20:28:39+00:00","mainEntityOfPage":{"@id":"https:\/\/canal7slp.tv\/2025\/scjn-aprueba-presupuesto-2025-con-recorte-de-714-mdp\/"},"wordCount":162,"publisher":{"@id":"https:\/\/canal7slp.tv\/2025\/#organization"},"image":{"@id":"https:\/\/canal7slp.tv\/2025\/scjn-aprueba-presupuesto-2025-con-recorte-de-714-mdp\/#primaryimage"},"thumbnailUrl":"https:\/\/canal7slp.tv\/2025\/wp-content\/uploads\/2025\/01\/06-10.jpg","articleSection":["NACIONALES"],"inLanguage":"es"},{"@type":"WebPage","@id":"https:\/\/canal7slp.tv\/2025\/scjn-aprueba-presupuesto-2025-con-recorte-de-714-mdp\/","url":"https:\/\/canal7slp.tv\/2025\/scjn-aprueba-presupuesto-2025-con-recorte-de-714-mdp\/","name":"SCJN aprueba presupuesto 2025 con recorte de 714 mdp - Canal 7 SLP - 2025","isPartOf":{"@id":"https:\/\/canal7slp.tv\/2025\/#website"},"primaryImageOfPage":{"@id":"https:\/\/canal7slp.tv\/2025\/scjn-aprueba-presupuesto-2025-con-recorte-de-714-mdp\/#primaryimage"},"image":{"@id":"https:\/\/canal7slp.tv\/2025\/scjn-aprueba-presupuesto-2025-con-recorte-de-714-mdp\/#primaryimage"},"thumbnailUrl":"https:\/\/canal7slp.tv\/2025\/wp-content\/uploads\/2025\/01\/06-10.jpg","datePublished":"2025-01-13T20:28:39+00:00","breadcrumb":{"@id":"https:\/\/canal7slp.tv\/2025\/scjn-aprueba-presupuesto-2025-con-recorte-de-714-mdp\/#breadcrumb"},"inLanguage":"es","potentialAction":[{"@type":"ReadAction","target":["https:\/\/canal7slp.tv\/2025\/scjn-aprueba-presupuesto-2025-con-recorte-de-714-mdp\/"]}]},{"@type":"ImageObject","inLanguage":"es","@id":"https:\/\/canal7slp.tv\/2025\/scjn-aprueba-presupuesto-2025-con-recorte-de-714-mdp\/#primaryimage","url":"https:\/\/canal7slp.tv\/2025\/wp-content\/uploads\/2025\/01\/06-10.jpg","contentUrl":"https:\/\/canal7slp.tv\/2025\/wp-content\/uploads\/2025\/01\/06-10.jpg","width":728,"height":410},{"@type":"BreadcrumbList","@id":"https:\/\/canal7slp.tv\/2025\/scjn-aprueba-presupuesto-2025-con-recorte-de-714-mdp\/#breadcrumb","itemListElement":[{"@type":"ListItem","position":1,"name":"Portada","item":"https:\/\/canal7slp.tv\/2025\/"},{"@type":"ListItem","position":2,"name":"SCJN aprueba presupuesto 2025 con recorte de 714 mdp"}]},{"@type":"WebSite","@id":"https:\/\/canal7slp.tv\/2025\/#website","url":"https:\/\/canal7slp.tv\/2025\/","name":"N7 - Noticieros Canal 7","description":"Somos el Medio","publisher":{"@id":"https:\/\/canal7slp.tv\/2025\/#organization"},"potentialAction":[{"@type":"SearchAction","target":{"@type":"EntryPoint","urlTemplate":"https:\/\/canal7slp.tv\/2025\/?s={search_term_string}"},"query-input":{"@type":"PropertyValueSpecification","valueRequired":true,"valueName":"search_term_string"}}],"inLanguage":"es"},{"@type":"Organization","@id":"https:\/\/canal7slp.tv\/2025\/#organization","name":"Noticieros Canal 7","url":"https:\/\/canal7slp.tv\/2025\/","logo":{"@type":"ImageObject","inLanguage":"es","@id":"https:\/\/canal7slp.tv\/2025\/#\/schema\/logo\/image\/","url":"https:\/\/canal7slp.tv\/2025\/wp-content\/uploads\/2021\/01\/logo-noticieros@2x.png","contentUrl":"https:\/\/canal7slp.tv\/2025\/wp-content\/uploads\/2021\/01\/logo-noticieros@2x.png","width":1017,"height":268,"caption":"Noticieros Canal 7"},"image":{"@id":"https:\/\/canal7slp.tv\/2025\/#\/schema\/logo\/image\/"},"sameAs":["https:\/\/www.facebook.com\/noticieroscanal7atencionciudadana\/","https:\/\/x.com\/NOTICIEROS7","https:\/\/www.instagram.com\/canal7_slp","https:\/\/www.youtube.com\/channel\/UCliiYs-gP3JfJeqdPrNdd5A"]},{"@type":"Person","@id":"https:\/\/canal7slp.tv\/2025\/#\/schema\/person\/271e2b60a96e7cc9d9ac296f4d7e414b","name":"Edici\u00f3n Web","image":{"@type":"ImageObject","inLanguage":"es","@id":"https:\/\/secure.gravatar.com\/avatar\/eee448fc3f7164808013b816ba91ac7e43bbe82a70bebac296f8bc6f0addaa1a?s=96&d=mm&r=g","url":"https:\/\/secure.gravatar.com\/avatar\/eee448fc3f7164808013b816ba91ac7e43bbe82a70bebac296f8bc6f0addaa1a?s=96&d=mm&r=g","contentUrl":"https:\/\/secure.gravatar.com\/avatar\/eee448fc3f7164808013b816ba91ac7e43bbe82a70bebac296f8bc6f0addaa1a?s=96&d=mm&r=g","caption":"Edici\u00f3n Web"},"url":"https:\/\/canal7slp.tv\/2025\/author\/edicionweb\/"}]}},"_links":{"self":[{"href":"https:\/\/canal7slp.tv\/2025\/wp-json\/wp\/v2\/posts\/154181","targetHints":{"allow":["GET"]}}],"collection":[{"href":"https:\/\/canal7slp.tv\/2025\/wp-json\/wp\/v2\/posts"}],"about":[{"href":"https:\/\/canal7slp.tv\/2025\/wp-json\/wp\/v2\/types\/post"}],"author":[{"embeddable":true,"href":"https:\/\/canal7slp.tv\/2025\/wp-json\/wp\/v2\/users\/2"}],"replies":[{"embeddable":true,"href":"https:\/\/canal7slp.tv\/2025\/wp-json\/wp\/v2\/comments?post=154181"}],"version-history":[{"count":1,"href":"https:\/\/canal7slp.tv\/2025\/wp-json\/wp\/v2\/posts\/154181\/revisions"}],"predecessor-version":[{"id":154183,"href":"https:\/\/canal7slp.tv\/2025\/wp-json\/wp\/v2\/posts\/154181\/revisions\/154183"}],"wp:featuredmedia":[{"embeddable":true,"href":"https:\/\/canal7slp.tv\/2025\/wp-json\/wp\/v2\/media\/154182"}],"wp:attachment":[{"href":"https:\/\/canal7slp.tv\/2025\/wp-json\/wp\/v2\/media?parent=154181"}],"wp:term":[{"taxonomy":"category","embeddable":true,"href":"https:\/\/canal7slp.tv\/2025\/wp-json\/wp\/v2\/categories?post=154181"},{"taxonomy":"post_tag","embeddable":true,"href":"https:\/\/canal7slp.tv\/2025\/wp-json\/wp\/v2\/tags?post=154181"}],"curies":[{"name":"wp","href":"https:\/\/api.w.org\/{rel}","templated":true}]}}