{"id":154004,"date":"2025-01-10T14:44:52","date_gmt":"2025-01-10T20:44:52","guid":{"rendered":"https:\/\/canal7slp.tv\/2025\/?p=154004"},"modified":"2025-01-10T14:44:52","modified_gmt":"2025-01-10T20:44:52","slug":"comision-de-california-examina-posibles-causas-de-los-incendios-forestales","status":"publish","type":"post","link":"https:\/\/canal7slp.tv\/2025\/comision-de-california-examina-posibles-causas-de-los-incendios-forestales\/","title":{"rendered":"Comisi\u00f3n de California examina posibles causas de los incendios forestales"},"content":{"rendered":"<p style=\"text-align: justify;\">Los \u00c1ngeles.- Los investigadores trabajan para determinar las posibles fuentes de ignici\u00f3n de los devastadores incendios que afectan el \u00e1rea de Los \u00c1ngeles. Hasta el momento, el desastre ha dejado al menos 10 personas fallecidas y provocado la destrucci\u00f3n de miles de viviendas y negocios.<\/p>\n<p style=\"text-align: justify;\">Los incendios se originaron en las colinas de Pacific Palisades, espec\u00edficamente detr\u00e1s de una casa en Piedra Morada Drive, una zona densamente arbolada. Entre las propiedades afectadas se encuentran las de celebridades como Jamie Lee Curtis y Billy Crystal, quienes han perdido sus hogares.<\/p>\n<p style=\"text-align: justify;\">Aunque los rayos suelen ser la causa m\u00e1s com\u00fan de incendios forestales en Estados Unidos, esta posibilidad fue descartada r\u00e1pidamente, ya que no se reportaron tormentas en el \u00e1rea. Entre las posibles causas restantes, se analizan:<\/p>\n<ul style=\"text-align: justify;\">\n<li>Incendios provocados intencionalmente: No se ha encontrado evidencia que sugiera que las llamas hayan sido iniciadas de manera deliberada.<\/li>\n<li>Fallas en l\u00edneas el\u00e9ctricas: A pesar de que incidentes el\u00e9ctricos han causado incendios devastadores en el pasado, como el incendio Thomas de 2017 vinculado a Southern California Edison, no se han identificado conexiones similares en este caso. La Comisi\u00f3n de Servicios P\u00fablicos de California (CPUC) contin\u00faa investigando, aunque hasta ahora no se han emitido informes sobre los incendios activos.<\/li>\n<\/ul>\n<p style=\"text-align: justify;\">Otras posibles fuentes de ignici\u00f3n incluyen la quema de escombros y el uso de fuegos artificiales, recordando incidentes previos como el incendio de 2021 causado por una revelaci\u00f3n de g\u00e9nero que dej\u00f3 un saldo tr\u00e1gico.<\/p>\n<p style=\"text-align: justify;\">Los incendios en Eaton y Palisades permanecen sin apenas control, a pesar de que los vientos han disminuido. Sin lluvias pronosticadas, las llamas contin\u00faan avanzando en un paisaje extremadamente seco. Los expertos advierten que el fuego podr\u00eda extinguirse \u00fanicamente cuando se quede sin combustible o cuando las condiciones clim\u00e1ticas lo favorezcan.<\/p>\n","protected":false},"excerpt":{"rendered":"<p>Los \u00c1ngeles.- Los investigadores trabajan para determinar las posibles fuentes de ignici\u00f3n de los devastadores incendios que afectan el \u00e1rea de Los \u00c1ngeles. Hasta el momento, el desastre ha dejado al menos 10 personas fallecidas y provocado la destrucci\u00f3n de miles de viviendas y negocios. Los incendios se originaron en las colinas de Pacific Palisades, espec\u00edficamente detr\u00e1s de una casa en Piedra Morada Drive, una zona densamente arbolada. Entre las propiedades afectadas se encuentran las de celebridades como Jamie Lee Curtis y Billy Crystal, quienes han perdido sus hogares. Aunque los rayos suelen ser la causa m\u00e1s com\u00fan de incendios [&hellip;]<\/p>\n","protected":false},"author":2,"featured_media":154005,"comment_status":"closed","ping_status":"closed","sticky":false,"template":"","format":"standard","meta":{"_monsterinsights_skip_tracking":false,"_monsterinsights_sitenote_active":false,"_monsterinsights_sitenote_note":"","_monsterinsights_sitenote_category":0,"footnotes":""},"categories":[44],"tags":[],"class_list":["post-154004","post","type-post","status-publish","format-standard","has-post-thumbnail","hentry","category-internacional","post--single"],"yoast_head":"<!-- This site is optimized with the Yoast SEO plugin v27.5 - https:\/\/yoast.com\/product\/yoast-seo-wordpress\/ -->\n<title>Comisi\u00f3n de California examina posibles causas de los incendios forestales - Canal 7 SLP - 2025<\/title>\n<meta name=\"robots\" content=\"index, follow, max-snippet:-1, max-image-preview:large, max-video-preview:-1\" \/>\n<link rel=\"canonical\" href=\"https:\/\/canal7slp.tv\/2025\/comision-de-california-examina-posibles-causas-de-los-incendios-forestales\/\" \/>\n<meta property=\"og:locale\" content=\"es_ES\" \/>\n<meta property=\"og:type\" content=\"article\" \/>\n<meta property=\"og:title\" content=\"Comisi\u00f3n de California examina posibles causas de los incendios forestales - Canal 7 SLP - 2025\" \/>\n<meta property=\"og:description\" content=\"Los \u00c1ngeles.- Los investigadores trabajan para determinar las posibles fuentes de ignici\u00f3n de los devastadores incendios que afectan el \u00e1rea de Los \u00c1ngeles. Hasta el momento, el desastre ha dejado al menos 10 personas fallecidas y provocado la destrucci\u00f3n de miles de viviendas y negocios. Los incendios se originaron en las colinas de Pacific Palisades, espec\u00edficamente detr\u00e1s de una casa en Piedra Morada Drive, una zona densamente arbolada. Entre las propiedades afectadas se encuentran las de celebridades como Jamie Lee Curtis y Billy Crystal, quienes han perdido sus hogares. Aunque los rayos suelen ser la causa m\u00e1s com\u00fan de incendios [&hellip;]\" \/>\n<meta property=\"og:url\" content=\"https:\/\/canal7slp.tv\/2025\/comision-de-california-examina-posibles-causas-de-los-incendios-forestales\/\" \/>\n<meta property=\"og:site_name\" content=\"Canal 7 SLP - 2025\" \/>\n<meta property=\"article:publisher\" content=\"https:\/\/www.facebook.com\/noticieroscanal7atencionciudadana\/\" \/>\n<meta property=\"article:published_time\" content=\"2025-01-10T20:44:52+00:00\" \/>\n<meta property=\"og:image\" content=\"https:\/\/canal7slp.tv\/2025\/wp-content\/uploads\/2025\/01\/06-7.jpg\" \/>\n\t<meta property=\"og:image:width\" content=\"748\" \/>\n\t<meta property=\"og:image:height\" content=\"500\" \/>\n\t<meta property=\"og:image:type\" content=\"image\/jpeg\" \/>\n<meta name=\"author\" content=\"Edici\u00f3n Web\" \/>\n<meta name=\"twitter:card\" content=\"summary_large_image\" \/>\n<meta name=\"twitter:creator\" content=\"@NOTICIEROS7\" \/>\n<meta name=\"twitter:site\" content=\"@NOTICIEROS7\" \/>\n<meta name=\"twitter:label1\" content=\"Escrito por\" \/>\n\t<meta name=\"twitter:data1\" content=\"Edici\u00f3n Web\" \/>\n\t<meta name=\"twitter:label2\" content=\"Tiempo de lectura\" \/>\n\t<meta name=\"twitter:data2\" content=\"2 minutos\" \/>\n<script type=\"application\/ld+json\" class=\"yoast-schema-graph\">{\"@context\":\"https:\\\/\\\/schema.org\",\"@graph\":[{\"@type\":\"Article\",\"@id\":\"https:\\\/\\\/canal7slp.tv\\\/2025\\\/comision-de-california-examina-posibles-causas-de-los-incendios-forestales\\\/#article\",\"isPartOf\":{\"@id\":\"https:\\\/\\\/canal7slp.tv\\\/2025\\\/comision-de-california-examina-posibles-causas-de-los-incendios-forestales\\\/\"},\"author\":{\"name\":\"Edici\u00f3n Web\",\"@id\":\"https:\\\/\\\/canal7slp.tv\\\/2025\\\/#\\\/schema\\\/person\\\/271e2b60a96e7cc9d9ac296f4d7e414b\"},\"headline\":\"Comisi\u00f3n de California examina posibles causas de los incendios forestales\",\"datePublished\":\"2025-01-10T20:44:52+00:00\",\"mainEntityOfPage\":{\"@id\":\"https:\\\/\\\/canal7slp.tv\\\/2025\\\/comision-de-california-examina-posibles-causas-de-los-incendios-forestales\\\/\"},\"wordCount\":318,\"publisher\":{\"@id\":\"https:\\\/\\\/canal7slp.tv\\\/2025\\\/#organization\"},\"image\":{\"@id\":\"https:\\\/\\\/canal7slp.tv\\\/2025\\\/comision-de-california-examina-posibles-causas-de-los-incendios-forestales\\\/#primaryimage\"},\"thumbnailUrl\":\"https:\\\/\\\/canal7slp.tv\\\/2025\\\/wp-content\\\/uploads\\\/2025\\\/01\\\/06-7.jpg\",\"articleSection\":[\"INTERNACIONALES\"],\"inLanguage\":\"es\"},{\"@type\":\"WebPage\",\"@id\":\"https:\\\/\\\/canal7slp.tv\\\/2025\\\/comision-de-california-examina-posibles-causas-de-los-incendios-forestales\\\/\",\"url\":\"https:\\\/\\\/canal7slp.tv\\\/2025\\\/comision-de-california-examina-posibles-causas-de-los-incendios-forestales\\\/\",\"name\":\"Comisi\u00f3n de California examina posibles causas de los incendios forestales - Canal 7 SLP - 2025\",\"isPartOf\":{\"@id\":\"https:\\\/\\\/canal7slp.tv\\\/2025\\\/#website\"},\"primaryImageOfPage\":{\"@id\":\"https:\\\/\\\/canal7slp.tv\\\/2025\\\/comision-de-california-examina-posibles-causas-de-los-incendios-forestales\\\/#primaryimage\"},\"image\":{\"@id\":\"https:\\\/\\\/canal7slp.tv\\\/2025\\\/comision-de-california-examina-posibles-causas-de-los-incendios-forestales\\\/#primaryimage\"},\"thumbnailUrl\":\"https:\\\/\\\/canal7slp.tv\\\/2025\\\/wp-content\\\/uploads\\\/2025\\\/01\\\/06-7.jpg\",\"datePublished\":\"2025-01-10T20:44:52+00:00\",\"breadcrumb\":{\"@id\":\"https:\\\/\\\/canal7slp.tv\\\/2025\\\/comision-de-california-examina-posibles-causas-de-los-incendios-forestales\\\/#breadcrumb\"},\"inLanguage\":\"es\",\"potentialAction\":[{\"@type\":\"ReadAction\",\"target\":[\"https:\\\/\\\/canal7slp.tv\\\/2025\\\/comision-de-california-examina-posibles-causas-de-los-incendios-forestales\\\/\"]}]},{\"@type\":\"ImageObject\",\"inLanguage\":\"es\",\"@id\":\"https:\\\/\\\/canal7slp.tv\\\/2025\\\/comision-de-california-examina-posibles-causas-de-los-incendios-forestales\\\/#primaryimage\",\"url\":\"https:\\\/\\\/canal7slp.tv\\\/2025\\\/wp-content\\\/uploads\\\/2025\\\/01\\\/06-7.jpg\",\"contentUrl\":\"https:\\\/\\\/canal7slp.tv\\\/2025\\\/wp-content\\\/uploads\\\/2025\\\/01\\\/06-7.jpg\",\"width\":748,\"height\":500},{\"@type\":\"BreadcrumbList\",\"@id\":\"https:\\\/\\\/canal7slp.tv\\\/2025\\\/comision-de-california-examina-posibles-causas-de-los-incendios-forestales\\\/#breadcrumb\",\"itemListElement\":[{\"@type\":\"ListItem\",\"position\":1,\"name\":\"Portada\",\"item\":\"https:\\\/\\\/canal7slp.tv\\\/2025\\\/\"},{\"@type\":\"ListItem\",\"position\":2,\"name\":\"Comisi\u00f3n de California examina posibles causas de los incendios forestales\"}]},{\"@type\":\"WebSite\",\"@id\":\"https:\\\/\\\/canal7slp.tv\\\/2025\\\/#website\",\"url\":\"https:\\\/\\\/canal7slp.tv\\\/2025\\\/\",\"name\":\"N7 - Noticieros Canal 7\",\"description\":\"Somos el Medio\",\"publisher\":{\"@id\":\"https:\\\/\\\/canal7slp.tv\\\/2025\\\/#organization\"},\"potentialAction\":[{\"@type\":\"SearchAction\",\"target\":{\"@type\":\"EntryPoint\",\"urlTemplate\":\"https:\\\/\\\/canal7slp.tv\\\/2025\\\/?s={search_term_string}\"},\"query-input\":{\"@type\":\"PropertyValueSpecification\",\"valueRequired\":true,\"valueName\":\"search_term_string\"}}],\"inLanguage\":\"es\"},{\"@type\":\"Organization\",\"@id\":\"https:\\\/\\\/canal7slp.tv\\\/2025\\\/#organization\",\"name\":\"Noticieros Canal 7\",\"url\":\"https:\\\/\\\/canal7slp.tv\\\/2025\\\/\",\"logo\":{\"@type\":\"ImageObject\",\"inLanguage\":\"es\",\"@id\":\"https:\\\/\\\/canal7slp.tv\\\/2025\\\/#\\\/schema\\\/logo\\\/image\\\/\",\"url\":\"https:\\\/\\\/canal7slp.tv\\\/2025\\\/wp-content\\\/uploads\\\/2021\\\/01\\\/logo-noticieros@2x.png\",\"contentUrl\":\"https:\\\/\\\/canal7slp.tv\\\/2025\\\/wp-content\\\/uploads\\\/2021\\\/01\\\/logo-noticieros@2x.png\",\"width\":1017,\"height\":268,\"caption\":\"Noticieros Canal 7\"},\"image\":{\"@id\":\"https:\\\/\\\/canal7slp.tv\\\/2025\\\/#\\\/schema\\\/logo\\\/image\\\/\"},\"sameAs\":[\"https:\\\/\\\/www.facebook.com\\\/noticieroscanal7atencionciudadana\\\/\",\"https:\\\/\\\/x.com\\\/NOTICIEROS7\",\"https:\\\/\\\/www.instagram.com\\\/canal7_slp\",\"https:\\\/\\\/www.youtube.com\\\/channel\\\/UCliiYs-gP3JfJeqdPrNdd5A\"]},{\"@type\":\"Person\",\"@id\":\"https:\\\/\\\/canal7slp.tv\\\/2025\\\/#\\\/schema\\\/person\\\/271e2b60a96e7cc9d9ac296f4d7e414b\",\"name\":\"Edici\u00f3n Web\",\"image\":{\"@type\":\"ImageObject\",\"inLanguage\":\"es\",\"@id\":\"https:\\\/\\\/secure.gravatar.com\\\/avatar\\\/eee448fc3f7164808013b816ba91ac7e43bbe82a70bebac296f8bc6f0addaa1a?s=96&d=mm&r=g\",\"url\":\"https:\\\/\\\/secure.gravatar.com\\\/avatar\\\/eee448fc3f7164808013b816ba91ac7e43bbe82a70bebac296f8bc6f0addaa1a?s=96&d=mm&r=g\",\"contentUrl\":\"https:\\\/\\\/secure.gravatar.com\\\/avatar\\\/eee448fc3f7164808013b816ba91ac7e43bbe82a70bebac296f8bc6f0addaa1a?s=96&d=mm&r=g\",\"caption\":\"Edici\u00f3n Web\"},\"url\":\"https:\\\/\\\/canal7slp.tv\\\/2025\\\/author\\\/edicionweb\\\/\"}]}<\/script>\n<!-- \/ Yoast SEO plugin. -->","yoast_head_json":{"title":"Comisi\u00f3n de California examina posibles causas de los incendios forestales - Canal 7 SLP - 2025","robots":{"index":"index","follow":"follow","max-snippet":"max-snippet:-1","max-image-preview":"max-image-preview:large","max-video-preview":"max-video-preview:-1"},"canonical":"https:\/\/canal7slp.tv\/2025\/comision-de-california-examina-posibles-causas-de-los-incendios-forestales\/","og_locale":"es_ES","og_type":"article","og_title":"Comisi\u00f3n de California examina posibles causas de los incendios forestales - Canal 7 SLP - 2025","og_description":"Los \u00c1ngeles.- Los investigadores trabajan para determinar las posibles fuentes de ignici\u00f3n de los devastadores incendios que afectan el \u00e1rea de Los \u00c1ngeles. Hasta el momento, el desastre ha dejado al menos 10 personas fallecidas y provocado la destrucci\u00f3n de miles de viviendas y negocios. Los incendios se originaron en las colinas de Pacific Palisades, espec\u00edficamente detr\u00e1s de una casa en Piedra Morada Drive, una zona densamente arbolada. Entre las propiedades afectadas se encuentran las de celebridades como Jamie Lee Curtis y Billy Crystal, quienes han perdido sus hogares. Aunque los rayos suelen ser la causa m\u00e1s com\u00fan de incendios [&hellip;]","og_url":"https:\/\/canal7slp.tv\/2025\/comision-de-california-examina-posibles-causas-de-los-incendios-forestales\/","og_site_name":"Canal 7 SLP - 2025","article_publisher":"https:\/\/www.facebook.com\/noticieroscanal7atencionciudadana\/","article_published_time":"2025-01-10T20:44:52+00:00","og_image":[{"width":748,"height":500,"url":"https:\/\/canal7slp.tv\/2025\/wp-content\/uploads\/2025\/01\/06-7.jpg","type":"image\/jpeg"}],"author":"Edici\u00f3n Web","twitter_card":"summary_large_image","twitter_creator":"@NOTICIEROS7","twitter_site":"@NOTICIEROS7","twitter_misc":{"Escrito por":"Edici\u00f3n Web","Tiempo de lectura":"2 minutos"},"schema":{"@context":"https:\/\/schema.org","@graph":[{"@type":"Article","@id":"https:\/\/canal7slp.tv\/2025\/comision-de-california-examina-posibles-causas-de-los-incendios-forestales\/#article","isPartOf":{"@id":"https:\/\/canal7slp.tv\/2025\/comision-de-california-examina-posibles-causas-de-los-incendios-forestales\/"},"author":{"name":"Edici\u00f3n Web","@id":"https:\/\/canal7slp.tv\/2025\/#\/schema\/person\/271e2b60a96e7cc9d9ac296f4d7e414b"},"headline":"Comisi\u00f3n de California examina posibles causas de los incendios forestales","datePublished":"2025-01-10T20:44:52+00:00","mainEntityOfPage":{"@id":"https:\/\/canal7slp.tv\/2025\/comision-de-california-examina-posibles-causas-de-los-incendios-forestales\/"},"wordCount":318,"publisher":{"@id":"https:\/\/canal7slp.tv\/2025\/#organization"},"image":{"@id":"https:\/\/canal7slp.tv\/2025\/comision-de-california-examina-posibles-causas-de-los-incendios-forestales\/#primaryimage"},"thumbnailUrl":"https:\/\/canal7slp.tv\/2025\/wp-content\/uploads\/2025\/01\/06-7.jpg","articleSection":["INTERNACIONALES"],"inLanguage":"es"},{"@type":"WebPage","@id":"https:\/\/canal7slp.tv\/2025\/comision-de-california-examina-posibles-causas-de-los-incendios-forestales\/","url":"https:\/\/canal7slp.tv\/2025\/comision-de-california-examina-posibles-causas-de-los-incendios-forestales\/","name":"Comisi\u00f3n de California examina posibles causas de los incendios forestales - Canal 7 SLP - 2025","isPartOf":{"@id":"https:\/\/canal7slp.tv\/2025\/#website"},"primaryImageOfPage":{"@id":"https:\/\/canal7slp.tv\/2025\/comision-de-california-examina-posibles-causas-de-los-incendios-forestales\/#primaryimage"},"image":{"@id":"https:\/\/canal7slp.tv\/2025\/comision-de-california-examina-posibles-causas-de-los-incendios-forestales\/#primaryimage"},"thumbnailUrl":"https:\/\/canal7slp.tv\/2025\/wp-content\/uploads\/2025\/01\/06-7.jpg","datePublished":"2025-01-10T20:44:52+00:00","breadcrumb":{"@id":"https:\/\/canal7slp.tv\/2025\/comision-de-california-examina-posibles-causas-de-los-incendios-forestales\/#breadcrumb"},"inLanguage":"es","potentialAction":[{"@type":"ReadAction","target":["https:\/\/canal7slp.tv\/2025\/comision-de-california-examina-posibles-causas-de-los-incendios-forestales\/"]}]},{"@type":"ImageObject","inLanguage":"es","@id":"https:\/\/canal7slp.tv\/2025\/comision-de-california-examina-posibles-causas-de-los-incendios-forestales\/#primaryimage","url":"https:\/\/canal7slp.tv\/2025\/wp-content\/uploads\/2025\/01\/06-7.jpg","contentUrl":"https:\/\/canal7slp.tv\/2025\/wp-content\/uploads\/2025\/01\/06-7.jpg","width":748,"height":500},{"@type":"BreadcrumbList","@id":"https:\/\/canal7slp.tv\/2025\/comision-de-california-examina-posibles-causas-de-los-incendios-forestales\/#breadcrumb","itemListElement":[{"@type":"ListItem","position":1,"name":"Portada","item":"https:\/\/canal7slp.tv\/2025\/"},{"@type":"ListItem","position":2,"name":"Comisi\u00f3n de California examina posibles causas de los incendios forestales"}]},{"@type":"WebSite","@id":"https:\/\/canal7slp.tv\/2025\/#website","url":"https:\/\/canal7slp.tv\/2025\/","name":"N7 - Noticieros Canal 7","description":"Somos el Medio","publisher":{"@id":"https:\/\/canal7slp.tv\/2025\/#organization"},"potentialAction":[{"@type":"SearchAction","target":{"@type":"EntryPoint","urlTemplate":"https:\/\/canal7slp.tv\/2025\/?s={search_term_string}"},"query-input":{"@type":"PropertyValueSpecification","valueRequired":true,"valueName":"search_term_string"}}],"inLanguage":"es"},{"@type":"Organization","@id":"https:\/\/canal7slp.tv\/2025\/#organization","name":"Noticieros Canal 7","url":"https:\/\/canal7slp.tv\/2025\/","logo":{"@type":"ImageObject","inLanguage":"es","@id":"https:\/\/canal7slp.tv\/2025\/#\/schema\/logo\/image\/","url":"https:\/\/canal7slp.tv\/2025\/wp-content\/uploads\/2021\/01\/logo-noticieros@2x.png","contentUrl":"https:\/\/canal7slp.tv\/2025\/wp-content\/uploads\/2021\/01\/logo-noticieros@2x.png","width":1017,"height":268,"caption":"Noticieros Canal 7"},"image":{"@id":"https:\/\/canal7slp.tv\/2025\/#\/schema\/logo\/image\/"},"sameAs":["https:\/\/www.facebook.com\/noticieroscanal7atencionciudadana\/","https:\/\/x.com\/NOTICIEROS7","https:\/\/www.instagram.com\/canal7_slp","https:\/\/www.youtube.com\/channel\/UCliiYs-gP3JfJeqdPrNdd5A"]},{"@type":"Person","@id":"https:\/\/canal7slp.tv\/2025\/#\/schema\/person\/271e2b60a96e7cc9d9ac296f4d7e414b","name":"Edici\u00f3n Web","image":{"@type":"ImageObject","inLanguage":"es","@id":"https:\/\/secure.gravatar.com\/avatar\/eee448fc3f7164808013b816ba91ac7e43bbe82a70bebac296f8bc6f0addaa1a?s=96&d=mm&r=g","url":"https:\/\/secure.gravatar.com\/avatar\/eee448fc3f7164808013b816ba91ac7e43bbe82a70bebac296f8bc6f0addaa1a?s=96&d=mm&r=g","contentUrl":"https:\/\/secure.gravatar.com\/avatar\/eee448fc3f7164808013b816ba91ac7e43bbe82a70bebac296f8bc6f0addaa1a?s=96&d=mm&r=g","caption":"Edici\u00f3n Web"},"url":"https:\/\/canal7slp.tv\/2025\/author\/edicionweb\/"}]}},"_links":{"self":[{"href":"https:\/\/canal7slp.tv\/2025\/wp-json\/wp\/v2\/posts\/154004","targetHints":{"allow":["GET"]}}],"collection":[{"href":"https:\/\/canal7slp.tv\/2025\/wp-json\/wp\/v2\/posts"}],"about":[{"href":"https:\/\/canal7slp.tv\/2025\/wp-json\/wp\/v2\/types\/post"}],"author":[{"embeddable":true,"href":"https:\/\/canal7slp.tv\/2025\/wp-json\/wp\/v2\/users\/2"}],"replies":[{"embeddable":true,"href":"https:\/\/canal7slp.tv\/2025\/wp-json\/wp\/v2\/comments?post=154004"}],"version-history":[{"count":1,"href":"https:\/\/canal7slp.tv\/2025\/wp-json\/wp\/v2\/posts\/154004\/revisions"}],"predecessor-version":[{"id":154006,"href":"https:\/\/canal7slp.tv\/2025\/wp-json\/wp\/v2\/posts\/154004\/revisions\/154006"}],"wp:featuredmedia":[{"embeddable":true,"href":"https:\/\/canal7slp.tv\/2025\/wp-json\/wp\/v2\/media\/154005"}],"wp:attachment":[{"href":"https:\/\/canal7slp.tv\/2025\/wp-json\/wp\/v2\/media?parent=154004"}],"wp:term":[{"taxonomy":"category","embeddable":true,"href":"https:\/\/canal7slp.tv\/2025\/wp-json\/wp\/v2\/categories?post=154004"},{"taxonomy":"post_tag","embeddable":true,"href":"https:\/\/canal7slp.tv\/2025\/wp-json\/wp\/v2\/tags?post=154004"}],"curies":[{"name":"wp","href":"https:\/\/api.w.org\/{rel}","templated":true}]}}