{"id":153991,"date":"2025-01-10T14:23:54","date_gmt":"2025-01-10T20:23:54","guid":{"rendered":"https:\/\/canal7slp.tv\/2025\/?p=153991"},"modified":"2025-01-10T14:23:54","modified_gmt":"2025-01-10T20:23:54","slug":"andres-sanchez-y-eduardo-aguila-convocados-a-la-seleccion-nacional-de-mexico","status":"publish","type":"post","link":"https:\/\/canal7slp.tv\/2025\/andres-sanchez-y-eduardo-aguila-convocados-a-la-seleccion-nacional-de-mexico\/","title":{"rendered":"Andr\u00e9s S\u00e1nchez y Eduardo \u00c1guila convocados a la Selecci\u00f3n Nacional de M\u00e9xico"},"content":{"rendered":"<p style=\"text-align: justify;\">SLP.- La Selecci\u00f3n Nacional de M\u00e9xico ha anunciado su lista de convocados para la pr\u00f3xima gira de amistosos por Sudam\u00e9rica, en la que los jugadores, Andr\u00e9s S\u00e1nchez y Eduardo \u00c1guila, del Atl\u00e9tico de San Luis han sido seleccionados.<\/p>\n<p style=\"text-align: justify;\">Tras sus destacadas actuaciones en el Apertura 2024, Andr\u00e9s y Eduardo formar\u00e1n parte del equipo dirigido por Javier Aguirre, que enfrentar\u00e1 compromisos de preparaci\u00f3n ante el Sport Club Internacional de Brasil y River Plate de Argentina.<\/p>\n<p style=\"text-align: justify;\">El arquero mexicano Andr\u00e9s S\u00e1nchez, pilar bajo los tres palos del Atl\u00e9tico de San Luis, ha disputado 60 partidos oficiales, siendo clave en momentos determinantes tanto en la fase regular de la Liga MX como en la liguilla.<\/p>\n<p style=\"text-align: justify;\">Por su parte, Eduardo \u00c1guila, defensa originario de Ocotl\u00e1n, Jalisco, ha acumulado 37 encuentros con el Atl\u00e9tico de San Luis, incluyendo 35 en la Liga MX, desde su debut en la m\u00e1xima categor\u00eda hace dos a\u00f1os. Su solidez y consistencia lo han consolidado como una pieza importante en el esquema del equipo.<\/p>\n","protected":false},"excerpt":{"rendered":"<p>SLP.- La Selecci\u00f3n Nacional de M\u00e9xico ha anunciado su lista de convocados para la pr\u00f3xima gira de amistosos por Sudam\u00e9rica, en la que los jugadores, Andr\u00e9s S\u00e1nchez y Eduardo \u00c1guila, del Atl\u00e9tico de San Luis han sido seleccionados. Tras sus destacadas actuaciones en el Apertura 2024, Andr\u00e9s y Eduardo formar\u00e1n parte del equipo dirigido por Javier Aguirre, que enfrentar\u00e1 compromisos de preparaci\u00f3n ante el Sport Club Internacional de Brasil y River Plate de Argentina. El arquero mexicano Andr\u00e9s S\u00e1nchez, pilar bajo los tres palos del Atl\u00e9tico de San Luis, ha disputado 60 partidos oficiales, siendo clave en momentos determinantes tanto [&hellip;]<\/p>\n","protected":false},"author":2,"featured_media":153993,"comment_status":"closed","ping_status":"closed","sticky":false,"template":"","format":"video","meta":{"_monsterinsights_skip_tracking":false,"_monsterinsights_sitenote_active":false,"_monsterinsights_sitenote_note":"","_monsterinsights_sitenote_category":0,"footnotes":""},"categories":[7,5],"tags":[],"class_list":["post-153991","post","type-post","status-publish","format-video","has-post-thumbnail","hentry","category-deportes","category-destacadas","post_format-post-format-video","post--single"],"yoast_head":"<!-- This site is optimized with the Yoast SEO plugin v27.5 - https:\/\/yoast.com\/product\/yoast-seo-wordpress\/ -->\n<title>Andr\u00e9s S\u00e1nchez y Eduardo \u00c1guila convocados a la Selecci\u00f3n Nacional de M\u00e9xico - Canal 7 SLP - 2025<\/title>\n<meta name=\"robots\" content=\"index, follow, max-snippet:-1, max-image-preview:large, max-video-preview:-1\" \/>\n<link rel=\"canonical\" href=\"https:\/\/canal7slp.tv\/2025\/andres-sanchez-y-eduardo-aguila-convocados-a-la-seleccion-nacional-de-mexico\/\" \/>\n<meta property=\"og:locale\" content=\"es_ES\" \/>\n<meta property=\"og:type\" content=\"article\" \/>\n<meta property=\"og:title\" content=\"Andr\u00e9s S\u00e1nchez y Eduardo \u00c1guila convocados a la Selecci\u00f3n Nacional de M\u00e9xico - Canal 7 SLP - 2025\" \/>\n<meta property=\"og:description\" content=\"SLP.- La Selecci\u00f3n Nacional de M\u00e9xico ha anunciado su lista de convocados para la pr\u00f3xima gira de amistosos por Sudam\u00e9rica, en la que los jugadores, Andr\u00e9s S\u00e1nchez y Eduardo \u00c1guila, del Atl\u00e9tico de San Luis han sido seleccionados. Tras sus destacadas actuaciones en el Apertura 2024, Andr\u00e9s y Eduardo formar\u00e1n parte del equipo dirigido por Javier Aguirre, que enfrentar\u00e1 compromisos de preparaci\u00f3n ante el Sport Club Internacional de Brasil y River Plate de Argentina. El arquero mexicano Andr\u00e9s S\u00e1nchez, pilar bajo los tres palos del Atl\u00e9tico de San Luis, ha disputado 60 partidos oficiales, siendo clave en momentos determinantes tanto [&hellip;]\" \/>\n<meta property=\"og:url\" content=\"https:\/\/canal7slp.tv\/2025\/andres-sanchez-y-eduardo-aguila-convocados-a-la-seleccion-nacional-de-mexico\/\" \/>\n<meta property=\"og:site_name\" content=\"Canal 7 SLP - 2025\" \/>\n<meta property=\"article:publisher\" content=\"https:\/\/www.facebook.com\/noticieroscanal7atencionciudadana\/\" \/>\n<meta property=\"article:published_time\" content=\"2025-01-10T20:23:54+00:00\" \/>\n<meta property=\"og:image\" content=\"https:\/\/canal7slp.tv\/2025\/wp-content\/uploads\/2025\/01\/Froi01Seleccion.jpg\" \/>\n\t<meta property=\"og:image:width\" content=\"1280\" \/>\n\t<meta property=\"og:image:height\" content=\"720\" \/>\n\t<meta property=\"og:image:type\" content=\"image\/jpeg\" \/>\n<meta name=\"author\" content=\"Edici\u00f3n Web\" \/>\n<meta name=\"twitter:card\" content=\"summary_large_image\" \/>\n<meta name=\"twitter:creator\" content=\"@NOTICIEROS7\" \/>\n<meta name=\"twitter:site\" content=\"@NOTICIEROS7\" \/>\n<meta name=\"twitter:label1\" content=\"Escrito por\" \/>\n\t<meta name=\"twitter:data1\" content=\"Edici\u00f3n Web\" \/>\n\t<meta name=\"twitter:label2\" content=\"Tiempo de lectura\" \/>\n\t<meta name=\"twitter:data2\" content=\"1 minuto\" \/>\n<script type=\"application\/ld+json\" class=\"yoast-schema-graph\">{\"@context\":\"https:\\\/\\\/schema.org\",\"@graph\":[{\"@type\":\"Article\",\"@id\":\"https:\\\/\\\/canal7slp.tv\\\/2025\\\/andres-sanchez-y-eduardo-aguila-convocados-a-la-seleccion-nacional-de-mexico\\\/#article\",\"isPartOf\":{\"@id\":\"https:\\\/\\\/canal7slp.tv\\\/2025\\\/andres-sanchez-y-eduardo-aguila-convocados-a-la-seleccion-nacional-de-mexico\\\/\"},\"author\":{\"name\":\"Edici\u00f3n Web\",\"@id\":\"https:\\\/\\\/canal7slp.tv\\\/2025\\\/#\\\/schema\\\/person\\\/271e2b60a96e7cc9d9ac296f4d7e414b\"},\"headline\":\"Andr\u00e9s S\u00e1nchez y Eduardo \u00c1guila convocados a la Selecci\u00f3n Nacional de M\u00e9xico\",\"datePublished\":\"2025-01-10T20:23:54+00:00\",\"mainEntityOfPage\":{\"@id\":\"https:\\\/\\\/canal7slp.tv\\\/2025\\\/andres-sanchez-y-eduardo-aguila-convocados-a-la-seleccion-nacional-de-mexico\\\/\"},\"wordCount\":195,\"publisher\":{\"@id\":\"https:\\\/\\\/canal7slp.tv\\\/2025\\\/#organization\"},\"image\":{\"@id\":\"https:\\\/\\\/canal7slp.tv\\\/2025\\\/andres-sanchez-y-eduardo-aguila-convocados-a-la-seleccion-nacional-de-mexico\\\/#primaryimage\"},\"thumbnailUrl\":\"https:\\\/\\\/canal7slp.tv\\\/2025\\\/wp-content\\\/uploads\\\/2025\\\/01\\\/Froi01Seleccion.jpg\",\"articleSection\":[\"DEPORTES\",\"DESTACADAS\"],\"inLanguage\":\"es\"},{\"@type\":\"WebPage\",\"@id\":\"https:\\\/\\\/canal7slp.tv\\\/2025\\\/andres-sanchez-y-eduardo-aguila-convocados-a-la-seleccion-nacional-de-mexico\\\/\",\"url\":\"https:\\\/\\\/canal7slp.tv\\\/2025\\\/andres-sanchez-y-eduardo-aguila-convocados-a-la-seleccion-nacional-de-mexico\\\/\",\"name\":\"Andr\u00e9s S\u00e1nchez y Eduardo \u00c1guila convocados a la Selecci\u00f3n Nacional de M\u00e9xico - Canal 7 SLP - 2025\",\"isPartOf\":{\"@id\":\"https:\\\/\\\/canal7slp.tv\\\/2025\\\/#website\"},\"primaryImageOfPage\":{\"@id\":\"https:\\\/\\\/canal7slp.tv\\\/2025\\\/andres-sanchez-y-eduardo-aguila-convocados-a-la-seleccion-nacional-de-mexico\\\/#primaryimage\"},\"image\":{\"@id\":\"https:\\\/\\\/canal7slp.tv\\\/2025\\\/andres-sanchez-y-eduardo-aguila-convocados-a-la-seleccion-nacional-de-mexico\\\/#primaryimage\"},\"thumbnailUrl\":\"https:\\\/\\\/canal7slp.tv\\\/2025\\\/wp-content\\\/uploads\\\/2025\\\/01\\\/Froi01Seleccion.jpg\",\"datePublished\":\"2025-01-10T20:23:54+00:00\",\"breadcrumb\":{\"@id\":\"https:\\\/\\\/canal7slp.tv\\\/2025\\\/andres-sanchez-y-eduardo-aguila-convocados-a-la-seleccion-nacional-de-mexico\\\/#breadcrumb\"},\"inLanguage\":\"es\",\"potentialAction\":[{\"@type\":\"ReadAction\",\"target\":[\"https:\\\/\\\/canal7slp.tv\\\/2025\\\/andres-sanchez-y-eduardo-aguila-convocados-a-la-seleccion-nacional-de-mexico\\\/\"]}]},{\"@type\":\"ImageObject\",\"inLanguage\":\"es\",\"@id\":\"https:\\\/\\\/canal7slp.tv\\\/2025\\\/andres-sanchez-y-eduardo-aguila-convocados-a-la-seleccion-nacional-de-mexico\\\/#primaryimage\",\"url\":\"https:\\\/\\\/canal7slp.tv\\\/2025\\\/wp-content\\\/uploads\\\/2025\\\/01\\\/Froi01Seleccion.jpg\",\"contentUrl\":\"https:\\\/\\\/canal7slp.tv\\\/2025\\\/wp-content\\\/uploads\\\/2025\\\/01\\\/Froi01Seleccion.jpg\",\"width\":1280,\"height\":720},{\"@type\":\"BreadcrumbList\",\"@id\":\"https:\\\/\\\/canal7slp.tv\\\/2025\\\/andres-sanchez-y-eduardo-aguila-convocados-a-la-seleccion-nacional-de-mexico\\\/#breadcrumb\",\"itemListElement\":[{\"@type\":\"ListItem\",\"position\":1,\"name\":\"Portada\",\"item\":\"https:\\\/\\\/canal7slp.tv\\\/2025\\\/\"},{\"@type\":\"ListItem\",\"position\":2,\"name\":\"Andr\u00e9s S\u00e1nchez y Eduardo \u00c1guila convocados a la Selecci\u00f3n Nacional de M\u00e9xico\"}]},{\"@type\":\"WebSite\",\"@id\":\"https:\\\/\\\/canal7slp.tv\\\/2025\\\/#website\",\"url\":\"https:\\\/\\\/canal7slp.tv\\\/2025\\\/\",\"name\":\"N7 - Noticieros Canal 7\",\"description\":\"Somos el Medio\",\"publisher\":{\"@id\":\"https:\\\/\\\/canal7slp.tv\\\/2025\\\/#organization\"},\"potentialAction\":[{\"@type\":\"SearchAction\",\"target\":{\"@type\":\"EntryPoint\",\"urlTemplate\":\"https:\\\/\\\/canal7slp.tv\\\/2025\\\/?s={search_term_string}\"},\"query-input\":{\"@type\":\"PropertyValueSpecification\",\"valueRequired\":true,\"valueName\":\"search_term_string\"}}],\"inLanguage\":\"es\"},{\"@type\":\"Organization\",\"@id\":\"https:\\\/\\\/canal7slp.tv\\\/2025\\\/#organization\",\"name\":\"Noticieros Canal 7\",\"url\":\"https:\\\/\\\/canal7slp.tv\\\/2025\\\/\",\"logo\":{\"@type\":\"ImageObject\",\"inLanguage\":\"es\",\"@id\":\"https:\\\/\\\/canal7slp.tv\\\/2025\\\/#\\\/schema\\\/logo\\\/image\\\/\",\"url\":\"https:\\\/\\\/canal7slp.tv\\\/2025\\\/wp-content\\\/uploads\\\/2021\\\/01\\\/logo-noticieros@2x.png\",\"contentUrl\":\"https:\\\/\\\/canal7slp.tv\\\/2025\\\/wp-content\\\/uploads\\\/2021\\\/01\\\/logo-noticieros@2x.png\",\"width\":1017,\"height\":268,\"caption\":\"Noticieros Canal 7\"},\"image\":{\"@id\":\"https:\\\/\\\/canal7slp.tv\\\/2025\\\/#\\\/schema\\\/logo\\\/image\\\/\"},\"sameAs\":[\"https:\\\/\\\/www.facebook.com\\\/noticieroscanal7atencionciudadana\\\/\",\"https:\\\/\\\/x.com\\\/NOTICIEROS7\",\"https:\\\/\\\/www.instagram.com\\\/canal7_slp\",\"https:\\\/\\\/www.youtube.com\\\/channel\\\/UCliiYs-gP3JfJeqdPrNdd5A\"]},{\"@type\":\"Person\",\"@id\":\"https:\\\/\\\/canal7slp.tv\\\/2025\\\/#\\\/schema\\\/person\\\/271e2b60a96e7cc9d9ac296f4d7e414b\",\"name\":\"Edici\u00f3n Web\",\"image\":{\"@type\":\"ImageObject\",\"inLanguage\":\"es\",\"@id\":\"https:\\\/\\\/secure.gravatar.com\\\/avatar\\\/eee448fc3f7164808013b816ba91ac7e43bbe82a70bebac296f8bc6f0addaa1a?s=96&d=mm&r=g\",\"url\":\"https:\\\/\\\/secure.gravatar.com\\\/avatar\\\/eee448fc3f7164808013b816ba91ac7e43bbe82a70bebac296f8bc6f0addaa1a?s=96&d=mm&r=g\",\"contentUrl\":\"https:\\\/\\\/secure.gravatar.com\\\/avatar\\\/eee448fc3f7164808013b816ba91ac7e43bbe82a70bebac296f8bc6f0addaa1a?s=96&d=mm&r=g\",\"caption\":\"Edici\u00f3n Web\"},\"url\":\"https:\\\/\\\/canal7slp.tv\\\/2025\\\/author\\\/edicionweb\\\/\"}]}<\/script>\n<!-- \/ Yoast SEO plugin. -->","yoast_head_json":{"title":"Andr\u00e9s S\u00e1nchez y Eduardo \u00c1guila convocados a la Selecci\u00f3n Nacional de M\u00e9xico - Canal 7 SLP - 2025","robots":{"index":"index","follow":"follow","max-snippet":"max-snippet:-1","max-image-preview":"max-image-preview:large","max-video-preview":"max-video-preview:-1"},"canonical":"https:\/\/canal7slp.tv\/2025\/andres-sanchez-y-eduardo-aguila-convocados-a-la-seleccion-nacional-de-mexico\/","og_locale":"es_ES","og_type":"article","og_title":"Andr\u00e9s S\u00e1nchez y Eduardo \u00c1guila convocados a la Selecci\u00f3n Nacional de M\u00e9xico - Canal 7 SLP - 2025","og_description":"SLP.- La Selecci\u00f3n Nacional de M\u00e9xico ha anunciado su lista de convocados para la pr\u00f3xima gira de amistosos por Sudam\u00e9rica, en la que los jugadores, Andr\u00e9s S\u00e1nchez y Eduardo \u00c1guila, del Atl\u00e9tico de San Luis han sido seleccionados. Tras sus destacadas actuaciones en el Apertura 2024, Andr\u00e9s y Eduardo formar\u00e1n parte del equipo dirigido por Javier Aguirre, que enfrentar\u00e1 compromisos de preparaci\u00f3n ante el Sport Club Internacional de Brasil y River Plate de Argentina. El arquero mexicano Andr\u00e9s S\u00e1nchez, pilar bajo los tres palos del Atl\u00e9tico de San Luis, ha disputado 60 partidos oficiales, siendo clave en momentos determinantes tanto [&hellip;]","og_url":"https:\/\/canal7slp.tv\/2025\/andres-sanchez-y-eduardo-aguila-convocados-a-la-seleccion-nacional-de-mexico\/","og_site_name":"Canal 7 SLP - 2025","article_publisher":"https:\/\/www.facebook.com\/noticieroscanal7atencionciudadana\/","article_published_time":"2025-01-10T20:23:54+00:00","og_image":[{"width":1280,"height":720,"url":"https:\/\/canal7slp.tv\/2025\/wp-content\/uploads\/2025\/01\/Froi01Seleccion.jpg","type":"image\/jpeg"}],"author":"Edici\u00f3n Web","twitter_card":"summary_large_image","twitter_creator":"@NOTICIEROS7","twitter_site":"@NOTICIEROS7","twitter_misc":{"Escrito por":"Edici\u00f3n Web","Tiempo de lectura":"1 minuto"},"schema":{"@context":"https:\/\/schema.org","@graph":[{"@type":"Article","@id":"https:\/\/canal7slp.tv\/2025\/andres-sanchez-y-eduardo-aguila-convocados-a-la-seleccion-nacional-de-mexico\/#article","isPartOf":{"@id":"https:\/\/canal7slp.tv\/2025\/andres-sanchez-y-eduardo-aguila-convocados-a-la-seleccion-nacional-de-mexico\/"},"author":{"name":"Edici\u00f3n Web","@id":"https:\/\/canal7slp.tv\/2025\/#\/schema\/person\/271e2b60a96e7cc9d9ac296f4d7e414b"},"headline":"Andr\u00e9s S\u00e1nchez y Eduardo \u00c1guila convocados a la Selecci\u00f3n Nacional de M\u00e9xico","datePublished":"2025-01-10T20:23:54+00:00","mainEntityOfPage":{"@id":"https:\/\/canal7slp.tv\/2025\/andres-sanchez-y-eduardo-aguila-convocados-a-la-seleccion-nacional-de-mexico\/"},"wordCount":195,"publisher":{"@id":"https:\/\/canal7slp.tv\/2025\/#organization"},"image":{"@id":"https:\/\/canal7slp.tv\/2025\/andres-sanchez-y-eduardo-aguila-convocados-a-la-seleccion-nacional-de-mexico\/#primaryimage"},"thumbnailUrl":"https:\/\/canal7slp.tv\/2025\/wp-content\/uploads\/2025\/01\/Froi01Seleccion.jpg","articleSection":["DEPORTES","DESTACADAS"],"inLanguage":"es"},{"@type":"WebPage","@id":"https:\/\/canal7slp.tv\/2025\/andres-sanchez-y-eduardo-aguila-convocados-a-la-seleccion-nacional-de-mexico\/","url":"https:\/\/canal7slp.tv\/2025\/andres-sanchez-y-eduardo-aguila-convocados-a-la-seleccion-nacional-de-mexico\/","name":"Andr\u00e9s S\u00e1nchez y Eduardo \u00c1guila convocados a la Selecci\u00f3n Nacional de M\u00e9xico - Canal 7 SLP - 2025","isPartOf":{"@id":"https:\/\/canal7slp.tv\/2025\/#website"},"primaryImageOfPage":{"@id":"https:\/\/canal7slp.tv\/2025\/andres-sanchez-y-eduardo-aguila-convocados-a-la-seleccion-nacional-de-mexico\/#primaryimage"},"image":{"@id":"https:\/\/canal7slp.tv\/2025\/andres-sanchez-y-eduardo-aguila-convocados-a-la-seleccion-nacional-de-mexico\/#primaryimage"},"thumbnailUrl":"https:\/\/canal7slp.tv\/2025\/wp-content\/uploads\/2025\/01\/Froi01Seleccion.jpg","datePublished":"2025-01-10T20:23:54+00:00","breadcrumb":{"@id":"https:\/\/canal7slp.tv\/2025\/andres-sanchez-y-eduardo-aguila-convocados-a-la-seleccion-nacional-de-mexico\/#breadcrumb"},"inLanguage":"es","potentialAction":[{"@type":"ReadAction","target":["https:\/\/canal7slp.tv\/2025\/andres-sanchez-y-eduardo-aguila-convocados-a-la-seleccion-nacional-de-mexico\/"]}]},{"@type":"ImageObject","inLanguage":"es","@id":"https:\/\/canal7slp.tv\/2025\/andres-sanchez-y-eduardo-aguila-convocados-a-la-seleccion-nacional-de-mexico\/#primaryimage","url":"https:\/\/canal7slp.tv\/2025\/wp-content\/uploads\/2025\/01\/Froi01Seleccion.jpg","contentUrl":"https:\/\/canal7slp.tv\/2025\/wp-content\/uploads\/2025\/01\/Froi01Seleccion.jpg","width":1280,"height":720},{"@type":"BreadcrumbList","@id":"https:\/\/canal7slp.tv\/2025\/andres-sanchez-y-eduardo-aguila-convocados-a-la-seleccion-nacional-de-mexico\/#breadcrumb","itemListElement":[{"@type":"ListItem","position":1,"name":"Portada","item":"https:\/\/canal7slp.tv\/2025\/"},{"@type":"ListItem","position":2,"name":"Andr\u00e9s S\u00e1nchez y Eduardo \u00c1guila convocados a la Selecci\u00f3n Nacional de M\u00e9xico"}]},{"@type":"WebSite","@id":"https:\/\/canal7slp.tv\/2025\/#website","url":"https:\/\/canal7slp.tv\/2025\/","name":"N7 - Noticieros Canal 7","description":"Somos el Medio","publisher":{"@id":"https:\/\/canal7slp.tv\/2025\/#organization"},"potentialAction":[{"@type":"SearchAction","target":{"@type":"EntryPoint","urlTemplate":"https:\/\/canal7slp.tv\/2025\/?s={search_term_string}"},"query-input":{"@type":"PropertyValueSpecification","valueRequired":true,"valueName":"search_term_string"}}],"inLanguage":"es"},{"@type":"Organization","@id":"https:\/\/canal7slp.tv\/2025\/#organization","name":"Noticieros Canal 7","url":"https:\/\/canal7slp.tv\/2025\/","logo":{"@type":"ImageObject","inLanguage":"es","@id":"https:\/\/canal7slp.tv\/2025\/#\/schema\/logo\/image\/","url":"https:\/\/canal7slp.tv\/2025\/wp-content\/uploads\/2021\/01\/logo-noticieros@2x.png","contentUrl":"https:\/\/canal7slp.tv\/2025\/wp-content\/uploads\/2021\/01\/logo-noticieros@2x.png","width":1017,"height":268,"caption":"Noticieros Canal 7"},"image":{"@id":"https:\/\/canal7slp.tv\/2025\/#\/schema\/logo\/image\/"},"sameAs":["https:\/\/www.facebook.com\/noticieroscanal7atencionciudadana\/","https:\/\/x.com\/NOTICIEROS7","https:\/\/www.instagram.com\/canal7_slp","https:\/\/www.youtube.com\/channel\/UCliiYs-gP3JfJeqdPrNdd5A"]},{"@type":"Person","@id":"https:\/\/canal7slp.tv\/2025\/#\/schema\/person\/271e2b60a96e7cc9d9ac296f4d7e414b","name":"Edici\u00f3n Web","image":{"@type":"ImageObject","inLanguage":"es","@id":"https:\/\/secure.gravatar.com\/avatar\/eee448fc3f7164808013b816ba91ac7e43bbe82a70bebac296f8bc6f0addaa1a?s=96&d=mm&r=g","url":"https:\/\/secure.gravatar.com\/avatar\/eee448fc3f7164808013b816ba91ac7e43bbe82a70bebac296f8bc6f0addaa1a?s=96&d=mm&r=g","contentUrl":"https:\/\/secure.gravatar.com\/avatar\/eee448fc3f7164808013b816ba91ac7e43bbe82a70bebac296f8bc6f0addaa1a?s=96&d=mm&r=g","caption":"Edici\u00f3n Web"},"url":"https:\/\/canal7slp.tv\/2025\/author\/edicionweb\/"}]}},"_links":{"self":[{"href":"https:\/\/canal7slp.tv\/2025\/wp-json\/wp\/v2\/posts\/153991","targetHints":{"allow":["GET"]}}],"collection":[{"href":"https:\/\/canal7slp.tv\/2025\/wp-json\/wp\/v2\/posts"}],"about":[{"href":"https:\/\/canal7slp.tv\/2025\/wp-json\/wp\/v2\/types\/post"}],"author":[{"embeddable":true,"href":"https:\/\/canal7slp.tv\/2025\/wp-json\/wp\/v2\/users\/2"}],"replies":[{"embeddable":true,"href":"https:\/\/canal7slp.tv\/2025\/wp-json\/wp\/v2\/comments?post=153991"}],"version-history":[{"count":1,"href":"https:\/\/canal7slp.tv\/2025\/wp-json\/wp\/v2\/posts\/153991\/revisions"}],"predecessor-version":[{"id":153994,"href":"https:\/\/canal7slp.tv\/2025\/wp-json\/wp\/v2\/posts\/153991\/revisions\/153994"}],"wp:featuredmedia":[{"embeddable":true,"href":"https:\/\/canal7slp.tv\/2025\/wp-json\/wp\/v2\/media\/153993"}],"wp:attachment":[{"href":"https:\/\/canal7slp.tv\/2025\/wp-json\/wp\/v2\/media?parent=153991"}],"wp:term":[{"taxonomy":"category","embeddable":true,"href":"https:\/\/canal7slp.tv\/2025\/wp-json\/wp\/v2\/categories?post=153991"},{"taxonomy":"post_tag","embeddable":true,"href":"https:\/\/canal7slp.tv\/2025\/wp-json\/wp\/v2\/tags?post=153991"}],"curies":[{"name":"wp","href":"https:\/\/api.w.org\/{rel}","templated":true}]}}