{"id":153909,"date":"2025-01-09T21:32:50","date_gmt":"2025-01-10T03:32:50","guid":{"rendered":"https:\/\/canal7slp.tv\/2025\/?p=153909"},"modified":"2025-01-09T21:32:50","modified_gmt":"2025-01-10T03:32:50","slug":"el-diputado-federal-juan-carlos-valladares-a-favor-de-que-continue-el-tratado-comercial-entre-mexico-estados-unidos-y-canada","status":"publish","type":"post","link":"https:\/\/canal7slp.tv\/2025\/el-diputado-federal-juan-carlos-valladares-a-favor-de-que-continue-el-tratado-comercial-entre-mexico-estados-unidos-y-canada\/","title":{"rendered":"El diputado federal Juan Carlos Valladares a favor de que contin\u00fae el Tratado Comercial entre M\u00e9xico, Estados Unidos y Canad\u00e1"},"content":{"rendered":"<p style=\"text-align: justify;\"><span style=\"font-size: 1.21429rem;\">SLP.- Para M\u00e9xico, lo m\u00e1s importante es que siga el tratado comercial con Estados Unidos y Canad\u00e1 consider\u00f3 el diputado federal Juan Carlos Valladares Eichelmann, al referirse a la pr\u00f3xima revisi\u00f3n del TMEC.<\/span><\/p>\n<p style=\"text-align: justify;\">Integrante de las comisiones legislativas de Energ\u00eda, Desarrollo Econ\u00f3mico y Relaciones Exteriores en la C\u00e1mara de Diputados el legislador federal destac\u00f3 que iniciar una guerra arancelaria con Estados Unidos, ser\u00eda m\u00e1s perjudicial para M\u00e9xico que para los estadounidenses.<\/p>\n<p style=\"text-align: justify;\">En este contexto, Valladares Eichelmann record\u00f3 que el 80 por ciento de las exportaciones de M\u00e9xico se van a los Estados Unidos al decir tambi\u00e9n que San Luis Potos\u00ed, ya vivi\u00f3 las consecuencias de las pol\u00edticas de Trump cuando se cancel\u00f3 la instalaci\u00f3n de la planta Ford en la entidad potosina hace ocho a\u00f1os.<\/p>\n<p style=\"text-align: justify;\">Sin embargo, el diputado federal afirm\u00f3 que en la revisi\u00f3n del TMEC M\u00e9xico cuenta con una buena representaci\u00f3n del gobierno federal, a trav\u00e9s de las secretar\u00edas de Econom\u00eda y Relaciones Exteriores.<\/p>\n<p style=\"text-align: justify;\">Por: Claudio Ibarra<\/p>\n","protected":false},"excerpt":{"rendered":"<p>SLP.- Para M\u00e9xico, lo m\u00e1s importante es que siga el tratado comercial con Estados Unidos y Canad\u00e1 consider\u00f3 el diputado federal Juan Carlos Valladares Eichelmann, al referirse a la pr\u00f3xima revisi\u00f3n del TMEC. Integrante de las comisiones legislativas de Energ\u00eda, Desarrollo Econ\u00f3mico y Relaciones Exteriores en la C\u00e1mara de Diputados el legislador federal destac\u00f3 que iniciar una guerra arancelaria con Estados Unidos, ser\u00eda m\u00e1s perjudicial para M\u00e9xico que para los estadounidenses. En este contexto, Valladares Eichelmann record\u00f3 que el 80 por ciento de las exportaciones de M\u00e9xico se van a los Estados Unidos al decir tambi\u00e9n que San Luis Potos\u00ed, [&hellip;]<\/p>\n","protected":false},"author":2,"featured_media":153960,"comment_status":"closed","ping_status":"closed","sticky":false,"template":"","format":"video","meta":{"_monsterinsights_skip_tracking":false,"_monsterinsights_sitenote_active":false,"_monsterinsights_sitenote_note":"","_monsterinsights_sitenote_category":0,"footnotes":""},"categories":[5,45],"tags":[],"class_list":["post-153909","post","type-post","status-publish","format-video","has-post-thumbnail","hentry","category-destacadas","category-localesyregionales","post_format-post-format-video","post--single"],"yoast_head":"<!-- This site is optimized with the Yoast SEO plugin v27.5 - https:\/\/yoast.com\/product\/yoast-seo-wordpress\/ -->\n<title>El diputado federal Juan Carlos Valladares a favor de que contin\u00fae el Tratado Comercial entre M\u00e9xico, Estados Unidos y Canad\u00e1 - Canal 7 SLP - 2025<\/title>\n<meta name=\"robots\" content=\"index, follow, max-snippet:-1, max-image-preview:large, max-video-preview:-1\" \/>\n<link rel=\"canonical\" href=\"https:\/\/canal7slp.tv\/2025\/el-diputado-federal-juan-carlos-valladares-a-favor-de-que-continue-el-tratado-comercial-entre-mexico-estados-unidos-y-canada\/\" \/>\n<meta property=\"og:locale\" content=\"es_ES\" \/>\n<meta property=\"og:type\" content=\"article\" \/>\n<meta property=\"og:title\" content=\"El diputado federal Juan Carlos Valladares a favor de que contin\u00fae el Tratado Comercial entre M\u00e9xico, Estados Unidos y Canad\u00e1 - Canal 7 SLP - 2025\" \/>\n<meta property=\"og:description\" content=\"SLP.- Para M\u00e9xico, lo m\u00e1s importante es que siga el tratado comercial con Estados Unidos y Canad\u00e1 consider\u00f3 el diputado federal Juan Carlos Valladares Eichelmann, al referirse a la pr\u00f3xima revisi\u00f3n del TMEC. Integrante de las comisiones legislativas de Energ\u00eda, Desarrollo Econ\u00f3mico y Relaciones Exteriores en la C\u00e1mara de Diputados el legislador federal destac\u00f3 que iniciar una guerra arancelaria con Estados Unidos, ser\u00eda m\u00e1s perjudicial para M\u00e9xico que para los estadounidenses. En este contexto, Valladares Eichelmann record\u00f3 que el 80 por ciento de las exportaciones de M\u00e9xico se van a los Estados Unidos al decir tambi\u00e9n que San Luis Potos\u00ed, [&hellip;]\" \/>\n<meta property=\"og:url\" content=\"https:\/\/canal7slp.tv\/2025\/el-diputado-federal-juan-carlos-valladares-a-favor-de-que-continue-el-tratado-comercial-entre-mexico-estados-unidos-y-canada\/\" \/>\n<meta property=\"og:site_name\" content=\"Canal 7 SLP - 2025\" \/>\n<meta property=\"article:publisher\" content=\"https:\/\/www.facebook.com\/noticieroscanal7atencionciudadana\/\" \/>\n<meta property=\"article:published_time\" content=\"2025-01-10T03:32:50+00:00\" \/>\n<meta property=\"og:image\" content=\"https:\/\/canal7slp.tv\/2025\/wp-content\/uploads\/2025\/01\/Claudio03Valladares.jpg\" \/>\n\t<meta property=\"og:image:width\" content=\"1280\" \/>\n\t<meta property=\"og:image:height\" content=\"720\" \/>\n\t<meta property=\"og:image:type\" content=\"image\/jpeg\" \/>\n<meta name=\"author\" content=\"Edici\u00f3n Web\" \/>\n<meta name=\"twitter:card\" content=\"summary_large_image\" \/>\n<meta name=\"twitter:creator\" content=\"@NOTICIEROS7\" \/>\n<meta name=\"twitter:site\" content=\"@NOTICIEROS7\" \/>\n<meta name=\"twitter:label1\" content=\"Escrito por\" \/>\n\t<meta name=\"twitter:data1\" content=\"Edici\u00f3n Web\" \/>\n\t<meta name=\"twitter:label2\" content=\"Tiempo de lectura\" \/>\n\t<meta name=\"twitter:data2\" content=\"1 minuto\" \/>\n<script type=\"application\/ld+json\" class=\"yoast-schema-graph\">{\"@context\":\"https:\\\/\\\/schema.org\",\"@graph\":[{\"@type\":\"Article\",\"@id\":\"https:\\\/\\\/canal7slp.tv\\\/2025\\\/el-diputado-federal-juan-carlos-valladares-a-favor-de-que-continue-el-tratado-comercial-entre-mexico-estados-unidos-y-canada\\\/#article\",\"isPartOf\":{\"@id\":\"https:\\\/\\\/canal7slp.tv\\\/2025\\\/el-diputado-federal-juan-carlos-valladares-a-favor-de-que-continue-el-tratado-comercial-entre-mexico-estados-unidos-y-canada\\\/\"},\"author\":{\"name\":\"Edici\u00f3n Web\",\"@id\":\"https:\\\/\\\/canal7slp.tv\\\/2025\\\/#\\\/schema\\\/person\\\/271e2b60a96e7cc9d9ac296f4d7e414b\"},\"headline\":\"El diputado federal Juan Carlos Valladares a favor de que contin\u00fae el Tratado Comercial entre M\u00e9xico, Estados Unidos y Canad\u00e1\",\"datePublished\":\"2025-01-10T03:32:50+00:00\",\"mainEntityOfPage\":{\"@id\":\"https:\\\/\\\/canal7slp.tv\\\/2025\\\/el-diputado-federal-juan-carlos-valladares-a-favor-de-que-continue-el-tratado-comercial-entre-mexico-estados-unidos-y-canada\\\/\"},\"wordCount\":202,\"publisher\":{\"@id\":\"https:\\\/\\\/canal7slp.tv\\\/2025\\\/#organization\"},\"image\":{\"@id\":\"https:\\\/\\\/canal7slp.tv\\\/2025\\\/el-diputado-federal-juan-carlos-valladares-a-favor-de-que-continue-el-tratado-comercial-entre-mexico-estados-unidos-y-canada\\\/#primaryimage\"},\"thumbnailUrl\":\"https:\\\/\\\/canal7slp.tv\\\/2025\\\/wp-content\\\/uploads\\\/2025\\\/01\\\/Claudio03Valladares.jpg\",\"articleSection\":[\"DESTACADAS\",\"LOCALES Y REGIONALES\"],\"inLanguage\":\"es\"},{\"@type\":\"WebPage\",\"@id\":\"https:\\\/\\\/canal7slp.tv\\\/2025\\\/el-diputado-federal-juan-carlos-valladares-a-favor-de-que-continue-el-tratado-comercial-entre-mexico-estados-unidos-y-canada\\\/\",\"url\":\"https:\\\/\\\/canal7slp.tv\\\/2025\\\/el-diputado-federal-juan-carlos-valladares-a-favor-de-que-continue-el-tratado-comercial-entre-mexico-estados-unidos-y-canada\\\/\",\"name\":\"El diputado federal Juan Carlos Valladares a favor de que contin\u00fae el Tratado Comercial entre M\u00e9xico, Estados Unidos y Canad\u00e1 - Canal 7 SLP - 2025\",\"isPartOf\":{\"@id\":\"https:\\\/\\\/canal7slp.tv\\\/2025\\\/#website\"},\"primaryImageOfPage\":{\"@id\":\"https:\\\/\\\/canal7slp.tv\\\/2025\\\/el-diputado-federal-juan-carlos-valladares-a-favor-de-que-continue-el-tratado-comercial-entre-mexico-estados-unidos-y-canada\\\/#primaryimage\"},\"image\":{\"@id\":\"https:\\\/\\\/canal7slp.tv\\\/2025\\\/el-diputado-federal-juan-carlos-valladares-a-favor-de-que-continue-el-tratado-comercial-entre-mexico-estados-unidos-y-canada\\\/#primaryimage\"},\"thumbnailUrl\":\"https:\\\/\\\/canal7slp.tv\\\/2025\\\/wp-content\\\/uploads\\\/2025\\\/01\\\/Claudio03Valladares.jpg\",\"datePublished\":\"2025-01-10T03:32:50+00:00\",\"breadcrumb\":{\"@id\":\"https:\\\/\\\/canal7slp.tv\\\/2025\\\/el-diputado-federal-juan-carlos-valladares-a-favor-de-que-continue-el-tratado-comercial-entre-mexico-estados-unidos-y-canada\\\/#breadcrumb\"},\"inLanguage\":\"es\",\"potentialAction\":[{\"@type\":\"ReadAction\",\"target\":[\"https:\\\/\\\/canal7slp.tv\\\/2025\\\/el-diputado-federal-juan-carlos-valladares-a-favor-de-que-continue-el-tratado-comercial-entre-mexico-estados-unidos-y-canada\\\/\"]}]},{\"@type\":\"ImageObject\",\"inLanguage\":\"es\",\"@id\":\"https:\\\/\\\/canal7slp.tv\\\/2025\\\/el-diputado-federal-juan-carlos-valladares-a-favor-de-que-continue-el-tratado-comercial-entre-mexico-estados-unidos-y-canada\\\/#primaryimage\",\"url\":\"https:\\\/\\\/canal7slp.tv\\\/2025\\\/wp-content\\\/uploads\\\/2025\\\/01\\\/Claudio03Valladares.jpg\",\"contentUrl\":\"https:\\\/\\\/canal7slp.tv\\\/2025\\\/wp-content\\\/uploads\\\/2025\\\/01\\\/Claudio03Valladares.jpg\",\"width\":1280,\"height\":720},{\"@type\":\"BreadcrumbList\",\"@id\":\"https:\\\/\\\/canal7slp.tv\\\/2025\\\/el-diputado-federal-juan-carlos-valladares-a-favor-de-que-continue-el-tratado-comercial-entre-mexico-estados-unidos-y-canada\\\/#breadcrumb\",\"itemListElement\":[{\"@type\":\"ListItem\",\"position\":1,\"name\":\"Portada\",\"item\":\"https:\\\/\\\/canal7slp.tv\\\/2025\\\/\"},{\"@type\":\"ListItem\",\"position\":2,\"name\":\"El diputado federal Juan Carlos Valladares a favor de que contin\u00fae el Tratado Comercial entre M\u00e9xico, Estados Unidos y Canad\u00e1\"}]},{\"@type\":\"WebSite\",\"@id\":\"https:\\\/\\\/canal7slp.tv\\\/2025\\\/#website\",\"url\":\"https:\\\/\\\/canal7slp.tv\\\/2025\\\/\",\"name\":\"N7 - Noticieros Canal 7\",\"description\":\"Somos el Medio\",\"publisher\":{\"@id\":\"https:\\\/\\\/canal7slp.tv\\\/2025\\\/#organization\"},\"potentialAction\":[{\"@type\":\"SearchAction\",\"target\":{\"@type\":\"EntryPoint\",\"urlTemplate\":\"https:\\\/\\\/canal7slp.tv\\\/2025\\\/?s={search_term_string}\"},\"query-input\":{\"@type\":\"PropertyValueSpecification\",\"valueRequired\":true,\"valueName\":\"search_term_string\"}}],\"inLanguage\":\"es\"},{\"@type\":\"Organization\",\"@id\":\"https:\\\/\\\/canal7slp.tv\\\/2025\\\/#organization\",\"name\":\"Noticieros Canal 7\",\"url\":\"https:\\\/\\\/canal7slp.tv\\\/2025\\\/\",\"logo\":{\"@type\":\"ImageObject\",\"inLanguage\":\"es\",\"@id\":\"https:\\\/\\\/canal7slp.tv\\\/2025\\\/#\\\/schema\\\/logo\\\/image\\\/\",\"url\":\"https:\\\/\\\/canal7slp.tv\\\/2025\\\/wp-content\\\/uploads\\\/2021\\\/01\\\/logo-noticieros@2x.png\",\"contentUrl\":\"https:\\\/\\\/canal7slp.tv\\\/2025\\\/wp-content\\\/uploads\\\/2021\\\/01\\\/logo-noticieros@2x.png\",\"width\":1017,\"height\":268,\"caption\":\"Noticieros Canal 7\"},\"image\":{\"@id\":\"https:\\\/\\\/canal7slp.tv\\\/2025\\\/#\\\/schema\\\/logo\\\/image\\\/\"},\"sameAs\":[\"https:\\\/\\\/www.facebook.com\\\/noticieroscanal7atencionciudadana\\\/\",\"https:\\\/\\\/x.com\\\/NOTICIEROS7\",\"https:\\\/\\\/www.instagram.com\\\/canal7_slp\",\"https:\\\/\\\/www.youtube.com\\\/channel\\\/UCliiYs-gP3JfJeqdPrNdd5A\"]},{\"@type\":\"Person\",\"@id\":\"https:\\\/\\\/canal7slp.tv\\\/2025\\\/#\\\/schema\\\/person\\\/271e2b60a96e7cc9d9ac296f4d7e414b\",\"name\":\"Edici\u00f3n Web\",\"image\":{\"@type\":\"ImageObject\",\"inLanguage\":\"es\",\"@id\":\"https:\\\/\\\/secure.gravatar.com\\\/avatar\\\/eee448fc3f7164808013b816ba91ac7e43bbe82a70bebac296f8bc6f0addaa1a?s=96&d=mm&r=g\",\"url\":\"https:\\\/\\\/secure.gravatar.com\\\/avatar\\\/eee448fc3f7164808013b816ba91ac7e43bbe82a70bebac296f8bc6f0addaa1a?s=96&d=mm&r=g\",\"contentUrl\":\"https:\\\/\\\/secure.gravatar.com\\\/avatar\\\/eee448fc3f7164808013b816ba91ac7e43bbe82a70bebac296f8bc6f0addaa1a?s=96&d=mm&r=g\",\"caption\":\"Edici\u00f3n Web\"},\"url\":\"https:\\\/\\\/canal7slp.tv\\\/2025\\\/author\\\/edicionweb\\\/\"}]}<\/script>\n<!-- \/ Yoast SEO plugin. -->","yoast_head_json":{"title":"El diputado federal Juan Carlos Valladares a favor de que contin\u00fae el Tratado Comercial entre M\u00e9xico, Estados Unidos y Canad\u00e1 - Canal 7 SLP - 2025","robots":{"index":"index","follow":"follow","max-snippet":"max-snippet:-1","max-image-preview":"max-image-preview:large","max-video-preview":"max-video-preview:-1"},"canonical":"https:\/\/canal7slp.tv\/2025\/el-diputado-federal-juan-carlos-valladares-a-favor-de-que-continue-el-tratado-comercial-entre-mexico-estados-unidos-y-canada\/","og_locale":"es_ES","og_type":"article","og_title":"El diputado federal Juan Carlos Valladares a favor de que contin\u00fae el Tratado Comercial entre M\u00e9xico, Estados Unidos y Canad\u00e1 - Canal 7 SLP - 2025","og_description":"SLP.- Para M\u00e9xico, lo m\u00e1s importante es que siga el tratado comercial con Estados Unidos y Canad\u00e1 consider\u00f3 el diputado federal Juan Carlos Valladares Eichelmann, al referirse a la pr\u00f3xima revisi\u00f3n del TMEC. Integrante de las comisiones legislativas de Energ\u00eda, Desarrollo Econ\u00f3mico y Relaciones Exteriores en la C\u00e1mara de Diputados el legislador federal destac\u00f3 que iniciar una guerra arancelaria con Estados Unidos, ser\u00eda m\u00e1s perjudicial para M\u00e9xico que para los estadounidenses. En este contexto, Valladares Eichelmann record\u00f3 que el 80 por ciento de las exportaciones de M\u00e9xico se van a los Estados Unidos al decir tambi\u00e9n que San Luis Potos\u00ed, [&hellip;]","og_url":"https:\/\/canal7slp.tv\/2025\/el-diputado-federal-juan-carlos-valladares-a-favor-de-que-continue-el-tratado-comercial-entre-mexico-estados-unidos-y-canada\/","og_site_name":"Canal 7 SLP - 2025","article_publisher":"https:\/\/www.facebook.com\/noticieroscanal7atencionciudadana\/","article_published_time":"2025-01-10T03:32:50+00:00","og_image":[{"width":1280,"height":720,"url":"https:\/\/canal7slp.tv\/2025\/wp-content\/uploads\/2025\/01\/Claudio03Valladares.jpg","type":"image\/jpeg"}],"author":"Edici\u00f3n Web","twitter_card":"summary_large_image","twitter_creator":"@NOTICIEROS7","twitter_site":"@NOTICIEROS7","twitter_misc":{"Escrito por":"Edici\u00f3n Web","Tiempo de lectura":"1 minuto"},"schema":{"@context":"https:\/\/schema.org","@graph":[{"@type":"Article","@id":"https:\/\/canal7slp.tv\/2025\/el-diputado-federal-juan-carlos-valladares-a-favor-de-que-continue-el-tratado-comercial-entre-mexico-estados-unidos-y-canada\/#article","isPartOf":{"@id":"https:\/\/canal7slp.tv\/2025\/el-diputado-federal-juan-carlos-valladares-a-favor-de-que-continue-el-tratado-comercial-entre-mexico-estados-unidos-y-canada\/"},"author":{"name":"Edici\u00f3n Web","@id":"https:\/\/canal7slp.tv\/2025\/#\/schema\/person\/271e2b60a96e7cc9d9ac296f4d7e414b"},"headline":"El diputado federal Juan Carlos Valladares a favor de que contin\u00fae el Tratado Comercial entre M\u00e9xico, Estados Unidos y Canad\u00e1","datePublished":"2025-01-10T03:32:50+00:00","mainEntityOfPage":{"@id":"https:\/\/canal7slp.tv\/2025\/el-diputado-federal-juan-carlos-valladares-a-favor-de-que-continue-el-tratado-comercial-entre-mexico-estados-unidos-y-canada\/"},"wordCount":202,"publisher":{"@id":"https:\/\/canal7slp.tv\/2025\/#organization"},"image":{"@id":"https:\/\/canal7slp.tv\/2025\/el-diputado-federal-juan-carlos-valladares-a-favor-de-que-continue-el-tratado-comercial-entre-mexico-estados-unidos-y-canada\/#primaryimage"},"thumbnailUrl":"https:\/\/canal7slp.tv\/2025\/wp-content\/uploads\/2025\/01\/Claudio03Valladares.jpg","articleSection":["DESTACADAS","LOCALES Y REGIONALES"],"inLanguage":"es"},{"@type":"WebPage","@id":"https:\/\/canal7slp.tv\/2025\/el-diputado-federal-juan-carlos-valladares-a-favor-de-que-continue-el-tratado-comercial-entre-mexico-estados-unidos-y-canada\/","url":"https:\/\/canal7slp.tv\/2025\/el-diputado-federal-juan-carlos-valladares-a-favor-de-que-continue-el-tratado-comercial-entre-mexico-estados-unidos-y-canada\/","name":"El diputado federal Juan Carlos Valladares a favor de que contin\u00fae el Tratado Comercial entre M\u00e9xico, Estados Unidos y Canad\u00e1 - Canal 7 SLP - 2025","isPartOf":{"@id":"https:\/\/canal7slp.tv\/2025\/#website"},"primaryImageOfPage":{"@id":"https:\/\/canal7slp.tv\/2025\/el-diputado-federal-juan-carlos-valladares-a-favor-de-que-continue-el-tratado-comercial-entre-mexico-estados-unidos-y-canada\/#primaryimage"},"image":{"@id":"https:\/\/canal7slp.tv\/2025\/el-diputado-federal-juan-carlos-valladares-a-favor-de-que-continue-el-tratado-comercial-entre-mexico-estados-unidos-y-canada\/#primaryimage"},"thumbnailUrl":"https:\/\/canal7slp.tv\/2025\/wp-content\/uploads\/2025\/01\/Claudio03Valladares.jpg","datePublished":"2025-01-10T03:32:50+00:00","breadcrumb":{"@id":"https:\/\/canal7slp.tv\/2025\/el-diputado-federal-juan-carlos-valladares-a-favor-de-que-continue-el-tratado-comercial-entre-mexico-estados-unidos-y-canada\/#breadcrumb"},"inLanguage":"es","potentialAction":[{"@type":"ReadAction","target":["https:\/\/canal7slp.tv\/2025\/el-diputado-federal-juan-carlos-valladares-a-favor-de-que-continue-el-tratado-comercial-entre-mexico-estados-unidos-y-canada\/"]}]},{"@type":"ImageObject","inLanguage":"es","@id":"https:\/\/canal7slp.tv\/2025\/el-diputado-federal-juan-carlos-valladares-a-favor-de-que-continue-el-tratado-comercial-entre-mexico-estados-unidos-y-canada\/#primaryimage","url":"https:\/\/canal7slp.tv\/2025\/wp-content\/uploads\/2025\/01\/Claudio03Valladares.jpg","contentUrl":"https:\/\/canal7slp.tv\/2025\/wp-content\/uploads\/2025\/01\/Claudio03Valladares.jpg","width":1280,"height":720},{"@type":"BreadcrumbList","@id":"https:\/\/canal7slp.tv\/2025\/el-diputado-federal-juan-carlos-valladares-a-favor-de-que-continue-el-tratado-comercial-entre-mexico-estados-unidos-y-canada\/#breadcrumb","itemListElement":[{"@type":"ListItem","position":1,"name":"Portada","item":"https:\/\/canal7slp.tv\/2025\/"},{"@type":"ListItem","position":2,"name":"El diputado federal Juan Carlos Valladares a favor de que contin\u00fae el Tratado Comercial entre M\u00e9xico, Estados Unidos y Canad\u00e1"}]},{"@type":"WebSite","@id":"https:\/\/canal7slp.tv\/2025\/#website","url":"https:\/\/canal7slp.tv\/2025\/","name":"N7 - Noticieros Canal 7","description":"Somos el Medio","publisher":{"@id":"https:\/\/canal7slp.tv\/2025\/#organization"},"potentialAction":[{"@type":"SearchAction","target":{"@type":"EntryPoint","urlTemplate":"https:\/\/canal7slp.tv\/2025\/?s={search_term_string}"},"query-input":{"@type":"PropertyValueSpecification","valueRequired":true,"valueName":"search_term_string"}}],"inLanguage":"es"},{"@type":"Organization","@id":"https:\/\/canal7slp.tv\/2025\/#organization","name":"Noticieros Canal 7","url":"https:\/\/canal7slp.tv\/2025\/","logo":{"@type":"ImageObject","inLanguage":"es","@id":"https:\/\/canal7slp.tv\/2025\/#\/schema\/logo\/image\/","url":"https:\/\/canal7slp.tv\/2025\/wp-content\/uploads\/2021\/01\/logo-noticieros@2x.png","contentUrl":"https:\/\/canal7slp.tv\/2025\/wp-content\/uploads\/2021\/01\/logo-noticieros@2x.png","width":1017,"height":268,"caption":"Noticieros Canal 7"},"image":{"@id":"https:\/\/canal7slp.tv\/2025\/#\/schema\/logo\/image\/"},"sameAs":["https:\/\/www.facebook.com\/noticieroscanal7atencionciudadana\/","https:\/\/x.com\/NOTICIEROS7","https:\/\/www.instagram.com\/canal7_slp","https:\/\/www.youtube.com\/channel\/UCliiYs-gP3JfJeqdPrNdd5A"]},{"@type":"Person","@id":"https:\/\/canal7slp.tv\/2025\/#\/schema\/person\/271e2b60a96e7cc9d9ac296f4d7e414b","name":"Edici\u00f3n Web","image":{"@type":"ImageObject","inLanguage":"es","@id":"https:\/\/secure.gravatar.com\/avatar\/eee448fc3f7164808013b816ba91ac7e43bbe82a70bebac296f8bc6f0addaa1a?s=96&d=mm&r=g","url":"https:\/\/secure.gravatar.com\/avatar\/eee448fc3f7164808013b816ba91ac7e43bbe82a70bebac296f8bc6f0addaa1a?s=96&d=mm&r=g","contentUrl":"https:\/\/secure.gravatar.com\/avatar\/eee448fc3f7164808013b816ba91ac7e43bbe82a70bebac296f8bc6f0addaa1a?s=96&d=mm&r=g","caption":"Edici\u00f3n Web"},"url":"https:\/\/canal7slp.tv\/2025\/author\/edicionweb\/"}]}},"_links":{"self":[{"href":"https:\/\/canal7slp.tv\/2025\/wp-json\/wp\/v2\/posts\/153909","targetHints":{"allow":["GET"]}}],"collection":[{"href":"https:\/\/canal7slp.tv\/2025\/wp-json\/wp\/v2\/posts"}],"about":[{"href":"https:\/\/canal7slp.tv\/2025\/wp-json\/wp\/v2\/types\/post"}],"author":[{"embeddable":true,"href":"https:\/\/canal7slp.tv\/2025\/wp-json\/wp\/v2\/users\/2"}],"replies":[{"embeddable":true,"href":"https:\/\/canal7slp.tv\/2025\/wp-json\/wp\/v2\/comments?post=153909"}],"version-history":[{"count":2,"href":"https:\/\/canal7slp.tv\/2025\/wp-json\/wp\/v2\/posts\/153909\/revisions"}],"predecessor-version":[{"id":153961,"href":"https:\/\/canal7slp.tv\/2025\/wp-json\/wp\/v2\/posts\/153909\/revisions\/153961"}],"wp:featuredmedia":[{"embeddable":true,"href":"https:\/\/canal7slp.tv\/2025\/wp-json\/wp\/v2\/media\/153960"}],"wp:attachment":[{"href":"https:\/\/canal7slp.tv\/2025\/wp-json\/wp\/v2\/media?parent=153909"}],"wp:term":[{"taxonomy":"category","embeddable":true,"href":"https:\/\/canal7slp.tv\/2025\/wp-json\/wp\/v2\/categories?post=153909"},{"taxonomy":"post_tag","embeddable":true,"href":"https:\/\/canal7slp.tv\/2025\/wp-json\/wp\/v2\/tags?post=153909"}],"curies":[{"name":"wp","href":"https:\/\/api.w.org\/{rel}","templated":true}]}}