{"id":153908,"date":"2025-01-09T21:27:04","date_gmt":"2025-01-10T03:27:04","guid":{"rendered":"https:\/\/canal7slp.tv\/2025\/?p=153908"},"modified":"2025-01-09T21:27:04","modified_gmt":"2025-01-10T03:27:04","slug":"migracion-uno-de-los-principales-temas-a-tratar-entre-los-presidentes-de-estados-unidos-y-de-mexico","status":"publish","type":"post","link":"https:\/\/canal7slp.tv\/2025\/migracion-uno-de-los-principales-temas-a-tratar-entre-los-presidentes-de-estados-unidos-y-de-mexico\/","title":{"rendered":"Migraci\u00f3n uno de los principales temas a tratar entre los presidentes de Estados Unidos y de M\u00e9xico"},"content":{"rendered":"<p style=\"text-align: justify;\"><span style=\"font-size: 1.21429rem;\">SLP.- A once d\u00edas de que Donald Trump por segunda vez tome posesi\u00f3n como presidente de los Estados Unidos el presidente de la Confederaci\u00f3n Patronal de la Rep\u00fablica Mexicana en San Luis Potos\u00ed Luis Gerardo Ortu\u00f1o, afirm\u00f3 que genera preocupaci\u00f3n en el sector productivo del pa\u00eds sus amagos sobre el cobro de aranceles.<\/span><\/p>\n<p style=\"text-align: justify;\">Asimismo, el empresario opin\u00f3 que el controvertido presidente electo debe matizar su postura en el tema de los migrantes al decir que ellos, son uno de los pilares que fortalecen la econom\u00eda del vecino pa\u00eds del norte.<\/p>\n<p style=\"text-align: justify;\">El tambi\u00e9n coordinador de las Alianza Empresarial en San Luis Potos\u00ed coment\u00f3 que en el tema de los migrantes M\u00e9xico y Estados Unidos deben abrirse al di\u00e1logo y que los presidentes de ambos pa\u00edses, busquen alternativas para abrir un camino hacia el beneficio com\u00fan entre ambos pa\u00edses.<\/p>\n<p style=\"text-align: justify;\">Asimismo, el presidente de COPARMEX se\u00f1al\u00f3 que una situaci\u00f3n similar sucede con la frontera sur de nuestro pa\u00eds al decir que M\u00e9xico, debe regular el flujo de migrantes que provienen de Centroam\u00e9rica.<\/p>\n<p style=\"text-align: justify;\">Por: Claudio Ibarra<\/p>\n","protected":false},"excerpt":{"rendered":"<p>SLP.- A once d\u00edas de que Donald Trump por segunda vez tome posesi\u00f3n como presidente de los Estados Unidos el presidente de la Confederaci\u00f3n Patronal de la Rep\u00fablica Mexicana en San Luis Potos\u00ed Luis Gerardo Ortu\u00f1o, afirm\u00f3 que genera preocupaci\u00f3n en el sector productivo del pa\u00eds sus amagos sobre el cobro de aranceles. Asimismo, el empresario opin\u00f3 que el controvertido presidente electo debe matizar su postura en el tema de los migrantes al decir que ellos, son uno de los pilares que fortalecen la econom\u00eda del vecino pa\u00eds del norte. El tambi\u00e9n coordinador de las Alianza Empresarial en San Luis [&hellip;]<\/p>\n","protected":false},"author":2,"featured_media":153957,"comment_status":"closed","ping_status":"closed","sticky":false,"template":"","format":"video","meta":{"_monsterinsights_skip_tracking":false,"_monsterinsights_sitenote_active":false,"_monsterinsights_sitenote_note":"","_monsterinsights_sitenote_category":0,"footnotes":""},"categories":[5,45],"tags":[],"class_list":["post-153908","post","type-post","status-publish","format-video","has-post-thumbnail","hentry","category-destacadas","category-localesyregionales","post_format-post-format-video","post--single"],"yoast_head":"<!-- This site is optimized with the Yoast SEO plugin v27.5 - https:\/\/yoast.com\/product\/yoast-seo-wordpress\/ -->\n<title>Migraci\u00f3n uno de los principales temas a tratar entre los presidentes de Estados Unidos y de M\u00e9xico - Canal 7 SLP - 2025<\/title>\n<meta name=\"robots\" content=\"index, follow, max-snippet:-1, max-image-preview:large, max-video-preview:-1\" \/>\n<link rel=\"canonical\" href=\"https:\/\/canal7slp.tv\/2025\/migracion-uno-de-los-principales-temas-a-tratar-entre-los-presidentes-de-estados-unidos-y-de-mexico\/\" \/>\n<meta property=\"og:locale\" content=\"es_ES\" \/>\n<meta property=\"og:type\" content=\"article\" \/>\n<meta property=\"og:title\" content=\"Migraci\u00f3n uno de los principales temas a tratar entre los presidentes de Estados Unidos y de M\u00e9xico - Canal 7 SLP - 2025\" \/>\n<meta property=\"og:description\" content=\"SLP.- A once d\u00edas de que Donald Trump por segunda vez tome posesi\u00f3n como presidente de los Estados Unidos el presidente de la Confederaci\u00f3n Patronal de la Rep\u00fablica Mexicana en San Luis Potos\u00ed Luis Gerardo Ortu\u00f1o, afirm\u00f3 que genera preocupaci\u00f3n en el sector productivo del pa\u00eds sus amagos sobre el cobro de aranceles. Asimismo, el empresario opin\u00f3 que el controvertido presidente electo debe matizar su postura en el tema de los migrantes al decir que ellos, son uno de los pilares que fortalecen la econom\u00eda del vecino pa\u00eds del norte. El tambi\u00e9n coordinador de las Alianza Empresarial en San Luis [&hellip;]\" \/>\n<meta property=\"og:url\" content=\"https:\/\/canal7slp.tv\/2025\/migracion-uno-de-los-principales-temas-a-tratar-entre-los-presidentes-de-estados-unidos-y-de-mexico\/\" \/>\n<meta property=\"og:site_name\" content=\"Canal 7 SLP - 2025\" \/>\n<meta property=\"article:publisher\" content=\"https:\/\/www.facebook.com\/noticieroscanal7atencionciudadana\/\" \/>\n<meta property=\"article:published_time\" content=\"2025-01-10T03:27:04+00:00\" \/>\n<meta property=\"og:image\" content=\"https:\/\/canal7slp.tv\/2025\/wp-content\/uploads\/2025\/01\/Claudio02Postura.jpg\" \/>\n\t<meta property=\"og:image:width\" content=\"1280\" \/>\n\t<meta property=\"og:image:height\" content=\"720\" \/>\n\t<meta property=\"og:image:type\" content=\"image\/jpeg\" \/>\n<meta name=\"author\" content=\"Edici\u00f3n Web\" \/>\n<meta name=\"twitter:card\" content=\"summary_large_image\" \/>\n<meta name=\"twitter:creator\" content=\"@NOTICIEROS7\" \/>\n<meta name=\"twitter:site\" content=\"@NOTICIEROS7\" \/>\n<meta name=\"twitter:label1\" content=\"Escrito por\" \/>\n\t<meta name=\"twitter:data1\" content=\"Edici\u00f3n Web\" \/>\n\t<meta name=\"twitter:label2\" content=\"Tiempo de lectura\" \/>\n\t<meta name=\"twitter:data2\" content=\"1 minuto\" \/>\n<script type=\"application\/ld+json\" class=\"yoast-schema-graph\">{\"@context\":\"https:\\\/\\\/schema.org\",\"@graph\":[{\"@type\":\"Article\",\"@id\":\"https:\\\/\\\/canal7slp.tv\\\/2025\\\/migracion-uno-de-los-principales-temas-a-tratar-entre-los-presidentes-de-estados-unidos-y-de-mexico\\\/#article\",\"isPartOf\":{\"@id\":\"https:\\\/\\\/canal7slp.tv\\\/2025\\\/migracion-uno-de-los-principales-temas-a-tratar-entre-los-presidentes-de-estados-unidos-y-de-mexico\\\/\"},\"author\":{\"name\":\"Edici\u00f3n Web\",\"@id\":\"https:\\\/\\\/canal7slp.tv\\\/2025\\\/#\\\/schema\\\/person\\\/271e2b60a96e7cc9d9ac296f4d7e414b\"},\"headline\":\"Migraci\u00f3n uno de los principales temas a tratar entre los presidentes de Estados Unidos y de M\u00e9xico\",\"datePublished\":\"2025-01-10T03:27:04+00:00\",\"mainEntityOfPage\":{\"@id\":\"https:\\\/\\\/canal7slp.tv\\\/2025\\\/migracion-uno-de-los-principales-temas-a-tratar-entre-los-presidentes-de-estados-unidos-y-de-mexico\\\/\"},\"wordCount\":212,\"publisher\":{\"@id\":\"https:\\\/\\\/canal7slp.tv\\\/2025\\\/#organization\"},\"image\":{\"@id\":\"https:\\\/\\\/canal7slp.tv\\\/2025\\\/migracion-uno-de-los-principales-temas-a-tratar-entre-los-presidentes-de-estados-unidos-y-de-mexico\\\/#primaryimage\"},\"thumbnailUrl\":\"https:\\\/\\\/canal7slp.tv\\\/2025\\\/wp-content\\\/uploads\\\/2025\\\/01\\\/Claudio02Postura.jpg\",\"articleSection\":[\"DESTACADAS\",\"LOCALES Y REGIONALES\"],\"inLanguage\":\"es\"},{\"@type\":\"WebPage\",\"@id\":\"https:\\\/\\\/canal7slp.tv\\\/2025\\\/migracion-uno-de-los-principales-temas-a-tratar-entre-los-presidentes-de-estados-unidos-y-de-mexico\\\/\",\"url\":\"https:\\\/\\\/canal7slp.tv\\\/2025\\\/migracion-uno-de-los-principales-temas-a-tratar-entre-los-presidentes-de-estados-unidos-y-de-mexico\\\/\",\"name\":\"Migraci\u00f3n uno de los principales temas a tratar entre los presidentes de Estados Unidos y de M\u00e9xico - Canal 7 SLP - 2025\",\"isPartOf\":{\"@id\":\"https:\\\/\\\/canal7slp.tv\\\/2025\\\/#website\"},\"primaryImageOfPage\":{\"@id\":\"https:\\\/\\\/canal7slp.tv\\\/2025\\\/migracion-uno-de-los-principales-temas-a-tratar-entre-los-presidentes-de-estados-unidos-y-de-mexico\\\/#primaryimage\"},\"image\":{\"@id\":\"https:\\\/\\\/canal7slp.tv\\\/2025\\\/migracion-uno-de-los-principales-temas-a-tratar-entre-los-presidentes-de-estados-unidos-y-de-mexico\\\/#primaryimage\"},\"thumbnailUrl\":\"https:\\\/\\\/canal7slp.tv\\\/2025\\\/wp-content\\\/uploads\\\/2025\\\/01\\\/Claudio02Postura.jpg\",\"datePublished\":\"2025-01-10T03:27:04+00:00\",\"breadcrumb\":{\"@id\":\"https:\\\/\\\/canal7slp.tv\\\/2025\\\/migracion-uno-de-los-principales-temas-a-tratar-entre-los-presidentes-de-estados-unidos-y-de-mexico\\\/#breadcrumb\"},\"inLanguage\":\"es\",\"potentialAction\":[{\"@type\":\"ReadAction\",\"target\":[\"https:\\\/\\\/canal7slp.tv\\\/2025\\\/migracion-uno-de-los-principales-temas-a-tratar-entre-los-presidentes-de-estados-unidos-y-de-mexico\\\/\"]}]},{\"@type\":\"ImageObject\",\"inLanguage\":\"es\",\"@id\":\"https:\\\/\\\/canal7slp.tv\\\/2025\\\/migracion-uno-de-los-principales-temas-a-tratar-entre-los-presidentes-de-estados-unidos-y-de-mexico\\\/#primaryimage\",\"url\":\"https:\\\/\\\/canal7slp.tv\\\/2025\\\/wp-content\\\/uploads\\\/2025\\\/01\\\/Claudio02Postura.jpg\",\"contentUrl\":\"https:\\\/\\\/canal7slp.tv\\\/2025\\\/wp-content\\\/uploads\\\/2025\\\/01\\\/Claudio02Postura.jpg\",\"width\":1280,\"height\":720},{\"@type\":\"BreadcrumbList\",\"@id\":\"https:\\\/\\\/canal7slp.tv\\\/2025\\\/migracion-uno-de-los-principales-temas-a-tratar-entre-los-presidentes-de-estados-unidos-y-de-mexico\\\/#breadcrumb\",\"itemListElement\":[{\"@type\":\"ListItem\",\"position\":1,\"name\":\"Portada\",\"item\":\"https:\\\/\\\/canal7slp.tv\\\/2025\\\/\"},{\"@type\":\"ListItem\",\"position\":2,\"name\":\"Migraci\u00f3n uno de los principales temas a tratar entre los presidentes de Estados Unidos y de M\u00e9xico\"}]},{\"@type\":\"WebSite\",\"@id\":\"https:\\\/\\\/canal7slp.tv\\\/2025\\\/#website\",\"url\":\"https:\\\/\\\/canal7slp.tv\\\/2025\\\/\",\"name\":\"N7 - Noticieros Canal 7\",\"description\":\"Somos el Medio\",\"publisher\":{\"@id\":\"https:\\\/\\\/canal7slp.tv\\\/2025\\\/#organization\"},\"potentialAction\":[{\"@type\":\"SearchAction\",\"target\":{\"@type\":\"EntryPoint\",\"urlTemplate\":\"https:\\\/\\\/canal7slp.tv\\\/2025\\\/?s={search_term_string}\"},\"query-input\":{\"@type\":\"PropertyValueSpecification\",\"valueRequired\":true,\"valueName\":\"search_term_string\"}}],\"inLanguage\":\"es\"},{\"@type\":\"Organization\",\"@id\":\"https:\\\/\\\/canal7slp.tv\\\/2025\\\/#organization\",\"name\":\"Noticieros Canal 7\",\"url\":\"https:\\\/\\\/canal7slp.tv\\\/2025\\\/\",\"logo\":{\"@type\":\"ImageObject\",\"inLanguage\":\"es\",\"@id\":\"https:\\\/\\\/canal7slp.tv\\\/2025\\\/#\\\/schema\\\/logo\\\/image\\\/\",\"url\":\"https:\\\/\\\/canal7slp.tv\\\/2025\\\/wp-content\\\/uploads\\\/2021\\\/01\\\/logo-noticieros@2x.png\",\"contentUrl\":\"https:\\\/\\\/canal7slp.tv\\\/2025\\\/wp-content\\\/uploads\\\/2021\\\/01\\\/logo-noticieros@2x.png\",\"width\":1017,\"height\":268,\"caption\":\"Noticieros Canal 7\"},\"image\":{\"@id\":\"https:\\\/\\\/canal7slp.tv\\\/2025\\\/#\\\/schema\\\/logo\\\/image\\\/\"},\"sameAs\":[\"https:\\\/\\\/www.facebook.com\\\/noticieroscanal7atencionciudadana\\\/\",\"https:\\\/\\\/x.com\\\/NOTICIEROS7\",\"https:\\\/\\\/www.instagram.com\\\/canal7_slp\",\"https:\\\/\\\/www.youtube.com\\\/channel\\\/UCliiYs-gP3JfJeqdPrNdd5A\"]},{\"@type\":\"Person\",\"@id\":\"https:\\\/\\\/canal7slp.tv\\\/2025\\\/#\\\/schema\\\/person\\\/271e2b60a96e7cc9d9ac296f4d7e414b\",\"name\":\"Edici\u00f3n Web\",\"image\":{\"@type\":\"ImageObject\",\"inLanguage\":\"es\",\"@id\":\"https:\\\/\\\/secure.gravatar.com\\\/avatar\\\/eee448fc3f7164808013b816ba91ac7e43bbe82a70bebac296f8bc6f0addaa1a?s=96&d=mm&r=g\",\"url\":\"https:\\\/\\\/secure.gravatar.com\\\/avatar\\\/eee448fc3f7164808013b816ba91ac7e43bbe82a70bebac296f8bc6f0addaa1a?s=96&d=mm&r=g\",\"contentUrl\":\"https:\\\/\\\/secure.gravatar.com\\\/avatar\\\/eee448fc3f7164808013b816ba91ac7e43bbe82a70bebac296f8bc6f0addaa1a?s=96&d=mm&r=g\",\"caption\":\"Edici\u00f3n Web\"},\"url\":\"https:\\\/\\\/canal7slp.tv\\\/2025\\\/author\\\/edicionweb\\\/\"}]}<\/script>\n<!-- \/ Yoast SEO plugin. -->","yoast_head_json":{"title":"Migraci\u00f3n uno de los principales temas a tratar entre los presidentes de Estados Unidos y de M\u00e9xico - Canal 7 SLP - 2025","robots":{"index":"index","follow":"follow","max-snippet":"max-snippet:-1","max-image-preview":"max-image-preview:large","max-video-preview":"max-video-preview:-1"},"canonical":"https:\/\/canal7slp.tv\/2025\/migracion-uno-de-los-principales-temas-a-tratar-entre-los-presidentes-de-estados-unidos-y-de-mexico\/","og_locale":"es_ES","og_type":"article","og_title":"Migraci\u00f3n uno de los principales temas a tratar entre los presidentes de Estados Unidos y de M\u00e9xico - Canal 7 SLP - 2025","og_description":"SLP.- A once d\u00edas de que Donald Trump por segunda vez tome posesi\u00f3n como presidente de los Estados Unidos el presidente de la Confederaci\u00f3n Patronal de la Rep\u00fablica Mexicana en San Luis Potos\u00ed Luis Gerardo Ortu\u00f1o, afirm\u00f3 que genera preocupaci\u00f3n en el sector productivo del pa\u00eds sus amagos sobre el cobro de aranceles. Asimismo, el empresario opin\u00f3 que el controvertido presidente electo debe matizar su postura en el tema de los migrantes al decir que ellos, son uno de los pilares que fortalecen la econom\u00eda del vecino pa\u00eds del norte. El tambi\u00e9n coordinador de las Alianza Empresarial en San Luis [&hellip;]","og_url":"https:\/\/canal7slp.tv\/2025\/migracion-uno-de-los-principales-temas-a-tratar-entre-los-presidentes-de-estados-unidos-y-de-mexico\/","og_site_name":"Canal 7 SLP - 2025","article_publisher":"https:\/\/www.facebook.com\/noticieroscanal7atencionciudadana\/","article_published_time":"2025-01-10T03:27:04+00:00","og_image":[{"width":1280,"height":720,"url":"https:\/\/canal7slp.tv\/2025\/wp-content\/uploads\/2025\/01\/Claudio02Postura.jpg","type":"image\/jpeg"}],"author":"Edici\u00f3n Web","twitter_card":"summary_large_image","twitter_creator":"@NOTICIEROS7","twitter_site":"@NOTICIEROS7","twitter_misc":{"Escrito por":"Edici\u00f3n Web","Tiempo de lectura":"1 minuto"},"schema":{"@context":"https:\/\/schema.org","@graph":[{"@type":"Article","@id":"https:\/\/canal7slp.tv\/2025\/migracion-uno-de-los-principales-temas-a-tratar-entre-los-presidentes-de-estados-unidos-y-de-mexico\/#article","isPartOf":{"@id":"https:\/\/canal7slp.tv\/2025\/migracion-uno-de-los-principales-temas-a-tratar-entre-los-presidentes-de-estados-unidos-y-de-mexico\/"},"author":{"name":"Edici\u00f3n Web","@id":"https:\/\/canal7slp.tv\/2025\/#\/schema\/person\/271e2b60a96e7cc9d9ac296f4d7e414b"},"headline":"Migraci\u00f3n uno de los principales temas a tratar entre los presidentes de Estados Unidos y de M\u00e9xico","datePublished":"2025-01-10T03:27:04+00:00","mainEntityOfPage":{"@id":"https:\/\/canal7slp.tv\/2025\/migracion-uno-de-los-principales-temas-a-tratar-entre-los-presidentes-de-estados-unidos-y-de-mexico\/"},"wordCount":212,"publisher":{"@id":"https:\/\/canal7slp.tv\/2025\/#organization"},"image":{"@id":"https:\/\/canal7slp.tv\/2025\/migracion-uno-de-los-principales-temas-a-tratar-entre-los-presidentes-de-estados-unidos-y-de-mexico\/#primaryimage"},"thumbnailUrl":"https:\/\/canal7slp.tv\/2025\/wp-content\/uploads\/2025\/01\/Claudio02Postura.jpg","articleSection":["DESTACADAS","LOCALES Y REGIONALES"],"inLanguage":"es"},{"@type":"WebPage","@id":"https:\/\/canal7slp.tv\/2025\/migracion-uno-de-los-principales-temas-a-tratar-entre-los-presidentes-de-estados-unidos-y-de-mexico\/","url":"https:\/\/canal7slp.tv\/2025\/migracion-uno-de-los-principales-temas-a-tratar-entre-los-presidentes-de-estados-unidos-y-de-mexico\/","name":"Migraci\u00f3n uno de los principales temas a tratar entre los presidentes de Estados Unidos y de M\u00e9xico - Canal 7 SLP - 2025","isPartOf":{"@id":"https:\/\/canal7slp.tv\/2025\/#website"},"primaryImageOfPage":{"@id":"https:\/\/canal7slp.tv\/2025\/migracion-uno-de-los-principales-temas-a-tratar-entre-los-presidentes-de-estados-unidos-y-de-mexico\/#primaryimage"},"image":{"@id":"https:\/\/canal7slp.tv\/2025\/migracion-uno-de-los-principales-temas-a-tratar-entre-los-presidentes-de-estados-unidos-y-de-mexico\/#primaryimage"},"thumbnailUrl":"https:\/\/canal7slp.tv\/2025\/wp-content\/uploads\/2025\/01\/Claudio02Postura.jpg","datePublished":"2025-01-10T03:27:04+00:00","breadcrumb":{"@id":"https:\/\/canal7slp.tv\/2025\/migracion-uno-de-los-principales-temas-a-tratar-entre-los-presidentes-de-estados-unidos-y-de-mexico\/#breadcrumb"},"inLanguage":"es","potentialAction":[{"@type":"ReadAction","target":["https:\/\/canal7slp.tv\/2025\/migracion-uno-de-los-principales-temas-a-tratar-entre-los-presidentes-de-estados-unidos-y-de-mexico\/"]}]},{"@type":"ImageObject","inLanguage":"es","@id":"https:\/\/canal7slp.tv\/2025\/migracion-uno-de-los-principales-temas-a-tratar-entre-los-presidentes-de-estados-unidos-y-de-mexico\/#primaryimage","url":"https:\/\/canal7slp.tv\/2025\/wp-content\/uploads\/2025\/01\/Claudio02Postura.jpg","contentUrl":"https:\/\/canal7slp.tv\/2025\/wp-content\/uploads\/2025\/01\/Claudio02Postura.jpg","width":1280,"height":720},{"@type":"BreadcrumbList","@id":"https:\/\/canal7slp.tv\/2025\/migracion-uno-de-los-principales-temas-a-tratar-entre-los-presidentes-de-estados-unidos-y-de-mexico\/#breadcrumb","itemListElement":[{"@type":"ListItem","position":1,"name":"Portada","item":"https:\/\/canal7slp.tv\/2025\/"},{"@type":"ListItem","position":2,"name":"Migraci\u00f3n uno de los principales temas a tratar entre los presidentes de Estados Unidos y de M\u00e9xico"}]},{"@type":"WebSite","@id":"https:\/\/canal7slp.tv\/2025\/#website","url":"https:\/\/canal7slp.tv\/2025\/","name":"N7 - Noticieros Canal 7","description":"Somos el Medio","publisher":{"@id":"https:\/\/canal7slp.tv\/2025\/#organization"},"potentialAction":[{"@type":"SearchAction","target":{"@type":"EntryPoint","urlTemplate":"https:\/\/canal7slp.tv\/2025\/?s={search_term_string}"},"query-input":{"@type":"PropertyValueSpecification","valueRequired":true,"valueName":"search_term_string"}}],"inLanguage":"es"},{"@type":"Organization","@id":"https:\/\/canal7slp.tv\/2025\/#organization","name":"Noticieros Canal 7","url":"https:\/\/canal7slp.tv\/2025\/","logo":{"@type":"ImageObject","inLanguage":"es","@id":"https:\/\/canal7slp.tv\/2025\/#\/schema\/logo\/image\/","url":"https:\/\/canal7slp.tv\/2025\/wp-content\/uploads\/2021\/01\/logo-noticieros@2x.png","contentUrl":"https:\/\/canal7slp.tv\/2025\/wp-content\/uploads\/2021\/01\/logo-noticieros@2x.png","width":1017,"height":268,"caption":"Noticieros Canal 7"},"image":{"@id":"https:\/\/canal7slp.tv\/2025\/#\/schema\/logo\/image\/"},"sameAs":["https:\/\/www.facebook.com\/noticieroscanal7atencionciudadana\/","https:\/\/x.com\/NOTICIEROS7","https:\/\/www.instagram.com\/canal7_slp","https:\/\/www.youtube.com\/channel\/UCliiYs-gP3JfJeqdPrNdd5A"]},{"@type":"Person","@id":"https:\/\/canal7slp.tv\/2025\/#\/schema\/person\/271e2b60a96e7cc9d9ac296f4d7e414b","name":"Edici\u00f3n Web","image":{"@type":"ImageObject","inLanguage":"es","@id":"https:\/\/secure.gravatar.com\/avatar\/eee448fc3f7164808013b816ba91ac7e43bbe82a70bebac296f8bc6f0addaa1a?s=96&d=mm&r=g","url":"https:\/\/secure.gravatar.com\/avatar\/eee448fc3f7164808013b816ba91ac7e43bbe82a70bebac296f8bc6f0addaa1a?s=96&d=mm&r=g","contentUrl":"https:\/\/secure.gravatar.com\/avatar\/eee448fc3f7164808013b816ba91ac7e43bbe82a70bebac296f8bc6f0addaa1a?s=96&d=mm&r=g","caption":"Edici\u00f3n Web"},"url":"https:\/\/canal7slp.tv\/2025\/author\/edicionweb\/"}]}},"_links":{"self":[{"href":"https:\/\/canal7slp.tv\/2025\/wp-json\/wp\/v2\/posts\/153908","targetHints":{"allow":["GET"]}}],"collection":[{"href":"https:\/\/canal7slp.tv\/2025\/wp-json\/wp\/v2\/posts"}],"about":[{"href":"https:\/\/canal7slp.tv\/2025\/wp-json\/wp\/v2\/types\/post"}],"author":[{"embeddable":true,"href":"https:\/\/canal7slp.tv\/2025\/wp-json\/wp\/v2\/users\/2"}],"replies":[{"embeddable":true,"href":"https:\/\/canal7slp.tv\/2025\/wp-json\/wp\/v2\/comments?post=153908"}],"version-history":[{"count":2,"href":"https:\/\/canal7slp.tv\/2025\/wp-json\/wp\/v2\/posts\/153908\/revisions"}],"predecessor-version":[{"id":153958,"href":"https:\/\/canal7slp.tv\/2025\/wp-json\/wp\/v2\/posts\/153908\/revisions\/153958"}],"wp:featuredmedia":[{"embeddable":true,"href":"https:\/\/canal7slp.tv\/2025\/wp-json\/wp\/v2\/media\/153957"}],"wp:attachment":[{"href":"https:\/\/canal7slp.tv\/2025\/wp-json\/wp\/v2\/media?parent=153908"}],"wp:term":[{"taxonomy":"category","embeddable":true,"href":"https:\/\/canal7slp.tv\/2025\/wp-json\/wp\/v2\/categories?post=153908"},{"taxonomy":"post_tag","embeddable":true,"href":"https:\/\/canal7slp.tv\/2025\/wp-json\/wp\/v2\/tags?post=153908"}],"curies":[{"name":"wp","href":"https:\/\/api.w.org\/{rel}","templated":true}]}}