{"id":153671,"date":"2025-01-07T19:51:56","date_gmt":"2025-01-08T01:51:56","guid":{"rendered":"https:\/\/canal7slp.tv\/2025\/?p=153671"},"modified":"2025-01-07T19:51:56","modified_gmt":"2025-01-08T01:51:56","slug":"en-febrero-habra-nuevo-consejo-municipal-de-la-juventud-en-la-capital","status":"publish","type":"post","link":"https:\/\/canal7slp.tv\/2025\/en-febrero-habra-nuevo-consejo-municipal-de-la-juventud-en-la-capital\/","title":{"rendered":"En febrero habr\u00e1 nuevo Consejo Municipal de la Juventud en la capital"},"content":{"rendered":"<p style=\"text-align: justify;\"><span style=\"font-size: 1.21429rem;\">SLP.- En Comisi\u00f3n de Cultura, Recreaci\u00f3n, Deporte y Juventud del Ayuntamiento de San Luis Potos\u00ed fue aprobada la convocatoria para conformar el nuevo Consejo Municipal de la Juventud, as\u00ed lo se\u00f1al\u00f3 el titular de Atenci\u00f3n a la Juventud, Guillermo Rivera Morales.<\/span><\/p>\n<p style=\"text-align: justify;\">\u201cLa verdad es que estamos muy felices, esta convocatoria nos va a permitir llegar a muchos j\u00f3venes de la ciudad que quieran participar de manera muy activa en esta administraci\u00f3n municipal pero tambi\u00e9n vigilando las pol\u00edticas que tenemos en materia de juventud\u201d.<\/p>\n<p style=\"text-align: justify;\">Una vez aprobada la convocatoria, se publicar\u00e1 para que sea del conocimiento de los interesados.<\/p>\n<p style=\"text-align: justify;\">\u201cAprovechamos esta oportunidad para poder invitar a todas las personas mayores de 18 a\u00f1os y menores de 29 para que se inscriban (\u2026) tienen que acudir con nosotros al Centro Comunitario Progreso ubicado en la Avenida Salk n\u00famero 1155 a llenar unos formatos, a recibir su papeler\u00eda y con eso quedan ellos inscritos, luego vendr\u00e1 un proceso de selecci\u00f3n por parte de los regidores\u201d.<\/p>\n<p style=\"text-align: justify;\">En redes sociales del ayuntamiento se dar\u00e1 m\u00e1s informaci\u00f3n sobre este proceso y los ganadores que conformar\u00e1n el consejo que debe de tomar protesta la primera semana de febrero y que crear\u00e1 la Agenda Joven con pol\u00edticas diversas e inclusivas.<\/p>\n<p>Por: Juan Carlos Contreras<\/p>\n","protected":false},"excerpt":{"rendered":"<p>SLP.- En Comisi\u00f3n de Cultura, Recreaci\u00f3n, Deporte y Juventud del Ayuntamiento de San Luis Potos\u00ed fue aprobada la convocatoria para conformar el nuevo Consejo Municipal de la Juventud, as\u00ed lo se\u00f1al\u00f3 el titular de Atenci\u00f3n a la Juventud, Guillermo Rivera Morales. \u201cLa verdad es que estamos muy felices, esta convocatoria nos va a permitir llegar a muchos j\u00f3venes de la ciudad que quieran participar de manera muy activa en esta administraci\u00f3n municipal pero tambi\u00e9n vigilando las pol\u00edticas que tenemos en materia de juventud\u201d. Una vez aprobada la convocatoria, se publicar\u00e1 para que sea del conocimiento de los interesados. \u201cAprovechamos esta [&hellip;]<\/p>\n","protected":false},"author":2,"featured_media":153690,"comment_status":"closed","ping_status":"closed","sticky":false,"template":"","format":"video","meta":{"_monsterinsights_skip_tracking":false,"_monsterinsights_sitenote_active":false,"_monsterinsights_sitenote_note":"","_monsterinsights_sitenote_category":0,"footnotes":""},"categories":[5,510,45],"tags":[],"class_list":["post-153671","post","type-post","status-publish","format-video","has-post-thumbnail","hentry","category-destacadas","category-gobedoslp","category-localesyregionales","post_format-post-format-video","post--single"],"yoast_head":"<!-- This site is optimized with the Yoast SEO plugin v27.5 - https:\/\/yoast.com\/product\/yoast-seo-wordpress\/ -->\n<title>En febrero habr\u00e1 nuevo Consejo Municipal de la Juventud en la capital - Canal 7 SLP - 2025<\/title>\n<meta name=\"robots\" content=\"index, follow, max-snippet:-1, max-image-preview:large, max-video-preview:-1\" \/>\n<link rel=\"canonical\" href=\"https:\/\/canal7slp.tv\/2025\/en-febrero-habra-nuevo-consejo-municipal-de-la-juventud-en-la-capital\/\" \/>\n<meta property=\"og:locale\" content=\"es_ES\" \/>\n<meta property=\"og:type\" content=\"article\" \/>\n<meta property=\"og:title\" content=\"En febrero habr\u00e1 nuevo Consejo Municipal de la Juventud en la capital - Canal 7 SLP - 2025\" \/>\n<meta property=\"og:description\" content=\"SLP.- En Comisi\u00f3n de Cultura, Recreaci\u00f3n, Deporte y Juventud del Ayuntamiento de San Luis Potos\u00ed fue aprobada la convocatoria para conformar el nuevo Consejo Municipal de la Juventud, as\u00ed lo se\u00f1al\u00f3 el titular de Atenci\u00f3n a la Juventud, Guillermo Rivera Morales. \u201cLa verdad es que estamos muy felices, esta convocatoria nos va a permitir llegar a muchos j\u00f3venes de la ciudad que quieran participar de manera muy activa en esta administraci\u00f3n municipal pero tambi\u00e9n vigilando las pol\u00edticas que tenemos en materia de juventud\u201d. Una vez aprobada la convocatoria, se publicar\u00e1 para que sea del conocimiento de los interesados. \u201cAprovechamos esta [&hellip;]\" \/>\n<meta property=\"og:url\" content=\"https:\/\/canal7slp.tv\/2025\/en-febrero-habra-nuevo-consejo-municipal-de-la-juventud-en-la-capital\/\" \/>\n<meta property=\"og:site_name\" content=\"Canal 7 SLP - 2025\" \/>\n<meta property=\"article:publisher\" content=\"https:\/\/www.facebook.com\/noticieroscanal7atencionciudadana\/\" \/>\n<meta property=\"article:published_time\" content=\"2025-01-08T01:51:56+00:00\" \/>\n<meta property=\"og:image\" content=\"https:\/\/canal7slp.tv\/2025\/wp-content\/uploads\/2025\/01\/Poky0JuventudConsejo.jpg\" \/>\n\t<meta property=\"og:image:width\" content=\"1280\" \/>\n\t<meta property=\"og:image:height\" content=\"720\" \/>\n\t<meta property=\"og:image:type\" content=\"image\/jpeg\" \/>\n<meta name=\"author\" content=\"Edici\u00f3n Web\" \/>\n<meta name=\"twitter:card\" content=\"summary_large_image\" \/>\n<meta name=\"twitter:creator\" content=\"@NOTICIEROS7\" \/>\n<meta name=\"twitter:site\" content=\"@NOTICIEROS7\" \/>\n<meta name=\"twitter:label1\" content=\"Escrito por\" \/>\n\t<meta name=\"twitter:data1\" content=\"Edici\u00f3n Web\" \/>\n\t<meta name=\"twitter:label2\" content=\"Tiempo de lectura\" \/>\n\t<meta name=\"twitter:data2\" content=\"2 minutos\" \/>\n<script type=\"application\/ld+json\" class=\"yoast-schema-graph\">{\"@context\":\"https:\\\/\\\/schema.org\",\"@graph\":[{\"@type\":\"Article\",\"@id\":\"https:\\\/\\\/canal7slp.tv\\\/2025\\\/en-febrero-habra-nuevo-consejo-municipal-de-la-juventud-en-la-capital\\\/#article\",\"isPartOf\":{\"@id\":\"https:\\\/\\\/canal7slp.tv\\\/2025\\\/en-febrero-habra-nuevo-consejo-municipal-de-la-juventud-en-la-capital\\\/\"},\"author\":{\"name\":\"Edici\u00f3n Web\",\"@id\":\"https:\\\/\\\/canal7slp.tv\\\/2025\\\/#\\\/schema\\\/person\\\/271e2b60a96e7cc9d9ac296f4d7e414b\"},\"headline\":\"En febrero habr\u00e1 nuevo Consejo Municipal de la Juventud en la capital\",\"datePublished\":\"2025-01-08T01:51:56+00:00\",\"mainEntityOfPage\":{\"@id\":\"https:\\\/\\\/canal7slp.tv\\\/2025\\\/en-febrero-habra-nuevo-consejo-municipal-de-la-juventud-en-la-capital\\\/\"},\"wordCount\":231,\"publisher\":{\"@id\":\"https:\\\/\\\/canal7slp.tv\\\/2025\\\/#organization\"},\"image\":{\"@id\":\"https:\\\/\\\/canal7slp.tv\\\/2025\\\/en-febrero-habra-nuevo-consejo-municipal-de-la-juventud-en-la-capital\\\/#primaryimage\"},\"thumbnailUrl\":\"https:\\\/\\\/canal7slp.tv\\\/2025\\\/wp-content\\\/uploads\\\/2025\\\/01\\\/Poky0JuventudConsejo.jpg\",\"articleSection\":[\"DESTACADAS\",\"GOBEDOSLP\",\"LOCALES Y REGIONALES\"],\"inLanguage\":\"es\"},{\"@type\":\"WebPage\",\"@id\":\"https:\\\/\\\/canal7slp.tv\\\/2025\\\/en-febrero-habra-nuevo-consejo-municipal-de-la-juventud-en-la-capital\\\/\",\"url\":\"https:\\\/\\\/canal7slp.tv\\\/2025\\\/en-febrero-habra-nuevo-consejo-municipal-de-la-juventud-en-la-capital\\\/\",\"name\":\"En febrero habr\u00e1 nuevo Consejo Municipal de la Juventud en la capital - Canal 7 SLP - 2025\",\"isPartOf\":{\"@id\":\"https:\\\/\\\/canal7slp.tv\\\/2025\\\/#website\"},\"primaryImageOfPage\":{\"@id\":\"https:\\\/\\\/canal7slp.tv\\\/2025\\\/en-febrero-habra-nuevo-consejo-municipal-de-la-juventud-en-la-capital\\\/#primaryimage\"},\"image\":{\"@id\":\"https:\\\/\\\/canal7slp.tv\\\/2025\\\/en-febrero-habra-nuevo-consejo-municipal-de-la-juventud-en-la-capital\\\/#primaryimage\"},\"thumbnailUrl\":\"https:\\\/\\\/canal7slp.tv\\\/2025\\\/wp-content\\\/uploads\\\/2025\\\/01\\\/Poky0JuventudConsejo.jpg\",\"datePublished\":\"2025-01-08T01:51:56+00:00\",\"breadcrumb\":{\"@id\":\"https:\\\/\\\/canal7slp.tv\\\/2025\\\/en-febrero-habra-nuevo-consejo-municipal-de-la-juventud-en-la-capital\\\/#breadcrumb\"},\"inLanguage\":\"es\",\"potentialAction\":[{\"@type\":\"ReadAction\",\"target\":[\"https:\\\/\\\/canal7slp.tv\\\/2025\\\/en-febrero-habra-nuevo-consejo-municipal-de-la-juventud-en-la-capital\\\/\"]}]},{\"@type\":\"ImageObject\",\"inLanguage\":\"es\",\"@id\":\"https:\\\/\\\/canal7slp.tv\\\/2025\\\/en-febrero-habra-nuevo-consejo-municipal-de-la-juventud-en-la-capital\\\/#primaryimage\",\"url\":\"https:\\\/\\\/canal7slp.tv\\\/2025\\\/wp-content\\\/uploads\\\/2025\\\/01\\\/Poky0JuventudConsejo.jpg\",\"contentUrl\":\"https:\\\/\\\/canal7slp.tv\\\/2025\\\/wp-content\\\/uploads\\\/2025\\\/01\\\/Poky0JuventudConsejo.jpg\",\"width\":1280,\"height\":720},{\"@type\":\"BreadcrumbList\",\"@id\":\"https:\\\/\\\/canal7slp.tv\\\/2025\\\/en-febrero-habra-nuevo-consejo-municipal-de-la-juventud-en-la-capital\\\/#breadcrumb\",\"itemListElement\":[{\"@type\":\"ListItem\",\"position\":1,\"name\":\"Portada\",\"item\":\"https:\\\/\\\/canal7slp.tv\\\/2025\\\/\"},{\"@type\":\"ListItem\",\"position\":2,\"name\":\"En febrero habr\u00e1 nuevo Consejo Municipal de la Juventud en la capital\"}]},{\"@type\":\"WebSite\",\"@id\":\"https:\\\/\\\/canal7slp.tv\\\/2025\\\/#website\",\"url\":\"https:\\\/\\\/canal7slp.tv\\\/2025\\\/\",\"name\":\"N7 - Noticieros Canal 7\",\"description\":\"Somos el Medio\",\"publisher\":{\"@id\":\"https:\\\/\\\/canal7slp.tv\\\/2025\\\/#organization\"},\"potentialAction\":[{\"@type\":\"SearchAction\",\"target\":{\"@type\":\"EntryPoint\",\"urlTemplate\":\"https:\\\/\\\/canal7slp.tv\\\/2025\\\/?s={search_term_string}\"},\"query-input\":{\"@type\":\"PropertyValueSpecification\",\"valueRequired\":true,\"valueName\":\"search_term_string\"}}],\"inLanguage\":\"es\"},{\"@type\":\"Organization\",\"@id\":\"https:\\\/\\\/canal7slp.tv\\\/2025\\\/#organization\",\"name\":\"Noticieros Canal 7\",\"url\":\"https:\\\/\\\/canal7slp.tv\\\/2025\\\/\",\"logo\":{\"@type\":\"ImageObject\",\"inLanguage\":\"es\",\"@id\":\"https:\\\/\\\/canal7slp.tv\\\/2025\\\/#\\\/schema\\\/logo\\\/image\\\/\",\"url\":\"https:\\\/\\\/canal7slp.tv\\\/2025\\\/wp-content\\\/uploads\\\/2021\\\/01\\\/logo-noticieros@2x.png\",\"contentUrl\":\"https:\\\/\\\/canal7slp.tv\\\/2025\\\/wp-content\\\/uploads\\\/2021\\\/01\\\/logo-noticieros@2x.png\",\"width\":1017,\"height\":268,\"caption\":\"Noticieros Canal 7\"},\"image\":{\"@id\":\"https:\\\/\\\/canal7slp.tv\\\/2025\\\/#\\\/schema\\\/logo\\\/image\\\/\"},\"sameAs\":[\"https:\\\/\\\/www.facebook.com\\\/noticieroscanal7atencionciudadana\\\/\",\"https:\\\/\\\/x.com\\\/NOTICIEROS7\",\"https:\\\/\\\/www.instagram.com\\\/canal7_slp\",\"https:\\\/\\\/www.youtube.com\\\/channel\\\/UCliiYs-gP3JfJeqdPrNdd5A\"]},{\"@type\":\"Person\",\"@id\":\"https:\\\/\\\/canal7slp.tv\\\/2025\\\/#\\\/schema\\\/person\\\/271e2b60a96e7cc9d9ac296f4d7e414b\",\"name\":\"Edici\u00f3n Web\",\"image\":{\"@type\":\"ImageObject\",\"inLanguage\":\"es\",\"@id\":\"https:\\\/\\\/secure.gravatar.com\\\/avatar\\\/eee448fc3f7164808013b816ba91ac7e43bbe82a70bebac296f8bc6f0addaa1a?s=96&d=mm&r=g\",\"url\":\"https:\\\/\\\/secure.gravatar.com\\\/avatar\\\/eee448fc3f7164808013b816ba91ac7e43bbe82a70bebac296f8bc6f0addaa1a?s=96&d=mm&r=g\",\"contentUrl\":\"https:\\\/\\\/secure.gravatar.com\\\/avatar\\\/eee448fc3f7164808013b816ba91ac7e43bbe82a70bebac296f8bc6f0addaa1a?s=96&d=mm&r=g\",\"caption\":\"Edici\u00f3n Web\"},\"url\":\"https:\\\/\\\/canal7slp.tv\\\/2025\\\/author\\\/edicionweb\\\/\"}]}<\/script>\n<!-- \/ Yoast SEO plugin. -->","yoast_head_json":{"title":"En febrero habr\u00e1 nuevo Consejo Municipal de la Juventud en la capital - Canal 7 SLP - 2025","robots":{"index":"index","follow":"follow","max-snippet":"max-snippet:-1","max-image-preview":"max-image-preview:large","max-video-preview":"max-video-preview:-1"},"canonical":"https:\/\/canal7slp.tv\/2025\/en-febrero-habra-nuevo-consejo-municipal-de-la-juventud-en-la-capital\/","og_locale":"es_ES","og_type":"article","og_title":"En febrero habr\u00e1 nuevo Consejo Municipal de la Juventud en la capital - Canal 7 SLP - 2025","og_description":"SLP.- En Comisi\u00f3n de Cultura, Recreaci\u00f3n, Deporte y Juventud del Ayuntamiento de San Luis Potos\u00ed fue aprobada la convocatoria para conformar el nuevo Consejo Municipal de la Juventud, as\u00ed lo se\u00f1al\u00f3 el titular de Atenci\u00f3n a la Juventud, Guillermo Rivera Morales. \u201cLa verdad es que estamos muy felices, esta convocatoria nos va a permitir llegar a muchos j\u00f3venes de la ciudad que quieran participar de manera muy activa en esta administraci\u00f3n municipal pero tambi\u00e9n vigilando las pol\u00edticas que tenemos en materia de juventud\u201d. Una vez aprobada la convocatoria, se publicar\u00e1 para que sea del conocimiento de los interesados. \u201cAprovechamos esta [&hellip;]","og_url":"https:\/\/canal7slp.tv\/2025\/en-febrero-habra-nuevo-consejo-municipal-de-la-juventud-en-la-capital\/","og_site_name":"Canal 7 SLP - 2025","article_publisher":"https:\/\/www.facebook.com\/noticieroscanal7atencionciudadana\/","article_published_time":"2025-01-08T01:51:56+00:00","og_image":[{"width":1280,"height":720,"url":"https:\/\/canal7slp.tv\/2025\/wp-content\/uploads\/2025\/01\/Poky0JuventudConsejo.jpg","type":"image\/jpeg"}],"author":"Edici\u00f3n Web","twitter_card":"summary_large_image","twitter_creator":"@NOTICIEROS7","twitter_site":"@NOTICIEROS7","twitter_misc":{"Escrito por":"Edici\u00f3n Web","Tiempo de lectura":"2 minutos"},"schema":{"@context":"https:\/\/schema.org","@graph":[{"@type":"Article","@id":"https:\/\/canal7slp.tv\/2025\/en-febrero-habra-nuevo-consejo-municipal-de-la-juventud-en-la-capital\/#article","isPartOf":{"@id":"https:\/\/canal7slp.tv\/2025\/en-febrero-habra-nuevo-consejo-municipal-de-la-juventud-en-la-capital\/"},"author":{"name":"Edici\u00f3n Web","@id":"https:\/\/canal7slp.tv\/2025\/#\/schema\/person\/271e2b60a96e7cc9d9ac296f4d7e414b"},"headline":"En febrero habr\u00e1 nuevo Consejo Municipal de la Juventud en la capital","datePublished":"2025-01-08T01:51:56+00:00","mainEntityOfPage":{"@id":"https:\/\/canal7slp.tv\/2025\/en-febrero-habra-nuevo-consejo-municipal-de-la-juventud-en-la-capital\/"},"wordCount":231,"publisher":{"@id":"https:\/\/canal7slp.tv\/2025\/#organization"},"image":{"@id":"https:\/\/canal7slp.tv\/2025\/en-febrero-habra-nuevo-consejo-municipal-de-la-juventud-en-la-capital\/#primaryimage"},"thumbnailUrl":"https:\/\/canal7slp.tv\/2025\/wp-content\/uploads\/2025\/01\/Poky0JuventudConsejo.jpg","articleSection":["DESTACADAS","GOBEDOSLP","LOCALES Y REGIONALES"],"inLanguage":"es"},{"@type":"WebPage","@id":"https:\/\/canal7slp.tv\/2025\/en-febrero-habra-nuevo-consejo-municipal-de-la-juventud-en-la-capital\/","url":"https:\/\/canal7slp.tv\/2025\/en-febrero-habra-nuevo-consejo-municipal-de-la-juventud-en-la-capital\/","name":"En febrero habr\u00e1 nuevo Consejo Municipal de la Juventud en la capital - Canal 7 SLP - 2025","isPartOf":{"@id":"https:\/\/canal7slp.tv\/2025\/#website"},"primaryImageOfPage":{"@id":"https:\/\/canal7slp.tv\/2025\/en-febrero-habra-nuevo-consejo-municipal-de-la-juventud-en-la-capital\/#primaryimage"},"image":{"@id":"https:\/\/canal7slp.tv\/2025\/en-febrero-habra-nuevo-consejo-municipal-de-la-juventud-en-la-capital\/#primaryimage"},"thumbnailUrl":"https:\/\/canal7slp.tv\/2025\/wp-content\/uploads\/2025\/01\/Poky0JuventudConsejo.jpg","datePublished":"2025-01-08T01:51:56+00:00","breadcrumb":{"@id":"https:\/\/canal7slp.tv\/2025\/en-febrero-habra-nuevo-consejo-municipal-de-la-juventud-en-la-capital\/#breadcrumb"},"inLanguage":"es","potentialAction":[{"@type":"ReadAction","target":["https:\/\/canal7slp.tv\/2025\/en-febrero-habra-nuevo-consejo-municipal-de-la-juventud-en-la-capital\/"]}]},{"@type":"ImageObject","inLanguage":"es","@id":"https:\/\/canal7slp.tv\/2025\/en-febrero-habra-nuevo-consejo-municipal-de-la-juventud-en-la-capital\/#primaryimage","url":"https:\/\/canal7slp.tv\/2025\/wp-content\/uploads\/2025\/01\/Poky0JuventudConsejo.jpg","contentUrl":"https:\/\/canal7slp.tv\/2025\/wp-content\/uploads\/2025\/01\/Poky0JuventudConsejo.jpg","width":1280,"height":720},{"@type":"BreadcrumbList","@id":"https:\/\/canal7slp.tv\/2025\/en-febrero-habra-nuevo-consejo-municipal-de-la-juventud-en-la-capital\/#breadcrumb","itemListElement":[{"@type":"ListItem","position":1,"name":"Portada","item":"https:\/\/canal7slp.tv\/2025\/"},{"@type":"ListItem","position":2,"name":"En febrero habr\u00e1 nuevo Consejo Municipal de la Juventud en la capital"}]},{"@type":"WebSite","@id":"https:\/\/canal7slp.tv\/2025\/#website","url":"https:\/\/canal7slp.tv\/2025\/","name":"N7 - Noticieros Canal 7","description":"Somos el Medio","publisher":{"@id":"https:\/\/canal7slp.tv\/2025\/#organization"},"potentialAction":[{"@type":"SearchAction","target":{"@type":"EntryPoint","urlTemplate":"https:\/\/canal7slp.tv\/2025\/?s={search_term_string}"},"query-input":{"@type":"PropertyValueSpecification","valueRequired":true,"valueName":"search_term_string"}}],"inLanguage":"es"},{"@type":"Organization","@id":"https:\/\/canal7slp.tv\/2025\/#organization","name":"Noticieros Canal 7","url":"https:\/\/canal7slp.tv\/2025\/","logo":{"@type":"ImageObject","inLanguage":"es","@id":"https:\/\/canal7slp.tv\/2025\/#\/schema\/logo\/image\/","url":"https:\/\/canal7slp.tv\/2025\/wp-content\/uploads\/2021\/01\/logo-noticieros@2x.png","contentUrl":"https:\/\/canal7slp.tv\/2025\/wp-content\/uploads\/2021\/01\/logo-noticieros@2x.png","width":1017,"height":268,"caption":"Noticieros Canal 7"},"image":{"@id":"https:\/\/canal7slp.tv\/2025\/#\/schema\/logo\/image\/"},"sameAs":["https:\/\/www.facebook.com\/noticieroscanal7atencionciudadana\/","https:\/\/x.com\/NOTICIEROS7","https:\/\/www.instagram.com\/canal7_slp","https:\/\/www.youtube.com\/channel\/UCliiYs-gP3JfJeqdPrNdd5A"]},{"@type":"Person","@id":"https:\/\/canal7slp.tv\/2025\/#\/schema\/person\/271e2b60a96e7cc9d9ac296f4d7e414b","name":"Edici\u00f3n Web","image":{"@type":"ImageObject","inLanguage":"es","@id":"https:\/\/secure.gravatar.com\/avatar\/eee448fc3f7164808013b816ba91ac7e43bbe82a70bebac296f8bc6f0addaa1a?s=96&d=mm&r=g","url":"https:\/\/secure.gravatar.com\/avatar\/eee448fc3f7164808013b816ba91ac7e43bbe82a70bebac296f8bc6f0addaa1a?s=96&d=mm&r=g","contentUrl":"https:\/\/secure.gravatar.com\/avatar\/eee448fc3f7164808013b816ba91ac7e43bbe82a70bebac296f8bc6f0addaa1a?s=96&d=mm&r=g","caption":"Edici\u00f3n Web"},"url":"https:\/\/canal7slp.tv\/2025\/author\/edicionweb\/"}]}},"_links":{"self":[{"href":"https:\/\/canal7slp.tv\/2025\/wp-json\/wp\/v2\/posts\/153671","targetHints":{"allow":["GET"]}}],"collection":[{"href":"https:\/\/canal7slp.tv\/2025\/wp-json\/wp\/v2\/posts"}],"about":[{"href":"https:\/\/canal7slp.tv\/2025\/wp-json\/wp\/v2\/types\/post"}],"author":[{"embeddable":true,"href":"https:\/\/canal7slp.tv\/2025\/wp-json\/wp\/v2\/users\/2"}],"replies":[{"embeddable":true,"href":"https:\/\/canal7slp.tv\/2025\/wp-json\/wp\/v2\/comments?post=153671"}],"version-history":[{"count":2,"href":"https:\/\/canal7slp.tv\/2025\/wp-json\/wp\/v2\/posts\/153671\/revisions"}],"predecessor-version":[{"id":153699,"href":"https:\/\/canal7slp.tv\/2025\/wp-json\/wp\/v2\/posts\/153671\/revisions\/153699"}],"wp:featuredmedia":[{"embeddable":true,"href":"https:\/\/canal7slp.tv\/2025\/wp-json\/wp\/v2\/media\/153690"}],"wp:attachment":[{"href":"https:\/\/canal7slp.tv\/2025\/wp-json\/wp\/v2\/media?parent=153671"}],"wp:term":[{"taxonomy":"category","embeddable":true,"href":"https:\/\/canal7slp.tv\/2025\/wp-json\/wp\/v2\/categories?post=153671"},{"taxonomy":"post_tag","embeddable":true,"href":"https:\/\/canal7slp.tv\/2025\/wp-json\/wp\/v2\/tags?post=153671"}],"curies":[{"name":"wp","href":"https:\/\/api.w.org\/{rel}","templated":true}]}}