{"id":153670,"date":"2025-01-07T19:44:51","date_gmt":"2025-01-08T01:44:51","guid":{"rendered":"https:\/\/canal7slp.tv\/2025\/?p=153670"},"modified":"2025-01-07T19:44:51","modified_gmt":"2025-01-08T01:44:51","slug":"inauguran-raices-potosinas-museo-de-artesanias-en-slp","status":"publish","type":"post","link":"https:\/\/canal7slp.tv\/2025\/inauguran-raices-potosinas-museo-de-artesanias-en-slp\/","title":{"rendered":"Inauguran Ra\u00edces Potosinas museo de Artesan\u00edas en SLP"},"content":{"rendered":"<p style=\"text-align: justify;\"><span style=\"font-size: 1.21429rem;\">SLP.- Los productos m\u00e1s representativos de los 59 municipios de San Luis Potos\u00ed podr\u00e1n ser encontrados en el Museo de las Artesan\u00edas ubicado en la subsede de la Secretar\u00eda de Turismo de Gobierno del Estado.<\/span><\/p>\n<p style=\"text-align: justify;\">La titular de la Secretaria, Yolanda Cepeda Echavarr\u00eda, habl\u00f3 sobre este espacio cultural.<\/p>\n<p style=\"text-align: justify;\">\u201cEsa es la idea que precisamente la persona que va a estar muy al pendiente, guiando al turista para que venga y haga esta ruta en este espacio emblem\u00e1tico de la capital, sepa que si hay una pieza que le gust\u00f3 pues vaya y conviva con la comunidad, que conviva con el municipio, que conviva con la artesana y bueno de este arranque de este museo van a salir, primero Dios, muchas ideas que traemos ya en puestas que las vamos a echar adelante ya en este a\u00f1o\u201d.<\/p>\n<p style=\"text-align: justify;\">La iniciativa incluye un recorrido guiado donde dos expertos del \u00e1rea acompa\u00f1ar\u00e1n a los turistas, brind\u00e1ndoles una explicaci\u00f3n detallada sobre las piezas y su contexto cultural.<\/p>\n<p style=\"text-align: justify;\">\u201cDesde el primer d\u00eda en que les invitamos a esta idea que tra\u00eda la Secretar\u00eda de Turismo, siempre muy comprometidos y quiero rescatar la generosidad y el acompa\u00f1amiento de los municipios\u201d.<\/p>\n<p style=\"text-align: justify;\">Agradeci\u00f3 a los colaboradores involucrados.<\/p>\n<p style=\"text-align: justify;\">\u201cPor todo eso much\u00edsimas gracias a mi equipo porque nada de esto fuera posible sin el apoyo, sin el respaldo, sin la sabidur\u00eda y la experiencia que tiene en el sector, much\u00edsimas gracias a todos pero sobre todo a todo el turista que nos ve que sigan visitando San Luis Potos\u00ed hoy desde su museo Ra\u00edces Potosinas\u201d.<\/p>\n<p style=\"text-align: justify;\">Las piezas tambi\u00e9n podr\u00e1n ser compradas por los visitantes interesados, por lo que se beneficiar\u00e1 a los artesanos creadores.<\/p>\n<p>Por: Juan Carlos Contreras<\/p>\n","protected":false},"excerpt":{"rendered":"<p>SLP.- Los productos m\u00e1s representativos de los 59 municipios de San Luis Potos\u00ed podr\u00e1n ser encontrados en el Museo de las Artesan\u00edas ubicado en la subsede de la Secretar\u00eda de Turismo de Gobierno del Estado. La titular de la Secretaria, Yolanda Cepeda Echavarr\u00eda, habl\u00f3 sobre este espacio cultural. \u201cEsa es la idea que precisamente la persona que va a estar muy al pendiente, guiando al turista para que venga y haga esta ruta en este espacio emblem\u00e1tico de la capital, sepa que si hay una pieza que le gust\u00f3 pues vaya y conviva con la comunidad, que conviva con el [&hellip;]<\/p>\n","protected":false},"author":2,"featured_media":153689,"comment_status":"closed","ping_status":"closed","sticky":false,"template":"","format":"video","meta":{"_monsterinsights_skip_tracking":false,"_monsterinsights_sitenote_active":false,"_monsterinsights_sitenote_note":"","_monsterinsights_sitenote_category":0,"footnotes":""},"categories":[5,510,45],"tags":[],"class_list":["post-153670","post","type-post","status-publish","format-video","has-post-thumbnail","hentry","category-destacadas","category-gobedoslp","category-localesyregionales","post_format-post-format-video","post--single"],"yoast_head":"<!-- This site is optimized with the Yoast SEO plugin v27.5 - https:\/\/yoast.com\/product\/yoast-seo-wordpress\/ -->\n<title>Inauguran Ra\u00edces Potosinas museo de Artesan\u00edas en SLP - Canal 7 SLP - 2025<\/title>\n<meta name=\"robots\" content=\"index, follow, max-snippet:-1, max-image-preview:large, max-video-preview:-1\" \/>\n<link rel=\"canonical\" href=\"https:\/\/canal7slp.tv\/2025\/inauguran-raices-potosinas-museo-de-artesanias-en-slp\/\" \/>\n<meta property=\"og:locale\" content=\"es_ES\" \/>\n<meta property=\"og:type\" content=\"article\" \/>\n<meta property=\"og:title\" content=\"Inauguran Ra\u00edces Potosinas museo de Artesan\u00edas en SLP - Canal 7 SLP - 2025\" \/>\n<meta property=\"og:description\" content=\"SLP.- Los productos m\u00e1s representativos de los 59 municipios de San Luis Potos\u00ed podr\u00e1n ser encontrados en el Museo de las Artesan\u00edas ubicado en la subsede de la Secretar\u00eda de Turismo de Gobierno del Estado. La titular de la Secretaria, Yolanda Cepeda Echavarr\u00eda, habl\u00f3 sobre este espacio cultural. \u201cEsa es la idea que precisamente la persona que va a estar muy al pendiente, guiando al turista para que venga y haga esta ruta en este espacio emblem\u00e1tico de la capital, sepa que si hay una pieza que le gust\u00f3 pues vaya y conviva con la comunidad, que conviva con el [&hellip;]\" \/>\n<meta property=\"og:url\" content=\"https:\/\/canal7slp.tv\/2025\/inauguran-raices-potosinas-museo-de-artesanias-en-slp\/\" \/>\n<meta property=\"og:site_name\" content=\"Canal 7 SLP - 2025\" \/>\n<meta property=\"article:publisher\" content=\"https:\/\/www.facebook.com\/noticieroscanal7atencionciudadana\/\" \/>\n<meta property=\"article:published_time\" content=\"2025-01-08T01:44:51+00:00\" \/>\n<meta property=\"og:image\" content=\"https:\/\/canal7slp.tv\/2025\/wp-content\/uploads\/2025\/01\/Poky0InauguracionTurismo.jpg\" \/>\n\t<meta property=\"og:image:width\" content=\"1280\" \/>\n\t<meta property=\"og:image:height\" content=\"720\" \/>\n\t<meta property=\"og:image:type\" content=\"image\/jpeg\" \/>\n<meta name=\"author\" content=\"Edici\u00f3n Web\" \/>\n<meta name=\"twitter:card\" content=\"summary_large_image\" \/>\n<meta name=\"twitter:creator\" content=\"@NOTICIEROS7\" \/>\n<meta name=\"twitter:site\" content=\"@NOTICIEROS7\" \/>\n<meta name=\"twitter:label1\" content=\"Escrito por\" \/>\n\t<meta name=\"twitter:data1\" content=\"Edici\u00f3n Web\" \/>\n\t<meta name=\"twitter:label2\" content=\"Tiempo de lectura\" \/>\n\t<meta name=\"twitter:data2\" content=\"2 minutos\" \/>\n<script type=\"application\/ld+json\" class=\"yoast-schema-graph\">{\"@context\":\"https:\\\/\\\/schema.org\",\"@graph\":[{\"@type\":\"Article\",\"@id\":\"https:\\\/\\\/canal7slp.tv\\\/2025\\\/inauguran-raices-potosinas-museo-de-artesanias-en-slp\\\/#article\",\"isPartOf\":{\"@id\":\"https:\\\/\\\/canal7slp.tv\\\/2025\\\/inauguran-raices-potosinas-museo-de-artesanias-en-slp\\\/\"},\"author\":{\"name\":\"Edici\u00f3n Web\",\"@id\":\"https:\\\/\\\/canal7slp.tv\\\/2025\\\/#\\\/schema\\\/person\\\/271e2b60a96e7cc9d9ac296f4d7e414b\"},\"headline\":\"Inauguran Ra\u00edces Potosinas museo de Artesan\u00edas en SLP\",\"datePublished\":\"2025-01-08T01:44:51+00:00\",\"mainEntityOfPage\":{\"@id\":\"https:\\\/\\\/canal7slp.tv\\\/2025\\\/inauguran-raices-potosinas-museo-de-artesanias-en-slp\\\/\"},\"wordCount\":309,\"publisher\":{\"@id\":\"https:\\\/\\\/canal7slp.tv\\\/2025\\\/#organization\"},\"image\":{\"@id\":\"https:\\\/\\\/canal7slp.tv\\\/2025\\\/inauguran-raices-potosinas-museo-de-artesanias-en-slp\\\/#primaryimage\"},\"thumbnailUrl\":\"https:\\\/\\\/canal7slp.tv\\\/2025\\\/wp-content\\\/uploads\\\/2025\\\/01\\\/Poky0InauguracionTurismo.jpg\",\"articleSection\":[\"DESTACADAS\",\"GOBEDOSLP\",\"LOCALES Y REGIONALES\"],\"inLanguage\":\"es\"},{\"@type\":\"WebPage\",\"@id\":\"https:\\\/\\\/canal7slp.tv\\\/2025\\\/inauguran-raices-potosinas-museo-de-artesanias-en-slp\\\/\",\"url\":\"https:\\\/\\\/canal7slp.tv\\\/2025\\\/inauguran-raices-potosinas-museo-de-artesanias-en-slp\\\/\",\"name\":\"Inauguran Ra\u00edces Potosinas museo de Artesan\u00edas en SLP - Canal 7 SLP - 2025\",\"isPartOf\":{\"@id\":\"https:\\\/\\\/canal7slp.tv\\\/2025\\\/#website\"},\"primaryImageOfPage\":{\"@id\":\"https:\\\/\\\/canal7slp.tv\\\/2025\\\/inauguran-raices-potosinas-museo-de-artesanias-en-slp\\\/#primaryimage\"},\"image\":{\"@id\":\"https:\\\/\\\/canal7slp.tv\\\/2025\\\/inauguran-raices-potosinas-museo-de-artesanias-en-slp\\\/#primaryimage\"},\"thumbnailUrl\":\"https:\\\/\\\/canal7slp.tv\\\/2025\\\/wp-content\\\/uploads\\\/2025\\\/01\\\/Poky0InauguracionTurismo.jpg\",\"datePublished\":\"2025-01-08T01:44:51+00:00\",\"breadcrumb\":{\"@id\":\"https:\\\/\\\/canal7slp.tv\\\/2025\\\/inauguran-raices-potosinas-museo-de-artesanias-en-slp\\\/#breadcrumb\"},\"inLanguage\":\"es\",\"potentialAction\":[{\"@type\":\"ReadAction\",\"target\":[\"https:\\\/\\\/canal7slp.tv\\\/2025\\\/inauguran-raices-potosinas-museo-de-artesanias-en-slp\\\/\"]}]},{\"@type\":\"ImageObject\",\"inLanguage\":\"es\",\"@id\":\"https:\\\/\\\/canal7slp.tv\\\/2025\\\/inauguran-raices-potosinas-museo-de-artesanias-en-slp\\\/#primaryimage\",\"url\":\"https:\\\/\\\/canal7slp.tv\\\/2025\\\/wp-content\\\/uploads\\\/2025\\\/01\\\/Poky0InauguracionTurismo.jpg\",\"contentUrl\":\"https:\\\/\\\/canal7slp.tv\\\/2025\\\/wp-content\\\/uploads\\\/2025\\\/01\\\/Poky0InauguracionTurismo.jpg\",\"width\":1280,\"height\":720},{\"@type\":\"BreadcrumbList\",\"@id\":\"https:\\\/\\\/canal7slp.tv\\\/2025\\\/inauguran-raices-potosinas-museo-de-artesanias-en-slp\\\/#breadcrumb\",\"itemListElement\":[{\"@type\":\"ListItem\",\"position\":1,\"name\":\"Portada\",\"item\":\"https:\\\/\\\/canal7slp.tv\\\/2025\\\/\"},{\"@type\":\"ListItem\",\"position\":2,\"name\":\"Inauguran Ra\u00edces Potosinas museo de Artesan\u00edas en SLP\"}]},{\"@type\":\"WebSite\",\"@id\":\"https:\\\/\\\/canal7slp.tv\\\/2025\\\/#website\",\"url\":\"https:\\\/\\\/canal7slp.tv\\\/2025\\\/\",\"name\":\"N7 - Noticieros Canal 7\",\"description\":\"Somos el Medio\",\"publisher\":{\"@id\":\"https:\\\/\\\/canal7slp.tv\\\/2025\\\/#organization\"},\"potentialAction\":[{\"@type\":\"SearchAction\",\"target\":{\"@type\":\"EntryPoint\",\"urlTemplate\":\"https:\\\/\\\/canal7slp.tv\\\/2025\\\/?s={search_term_string}\"},\"query-input\":{\"@type\":\"PropertyValueSpecification\",\"valueRequired\":true,\"valueName\":\"search_term_string\"}}],\"inLanguage\":\"es\"},{\"@type\":\"Organization\",\"@id\":\"https:\\\/\\\/canal7slp.tv\\\/2025\\\/#organization\",\"name\":\"Noticieros Canal 7\",\"url\":\"https:\\\/\\\/canal7slp.tv\\\/2025\\\/\",\"logo\":{\"@type\":\"ImageObject\",\"inLanguage\":\"es\",\"@id\":\"https:\\\/\\\/canal7slp.tv\\\/2025\\\/#\\\/schema\\\/logo\\\/image\\\/\",\"url\":\"https:\\\/\\\/canal7slp.tv\\\/2025\\\/wp-content\\\/uploads\\\/2021\\\/01\\\/logo-noticieros@2x.png\",\"contentUrl\":\"https:\\\/\\\/canal7slp.tv\\\/2025\\\/wp-content\\\/uploads\\\/2021\\\/01\\\/logo-noticieros@2x.png\",\"width\":1017,\"height\":268,\"caption\":\"Noticieros Canal 7\"},\"image\":{\"@id\":\"https:\\\/\\\/canal7slp.tv\\\/2025\\\/#\\\/schema\\\/logo\\\/image\\\/\"},\"sameAs\":[\"https:\\\/\\\/www.facebook.com\\\/noticieroscanal7atencionciudadana\\\/\",\"https:\\\/\\\/x.com\\\/NOTICIEROS7\",\"https:\\\/\\\/www.instagram.com\\\/canal7_slp\",\"https:\\\/\\\/www.youtube.com\\\/channel\\\/UCliiYs-gP3JfJeqdPrNdd5A\"]},{\"@type\":\"Person\",\"@id\":\"https:\\\/\\\/canal7slp.tv\\\/2025\\\/#\\\/schema\\\/person\\\/271e2b60a96e7cc9d9ac296f4d7e414b\",\"name\":\"Edici\u00f3n Web\",\"image\":{\"@type\":\"ImageObject\",\"inLanguage\":\"es\",\"@id\":\"https:\\\/\\\/secure.gravatar.com\\\/avatar\\\/eee448fc3f7164808013b816ba91ac7e43bbe82a70bebac296f8bc6f0addaa1a?s=96&d=mm&r=g\",\"url\":\"https:\\\/\\\/secure.gravatar.com\\\/avatar\\\/eee448fc3f7164808013b816ba91ac7e43bbe82a70bebac296f8bc6f0addaa1a?s=96&d=mm&r=g\",\"contentUrl\":\"https:\\\/\\\/secure.gravatar.com\\\/avatar\\\/eee448fc3f7164808013b816ba91ac7e43bbe82a70bebac296f8bc6f0addaa1a?s=96&d=mm&r=g\",\"caption\":\"Edici\u00f3n Web\"},\"url\":\"https:\\\/\\\/canal7slp.tv\\\/2025\\\/author\\\/edicionweb\\\/\"}]}<\/script>\n<!-- \/ Yoast SEO plugin. -->","yoast_head_json":{"title":"Inauguran Ra\u00edces Potosinas museo de Artesan\u00edas en SLP - Canal 7 SLP - 2025","robots":{"index":"index","follow":"follow","max-snippet":"max-snippet:-1","max-image-preview":"max-image-preview:large","max-video-preview":"max-video-preview:-1"},"canonical":"https:\/\/canal7slp.tv\/2025\/inauguran-raices-potosinas-museo-de-artesanias-en-slp\/","og_locale":"es_ES","og_type":"article","og_title":"Inauguran Ra\u00edces Potosinas museo de Artesan\u00edas en SLP - Canal 7 SLP - 2025","og_description":"SLP.- Los productos m\u00e1s representativos de los 59 municipios de San Luis Potos\u00ed podr\u00e1n ser encontrados en el Museo de las Artesan\u00edas ubicado en la subsede de la Secretar\u00eda de Turismo de Gobierno del Estado. La titular de la Secretaria, Yolanda Cepeda Echavarr\u00eda, habl\u00f3 sobre este espacio cultural. \u201cEsa es la idea que precisamente la persona que va a estar muy al pendiente, guiando al turista para que venga y haga esta ruta en este espacio emblem\u00e1tico de la capital, sepa que si hay una pieza que le gust\u00f3 pues vaya y conviva con la comunidad, que conviva con el [&hellip;]","og_url":"https:\/\/canal7slp.tv\/2025\/inauguran-raices-potosinas-museo-de-artesanias-en-slp\/","og_site_name":"Canal 7 SLP - 2025","article_publisher":"https:\/\/www.facebook.com\/noticieroscanal7atencionciudadana\/","article_published_time":"2025-01-08T01:44:51+00:00","og_image":[{"width":1280,"height":720,"url":"https:\/\/canal7slp.tv\/2025\/wp-content\/uploads\/2025\/01\/Poky0InauguracionTurismo.jpg","type":"image\/jpeg"}],"author":"Edici\u00f3n Web","twitter_card":"summary_large_image","twitter_creator":"@NOTICIEROS7","twitter_site":"@NOTICIEROS7","twitter_misc":{"Escrito por":"Edici\u00f3n Web","Tiempo de lectura":"2 minutos"},"schema":{"@context":"https:\/\/schema.org","@graph":[{"@type":"Article","@id":"https:\/\/canal7slp.tv\/2025\/inauguran-raices-potosinas-museo-de-artesanias-en-slp\/#article","isPartOf":{"@id":"https:\/\/canal7slp.tv\/2025\/inauguran-raices-potosinas-museo-de-artesanias-en-slp\/"},"author":{"name":"Edici\u00f3n Web","@id":"https:\/\/canal7slp.tv\/2025\/#\/schema\/person\/271e2b60a96e7cc9d9ac296f4d7e414b"},"headline":"Inauguran Ra\u00edces Potosinas museo de Artesan\u00edas en SLP","datePublished":"2025-01-08T01:44:51+00:00","mainEntityOfPage":{"@id":"https:\/\/canal7slp.tv\/2025\/inauguran-raices-potosinas-museo-de-artesanias-en-slp\/"},"wordCount":309,"publisher":{"@id":"https:\/\/canal7slp.tv\/2025\/#organization"},"image":{"@id":"https:\/\/canal7slp.tv\/2025\/inauguran-raices-potosinas-museo-de-artesanias-en-slp\/#primaryimage"},"thumbnailUrl":"https:\/\/canal7slp.tv\/2025\/wp-content\/uploads\/2025\/01\/Poky0InauguracionTurismo.jpg","articleSection":["DESTACADAS","GOBEDOSLP","LOCALES Y REGIONALES"],"inLanguage":"es"},{"@type":"WebPage","@id":"https:\/\/canal7slp.tv\/2025\/inauguran-raices-potosinas-museo-de-artesanias-en-slp\/","url":"https:\/\/canal7slp.tv\/2025\/inauguran-raices-potosinas-museo-de-artesanias-en-slp\/","name":"Inauguran Ra\u00edces Potosinas museo de Artesan\u00edas en SLP - Canal 7 SLP - 2025","isPartOf":{"@id":"https:\/\/canal7slp.tv\/2025\/#website"},"primaryImageOfPage":{"@id":"https:\/\/canal7slp.tv\/2025\/inauguran-raices-potosinas-museo-de-artesanias-en-slp\/#primaryimage"},"image":{"@id":"https:\/\/canal7slp.tv\/2025\/inauguran-raices-potosinas-museo-de-artesanias-en-slp\/#primaryimage"},"thumbnailUrl":"https:\/\/canal7slp.tv\/2025\/wp-content\/uploads\/2025\/01\/Poky0InauguracionTurismo.jpg","datePublished":"2025-01-08T01:44:51+00:00","breadcrumb":{"@id":"https:\/\/canal7slp.tv\/2025\/inauguran-raices-potosinas-museo-de-artesanias-en-slp\/#breadcrumb"},"inLanguage":"es","potentialAction":[{"@type":"ReadAction","target":["https:\/\/canal7slp.tv\/2025\/inauguran-raices-potosinas-museo-de-artesanias-en-slp\/"]}]},{"@type":"ImageObject","inLanguage":"es","@id":"https:\/\/canal7slp.tv\/2025\/inauguran-raices-potosinas-museo-de-artesanias-en-slp\/#primaryimage","url":"https:\/\/canal7slp.tv\/2025\/wp-content\/uploads\/2025\/01\/Poky0InauguracionTurismo.jpg","contentUrl":"https:\/\/canal7slp.tv\/2025\/wp-content\/uploads\/2025\/01\/Poky0InauguracionTurismo.jpg","width":1280,"height":720},{"@type":"BreadcrumbList","@id":"https:\/\/canal7slp.tv\/2025\/inauguran-raices-potosinas-museo-de-artesanias-en-slp\/#breadcrumb","itemListElement":[{"@type":"ListItem","position":1,"name":"Portada","item":"https:\/\/canal7slp.tv\/2025\/"},{"@type":"ListItem","position":2,"name":"Inauguran Ra\u00edces Potosinas museo de Artesan\u00edas en SLP"}]},{"@type":"WebSite","@id":"https:\/\/canal7slp.tv\/2025\/#website","url":"https:\/\/canal7slp.tv\/2025\/","name":"N7 - Noticieros Canal 7","description":"Somos el Medio","publisher":{"@id":"https:\/\/canal7slp.tv\/2025\/#organization"},"potentialAction":[{"@type":"SearchAction","target":{"@type":"EntryPoint","urlTemplate":"https:\/\/canal7slp.tv\/2025\/?s={search_term_string}"},"query-input":{"@type":"PropertyValueSpecification","valueRequired":true,"valueName":"search_term_string"}}],"inLanguage":"es"},{"@type":"Organization","@id":"https:\/\/canal7slp.tv\/2025\/#organization","name":"Noticieros Canal 7","url":"https:\/\/canal7slp.tv\/2025\/","logo":{"@type":"ImageObject","inLanguage":"es","@id":"https:\/\/canal7slp.tv\/2025\/#\/schema\/logo\/image\/","url":"https:\/\/canal7slp.tv\/2025\/wp-content\/uploads\/2021\/01\/logo-noticieros@2x.png","contentUrl":"https:\/\/canal7slp.tv\/2025\/wp-content\/uploads\/2021\/01\/logo-noticieros@2x.png","width":1017,"height":268,"caption":"Noticieros Canal 7"},"image":{"@id":"https:\/\/canal7slp.tv\/2025\/#\/schema\/logo\/image\/"},"sameAs":["https:\/\/www.facebook.com\/noticieroscanal7atencionciudadana\/","https:\/\/x.com\/NOTICIEROS7","https:\/\/www.instagram.com\/canal7_slp","https:\/\/www.youtube.com\/channel\/UCliiYs-gP3JfJeqdPrNdd5A"]},{"@type":"Person","@id":"https:\/\/canal7slp.tv\/2025\/#\/schema\/person\/271e2b60a96e7cc9d9ac296f4d7e414b","name":"Edici\u00f3n Web","image":{"@type":"ImageObject","inLanguage":"es","@id":"https:\/\/secure.gravatar.com\/avatar\/eee448fc3f7164808013b816ba91ac7e43bbe82a70bebac296f8bc6f0addaa1a?s=96&d=mm&r=g","url":"https:\/\/secure.gravatar.com\/avatar\/eee448fc3f7164808013b816ba91ac7e43bbe82a70bebac296f8bc6f0addaa1a?s=96&d=mm&r=g","contentUrl":"https:\/\/secure.gravatar.com\/avatar\/eee448fc3f7164808013b816ba91ac7e43bbe82a70bebac296f8bc6f0addaa1a?s=96&d=mm&r=g","caption":"Edici\u00f3n Web"},"url":"https:\/\/canal7slp.tv\/2025\/author\/edicionweb\/"}]}},"_links":{"self":[{"href":"https:\/\/canal7slp.tv\/2025\/wp-json\/wp\/v2\/posts\/153670","targetHints":{"allow":["GET"]}}],"collection":[{"href":"https:\/\/canal7slp.tv\/2025\/wp-json\/wp\/v2\/posts"}],"about":[{"href":"https:\/\/canal7slp.tv\/2025\/wp-json\/wp\/v2\/types\/post"}],"author":[{"embeddable":true,"href":"https:\/\/canal7slp.tv\/2025\/wp-json\/wp\/v2\/users\/2"}],"replies":[{"embeddable":true,"href":"https:\/\/canal7slp.tv\/2025\/wp-json\/wp\/v2\/comments?post=153670"}],"version-history":[{"count":2,"href":"https:\/\/canal7slp.tv\/2025\/wp-json\/wp\/v2\/posts\/153670\/revisions"}],"predecessor-version":[{"id":153693,"href":"https:\/\/canal7slp.tv\/2025\/wp-json\/wp\/v2\/posts\/153670\/revisions\/153693"}],"wp:featuredmedia":[{"embeddable":true,"href":"https:\/\/canal7slp.tv\/2025\/wp-json\/wp\/v2\/media\/153689"}],"wp:attachment":[{"href":"https:\/\/canal7slp.tv\/2025\/wp-json\/wp\/v2\/media?parent=153670"}],"wp:term":[{"taxonomy":"category","embeddable":true,"href":"https:\/\/canal7slp.tv\/2025\/wp-json\/wp\/v2\/categories?post=153670"},{"taxonomy":"post_tag","embeddable":true,"href":"https:\/\/canal7slp.tv\/2025\/wp-json\/wp\/v2\/tags?post=153670"}],"curies":[{"name":"wp","href":"https:\/\/api.w.org\/{rel}","templated":true}]}}