{"id":153540,"date":"2025-01-06T16:18:59","date_gmt":"2025-01-06T22:18:59","guid":{"rendered":"https:\/\/canal7slp.tv\/2025\/?p=153540"},"modified":"2025-01-06T16:18:59","modified_gmt":"2025-01-06T22:18:59","slug":"slp-el-estado-con-menor-registro-se-asesinatos-de-periodistas-desde-el-ano-2000","status":"publish","type":"post","link":"https:\/\/canal7slp.tv\/2025\/slp-el-estado-con-menor-registro-se-asesinatos-de-periodistas-desde-el-ano-2000\/","title":{"rendered":"SLP, el estado con menor registro se asesinatos de periodistas desde el a\u00f1o 2000"},"content":{"rendered":"<p style=\"text-align: justify;\"><span style=\"font-size: 1.21429rem;\">SLP.- Desde el a\u00f1o 2000, Articulo 19 ha documentado 168 asesinatos de periodistas en M\u00e9xico en posible relaci\u00f3n con su labor, distribuidos en casi todas las entidades del pa\u00eds. San Luis Potos\u00ed se encuentra entre los estados con menor registro, con un caso documentado en este periodo.<\/span><\/p>\n<p style=\"text-align: justify;\">A nivel nacional, los estados con mayores cifras son Veracruz, con 31 asesinatos, seguido de Guerrero con 17, y Chihuahua y Tamaulipas, con 15 cada uno. Michoac\u00e1n ha reportado 8 casos y Sinaloa 7.<\/p>\n<p style=\"text-align: justify;\">Otros estados como Baja California, Guanajuato, Estado de M\u00e9xico, Quintana Roo y Tabasco registran 4 asesinatos cada uno.<\/p>\n<p style=\"text-align: justify;\">En contraste, San Luis Potos\u00ed se posiciona como una de las entidades con menor incidencia, junto a estados como Baja California Sur, Ciudad de M\u00e9xico, Jalisco, Nayarit y Nuevo Le\u00f3n, que tienen 2 casos cada uno.<\/p>\n<p style=\"text-align: justify;\">El caso m\u00e1s reciente en el pa\u00eds ocurri\u00f3 el 29 de octubre de 2024 en Uruapan, Michoac\u00e1n, con el asesinato del periodista Mauricio Cruz Sol\u00eds.<\/p>\n<p style=\"text-align: justify;\">Durante el actual gobierno de Claudia Sheinbaum se ha reportado un caso. En el periodo de Andr\u00e9s Manuel L\u00f3pez Obrador se han registrado 47 asesinatos, la misma cantidad que en la administraci\u00f3n de Enrique Pe\u00f1a Nieto.<\/p>\n<p style=\"text-align: justify;\">El sexenio de Felipe Calder\u00f3n Hinojosa acumula 48 casos, mientras que en los periodos de Vicente Fox Quesada y Ernesto Zedillo se documentaron 22 y 3 respectivamente.<\/p>\n<p>Por: Jos\u00e9 Luis V\u00e1zquez<\/p>\n","protected":false},"excerpt":{"rendered":"<p>SLP.- Desde el a\u00f1o 2000, Articulo 19 ha documentado 168 asesinatos de periodistas en M\u00e9xico en posible relaci\u00f3n con su labor, distribuidos en casi todas las entidades del pa\u00eds. San Luis Potos\u00ed se encuentra entre los estados con menor registro, con un caso documentado en este periodo. A nivel nacional, los estados con mayores cifras son Veracruz, con 31 asesinatos, seguido de Guerrero con 17, y Chihuahua y Tamaulipas, con 15 cada uno. Michoac\u00e1n ha reportado 8 casos y Sinaloa 7. Otros estados como Baja California, Guanajuato, Estado de M\u00e9xico, Quintana Roo y Tabasco registran 4 asesinatos cada uno. En [&hellip;]<\/p>\n","protected":false},"author":2,"featured_media":153549,"comment_status":"closed","ping_status":"closed","sticky":false,"template":"","format":"video","meta":{"_monsterinsights_skip_tracking":false,"_monsterinsights_sitenote_active":false,"_monsterinsights_sitenote_note":"","_monsterinsights_sitenote_category":0,"footnotes":""},"categories":[5,45],"tags":[],"class_list":["post-153540","post","type-post","status-publish","format-video","has-post-thumbnail","hentry","category-destacadas","category-localesyregionales","post_format-post-format-video","post--single"],"yoast_head":"<!-- This site is optimized with the Yoast SEO plugin v27.5 - https:\/\/yoast.com\/product\/yoast-seo-wordpress\/ -->\n<title>SLP, el estado con menor registro se asesinatos de periodistas desde el a\u00f1o 2000 - Canal 7 SLP - 2025<\/title>\n<meta name=\"robots\" content=\"index, follow, max-snippet:-1, max-image-preview:large, max-video-preview:-1\" \/>\n<link rel=\"canonical\" href=\"https:\/\/canal7slp.tv\/2025\/slp-el-estado-con-menor-registro-se-asesinatos-de-periodistas-desde-el-ano-2000\/\" \/>\n<meta property=\"og:locale\" content=\"es_ES\" \/>\n<meta property=\"og:type\" content=\"article\" \/>\n<meta property=\"og:title\" content=\"SLP, el estado con menor registro se asesinatos de periodistas desde el a\u00f1o 2000 - Canal 7 SLP - 2025\" \/>\n<meta property=\"og:description\" content=\"SLP.- Desde el a\u00f1o 2000, Articulo 19 ha documentado 168 asesinatos de periodistas en M\u00e9xico en posible relaci\u00f3n con su labor, distribuidos en casi todas las entidades del pa\u00eds. San Luis Potos\u00ed se encuentra entre los estados con menor registro, con un caso documentado en este periodo. A nivel nacional, los estados con mayores cifras son Veracruz, con 31 asesinatos, seguido de Guerrero con 17, y Chihuahua y Tamaulipas, con 15 cada uno. Michoac\u00e1n ha reportado 8 casos y Sinaloa 7. Otros estados como Baja California, Guanajuato, Estado de M\u00e9xico, Quintana Roo y Tabasco registran 4 asesinatos cada uno. En [&hellip;]\" \/>\n<meta property=\"og:url\" content=\"https:\/\/canal7slp.tv\/2025\/slp-el-estado-con-menor-registro-se-asesinatos-de-periodistas-desde-el-ano-2000\/\" \/>\n<meta property=\"og:site_name\" content=\"Canal 7 SLP - 2025\" \/>\n<meta property=\"article:publisher\" content=\"https:\/\/www.facebook.com\/noticieroscanal7atencionciudadana\/\" \/>\n<meta property=\"article:published_time\" content=\"2025-01-06T22:18:59+00:00\" \/>\n<meta property=\"og:image\" content=\"https:\/\/canal7slp.tv\/2025\/wp-content\/uploads\/2025\/01\/Vazquez0Periodistas.jpg\" \/>\n\t<meta property=\"og:image:width\" content=\"1280\" \/>\n\t<meta property=\"og:image:height\" content=\"720\" \/>\n\t<meta property=\"og:image:type\" content=\"image\/jpeg\" \/>\n<meta name=\"author\" content=\"Edici\u00f3n Web\" \/>\n<meta name=\"twitter:card\" content=\"summary_large_image\" \/>\n<meta name=\"twitter:creator\" content=\"@NOTICIEROS7\" \/>\n<meta name=\"twitter:site\" content=\"@NOTICIEROS7\" \/>\n<meta name=\"twitter:label1\" content=\"Escrito por\" \/>\n\t<meta name=\"twitter:data1\" content=\"Edici\u00f3n Web\" \/>\n\t<meta name=\"twitter:label2\" content=\"Tiempo de lectura\" \/>\n\t<meta name=\"twitter:data2\" content=\"2 minutos\" \/>\n<script type=\"application\/ld+json\" class=\"yoast-schema-graph\">{\"@context\":\"https:\\\/\\\/schema.org\",\"@graph\":[{\"@type\":\"Article\",\"@id\":\"https:\\\/\\\/canal7slp.tv\\\/2025\\\/slp-el-estado-con-menor-registro-se-asesinatos-de-periodistas-desde-el-ano-2000\\\/#article\",\"isPartOf\":{\"@id\":\"https:\\\/\\\/canal7slp.tv\\\/2025\\\/slp-el-estado-con-menor-registro-se-asesinatos-de-periodistas-desde-el-ano-2000\\\/\"},\"author\":{\"name\":\"Edici\u00f3n Web\",\"@id\":\"https:\\\/\\\/canal7slp.tv\\\/2025\\\/#\\\/schema\\\/person\\\/271e2b60a96e7cc9d9ac296f4d7e414b\"},\"headline\":\"SLP, el estado con menor registro se asesinatos de periodistas desde el a\u00f1o 2000\",\"datePublished\":\"2025-01-06T22:18:59+00:00\",\"mainEntityOfPage\":{\"@id\":\"https:\\\/\\\/canal7slp.tv\\\/2025\\\/slp-el-estado-con-menor-registro-se-asesinatos-de-periodistas-desde-el-ano-2000\\\/\"},\"wordCount\":244,\"publisher\":{\"@id\":\"https:\\\/\\\/canal7slp.tv\\\/2025\\\/#organization\"},\"image\":{\"@id\":\"https:\\\/\\\/canal7slp.tv\\\/2025\\\/slp-el-estado-con-menor-registro-se-asesinatos-de-periodistas-desde-el-ano-2000\\\/#primaryimage\"},\"thumbnailUrl\":\"https:\\\/\\\/canal7slp.tv\\\/2025\\\/wp-content\\\/uploads\\\/2025\\\/01\\\/Vazquez0Periodistas.jpg\",\"articleSection\":[\"DESTACADAS\",\"LOCALES Y REGIONALES\"],\"inLanguage\":\"es\"},{\"@type\":\"WebPage\",\"@id\":\"https:\\\/\\\/canal7slp.tv\\\/2025\\\/slp-el-estado-con-menor-registro-se-asesinatos-de-periodistas-desde-el-ano-2000\\\/\",\"url\":\"https:\\\/\\\/canal7slp.tv\\\/2025\\\/slp-el-estado-con-menor-registro-se-asesinatos-de-periodistas-desde-el-ano-2000\\\/\",\"name\":\"SLP, el estado con menor registro se asesinatos de periodistas desde el a\u00f1o 2000 - Canal 7 SLP - 2025\",\"isPartOf\":{\"@id\":\"https:\\\/\\\/canal7slp.tv\\\/2025\\\/#website\"},\"primaryImageOfPage\":{\"@id\":\"https:\\\/\\\/canal7slp.tv\\\/2025\\\/slp-el-estado-con-menor-registro-se-asesinatos-de-periodistas-desde-el-ano-2000\\\/#primaryimage\"},\"image\":{\"@id\":\"https:\\\/\\\/canal7slp.tv\\\/2025\\\/slp-el-estado-con-menor-registro-se-asesinatos-de-periodistas-desde-el-ano-2000\\\/#primaryimage\"},\"thumbnailUrl\":\"https:\\\/\\\/canal7slp.tv\\\/2025\\\/wp-content\\\/uploads\\\/2025\\\/01\\\/Vazquez0Periodistas.jpg\",\"datePublished\":\"2025-01-06T22:18:59+00:00\",\"breadcrumb\":{\"@id\":\"https:\\\/\\\/canal7slp.tv\\\/2025\\\/slp-el-estado-con-menor-registro-se-asesinatos-de-periodistas-desde-el-ano-2000\\\/#breadcrumb\"},\"inLanguage\":\"es\",\"potentialAction\":[{\"@type\":\"ReadAction\",\"target\":[\"https:\\\/\\\/canal7slp.tv\\\/2025\\\/slp-el-estado-con-menor-registro-se-asesinatos-de-periodistas-desde-el-ano-2000\\\/\"]}]},{\"@type\":\"ImageObject\",\"inLanguage\":\"es\",\"@id\":\"https:\\\/\\\/canal7slp.tv\\\/2025\\\/slp-el-estado-con-menor-registro-se-asesinatos-de-periodistas-desde-el-ano-2000\\\/#primaryimage\",\"url\":\"https:\\\/\\\/canal7slp.tv\\\/2025\\\/wp-content\\\/uploads\\\/2025\\\/01\\\/Vazquez0Periodistas.jpg\",\"contentUrl\":\"https:\\\/\\\/canal7slp.tv\\\/2025\\\/wp-content\\\/uploads\\\/2025\\\/01\\\/Vazquez0Periodistas.jpg\",\"width\":1280,\"height\":720},{\"@type\":\"BreadcrumbList\",\"@id\":\"https:\\\/\\\/canal7slp.tv\\\/2025\\\/slp-el-estado-con-menor-registro-se-asesinatos-de-periodistas-desde-el-ano-2000\\\/#breadcrumb\",\"itemListElement\":[{\"@type\":\"ListItem\",\"position\":1,\"name\":\"Portada\",\"item\":\"https:\\\/\\\/canal7slp.tv\\\/2025\\\/\"},{\"@type\":\"ListItem\",\"position\":2,\"name\":\"SLP, el estado con menor registro se asesinatos de periodistas desde el a\u00f1o 2000\"}]},{\"@type\":\"WebSite\",\"@id\":\"https:\\\/\\\/canal7slp.tv\\\/2025\\\/#website\",\"url\":\"https:\\\/\\\/canal7slp.tv\\\/2025\\\/\",\"name\":\"N7 - Noticieros Canal 7\",\"description\":\"Somos el Medio\",\"publisher\":{\"@id\":\"https:\\\/\\\/canal7slp.tv\\\/2025\\\/#organization\"},\"potentialAction\":[{\"@type\":\"SearchAction\",\"target\":{\"@type\":\"EntryPoint\",\"urlTemplate\":\"https:\\\/\\\/canal7slp.tv\\\/2025\\\/?s={search_term_string}\"},\"query-input\":{\"@type\":\"PropertyValueSpecification\",\"valueRequired\":true,\"valueName\":\"search_term_string\"}}],\"inLanguage\":\"es\"},{\"@type\":\"Organization\",\"@id\":\"https:\\\/\\\/canal7slp.tv\\\/2025\\\/#organization\",\"name\":\"Noticieros Canal 7\",\"url\":\"https:\\\/\\\/canal7slp.tv\\\/2025\\\/\",\"logo\":{\"@type\":\"ImageObject\",\"inLanguage\":\"es\",\"@id\":\"https:\\\/\\\/canal7slp.tv\\\/2025\\\/#\\\/schema\\\/logo\\\/image\\\/\",\"url\":\"https:\\\/\\\/canal7slp.tv\\\/2025\\\/wp-content\\\/uploads\\\/2021\\\/01\\\/logo-noticieros@2x.png\",\"contentUrl\":\"https:\\\/\\\/canal7slp.tv\\\/2025\\\/wp-content\\\/uploads\\\/2021\\\/01\\\/logo-noticieros@2x.png\",\"width\":1017,\"height\":268,\"caption\":\"Noticieros Canal 7\"},\"image\":{\"@id\":\"https:\\\/\\\/canal7slp.tv\\\/2025\\\/#\\\/schema\\\/logo\\\/image\\\/\"},\"sameAs\":[\"https:\\\/\\\/www.facebook.com\\\/noticieroscanal7atencionciudadana\\\/\",\"https:\\\/\\\/x.com\\\/NOTICIEROS7\",\"https:\\\/\\\/www.instagram.com\\\/canal7_slp\",\"https:\\\/\\\/www.youtube.com\\\/channel\\\/UCliiYs-gP3JfJeqdPrNdd5A\"]},{\"@type\":\"Person\",\"@id\":\"https:\\\/\\\/canal7slp.tv\\\/2025\\\/#\\\/schema\\\/person\\\/271e2b60a96e7cc9d9ac296f4d7e414b\",\"name\":\"Edici\u00f3n Web\",\"image\":{\"@type\":\"ImageObject\",\"inLanguage\":\"es\",\"@id\":\"https:\\\/\\\/secure.gravatar.com\\\/avatar\\\/eee448fc3f7164808013b816ba91ac7e43bbe82a70bebac296f8bc6f0addaa1a?s=96&d=mm&r=g\",\"url\":\"https:\\\/\\\/secure.gravatar.com\\\/avatar\\\/eee448fc3f7164808013b816ba91ac7e43bbe82a70bebac296f8bc6f0addaa1a?s=96&d=mm&r=g\",\"contentUrl\":\"https:\\\/\\\/secure.gravatar.com\\\/avatar\\\/eee448fc3f7164808013b816ba91ac7e43bbe82a70bebac296f8bc6f0addaa1a?s=96&d=mm&r=g\",\"caption\":\"Edici\u00f3n Web\"},\"url\":\"https:\\\/\\\/canal7slp.tv\\\/2025\\\/author\\\/edicionweb\\\/\"}]}<\/script>\n<!-- \/ Yoast SEO plugin. -->","yoast_head_json":{"title":"SLP, el estado con menor registro se asesinatos de periodistas desde el a\u00f1o 2000 - Canal 7 SLP - 2025","robots":{"index":"index","follow":"follow","max-snippet":"max-snippet:-1","max-image-preview":"max-image-preview:large","max-video-preview":"max-video-preview:-1"},"canonical":"https:\/\/canal7slp.tv\/2025\/slp-el-estado-con-menor-registro-se-asesinatos-de-periodistas-desde-el-ano-2000\/","og_locale":"es_ES","og_type":"article","og_title":"SLP, el estado con menor registro se asesinatos de periodistas desde el a\u00f1o 2000 - Canal 7 SLP - 2025","og_description":"SLP.- Desde el a\u00f1o 2000, Articulo 19 ha documentado 168 asesinatos de periodistas en M\u00e9xico en posible relaci\u00f3n con su labor, distribuidos en casi todas las entidades del pa\u00eds. San Luis Potos\u00ed se encuentra entre los estados con menor registro, con un caso documentado en este periodo. A nivel nacional, los estados con mayores cifras son Veracruz, con 31 asesinatos, seguido de Guerrero con 17, y Chihuahua y Tamaulipas, con 15 cada uno. Michoac\u00e1n ha reportado 8 casos y Sinaloa 7. Otros estados como Baja California, Guanajuato, Estado de M\u00e9xico, Quintana Roo y Tabasco registran 4 asesinatos cada uno. En [&hellip;]","og_url":"https:\/\/canal7slp.tv\/2025\/slp-el-estado-con-menor-registro-se-asesinatos-de-periodistas-desde-el-ano-2000\/","og_site_name":"Canal 7 SLP - 2025","article_publisher":"https:\/\/www.facebook.com\/noticieroscanal7atencionciudadana\/","article_published_time":"2025-01-06T22:18:59+00:00","og_image":[{"width":1280,"height":720,"url":"https:\/\/canal7slp.tv\/2025\/wp-content\/uploads\/2025\/01\/Vazquez0Periodistas.jpg","type":"image\/jpeg"}],"author":"Edici\u00f3n Web","twitter_card":"summary_large_image","twitter_creator":"@NOTICIEROS7","twitter_site":"@NOTICIEROS7","twitter_misc":{"Escrito por":"Edici\u00f3n Web","Tiempo de lectura":"2 minutos"},"schema":{"@context":"https:\/\/schema.org","@graph":[{"@type":"Article","@id":"https:\/\/canal7slp.tv\/2025\/slp-el-estado-con-menor-registro-se-asesinatos-de-periodistas-desde-el-ano-2000\/#article","isPartOf":{"@id":"https:\/\/canal7slp.tv\/2025\/slp-el-estado-con-menor-registro-se-asesinatos-de-periodistas-desde-el-ano-2000\/"},"author":{"name":"Edici\u00f3n Web","@id":"https:\/\/canal7slp.tv\/2025\/#\/schema\/person\/271e2b60a96e7cc9d9ac296f4d7e414b"},"headline":"SLP, el estado con menor registro se asesinatos de periodistas desde el a\u00f1o 2000","datePublished":"2025-01-06T22:18:59+00:00","mainEntityOfPage":{"@id":"https:\/\/canal7slp.tv\/2025\/slp-el-estado-con-menor-registro-se-asesinatos-de-periodistas-desde-el-ano-2000\/"},"wordCount":244,"publisher":{"@id":"https:\/\/canal7slp.tv\/2025\/#organization"},"image":{"@id":"https:\/\/canal7slp.tv\/2025\/slp-el-estado-con-menor-registro-se-asesinatos-de-periodistas-desde-el-ano-2000\/#primaryimage"},"thumbnailUrl":"https:\/\/canal7slp.tv\/2025\/wp-content\/uploads\/2025\/01\/Vazquez0Periodistas.jpg","articleSection":["DESTACADAS","LOCALES Y REGIONALES"],"inLanguage":"es"},{"@type":"WebPage","@id":"https:\/\/canal7slp.tv\/2025\/slp-el-estado-con-menor-registro-se-asesinatos-de-periodistas-desde-el-ano-2000\/","url":"https:\/\/canal7slp.tv\/2025\/slp-el-estado-con-menor-registro-se-asesinatos-de-periodistas-desde-el-ano-2000\/","name":"SLP, el estado con menor registro se asesinatos de periodistas desde el a\u00f1o 2000 - Canal 7 SLP - 2025","isPartOf":{"@id":"https:\/\/canal7slp.tv\/2025\/#website"},"primaryImageOfPage":{"@id":"https:\/\/canal7slp.tv\/2025\/slp-el-estado-con-menor-registro-se-asesinatos-de-periodistas-desde-el-ano-2000\/#primaryimage"},"image":{"@id":"https:\/\/canal7slp.tv\/2025\/slp-el-estado-con-menor-registro-se-asesinatos-de-periodistas-desde-el-ano-2000\/#primaryimage"},"thumbnailUrl":"https:\/\/canal7slp.tv\/2025\/wp-content\/uploads\/2025\/01\/Vazquez0Periodistas.jpg","datePublished":"2025-01-06T22:18:59+00:00","breadcrumb":{"@id":"https:\/\/canal7slp.tv\/2025\/slp-el-estado-con-menor-registro-se-asesinatos-de-periodistas-desde-el-ano-2000\/#breadcrumb"},"inLanguage":"es","potentialAction":[{"@type":"ReadAction","target":["https:\/\/canal7slp.tv\/2025\/slp-el-estado-con-menor-registro-se-asesinatos-de-periodistas-desde-el-ano-2000\/"]}]},{"@type":"ImageObject","inLanguage":"es","@id":"https:\/\/canal7slp.tv\/2025\/slp-el-estado-con-menor-registro-se-asesinatos-de-periodistas-desde-el-ano-2000\/#primaryimage","url":"https:\/\/canal7slp.tv\/2025\/wp-content\/uploads\/2025\/01\/Vazquez0Periodistas.jpg","contentUrl":"https:\/\/canal7slp.tv\/2025\/wp-content\/uploads\/2025\/01\/Vazquez0Periodistas.jpg","width":1280,"height":720},{"@type":"BreadcrumbList","@id":"https:\/\/canal7slp.tv\/2025\/slp-el-estado-con-menor-registro-se-asesinatos-de-periodistas-desde-el-ano-2000\/#breadcrumb","itemListElement":[{"@type":"ListItem","position":1,"name":"Portada","item":"https:\/\/canal7slp.tv\/2025\/"},{"@type":"ListItem","position":2,"name":"SLP, el estado con menor registro se asesinatos de periodistas desde el a\u00f1o 2000"}]},{"@type":"WebSite","@id":"https:\/\/canal7slp.tv\/2025\/#website","url":"https:\/\/canal7slp.tv\/2025\/","name":"N7 - Noticieros Canal 7","description":"Somos el Medio","publisher":{"@id":"https:\/\/canal7slp.tv\/2025\/#organization"},"potentialAction":[{"@type":"SearchAction","target":{"@type":"EntryPoint","urlTemplate":"https:\/\/canal7slp.tv\/2025\/?s={search_term_string}"},"query-input":{"@type":"PropertyValueSpecification","valueRequired":true,"valueName":"search_term_string"}}],"inLanguage":"es"},{"@type":"Organization","@id":"https:\/\/canal7slp.tv\/2025\/#organization","name":"Noticieros Canal 7","url":"https:\/\/canal7slp.tv\/2025\/","logo":{"@type":"ImageObject","inLanguage":"es","@id":"https:\/\/canal7slp.tv\/2025\/#\/schema\/logo\/image\/","url":"https:\/\/canal7slp.tv\/2025\/wp-content\/uploads\/2021\/01\/logo-noticieros@2x.png","contentUrl":"https:\/\/canal7slp.tv\/2025\/wp-content\/uploads\/2021\/01\/logo-noticieros@2x.png","width":1017,"height":268,"caption":"Noticieros Canal 7"},"image":{"@id":"https:\/\/canal7slp.tv\/2025\/#\/schema\/logo\/image\/"},"sameAs":["https:\/\/www.facebook.com\/noticieroscanal7atencionciudadana\/","https:\/\/x.com\/NOTICIEROS7","https:\/\/www.instagram.com\/canal7_slp","https:\/\/www.youtube.com\/channel\/UCliiYs-gP3JfJeqdPrNdd5A"]},{"@type":"Person","@id":"https:\/\/canal7slp.tv\/2025\/#\/schema\/person\/271e2b60a96e7cc9d9ac296f4d7e414b","name":"Edici\u00f3n Web","image":{"@type":"ImageObject","inLanguage":"es","@id":"https:\/\/secure.gravatar.com\/avatar\/eee448fc3f7164808013b816ba91ac7e43bbe82a70bebac296f8bc6f0addaa1a?s=96&d=mm&r=g","url":"https:\/\/secure.gravatar.com\/avatar\/eee448fc3f7164808013b816ba91ac7e43bbe82a70bebac296f8bc6f0addaa1a?s=96&d=mm&r=g","contentUrl":"https:\/\/secure.gravatar.com\/avatar\/eee448fc3f7164808013b816ba91ac7e43bbe82a70bebac296f8bc6f0addaa1a?s=96&d=mm&r=g","caption":"Edici\u00f3n Web"},"url":"https:\/\/canal7slp.tv\/2025\/author\/edicionweb\/"}]}},"_links":{"self":[{"href":"https:\/\/canal7slp.tv\/2025\/wp-json\/wp\/v2\/posts\/153540","targetHints":{"allow":["GET"]}}],"collection":[{"href":"https:\/\/canal7slp.tv\/2025\/wp-json\/wp\/v2\/posts"}],"about":[{"href":"https:\/\/canal7slp.tv\/2025\/wp-json\/wp\/v2\/types\/post"}],"author":[{"embeddable":true,"href":"https:\/\/canal7slp.tv\/2025\/wp-json\/wp\/v2\/users\/2"}],"replies":[{"embeddable":true,"href":"https:\/\/canal7slp.tv\/2025\/wp-json\/wp\/v2\/comments?post=153540"}],"version-history":[{"count":2,"href":"https:\/\/canal7slp.tv\/2025\/wp-json\/wp\/v2\/posts\/153540\/revisions"}],"predecessor-version":[{"id":153552,"href":"https:\/\/canal7slp.tv\/2025\/wp-json\/wp\/v2\/posts\/153540\/revisions\/153552"}],"wp:featuredmedia":[{"embeddable":true,"href":"https:\/\/canal7slp.tv\/2025\/wp-json\/wp\/v2\/media\/153549"}],"wp:attachment":[{"href":"https:\/\/canal7slp.tv\/2025\/wp-json\/wp\/v2\/media?parent=153540"}],"wp:term":[{"taxonomy":"category","embeddable":true,"href":"https:\/\/canal7slp.tv\/2025\/wp-json\/wp\/v2\/categories?post=153540"},{"taxonomy":"post_tag","embeddable":true,"href":"https:\/\/canal7slp.tv\/2025\/wp-json\/wp\/v2\/tags?post=153540"}],"curies":[{"name":"wp","href":"https:\/\/api.w.org\/{rel}","templated":true}]}}