{"id":153537,"date":"2025-01-06T16:07:41","date_gmt":"2025-01-06T22:07:41","guid":{"rendered":"https:\/\/canal7slp.tv\/2025\/?p=153537"},"modified":"2025-01-06T16:07:41","modified_gmt":"2025-01-06T22:07:41","slug":"viral-adios-a-perry-el-mini-burro-que-inspiro-a-burro-de-shrek","status":"publish","type":"post","link":"https:\/\/canal7slp.tv\/2025\/viral-adios-a-perry-el-mini-burro-que-inspiro-a-burro-de-shrek\/","title":{"rendered":"#Viral Adi\u00f3s a \u00abPerry\u00bb, el mini burro que inspir\u00f3 a \u00abBurro\u00bb de Shrek"},"content":{"rendered":"<p style=\"text-align: justify;\">\n<p style=\"text-align: justify;\">California.- El 2025 comenz\u00f3 con una notable p\u00e9rdida para el cine animado: \u00abPerry\u00bb, el mini burro que inspir\u00f3 al ic\u00f3nico personaje \u00abBurro\u00bb de Shrek, falleci\u00f3 a los 30 a\u00f1os. Su deceso fue confirmado por la organizaci\u00f3n Barron Park Donkeys, donde hab\u00eda residido desde 1997.<\/p>\n<p style=\"text-align: justify;\">Con su distintivo pelaje caf\u00e9 claro y una cabeza de tonos m\u00e1s oscuros, \u00abPerry\u00bb fue una figura clave para los animadores de Pacific Data Images (PDI), quienes capturaron su energ\u00eda y carisma para dar vida al entra\u00f1able \u00abBurro\u00bb, interpretado por Eddie Murphy en la pel\u00edcula de 2001. Shrek no solo se convirti\u00f3 en un fen\u00f3meno mundial, recaudando m\u00e1s de 492 millones de d\u00f3lares, sino que tambi\u00e9n gan\u00f3 un premio \u00d3scar como Mejor Pel\u00edcula Animada.<\/p>\n<p style=\"text-align: justify;\">Aunque muchos consideran que \u00abBurro\u00bb fue una creaci\u00f3n exclusiva de DreamWorks, \u00abPerry\u00bb sirvi\u00f3 como inspiraci\u00f3n real para su dise\u00f1o y movimientos. Donado al parque Barron en Palo Alto en 1997, el mini burro fue estudiado por los animadores para perfeccionar su representaci\u00f3n en la pantalla. Sin embargo, a pesar del \u00e9xito de la pel\u00edcula, \u00abPerry\u00bb no fue acreditado oficialmente, aunque DreamWorks realiz\u00f3 una donaci\u00f3n de 75 d\u00f3lares al parque.<\/p>\n<p style=\"text-align: justify;\">En sus \u00faltimos meses, \u00abPerry\u00bb enfrent\u00f3 problemas de salud relacionados con la laminitis, una dolorosa enfermedad en los cascos. Para cubrir sus gastos veterinarios, el Ayuntamiento de Palo Alto asign\u00f3 10 mil d\u00f3lares, reflejando el cari\u00f1o que la comunidad le ten\u00eda.<\/p>\n<p style=\"text-align: justify;\">La organizaci\u00f3n Barron Park Donkeys comparti\u00f3 la noticia de su fallecimiento a trav\u00e9s de Instagram, describiendo a \u00abPerry\u00bb como un miembro querido de la comunidad y anunciando que pronto se llevar\u00e1n a cabo planes memoriales en su honor. M\u00e1s all\u00e1 de su papel en la animaci\u00f3n, \u00abPerry\u00bb fue un s\u00edmbolo entra\u00f1able en Palo Alto, dejando un legado de recuerdos inolvidables entre generaciones de visitantes.<\/p>\n","protected":false},"excerpt":{"rendered":"<p>California.- El 2025 comenz\u00f3 con una notable p\u00e9rdida para el cine animado: \u00abPerry\u00bb, el mini burro que inspir\u00f3 al ic\u00f3nico personaje \u00abBurro\u00bb de Shrek, falleci\u00f3 a los 30 a\u00f1os. Su deceso fue confirmado por la organizaci\u00f3n Barron Park Donkeys, donde hab\u00eda residido desde 1997. Con su distintivo pelaje caf\u00e9 claro y una cabeza de tonos m\u00e1s oscuros, \u00abPerry\u00bb fue una figura clave para los animadores de Pacific Data Images (PDI), quienes capturaron su energ\u00eda y carisma para dar vida al entra\u00f1able \u00abBurro\u00bb, interpretado por Eddie Murphy en la pel\u00edcula de 2001. Shrek no solo se convirti\u00f3 en un fen\u00f3meno mundial, [&hellip;]<\/p>\n","protected":false},"author":2,"featured_media":153538,"comment_status":"closed","ping_status":"closed","sticky":false,"template":"","format":"standard","meta":{"_monsterinsights_skip_tracking":false,"_monsterinsights_sitenote_active":false,"_monsterinsights_sitenote_note":"","_monsterinsights_sitenote_category":0,"footnotes":""},"categories":[42],"tags":[],"class_list":["post-153537","post","type-post","status-publish","format-standard","has-post-thumbnail","hentry","category-espectaculos","post--single"],"yoast_head":"<!-- This site is optimized with the Yoast SEO plugin v27.5 - https:\/\/yoast.com\/product\/yoast-seo-wordpress\/ -->\n<title>#Viral Adi\u00f3s a &quot;Perry&quot;, el mini burro que inspir\u00f3 a &quot;Burro&quot; de Shrek - Canal 7 SLP - 2025<\/title>\n<meta name=\"robots\" content=\"index, follow, max-snippet:-1, max-image-preview:large, max-video-preview:-1\" \/>\n<link rel=\"canonical\" href=\"https:\/\/canal7slp.tv\/2025\/viral-adios-a-perry-el-mini-burro-que-inspiro-a-burro-de-shrek\/\" \/>\n<meta property=\"og:locale\" content=\"es_ES\" \/>\n<meta property=\"og:type\" content=\"article\" \/>\n<meta property=\"og:title\" content=\"#Viral Adi\u00f3s a &quot;Perry&quot;, el mini burro que inspir\u00f3 a &quot;Burro&quot; de Shrek - Canal 7 SLP - 2025\" \/>\n<meta property=\"og:description\" content=\"California.- El 2025 comenz\u00f3 con una notable p\u00e9rdida para el cine animado: \u00abPerry\u00bb, el mini burro que inspir\u00f3 al ic\u00f3nico personaje \u00abBurro\u00bb de Shrek, falleci\u00f3 a los 30 a\u00f1os. Su deceso fue confirmado por la organizaci\u00f3n Barron Park Donkeys, donde hab\u00eda residido desde 1997. Con su distintivo pelaje caf\u00e9 claro y una cabeza de tonos m\u00e1s oscuros, \u00abPerry\u00bb fue una figura clave para los animadores de Pacific Data Images (PDI), quienes capturaron su energ\u00eda y carisma para dar vida al entra\u00f1able \u00abBurro\u00bb, interpretado por Eddie Murphy en la pel\u00edcula de 2001. Shrek no solo se convirti\u00f3 en un fen\u00f3meno mundial, [&hellip;]\" \/>\n<meta property=\"og:url\" content=\"https:\/\/canal7slp.tv\/2025\/viral-adios-a-perry-el-mini-burro-que-inspiro-a-burro-de-shrek\/\" \/>\n<meta property=\"og:site_name\" content=\"Canal 7 SLP - 2025\" \/>\n<meta property=\"article:publisher\" content=\"https:\/\/www.facebook.com\/noticieroscanal7atencionciudadana\/\" \/>\n<meta property=\"article:published_time\" content=\"2025-01-06T22:07:41+00:00\" \/>\n<meta property=\"og:image\" content=\"https:\/\/canal7slp.tv\/2025\/wp-content\/uploads\/2025\/01\/10-3.jpg\" \/>\n\t<meta property=\"og:image:width\" content=\"890\" \/>\n\t<meta property=\"og:image:height\" content=\"500\" \/>\n\t<meta property=\"og:image:type\" content=\"image\/jpeg\" \/>\n<meta name=\"author\" content=\"Edici\u00f3n Web\" \/>\n<meta name=\"twitter:card\" content=\"summary_large_image\" \/>\n<meta name=\"twitter:creator\" content=\"@NOTICIEROS7\" \/>\n<meta name=\"twitter:site\" content=\"@NOTICIEROS7\" \/>\n<meta name=\"twitter:label1\" content=\"Escrito por\" \/>\n\t<meta name=\"twitter:data1\" content=\"Edici\u00f3n Web\" \/>\n\t<meta name=\"twitter:label2\" content=\"Tiempo de lectura\" \/>\n\t<meta name=\"twitter:data2\" content=\"2 minutos\" \/>\n<script type=\"application\/ld+json\" class=\"yoast-schema-graph\">{\"@context\":\"https:\\\/\\\/schema.org\",\"@graph\":[{\"@type\":\"Article\",\"@id\":\"https:\\\/\\\/canal7slp.tv\\\/2025\\\/viral-adios-a-perry-el-mini-burro-que-inspiro-a-burro-de-shrek\\\/#article\",\"isPartOf\":{\"@id\":\"https:\\\/\\\/canal7slp.tv\\\/2025\\\/viral-adios-a-perry-el-mini-burro-que-inspiro-a-burro-de-shrek\\\/\"},\"author\":{\"name\":\"Edici\u00f3n Web\",\"@id\":\"https:\\\/\\\/canal7slp.tv\\\/2025\\\/#\\\/schema\\\/person\\\/271e2b60a96e7cc9d9ac296f4d7e414b\"},\"headline\":\"#Viral Adi\u00f3s a \u00abPerry\u00bb, el mini burro que inspir\u00f3 a \u00abBurro\u00bb de Shrek\",\"datePublished\":\"2025-01-06T22:07:41+00:00\",\"mainEntityOfPage\":{\"@id\":\"https:\\\/\\\/canal7slp.tv\\\/2025\\\/viral-adios-a-perry-el-mini-burro-que-inspiro-a-burro-de-shrek\\\/\"},\"wordCount\":330,\"publisher\":{\"@id\":\"https:\\\/\\\/canal7slp.tv\\\/2025\\\/#organization\"},\"image\":{\"@id\":\"https:\\\/\\\/canal7slp.tv\\\/2025\\\/viral-adios-a-perry-el-mini-burro-que-inspiro-a-burro-de-shrek\\\/#primaryimage\"},\"thumbnailUrl\":\"https:\\\/\\\/canal7slp.tv\\\/2025\\\/wp-content\\\/uploads\\\/2025\\\/01\\\/10-3.jpg\",\"articleSection\":[\"ESPECT\u00c1CULOS\"],\"inLanguage\":\"es\"},{\"@type\":\"WebPage\",\"@id\":\"https:\\\/\\\/canal7slp.tv\\\/2025\\\/viral-adios-a-perry-el-mini-burro-que-inspiro-a-burro-de-shrek\\\/\",\"url\":\"https:\\\/\\\/canal7slp.tv\\\/2025\\\/viral-adios-a-perry-el-mini-burro-que-inspiro-a-burro-de-shrek\\\/\",\"name\":\"#Viral Adi\u00f3s a \\\"Perry\\\", el mini burro que inspir\u00f3 a \\\"Burro\\\" de Shrek - Canal 7 SLP - 2025\",\"isPartOf\":{\"@id\":\"https:\\\/\\\/canal7slp.tv\\\/2025\\\/#website\"},\"primaryImageOfPage\":{\"@id\":\"https:\\\/\\\/canal7slp.tv\\\/2025\\\/viral-adios-a-perry-el-mini-burro-que-inspiro-a-burro-de-shrek\\\/#primaryimage\"},\"image\":{\"@id\":\"https:\\\/\\\/canal7slp.tv\\\/2025\\\/viral-adios-a-perry-el-mini-burro-que-inspiro-a-burro-de-shrek\\\/#primaryimage\"},\"thumbnailUrl\":\"https:\\\/\\\/canal7slp.tv\\\/2025\\\/wp-content\\\/uploads\\\/2025\\\/01\\\/10-3.jpg\",\"datePublished\":\"2025-01-06T22:07:41+00:00\",\"breadcrumb\":{\"@id\":\"https:\\\/\\\/canal7slp.tv\\\/2025\\\/viral-adios-a-perry-el-mini-burro-que-inspiro-a-burro-de-shrek\\\/#breadcrumb\"},\"inLanguage\":\"es\",\"potentialAction\":[{\"@type\":\"ReadAction\",\"target\":[\"https:\\\/\\\/canal7slp.tv\\\/2025\\\/viral-adios-a-perry-el-mini-burro-que-inspiro-a-burro-de-shrek\\\/\"]}]},{\"@type\":\"ImageObject\",\"inLanguage\":\"es\",\"@id\":\"https:\\\/\\\/canal7slp.tv\\\/2025\\\/viral-adios-a-perry-el-mini-burro-que-inspiro-a-burro-de-shrek\\\/#primaryimage\",\"url\":\"https:\\\/\\\/canal7slp.tv\\\/2025\\\/wp-content\\\/uploads\\\/2025\\\/01\\\/10-3.jpg\",\"contentUrl\":\"https:\\\/\\\/canal7slp.tv\\\/2025\\\/wp-content\\\/uploads\\\/2025\\\/01\\\/10-3.jpg\",\"width\":890,\"height\":500},{\"@type\":\"BreadcrumbList\",\"@id\":\"https:\\\/\\\/canal7slp.tv\\\/2025\\\/viral-adios-a-perry-el-mini-burro-que-inspiro-a-burro-de-shrek\\\/#breadcrumb\",\"itemListElement\":[{\"@type\":\"ListItem\",\"position\":1,\"name\":\"Portada\",\"item\":\"https:\\\/\\\/canal7slp.tv\\\/2025\\\/\"},{\"@type\":\"ListItem\",\"position\":2,\"name\":\"#Viral Adi\u00f3s a \u00abPerry\u00bb, el mini burro que inspir\u00f3 a \u00abBurro\u00bb de Shrek\"}]},{\"@type\":\"WebSite\",\"@id\":\"https:\\\/\\\/canal7slp.tv\\\/2025\\\/#website\",\"url\":\"https:\\\/\\\/canal7slp.tv\\\/2025\\\/\",\"name\":\"N7 - Noticieros Canal 7\",\"description\":\"Somos el Medio\",\"publisher\":{\"@id\":\"https:\\\/\\\/canal7slp.tv\\\/2025\\\/#organization\"},\"potentialAction\":[{\"@type\":\"SearchAction\",\"target\":{\"@type\":\"EntryPoint\",\"urlTemplate\":\"https:\\\/\\\/canal7slp.tv\\\/2025\\\/?s={search_term_string}\"},\"query-input\":{\"@type\":\"PropertyValueSpecification\",\"valueRequired\":true,\"valueName\":\"search_term_string\"}}],\"inLanguage\":\"es\"},{\"@type\":\"Organization\",\"@id\":\"https:\\\/\\\/canal7slp.tv\\\/2025\\\/#organization\",\"name\":\"Noticieros Canal 7\",\"url\":\"https:\\\/\\\/canal7slp.tv\\\/2025\\\/\",\"logo\":{\"@type\":\"ImageObject\",\"inLanguage\":\"es\",\"@id\":\"https:\\\/\\\/canal7slp.tv\\\/2025\\\/#\\\/schema\\\/logo\\\/image\\\/\",\"url\":\"https:\\\/\\\/canal7slp.tv\\\/2025\\\/wp-content\\\/uploads\\\/2021\\\/01\\\/logo-noticieros@2x.png\",\"contentUrl\":\"https:\\\/\\\/canal7slp.tv\\\/2025\\\/wp-content\\\/uploads\\\/2021\\\/01\\\/logo-noticieros@2x.png\",\"width\":1017,\"height\":268,\"caption\":\"Noticieros Canal 7\"},\"image\":{\"@id\":\"https:\\\/\\\/canal7slp.tv\\\/2025\\\/#\\\/schema\\\/logo\\\/image\\\/\"},\"sameAs\":[\"https:\\\/\\\/www.facebook.com\\\/noticieroscanal7atencionciudadana\\\/\",\"https:\\\/\\\/x.com\\\/NOTICIEROS7\",\"https:\\\/\\\/www.instagram.com\\\/canal7_slp\",\"https:\\\/\\\/www.youtube.com\\\/channel\\\/UCliiYs-gP3JfJeqdPrNdd5A\"]},{\"@type\":\"Person\",\"@id\":\"https:\\\/\\\/canal7slp.tv\\\/2025\\\/#\\\/schema\\\/person\\\/271e2b60a96e7cc9d9ac296f4d7e414b\",\"name\":\"Edici\u00f3n Web\",\"image\":{\"@type\":\"ImageObject\",\"inLanguage\":\"es\",\"@id\":\"https:\\\/\\\/secure.gravatar.com\\\/avatar\\\/eee448fc3f7164808013b816ba91ac7e43bbe82a70bebac296f8bc6f0addaa1a?s=96&d=mm&r=g\",\"url\":\"https:\\\/\\\/secure.gravatar.com\\\/avatar\\\/eee448fc3f7164808013b816ba91ac7e43bbe82a70bebac296f8bc6f0addaa1a?s=96&d=mm&r=g\",\"contentUrl\":\"https:\\\/\\\/secure.gravatar.com\\\/avatar\\\/eee448fc3f7164808013b816ba91ac7e43bbe82a70bebac296f8bc6f0addaa1a?s=96&d=mm&r=g\",\"caption\":\"Edici\u00f3n Web\"},\"url\":\"https:\\\/\\\/canal7slp.tv\\\/2025\\\/author\\\/edicionweb\\\/\"}]}<\/script>\n<!-- \/ Yoast SEO plugin. -->","yoast_head_json":{"title":"#Viral Adi\u00f3s a \"Perry\", el mini burro que inspir\u00f3 a \"Burro\" de Shrek - Canal 7 SLP - 2025","robots":{"index":"index","follow":"follow","max-snippet":"max-snippet:-1","max-image-preview":"max-image-preview:large","max-video-preview":"max-video-preview:-1"},"canonical":"https:\/\/canal7slp.tv\/2025\/viral-adios-a-perry-el-mini-burro-que-inspiro-a-burro-de-shrek\/","og_locale":"es_ES","og_type":"article","og_title":"#Viral Adi\u00f3s a \"Perry\", el mini burro que inspir\u00f3 a \"Burro\" de Shrek - Canal 7 SLP - 2025","og_description":"California.- El 2025 comenz\u00f3 con una notable p\u00e9rdida para el cine animado: \u00abPerry\u00bb, el mini burro que inspir\u00f3 al ic\u00f3nico personaje \u00abBurro\u00bb de Shrek, falleci\u00f3 a los 30 a\u00f1os. Su deceso fue confirmado por la organizaci\u00f3n Barron Park Donkeys, donde hab\u00eda residido desde 1997. Con su distintivo pelaje caf\u00e9 claro y una cabeza de tonos m\u00e1s oscuros, \u00abPerry\u00bb fue una figura clave para los animadores de Pacific Data Images (PDI), quienes capturaron su energ\u00eda y carisma para dar vida al entra\u00f1able \u00abBurro\u00bb, interpretado por Eddie Murphy en la pel\u00edcula de 2001. Shrek no solo se convirti\u00f3 en un fen\u00f3meno mundial, [&hellip;]","og_url":"https:\/\/canal7slp.tv\/2025\/viral-adios-a-perry-el-mini-burro-que-inspiro-a-burro-de-shrek\/","og_site_name":"Canal 7 SLP - 2025","article_publisher":"https:\/\/www.facebook.com\/noticieroscanal7atencionciudadana\/","article_published_time":"2025-01-06T22:07:41+00:00","og_image":[{"width":890,"height":500,"url":"https:\/\/canal7slp.tv\/2025\/wp-content\/uploads\/2025\/01\/10-3.jpg","type":"image\/jpeg"}],"author":"Edici\u00f3n Web","twitter_card":"summary_large_image","twitter_creator":"@NOTICIEROS7","twitter_site":"@NOTICIEROS7","twitter_misc":{"Escrito por":"Edici\u00f3n Web","Tiempo de lectura":"2 minutos"},"schema":{"@context":"https:\/\/schema.org","@graph":[{"@type":"Article","@id":"https:\/\/canal7slp.tv\/2025\/viral-adios-a-perry-el-mini-burro-que-inspiro-a-burro-de-shrek\/#article","isPartOf":{"@id":"https:\/\/canal7slp.tv\/2025\/viral-adios-a-perry-el-mini-burro-que-inspiro-a-burro-de-shrek\/"},"author":{"name":"Edici\u00f3n Web","@id":"https:\/\/canal7slp.tv\/2025\/#\/schema\/person\/271e2b60a96e7cc9d9ac296f4d7e414b"},"headline":"#Viral Adi\u00f3s a \u00abPerry\u00bb, el mini burro que inspir\u00f3 a \u00abBurro\u00bb de Shrek","datePublished":"2025-01-06T22:07:41+00:00","mainEntityOfPage":{"@id":"https:\/\/canal7slp.tv\/2025\/viral-adios-a-perry-el-mini-burro-que-inspiro-a-burro-de-shrek\/"},"wordCount":330,"publisher":{"@id":"https:\/\/canal7slp.tv\/2025\/#organization"},"image":{"@id":"https:\/\/canal7slp.tv\/2025\/viral-adios-a-perry-el-mini-burro-que-inspiro-a-burro-de-shrek\/#primaryimage"},"thumbnailUrl":"https:\/\/canal7slp.tv\/2025\/wp-content\/uploads\/2025\/01\/10-3.jpg","articleSection":["ESPECT\u00c1CULOS"],"inLanguage":"es"},{"@type":"WebPage","@id":"https:\/\/canal7slp.tv\/2025\/viral-adios-a-perry-el-mini-burro-que-inspiro-a-burro-de-shrek\/","url":"https:\/\/canal7slp.tv\/2025\/viral-adios-a-perry-el-mini-burro-que-inspiro-a-burro-de-shrek\/","name":"#Viral Adi\u00f3s a \"Perry\", el mini burro que inspir\u00f3 a \"Burro\" de Shrek - Canal 7 SLP - 2025","isPartOf":{"@id":"https:\/\/canal7slp.tv\/2025\/#website"},"primaryImageOfPage":{"@id":"https:\/\/canal7slp.tv\/2025\/viral-adios-a-perry-el-mini-burro-que-inspiro-a-burro-de-shrek\/#primaryimage"},"image":{"@id":"https:\/\/canal7slp.tv\/2025\/viral-adios-a-perry-el-mini-burro-que-inspiro-a-burro-de-shrek\/#primaryimage"},"thumbnailUrl":"https:\/\/canal7slp.tv\/2025\/wp-content\/uploads\/2025\/01\/10-3.jpg","datePublished":"2025-01-06T22:07:41+00:00","breadcrumb":{"@id":"https:\/\/canal7slp.tv\/2025\/viral-adios-a-perry-el-mini-burro-que-inspiro-a-burro-de-shrek\/#breadcrumb"},"inLanguage":"es","potentialAction":[{"@type":"ReadAction","target":["https:\/\/canal7slp.tv\/2025\/viral-adios-a-perry-el-mini-burro-que-inspiro-a-burro-de-shrek\/"]}]},{"@type":"ImageObject","inLanguage":"es","@id":"https:\/\/canal7slp.tv\/2025\/viral-adios-a-perry-el-mini-burro-que-inspiro-a-burro-de-shrek\/#primaryimage","url":"https:\/\/canal7slp.tv\/2025\/wp-content\/uploads\/2025\/01\/10-3.jpg","contentUrl":"https:\/\/canal7slp.tv\/2025\/wp-content\/uploads\/2025\/01\/10-3.jpg","width":890,"height":500},{"@type":"BreadcrumbList","@id":"https:\/\/canal7slp.tv\/2025\/viral-adios-a-perry-el-mini-burro-que-inspiro-a-burro-de-shrek\/#breadcrumb","itemListElement":[{"@type":"ListItem","position":1,"name":"Portada","item":"https:\/\/canal7slp.tv\/2025\/"},{"@type":"ListItem","position":2,"name":"#Viral Adi\u00f3s a \u00abPerry\u00bb, el mini burro que inspir\u00f3 a \u00abBurro\u00bb de Shrek"}]},{"@type":"WebSite","@id":"https:\/\/canal7slp.tv\/2025\/#website","url":"https:\/\/canal7slp.tv\/2025\/","name":"N7 - Noticieros Canal 7","description":"Somos el Medio","publisher":{"@id":"https:\/\/canal7slp.tv\/2025\/#organization"},"potentialAction":[{"@type":"SearchAction","target":{"@type":"EntryPoint","urlTemplate":"https:\/\/canal7slp.tv\/2025\/?s={search_term_string}"},"query-input":{"@type":"PropertyValueSpecification","valueRequired":true,"valueName":"search_term_string"}}],"inLanguage":"es"},{"@type":"Organization","@id":"https:\/\/canal7slp.tv\/2025\/#organization","name":"Noticieros Canal 7","url":"https:\/\/canal7slp.tv\/2025\/","logo":{"@type":"ImageObject","inLanguage":"es","@id":"https:\/\/canal7slp.tv\/2025\/#\/schema\/logo\/image\/","url":"https:\/\/canal7slp.tv\/2025\/wp-content\/uploads\/2021\/01\/logo-noticieros@2x.png","contentUrl":"https:\/\/canal7slp.tv\/2025\/wp-content\/uploads\/2021\/01\/logo-noticieros@2x.png","width":1017,"height":268,"caption":"Noticieros Canal 7"},"image":{"@id":"https:\/\/canal7slp.tv\/2025\/#\/schema\/logo\/image\/"},"sameAs":["https:\/\/www.facebook.com\/noticieroscanal7atencionciudadana\/","https:\/\/x.com\/NOTICIEROS7","https:\/\/www.instagram.com\/canal7_slp","https:\/\/www.youtube.com\/channel\/UCliiYs-gP3JfJeqdPrNdd5A"]},{"@type":"Person","@id":"https:\/\/canal7slp.tv\/2025\/#\/schema\/person\/271e2b60a96e7cc9d9ac296f4d7e414b","name":"Edici\u00f3n Web","image":{"@type":"ImageObject","inLanguage":"es","@id":"https:\/\/secure.gravatar.com\/avatar\/eee448fc3f7164808013b816ba91ac7e43bbe82a70bebac296f8bc6f0addaa1a?s=96&d=mm&r=g","url":"https:\/\/secure.gravatar.com\/avatar\/eee448fc3f7164808013b816ba91ac7e43bbe82a70bebac296f8bc6f0addaa1a?s=96&d=mm&r=g","contentUrl":"https:\/\/secure.gravatar.com\/avatar\/eee448fc3f7164808013b816ba91ac7e43bbe82a70bebac296f8bc6f0addaa1a?s=96&d=mm&r=g","caption":"Edici\u00f3n Web"},"url":"https:\/\/canal7slp.tv\/2025\/author\/edicionweb\/"}]}},"_links":{"self":[{"href":"https:\/\/canal7slp.tv\/2025\/wp-json\/wp\/v2\/posts\/153537","targetHints":{"allow":["GET"]}}],"collection":[{"href":"https:\/\/canal7slp.tv\/2025\/wp-json\/wp\/v2\/posts"}],"about":[{"href":"https:\/\/canal7slp.tv\/2025\/wp-json\/wp\/v2\/types\/post"}],"author":[{"embeddable":true,"href":"https:\/\/canal7slp.tv\/2025\/wp-json\/wp\/v2\/users\/2"}],"replies":[{"embeddable":true,"href":"https:\/\/canal7slp.tv\/2025\/wp-json\/wp\/v2\/comments?post=153537"}],"version-history":[{"count":1,"href":"https:\/\/canal7slp.tv\/2025\/wp-json\/wp\/v2\/posts\/153537\/revisions"}],"predecessor-version":[{"id":153539,"href":"https:\/\/canal7slp.tv\/2025\/wp-json\/wp\/v2\/posts\/153537\/revisions\/153539"}],"wp:featuredmedia":[{"embeddable":true,"href":"https:\/\/canal7slp.tv\/2025\/wp-json\/wp\/v2\/media\/153538"}],"wp:attachment":[{"href":"https:\/\/canal7slp.tv\/2025\/wp-json\/wp\/v2\/media?parent=153537"}],"wp:term":[{"taxonomy":"category","embeddable":true,"href":"https:\/\/canal7slp.tv\/2025\/wp-json\/wp\/v2\/categories?post=153537"},{"taxonomy":"post_tag","embeddable":true,"href":"https:\/\/canal7slp.tv\/2025\/wp-json\/wp\/v2\/tags?post=153537"}],"curies":[{"name":"wp","href":"https:\/\/api.w.org\/{rel}","templated":true}]}}