{"id":153464,"date":"2025-01-05T16:09:34","date_gmt":"2025-01-05T22:09:34","guid":{"rendered":"https:\/\/canal7slp.tv\/2025\/?p=153464"},"modified":"2025-01-05T16:09:34","modified_gmt":"2025-01-05T22:09:34","slug":"indice-de-desapariciones-en-slp-de-los-mas-bajos-del-pais-sgg","status":"publish","type":"post","link":"https:\/\/canal7slp.tv\/2025\/indice-de-desapariciones-en-slp-de-los-mas-bajos-del-pais-sgg\/","title":{"rendered":"\u00cdndice de desapariciones en SLP, de los m\u00e1s bajos del pa\u00eds: SGG"},"content":{"rendered":"<p style=\"text-align: justify;\">SLP.- El secretario general de Gobierno, Guadalupe Torres S\u00e1nchez, destac\u00f3 los avances de San Luis Potos\u00ed en la atenci\u00f3n y resoluci\u00f3n de casos de personas desaparecidas.<\/p>\n<p style=\"text-align: justify;\">Segun refiere, el estado se ubica entre aquellos que presentan los \u00edndices m\u00e1s bajos a nivel nacional; de esa forma, habl\u00f3 de las herramientas con las que cuenta la administraci\u00f3n para abonar a este tema.<\/p>\n<p style=\"text-align: justify;\">\u00abEse hecho por supuesto que duele y lastima la sociedad, sin embargo, tambi\u00e9n hay que destacar que el Gobernador ha puesto a esta materia much\u00edsimo impulso. Yo estuve en una reuni\u00f3n en la Secretar\u00eda de Gobernaci\u00f3n donde se abordaron estos temas y reconocieron a San Luis Potos\u00ed como una entidad donde se le ha puesto atenci\u00f3n, es uno de los dos estados nada m\u00e1s, que tenemos un equipo, un laboratorio forense para facilitar la identificaci\u00f3n de restos humanos\u00bb, afirm\u00f3.<\/p>\n<p style=\"text-align: justify;\">El funcionario enfatiz\u00f3 que la entidad cuenta con una efectividad mayor a la media nacional en cuanto a la localizaci\u00f3n de personas reportadas como desaparecidas.<\/p>\n<p style=\"text-align: justify;\">\u00abTenemos un porcentaje de efectividad del 80 por ciento, es decir, de los se\u00f1alamientos o denuncias de personas desaparecidas o no localizadas tenemos un 80% de efectividad, de los m\u00e1s altos en el pa\u00eds\u00bb, detall\u00f3.<\/p>\n<p style=\"text-align: justify;\">A pesar de estos resultados, reconoci\u00f3 que cada caso representa un impacto significativo para la sociedad potosina.<\/p>\n<p style=\"text-align: justify;\">\u00abLas personas desaparecidas son de las m\u00e1s bajas en el pa\u00eds, entonces, por supuesto que duele, lastima que una persona no se ubique su paradero\u00bb, insisti\u00f3.<\/p>\n<p>Por: Jos\u00e9 Luis V\u00e1zquez<\/p>\n","protected":false},"excerpt":{"rendered":"<p>SLP.- El secretario general de Gobierno, Guadalupe Torres S\u00e1nchez, destac\u00f3 los avances de San Luis Potos\u00ed en la atenci\u00f3n y resoluci\u00f3n de casos de personas desaparecidas. Segun refiere, el estado se ubica entre aquellos que presentan los \u00edndices m\u00e1s bajos a nivel nacional; de esa forma, habl\u00f3 de las herramientas con las que cuenta la administraci\u00f3n para abonar a este tema. \u00abEse hecho por supuesto que duele y lastima la sociedad, sin embargo, tambi\u00e9n hay que destacar que el Gobernador ha puesto a esta materia much\u00edsimo impulso. Yo estuve en una reuni\u00f3n en la Secretar\u00eda de Gobernaci\u00f3n donde se abordaron [&hellip;]<\/p>\n","protected":false},"author":2,"featured_media":153470,"comment_status":"closed","ping_status":"closed","sticky":false,"template":"","format":"video","meta":{"_monsterinsights_skip_tracking":false,"_monsterinsights_sitenote_active":false,"_monsterinsights_sitenote_note":"","_monsterinsights_sitenote_category":0,"footnotes":""},"categories":[5,45],"tags":[],"class_list":["post-153464","post","type-post","status-publish","format-video","has-post-thumbnail","hentry","category-destacadas","category-localesyregionales","post_format-post-format-video","post--single"],"yoast_head":"<!-- This site is optimized with the Yoast SEO plugin v27.5 - https:\/\/yoast.com\/product\/yoast-seo-wordpress\/ -->\n<title>\u00cdndice de desapariciones en SLP, de los m\u00e1s bajos del pa\u00eds: SGG - Canal 7 SLP - 2025<\/title>\n<meta name=\"robots\" content=\"index, follow, max-snippet:-1, max-image-preview:large, max-video-preview:-1\" \/>\n<link rel=\"canonical\" href=\"https:\/\/canal7slp.tv\/2025\/indice-de-desapariciones-en-slp-de-los-mas-bajos-del-pais-sgg\/\" \/>\n<meta property=\"og:locale\" content=\"es_ES\" \/>\n<meta property=\"og:type\" content=\"article\" \/>\n<meta property=\"og:title\" content=\"\u00cdndice de desapariciones en SLP, de los m\u00e1s bajos del pa\u00eds: SGG - Canal 7 SLP - 2025\" \/>\n<meta property=\"og:description\" content=\"SLP.- El secretario general de Gobierno, Guadalupe Torres S\u00e1nchez, destac\u00f3 los avances de San Luis Potos\u00ed en la atenci\u00f3n y resoluci\u00f3n de casos de personas desaparecidas. Segun refiere, el estado se ubica entre aquellos que presentan los \u00edndices m\u00e1s bajos a nivel nacional; de esa forma, habl\u00f3 de las herramientas con las que cuenta la administraci\u00f3n para abonar a este tema. \u00abEse hecho por supuesto que duele y lastima la sociedad, sin embargo, tambi\u00e9n hay que destacar que el Gobernador ha puesto a esta materia much\u00edsimo impulso. Yo estuve en una reuni\u00f3n en la Secretar\u00eda de Gobernaci\u00f3n donde se abordaron [&hellip;]\" \/>\n<meta property=\"og:url\" content=\"https:\/\/canal7slp.tv\/2025\/indice-de-desapariciones-en-slp-de-los-mas-bajos-del-pais-sgg\/\" \/>\n<meta property=\"og:site_name\" content=\"Canal 7 SLP - 2025\" \/>\n<meta property=\"article:publisher\" content=\"https:\/\/www.facebook.com\/noticieroscanal7atencionciudadana\/\" \/>\n<meta property=\"article:published_time\" content=\"2025-01-05T22:09:34+00:00\" \/>\n<meta property=\"og:image\" content=\"https:\/\/canal7slp.tv\/2025\/wp-content\/uploads\/2025\/01\/Vazquez0Desapariciones.jpg\" \/>\n\t<meta property=\"og:image:width\" content=\"1280\" \/>\n\t<meta property=\"og:image:height\" content=\"720\" \/>\n\t<meta property=\"og:image:type\" content=\"image\/jpeg\" \/>\n<meta name=\"author\" content=\"Edici\u00f3n Web\" \/>\n<meta name=\"twitter:card\" content=\"summary_large_image\" \/>\n<meta name=\"twitter:creator\" content=\"@NOTICIEROS7\" \/>\n<meta name=\"twitter:site\" content=\"@NOTICIEROS7\" \/>\n<meta name=\"twitter:label1\" content=\"Escrito por\" \/>\n\t<meta name=\"twitter:data1\" content=\"Edici\u00f3n Web\" \/>\n\t<meta name=\"twitter:label2\" content=\"Tiempo de lectura\" \/>\n\t<meta name=\"twitter:data2\" content=\"2 minutos\" \/>\n<script type=\"application\/ld+json\" class=\"yoast-schema-graph\">{\"@context\":\"https:\\\/\\\/schema.org\",\"@graph\":[{\"@type\":\"Article\",\"@id\":\"https:\\\/\\\/canal7slp.tv\\\/2025\\\/indice-de-desapariciones-en-slp-de-los-mas-bajos-del-pais-sgg\\\/#article\",\"isPartOf\":{\"@id\":\"https:\\\/\\\/canal7slp.tv\\\/2025\\\/indice-de-desapariciones-en-slp-de-los-mas-bajos-del-pais-sgg\\\/\"},\"author\":{\"name\":\"Edici\u00f3n Web\",\"@id\":\"https:\\\/\\\/canal7slp.tv\\\/2025\\\/#\\\/schema\\\/person\\\/271e2b60a96e7cc9d9ac296f4d7e414b\"},\"headline\":\"\u00cdndice de desapariciones en SLP, de los m\u00e1s bajos del pa\u00eds: SGG\",\"datePublished\":\"2025-01-05T22:09:34+00:00\",\"mainEntityOfPage\":{\"@id\":\"https:\\\/\\\/canal7slp.tv\\\/2025\\\/indice-de-desapariciones-en-slp-de-los-mas-bajos-del-pais-sgg\\\/\"},\"wordCount\":280,\"publisher\":{\"@id\":\"https:\\\/\\\/canal7slp.tv\\\/2025\\\/#organization\"},\"image\":{\"@id\":\"https:\\\/\\\/canal7slp.tv\\\/2025\\\/indice-de-desapariciones-en-slp-de-los-mas-bajos-del-pais-sgg\\\/#primaryimage\"},\"thumbnailUrl\":\"https:\\\/\\\/canal7slp.tv\\\/2025\\\/wp-content\\\/uploads\\\/2025\\\/01\\\/Vazquez0Desapariciones.jpg\",\"articleSection\":[\"DESTACADAS\",\"LOCALES Y REGIONALES\"],\"inLanguage\":\"es\"},{\"@type\":\"WebPage\",\"@id\":\"https:\\\/\\\/canal7slp.tv\\\/2025\\\/indice-de-desapariciones-en-slp-de-los-mas-bajos-del-pais-sgg\\\/\",\"url\":\"https:\\\/\\\/canal7slp.tv\\\/2025\\\/indice-de-desapariciones-en-slp-de-los-mas-bajos-del-pais-sgg\\\/\",\"name\":\"\u00cdndice de desapariciones en SLP, de los m\u00e1s bajos del pa\u00eds: SGG - Canal 7 SLP - 2025\",\"isPartOf\":{\"@id\":\"https:\\\/\\\/canal7slp.tv\\\/2025\\\/#website\"},\"primaryImageOfPage\":{\"@id\":\"https:\\\/\\\/canal7slp.tv\\\/2025\\\/indice-de-desapariciones-en-slp-de-los-mas-bajos-del-pais-sgg\\\/#primaryimage\"},\"image\":{\"@id\":\"https:\\\/\\\/canal7slp.tv\\\/2025\\\/indice-de-desapariciones-en-slp-de-los-mas-bajos-del-pais-sgg\\\/#primaryimage\"},\"thumbnailUrl\":\"https:\\\/\\\/canal7slp.tv\\\/2025\\\/wp-content\\\/uploads\\\/2025\\\/01\\\/Vazquez0Desapariciones.jpg\",\"datePublished\":\"2025-01-05T22:09:34+00:00\",\"breadcrumb\":{\"@id\":\"https:\\\/\\\/canal7slp.tv\\\/2025\\\/indice-de-desapariciones-en-slp-de-los-mas-bajos-del-pais-sgg\\\/#breadcrumb\"},\"inLanguage\":\"es\",\"potentialAction\":[{\"@type\":\"ReadAction\",\"target\":[\"https:\\\/\\\/canal7slp.tv\\\/2025\\\/indice-de-desapariciones-en-slp-de-los-mas-bajos-del-pais-sgg\\\/\"]}]},{\"@type\":\"ImageObject\",\"inLanguage\":\"es\",\"@id\":\"https:\\\/\\\/canal7slp.tv\\\/2025\\\/indice-de-desapariciones-en-slp-de-los-mas-bajos-del-pais-sgg\\\/#primaryimage\",\"url\":\"https:\\\/\\\/canal7slp.tv\\\/2025\\\/wp-content\\\/uploads\\\/2025\\\/01\\\/Vazquez0Desapariciones.jpg\",\"contentUrl\":\"https:\\\/\\\/canal7slp.tv\\\/2025\\\/wp-content\\\/uploads\\\/2025\\\/01\\\/Vazquez0Desapariciones.jpg\",\"width\":1280,\"height\":720},{\"@type\":\"BreadcrumbList\",\"@id\":\"https:\\\/\\\/canal7slp.tv\\\/2025\\\/indice-de-desapariciones-en-slp-de-los-mas-bajos-del-pais-sgg\\\/#breadcrumb\",\"itemListElement\":[{\"@type\":\"ListItem\",\"position\":1,\"name\":\"Portada\",\"item\":\"https:\\\/\\\/canal7slp.tv\\\/2025\\\/\"},{\"@type\":\"ListItem\",\"position\":2,\"name\":\"\u00cdndice de desapariciones en SLP, de los m\u00e1s bajos del pa\u00eds: SGG\"}]},{\"@type\":\"WebSite\",\"@id\":\"https:\\\/\\\/canal7slp.tv\\\/2025\\\/#website\",\"url\":\"https:\\\/\\\/canal7slp.tv\\\/2025\\\/\",\"name\":\"N7 - Noticieros Canal 7\",\"description\":\"Somos el Medio\",\"publisher\":{\"@id\":\"https:\\\/\\\/canal7slp.tv\\\/2025\\\/#organization\"},\"potentialAction\":[{\"@type\":\"SearchAction\",\"target\":{\"@type\":\"EntryPoint\",\"urlTemplate\":\"https:\\\/\\\/canal7slp.tv\\\/2025\\\/?s={search_term_string}\"},\"query-input\":{\"@type\":\"PropertyValueSpecification\",\"valueRequired\":true,\"valueName\":\"search_term_string\"}}],\"inLanguage\":\"es\"},{\"@type\":\"Organization\",\"@id\":\"https:\\\/\\\/canal7slp.tv\\\/2025\\\/#organization\",\"name\":\"Noticieros Canal 7\",\"url\":\"https:\\\/\\\/canal7slp.tv\\\/2025\\\/\",\"logo\":{\"@type\":\"ImageObject\",\"inLanguage\":\"es\",\"@id\":\"https:\\\/\\\/canal7slp.tv\\\/2025\\\/#\\\/schema\\\/logo\\\/image\\\/\",\"url\":\"https:\\\/\\\/canal7slp.tv\\\/2025\\\/wp-content\\\/uploads\\\/2021\\\/01\\\/logo-noticieros@2x.png\",\"contentUrl\":\"https:\\\/\\\/canal7slp.tv\\\/2025\\\/wp-content\\\/uploads\\\/2021\\\/01\\\/logo-noticieros@2x.png\",\"width\":1017,\"height\":268,\"caption\":\"Noticieros Canal 7\"},\"image\":{\"@id\":\"https:\\\/\\\/canal7slp.tv\\\/2025\\\/#\\\/schema\\\/logo\\\/image\\\/\"},\"sameAs\":[\"https:\\\/\\\/www.facebook.com\\\/noticieroscanal7atencionciudadana\\\/\",\"https:\\\/\\\/x.com\\\/NOTICIEROS7\",\"https:\\\/\\\/www.instagram.com\\\/canal7_slp\",\"https:\\\/\\\/www.youtube.com\\\/channel\\\/UCliiYs-gP3JfJeqdPrNdd5A\"]},{\"@type\":\"Person\",\"@id\":\"https:\\\/\\\/canal7slp.tv\\\/2025\\\/#\\\/schema\\\/person\\\/271e2b60a96e7cc9d9ac296f4d7e414b\",\"name\":\"Edici\u00f3n Web\",\"image\":{\"@type\":\"ImageObject\",\"inLanguage\":\"es\",\"@id\":\"https:\\\/\\\/secure.gravatar.com\\\/avatar\\\/eee448fc3f7164808013b816ba91ac7e43bbe82a70bebac296f8bc6f0addaa1a?s=96&d=mm&r=g\",\"url\":\"https:\\\/\\\/secure.gravatar.com\\\/avatar\\\/eee448fc3f7164808013b816ba91ac7e43bbe82a70bebac296f8bc6f0addaa1a?s=96&d=mm&r=g\",\"contentUrl\":\"https:\\\/\\\/secure.gravatar.com\\\/avatar\\\/eee448fc3f7164808013b816ba91ac7e43bbe82a70bebac296f8bc6f0addaa1a?s=96&d=mm&r=g\",\"caption\":\"Edici\u00f3n Web\"},\"url\":\"https:\\\/\\\/canal7slp.tv\\\/2025\\\/author\\\/edicionweb\\\/\"}]}<\/script>\n<!-- \/ Yoast SEO plugin. -->","yoast_head_json":{"title":"\u00cdndice de desapariciones en SLP, de los m\u00e1s bajos del pa\u00eds: SGG - Canal 7 SLP - 2025","robots":{"index":"index","follow":"follow","max-snippet":"max-snippet:-1","max-image-preview":"max-image-preview:large","max-video-preview":"max-video-preview:-1"},"canonical":"https:\/\/canal7slp.tv\/2025\/indice-de-desapariciones-en-slp-de-los-mas-bajos-del-pais-sgg\/","og_locale":"es_ES","og_type":"article","og_title":"\u00cdndice de desapariciones en SLP, de los m\u00e1s bajos del pa\u00eds: SGG - Canal 7 SLP - 2025","og_description":"SLP.- El secretario general de Gobierno, Guadalupe Torres S\u00e1nchez, destac\u00f3 los avances de San Luis Potos\u00ed en la atenci\u00f3n y resoluci\u00f3n de casos de personas desaparecidas. Segun refiere, el estado se ubica entre aquellos que presentan los \u00edndices m\u00e1s bajos a nivel nacional; de esa forma, habl\u00f3 de las herramientas con las que cuenta la administraci\u00f3n para abonar a este tema. \u00abEse hecho por supuesto que duele y lastima la sociedad, sin embargo, tambi\u00e9n hay que destacar que el Gobernador ha puesto a esta materia much\u00edsimo impulso. Yo estuve en una reuni\u00f3n en la Secretar\u00eda de Gobernaci\u00f3n donde se abordaron [&hellip;]","og_url":"https:\/\/canal7slp.tv\/2025\/indice-de-desapariciones-en-slp-de-los-mas-bajos-del-pais-sgg\/","og_site_name":"Canal 7 SLP - 2025","article_publisher":"https:\/\/www.facebook.com\/noticieroscanal7atencionciudadana\/","article_published_time":"2025-01-05T22:09:34+00:00","og_image":[{"width":1280,"height":720,"url":"https:\/\/canal7slp.tv\/2025\/wp-content\/uploads\/2025\/01\/Vazquez0Desapariciones.jpg","type":"image\/jpeg"}],"author":"Edici\u00f3n Web","twitter_card":"summary_large_image","twitter_creator":"@NOTICIEROS7","twitter_site":"@NOTICIEROS7","twitter_misc":{"Escrito por":"Edici\u00f3n Web","Tiempo de lectura":"2 minutos"},"schema":{"@context":"https:\/\/schema.org","@graph":[{"@type":"Article","@id":"https:\/\/canal7slp.tv\/2025\/indice-de-desapariciones-en-slp-de-los-mas-bajos-del-pais-sgg\/#article","isPartOf":{"@id":"https:\/\/canal7slp.tv\/2025\/indice-de-desapariciones-en-slp-de-los-mas-bajos-del-pais-sgg\/"},"author":{"name":"Edici\u00f3n Web","@id":"https:\/\/canal7slp.tv\/2025\/#\/schema\/person\/271e2b60a96e7cc9d9ac296f4d7e414b"},"headline":"\u00cdndice de desapariciones en SLP, de los m\u00e1s bajos del pa\u00eds: SGG","datePublished":"2025-01-05T22:09:34+00:00","mainEntityOfPage":{"@id":"https:\/\/canal7slp.tv\/2025\/indice-de-desapariciones-en-slp-de-los-mas-bajos-del-pais-sgg\/"},"wordCount":280,"publisher":{"@id":"https:\/\/canal7slp.tv\/2025\/#organization"},"image":{"@id":"https:\/\/canal7slp.tv\/2025\/indice-de-desapariciones-en-slp-de-los-mas-bajos-del-pais-sgg\/#primaryimage"},"thumbnailUrl":"https:\/\/canal7slp.tv\/2025\/wp-content\/uploads\/2025\/01\/Vazquez0Desapariciones.jpg","articleSection":["DESTACADAS","LOCALES Y REGIONALES"],"inLanguage":"es"},{"@type":"WebPage","@id":"https:\/\/canal7slp.tv\/2025\/indice-de-desapariciones-en-slp-de-los-mas-bajos-del-pais-sgg\/","url":"https:\/\/canal7slp.tv\/2025\/indice-de-desapariciones-en-slp-de-los-mas-bajos-del-pais-sgg\/","name":"\u00cdndice de desapariciones en SLP, de los m\u00e1s bajos del pa\u00eds: SGG - Canal 7 SLP - 2025","isPartOf":{"@id":"https:\/\/canal7slp.tv\/2025\/#website"},"primaryImageOfPage":{"@id":"https:\/\/canal7slp.tv\/2025\/indice-de-desapariciones-en-slp-de-los-mas-bajos-del-pais-sgg\/#primaryimage"},"image":{"@id":"https:\/\/canal7slp.tv\/2025\/indice-de-desapariciones-en-slp-de-los-mas-bajos-del-pais-sgg\/#primaryimage"},"thumbnailUrl":"https:\/\/canal7slp.tv\/2025\/wp-content\/uploads\/2025\/01\/Vazquez0Desapariciones.jpg","datePublished":"2025-01-05T22:09:34+00:00","breadcrumb":{"@id":"https:\/\/canal7slp.tv\/2025\/indice-de-desapariciones-en-slp-de-los-mas-bajos-del-pais-sgg\/#breadcrumb"},"inLanguage":"es","potentialAction":[{"@type":"ReadAction","target":["https:\/\/canal7slp.tv\/2025\/indice-de-desapariciones-en-slp-de-los-mas-bajos-del-pais-sgg\/"]}]},{"@type":"ImageObject","inLanguage":"es","@id":"https:\/\/canal7slp.tv\/2025\/indice-de-desapariciones-en-slp-de-los-mas-bajos-del-pais-sgg\/#primaryimage","url":"https:\/\/canal7slp.tv\/2025\/wp-content\/uploads\/2025\/01\/Vazquez0Desapariciones.jpg","contentUrl":"https:\/\/canal7slp.tv\/2025\/wp-content\/uploads\/2025\/01\/Vazquez0Desapariciones.jpg","width":1280,"height":720},{"@type":"BreadcrumbList","@id":"https:\/\/canal7slp.tv\/2025\/indice-de-desapariciones-en-slp-de-los-mas-bajos-del-pais-sgg\/#breadcrumb","itemListElement":[{"@type":"ListItem","position":1,"name":"Portada","item":"https:\/\/canal7slp.tv\/2025\/"},{"@type":"ListItem","position":2,"name":"\u00cdndice de desapariciones en SLP, de los m\u00e1s bajos del pa\u00eds: SGG"}]},{"@type":"WebSite","@id":"https:\/\/canal7slp.tv\/2025\/#website","url":"https:\/\/canal7slp.tv\/2025\/","name":"N7 - Noticieros Canal 7","description":"Somos el Medio","publisher":{"@id":"https:\/\/canal7slp.tv\/2025\/#organization"},"potentialAction":[{"@type":"SearchAction","target":{"@type":"EntryPoint","urlTemplate":"https:\/\/canal7slp.tv\/2025\/?s={search_term_string}"},"query-input":{"@type":"PropertyValueSpecification","valueRequired":true,"valueName":"search_term_string"}}],"inLanguage":"es"},{"@type":"Organization","@id":"https:\/\/canal7slp.tv\/2025\/#organization","name":"Noticieros Canal 7","url":"https:\/\/canal7slp.tv\/2025\/","logo":{"@type":"ImageObject","inLanguage":"es","@id":"https:\/\/canal7slp.tv\/2025\/#\/schema\/logo\/image\/","url":"https:\/\/canal7slp.tv\/2025\/wp-content\/uploads\/2021\/01\/logo-noticieros@2x.png","contentUrl":"https:\/\/canal7slp.tv\/2025\/wp-content\/uploads\/2021\/01\/logo-noticieros@2x.png","width":1017,"height":268,"caption":"Noticieros Canal 7"},"image":{"@id":"https:\/\/canal7slp.tv\/2025\/#\/schema\/logo\/image\/"},"sameAs":["https:\/\/www.facebook.com\/noticieroscanal7atencionciudadana\/","https:\/\/x.com\/NOTICIEROS7","https:\/\/www.instagram.com\/canal7_slp","https:\/\/www.youtube.com\/channel\/UCliiYs-gP3JfJeqdPrNdd5A"]},{"@type":"Person","@id":"https:\/\/canal7slp.tv\/2025\/#\/schema\/person\/271e2b60a96e7cc9d9ac296f4d7e414b","name":"Edici\u00f3n Web","image":{"@type":"ImageObject","inLanguage":"es","@id":"https:\/\/secure.gravatar.com\/avatar\/eee448fc3f7164808013b816ba91ac7e43bbe82a70bebac296f8bc6f0addaa1a?s=96&d=mm&r=g","url":"https:\/\/secure.gravatar.com\/avatar\/eee448fc3f7164808013b816ba91ac7e43bbe82a70bebac296f8bc6f0addaa1a?s=96&d=mm&r=g","contentUrl":"https:\/\/secure.gravatar.com\/avatar\/eee448fc3f7164808013b816ba91ac7e43bbe82a70bebac296f8bc6f0addaa1a?s=96&d=mm&r=g","caption":"Edici\u00f3n Web"},"url":"https:\/\/canal7slp.tv\/2025\/author\/edicionweb\/"}]}},"_links":{"self":[{"href":"https:\/\/canal7slp.tv\/2025\/wp-json\/wp\/v2\/posts\/153464","targetHints":{"allow":["GET"]}}],"collection":[{"href":"https:\/\/canal7slp.tv\/2025\/wp-json\/wp\/v2\/posts"}],"about":[{"href":"https:\/\/canal7slp.tv\/2025\/wp-json\/wp\/v2\/types\/post"}],"author":[{"embeddable":true,"href":"https:\/\/canal7slp.tv\/2025\/wp-json\/wp\/v2\/users\/2"}],"replies":[{"embeddable":true,"href":"https:\/\/canal7slp.tv\/2025\/wp-json\/wp\/v2\/comments?post=153464"}],"version-history":[{"count":2,"href":"https:\/\/canal7slp.tv\/2025\/wp-json\/wp\/v2\/posts\/153464\/revisions"}],"predecessor-version":[{"id":153475,"href":"https:\/\/canal7slp.tv\/2025\/wp-json\/wp\/v2\/posts\/153464\/revisions\/153475"}],"wp:featuredmedia":[{"embeddable":true,"href":"https:\/\/canal7slp.tv\/2025\/wp-json\/wp\/v2\/media\/153470"}],"wp:attachment":[{"href":"https:\/\/canal7slp.tv\/2025\/wp-json\/wp\/v2\/media?parent=153464"}],"wp:term":[{"taxonomy":"category","embeddable":true,"href":"https:\/\/canal7slp.tv\/2025\/wp-json\/wp\/v2\/categories?post=153464"},{"taxonomy":"post_tag","embeddable":true,"href":"https:\/\/canal7slp.tv\/2025\/wp-json\/wp\/v2\/tags?post=153464"}],"curies":[{"name":"wp","href":"https:\/\/api.w.org\/{rel}","templated":true}]}}