{"id":153457,"date":"2025-01-05T15:51:15","date_gmt":"2025-01-05T21:51:15","guid":{"rendered":"https:\/\/canal7slp.tv\/2025\/?p=153457"},"modified":"2025-01-05T15:51:15","modified_gmt":"2025-01-05T21:51:15","slug":"ubs-investiga-cuentas-nazistas-ocultas-en-credit-suisse","status":"publish","type":"post","link":"https:\/\/canal7slp.tv\/2025\/ubs-investiga-cuentas-nazistas-ocultas-en-credit-suisse\/","title":{"rendered":"UBS investiga cuentas nazistas ocultas en Credit Suisse"},"content":{"rendered":"<p style=\"text-align: justify;\">\n<p style=\"text-align: justify;\">Z\u00farich.- El banco suizo UBS ha iniciado una colaboraci\u00f3n con el defensor del pueblo independiente, Neil Barofsky, para investigar cuentas relacionadas con el nazismo. Esto ocurre tras un reporte del Wall Street Journal que revel\u00f3 la existencia de cuentas no declaradas previamente en el desaparecido Credit Suisse, adquirido por UBS en 2023.<\/p>\n<p style=\"text-align: justify;\">En una carta enviada en diciembre de 2024 al Senado de Estados Unidos, Barofsky, exfiscal estadounidense, se\u00f1al\u00f3 que su investigaci\u00f3n ha identificado archivos de clientes etiquetados como \u201clista negra americana\u201d, un t\u00e9rmino que implica v\u00ednculos con entidades afiliadas al r\u00e9gimen nazi. Adem\u00e1s, el defensor del pueblo destac\u00f3 la posible existencia de encubrimientos durante revisiones anteriores realizadas por Credit Suisse.<\/p>\n<p style=\"text-align: justify;\">UBS asegur\u00f3 que, desde la adquisici\u00f3n de Credit Suisse, su prioridad ha sido garantizar una revisi\u00f3n exhaustiva de las cuentas vinculadas al nazismo, incluyendo aquellas mantenidas en bancos predecesores. Barofsky, quien lidera el equipo de investigaci\u00f3n, estima que el informe final ser\u00e1 presentado a principios de 2026.<\/p>\n<p style=\"text-align: justify;\">Esta indagatoria tiene sus ra\u00edces en las acusaciones realizadas en 2020 por el Centro Simon Wiesenthal, que aleg\u00f3 que Credit Suisse manten\u00eda cuentas vinculadas al r\u00e9gimen nazi que no hab\u00edan sido reveladas. La colaboraci\u00f3n entre UBS y el defensor del pueblo busca esclarecer este oscuro cap\u00edtulo de la historia bancaria y asegurar que cualquier v\u00ednculo con el nazismo sea debidamente documentado y sancionado.<\/p>\n","protected":false},"excerpt":{"rendered":"<p>Z\u00farich.- El banco suizo UBS ha iniciado una colaboraci\u00f3n con el defensor del pueblo independiente, Neil Barofsky, para investigar cuentas relacionadas con el nazismo. Esto ocurre tras un reporte del Wall Street Journal que revel\u00f3 la existencia de cuentas no declaradas previamente en el desaparecido Credit Suisse, adquirido por UBS en 2023. En una carta enviada en diciembre de 2024 al Senado de Estados Unidos, Barofsky, exfiscal estadounidense, se\u00f1al\u00f3 que su investigaci\u00f3n ha identificado archivos de clientes etiquetados como \u201clista negra americana\u201d, un t\u00e9rmino que implica v\u00ednculos con entidades afiliadas al r\u00e9gimen nazi. Adem\u00e1s, el defensor del pueblo destac\u00f3 la [&hellip;]<\/p>\n","protected":false},"author":2,"featured_media":153458,"comment_status":"closed","ping_status":"closed","sticky":false,"template":"","format":"standard","meta":{"_monsterinsights_skip_tracking":false,"_monsterinsights_sitenote_active":false,"_monsterinsights_sitenote_note":"","_monsterinsights_sitenote_category":0,"footnotes":""},"categories":[44],"tags":[],"class_list":["post-153457","post","type-post","status-publish","format-standard","has-post-thumbnail","hentry","category-internacional","post--single"],"yoast_head":"<!-- This site is optimized with the Yoast SEO plugin v27.5 - https:\/\/yoast.com\/product\/yoast-seo-wordpress\/ -->\n<title>UBS investiga cuentas nazistas ocultas en Credit Suisse - Canal 7 SLP - 2025<\/title>\n<meta name=\"robots\" content=\"index, follow, max-snippet:-1, max-image-preview:large, max-video-preview:-1\" \/>\n<link rel=\"canonical\" href=\"https:\/\/canal7slp.tv\/2025\/ubs-investiga-cuentas-nazistas-ocultas-en-credit-suisse\/\" \/>\n<meta property=\"og:locale\" content=\"es_ES\" \/>\n<meta property=\"og:type\" content=\"article\" \/>\n<meta property=\"og:title\" content=\"UBS investiga cuentas nazistas ocultas en Credit Suisse - Canal 7 SLP - 2025\" \/>\n<meta property=\"og:description\" content=\"Z\u00farich.- El banco suizo UBS ha iniciado una colaboraci\u00f3n con el defensor del pueblo independiente, Neil Barofsky, para investigar cuentas relacionadas con el nazismo. Esto ocurre tras un reporte del Wall Street Journal que revel\u00f3 la existencia de cuentas no declaradas previamente en el desaparecido Credit Suisse, adquirido por UBS en 2023. En una carta enviada en diciembre de 2024 al Senado de Estados Unidos, Barofsky, exfiscal estadounidense, se\u00f1al\u00f3 que su investigaci\u00f3n ha identificado archivos de clientes etiquetados como \u201clista negra americana\u201d, un t\u00e9rmino que implica v\u00ednculos con entidades afiliadas al r\u00e9gimen nazi. Adem\u00e1s, el defensor del pueblo destac\u00f3 la [&hellip;]\" \/>\n<meta property=\"og:url\" content=\"https:\/\/canal7slp.tv\/2025\/ubs-investiga-cuentas-nazistas-ocultas-en-credit-suisse\/\" \/>\n<meta property=\"og:site_name\" content=\"Canal 7 SLP - 2025\" \/>\n<meta property=\"article:publisher\" content=\"https:\/\/www.facebook.com\/noticieroscanal7atencionciudadana\/\" \/>\n<meta property=\"article:published_time\" content=\"2025-01-05T21:51:15+00:00\" \/>\n<meta property=\"og:image\" content=\"https:\/\/canal7slp.tv\/2025\/wp-content\/uploads\/2025\/01\/09-3.jpg\" \/>\n\t<meta property=\"og:image:width\" content=\"800\" \/>\n\t<meta property=\"og:image:height\" content=\"500\" \/>\n\t<meta property=\"og:image:type\" content=\"image\/jpeg\" \/>\n<meta name=\"author\" content=\"Edici\u00f3n Web\" \/>\n<meta name=\"twitter:card\" content=\"summary_large_image\" \/>\n<meta name=\"twitter:creator\" content=\"@NOTICIEROS7\" \/>\n<meta name=\"twitter:site\" content=\"@NOTICIEROS7\" \/>\n<meta name=\"twitter:label1\" content=\"Escrito por\" \/>\n\t<meta name=\"twitter:data1\" content=\"Edici\u00f3n Web\" \/>\n\t<meta name=\"twitter:label2\" content=\"Tiempo de lectura\" \/>\n\t<meta name=\"twitter:data2\" content=\"2 minutos\" \/>\n<script type=\"application\/ld+json\" class=\"yoast-schema-graph\">{\"@context\":\"https:\\\/\\\/schema.org\",\"@graph\":[{\"@type\":\"Article\",\"@id\":\"https:\\\/\\\/canal7slp.tv\\\/2025\\\/ubs-investiga-cuentas-nazistas-ocultas-en-credit-suisse\\\/#article\",\"isPartOf\":{\"@id\":\"https:\\\/\\\/canal7slp.tv\\\/2025\\\/ubs-investiga-cuentas-nazistas-ocultas-en-credit-suisse\\\/\"},\"author\":{\"name\":\"Edici\u00f3n Web\",\"@id\":\"https:\\\/\\\/canal7slp.tv\\\/2025\\\/#\\\/schema\\\/person\\\/271e2b60a96e7cc9d9ac296f4d7e414b\"},\"headline\":\"UBS investiga cuentas nazistas ocultas en Credit Suisse\",\"datePublished\":\"2025-01-05T21:51:15+00:00\",\"mainEntityOfPage\":{\"@id\":\"https:\\\/\\\/canal7slp.tv\\\/2025\\\/ubs-investiga-cuentas-nazistas-ocultas-en-credit-suisse\\\/\"},\"wordCount\":244,\"publisher\":{\"@id\":\"https:\\\/\\\/canal7slp.tv\\\/2025\\\/#organization\"},\"image\":{\"@id\":\"https:\\\/\\\/canal7slp.tv\\\/2025\\\/ubs-investiga-cuentas-nazistas-ocultas-en-credit-suisse\\\/#primaryimage\"},\"thumbnailUrl\":\"https:\\\/\\\/canal7slp.tv\\\/2025\\\/wp-content\\\/uploads\\\/2025\\\/01\\\/09-3.jpg\",\"articleSection\":[\"INTERNACIONALES\"],\"inLanguage\":\"es\"},{\"@type\":\"WebPage\",\"@id\":\"https:\\\/\\\/canal7slp.tv\\\/2025\\\/ubs-investiga-cuentas-nazistas-ocultas-en-credit-suisse\\\/\",\"url\":\"https:\\\/\\\/canal7slp.tv\\\/2025\\\/ubs-investiga-cuentas-nazistas-ocultas-en-credit-suisse\\\/\",\"name\":\"UBS investiga cuentas nazistas ocultas en Credit Suisse - Canal 7 SLP - 2025\",\"isPartOf\":{\"@id\":\"https:\\\/\\\/canal7slp.tv\\\/2025\\\/#website\"},\"primaryImageOfPage\":{\"@id\":\"https:\\\/\\\/canal7slp.tv\\\/2025\\\/ubs-investiga-cuentas-nazistas-ocultas-en-credit-suisse\\\/#primaryimage\"},\"image\":{\"@id\":\"https:\\\/\\\/canal7slp.tv\\\/2025\\\/ubs-investiga-cuentas-nazistas-ocultas-en-credit-suisse\\\/#primaryimage\"},\"thumbnailUrl\":\"https:\\\/\\\/canal7slp.tv\\\/2025\\\/wp-content\\\/uploads\\\/2025\\\/01\\\/09-3.jpg\",\"datePublished\":\"2025-01-05T21:51:15+00:00\",\"breadcrumb\":{\"@id\":\"https:\\\/\\\/canal7slp.tv\\\/2025\\\/ubs-investiga-cuentas-nazistas-ocultas-en-credit-suisse\\\/#breadcrumb\"},\"inLanguage\":\"es\",\"potentialAction\":[{\"@type\":\"ReadAction\",\"target\":[\"https:\\\/\\\/canal7slp.tv\\\/2025\\\/ubs-investiga-cuentas-nazistas-ocultas-en-credit-suisse\\\/\"]}]},{\"@type\":\"ImageObject\",\"inLanguage\":\"es\",\"@id\":\"https:\\\/\\\/canal7slp.tv\\\/2025\\\/ubs-investiga-cuentas-nazistas-ocultas-en-credit-suisse\\\/#primaryimage\",\"url\":\"https:\\\/\\\/canal7slp.tv\\\/2025\\\/wp-content\\\/uploads\\\/2025\\\/01\\\/09-3.jpg\",\"contentUrl\":\"https:\\\/\\\/canal7slp.tv\\\/2025\\\/wp-content\\\/uploads\\\/2025\\\/01\\\/09-3.jpg\",\"width\":800,\"height\":500},{\"@type\":\"BreadcrumbList\",\"@id\":\"https:\\\/\\\/canal7slp.tv\\\/2025\\\/ubs-investiga-cuentas-nazistas-ocultas-en-credit-suisse\\\/#breadcrumb\",\"itemListElement\":[{\"@type\":\"ListItem\",\"position\":1,\"name\":\"Portada\",\"item\":\"https:\\\/\\\/canal7slp.tv\\\/2025\\\/\"},{\"@type\":\"ListItem\",\"position\":2,\"name\":\"UBS investiga cuentas nazistas ocultas en Credit Suisse\"}]},{\"@type\":\"WebSite\",\"@id\":\"https:\\\/\\\/canal7slp.tv\\\/2025\\\/#website\",\"url\":\"https:\\\/\\\/canal7slp.tv\\\/2025\\\/\",\"name\":\"N7 - Noticieros Canal 7\",\"description\":\"Somos el Medio\",\"publisher\":{\"@id\":\"https:\\\/\\\/canal7slp.tv\\\/2025\\\/#organization\"},\"potentialAction\":[{\"@type\":\"SearchAction\",\"target\":{\"@type\":\"EntryPoint\",\"urlTemplate\":\"https:\\\/\\\/canal7slp.tv\\\/2025\\\/?s={search_term_string}\"},\"query-input\":{\"@type\":\"PropertyValueSpecification\",\"valueRequired\":true,\"valueName\":\"search_term_string\"}}],\"inLanguage\":\"es\"},{\"@type\":\"Organization\",\"@id\":\"https:\\\/\\\/canal7slp.tv\\\/2025\\\/#organization\",\"name\":\"Noticieros Canal 7\",\"url\":\"https:\\\/\\\/canal7slp.tv\\\/2025\\\/\",\"logo\":{\"@type\":\"ImageObject\",\"inLanguage\":\"es\",\"@id\":\"https:\\\/\\\/canal7slp.tv\\\/2025\\\/#\\\/schema\\\/logo\\\/image\\\/\",\"url\":\"https:\\\/\\\/canal7slp.tv\\\/2025\\\/wp-content\\\/uploads\\\/2021\\\/01\\\/logo-noticieros@2x.png\",\"contentUrl\":\"https:\\\/\\\/canal7slp.tv\\\/2025\\\/wp-content\\\/uploads\\\/2021\\\/01\\\/logo-noticieros@2x.png\",\"width\":1017,\"height\":268,\"caption\":\"Noticieros Canal 7\"},\"image\":{\"@id\":\"https:\\\/\\\/canal7slp.tv\\\/2025\\\/#\\\/schema\\\/logo\\\/image\\\/\"},\"sameAs\":[\"https:\\\/\\\/www.facebook.com\\\/noticieroscanal7atencionciudadana\\\/\",\"https:\\\/\\\/x.com\\\/NOTICIEROS7\",\"https:\\\/\\\/www.instagram.com\\\/canal7_slp\",\"https:\\\/\\\/www.youtube.com\\\/channel\\\/UCliiYs-gP3JfJeqdPrNdd5A\"]},{\"@type\":\"Person\",\"@id\":\"https:\\\/\\\/canal7slp.tv\\\/2025\\\/#\\\/schema\\\/person\\\/271e2b60a96e7cc9d9ac296f4d7e414b\",\"name\":\"Edici\u00f3n Web\",\"image\":{\"@type\":\"ImageObject\",\"inLanguage\":\"es\",\"@id\":\"https:\\\/\\\/secure.gravatar.com\\\/avatar\\\/eee448fc3f7164808013b816ba91ac7e43bbe82a70bebac296f8bc6f0addaa1a?s=96&d=mm&r=g\",\"url\":\"https:\\\/\\\/secure.gravatar.com\\\/avatar\\\/eee448fc3f7164808013b816ba91ac7e43bbe82a70bebac296f8bc6f0addaa1a?s=96&d=mm&r=g\",\"contentUrl\":\"https:\\\/\\\/secure.gravatar.com\\\/avatar\\\/eee448fc3f7164808013b816ba91ac7e43bbe82a70bebac296f8bc6f0addaa1a?s=96&d=mm&r=g\",\"caption\":\"Edici\u00f3n Web\"},\"url\":\"https:\\\/\\\/canal7slp.tv\\\/2025\\\/author\\\/edicionweb\\\/\"}]}<\/script>\n<!-- \/ Yoast SEO plugin. -->","yoast_head_json":{"title":"UBS investiga cuentas nazistas ocultas en Credit Suisse - Canal 7 SLP - 2025","robots":{"index":"index","follow":"follow","max-snippet":"max-snippet:-1","max-image-preview":"max-image-preview:large","max-video-preview":"max-video-preview:-1"},"canonical":"https:\/\/canal7slp.tv\/2025\/ubs-investiga-cuentas-nazistas-ocultas-en-credit-suisse\/","og_locale":"es_ES","og_type":"article","og_title":"UBS investiga cuentas nazistas ocultas en Credit Suisse - Canal 7 SLP - 2025","og_description":"Z\u00farich.- El banco suizo UBS ha iniciado una colaboraci\u00f3n con el defensor del pueblo independiente, Neil Barofsky, para investigar cuentas relacionadas con el nazismo. Esto ocurre tras un reporte del Wall Street Journal que revel\u00f3 la existencia de cuentas no declaradas previamente en el desaparecido Credit Suisse, adquirido por UBS en 2023. En una carta enviada en diciembre de 2024 al Senado de Estados Unidos, Barofsky, exfiscal estadounidense, se\u00f1al\u00f3 que su investigaci\u00f3n ha identificado archivos de clientes etiquetados como \u201clista negra americana\u201d, un t\u00e9rmino que implica v\u00ednculos con entidades afiliadas al r\u00e9gimen nazi. Adem\u00e1s, el defensor del pueblo destac\u00f3 la [&hellip;]","og_url":"https:\/\/canal7slp.tv\/2025\/ubs-investiga-cuentas-nazistas-ocultas-en-credit-suisse\/","og_site_name":"Canal 7 SLP - 2025","article_publisher":"https:\/\/www.facebook.com\/noticieroscanal7atencionciudadana\/","article_published_time":"2025-01-05T21:51:15+00:00","og_image":[{"width":800,"height":500,"url":"https:\/\/canal7slp.tv\/2025\/wp-content\/uploads\/2025\/01\/09-3.jpg","type":"image\/jpeg"}],"author":"Edici\u00f3n Web","twitter_card":"summary_large_image","twitter_creator":"@NOTICIEROS7","twitter_site":"@NOTICIEROS7","twitter_misc":{"Escrito por":"Edici\u00f3n Web","Tiempo de lectura":"2 minutos"},"schema":{"@context":"https:\/\/schema.org","@graph":[{"@type":"Article","@id":"https:\/\/canal7slp.tv\/2025\/ubs-investiga-cuentas-nazistas-ocultas-en-credit-suisse\/#article","isPartOf":{"@id":"https:\/\/canal7slp.tv\/2025\/ubs-investiga-cuentas-nazistas-ocultas-en-credit-suisse\/"},"author":{"name":"Edici\u00f3n Web","@id":"https:\/\/canal7slp.tv\/2025\/#\/schema\/person\/271e2b60a96e7cc9d9ac296f4d7e414b"},"headline":"UBS investiga cuentas nazistas ocultas en Credit Suisse","datePublished":"2025-01-05T21:51:15+00:00","mainEntityOfPage":{"@id":"https:\/\/canal7slp.tv\/2025\/ubs-investiga-cuentas-nazistas-ocultas-en-credit-suisse\/"},"wordCount":244,"publisher":{"@id":"https:\/\/canal7slp.tv\/2025\/#organization"},"image":{"@id":"https:\/\/canal7slp.tv\/2025\/ubs-investiga-cuentas-nazistas-ocultas-en-credit-suisse\/#primaryimage"},"thumbnailUrl":"https:\/\/canal7slp.tv\/2025\/wp-content\/uploads\/2025\/01\/09-3.jpg","articleSection":["INTERNACIONALES"],"inLanguage":"es"},{"@type":"WebPage","@id":"https:\/\/canal7slp.tv\/2025\/ubs-investiga-cuentas-nazistas-ocultas-en-credit-suisse\/","url":"https:\/\/canal7slp.tv\/2025\/ubs-investiga-cuentas-nazistas-ocultas-en-credit-suisse\/","name":"UBS investiga cuentas nazistas ocultas en Credit Suisse - Canal 7 SLP - 2025","isPartOf":{"@id":"https:\/\/canal7slp.tv\/2025\/#website"},"primaryImageOfPage":{"@id":"https:\/\/canal7slp.tv\/2025\/ubs-investiga-cuentas-nazistas-ocultas-en-credit-suisse\/#primaryimage"},"image":{"@id":"https:\/\/canal7slp.tv\/2025\/ubs-investiga-cuentas-nazistas-ocultas-en-credit-suisse\/#primaryimage"},"thumbnailUrl":"https:\/\/canal7slp.tv\/2025\/wp-content\/uploads\/2025\/01\/09-3.jpg","datePublished":"2025-01-05T21:51:15+00:00","breadcrumb":{"@id":"https:\/\/canal7slp.tv\/2025\/ubs-investiga-cuentas-nazistas-ocultas-en-credit-suisse\/#breadcrumb"},"inLanguage":"es","potentialAction":[{"@type":"ReadAction","target":["https:\/\/canal7slp.tv\/2025\/ubs-investiga-cuentas-nazistas-ocultas-en-credit-suisse\/"]}]},{"@type":"ImageObject","inLanguage":"es","@id":"https:\/\/canal7slp.tv\/2025\/ubs-investiga-cuentas-nazistas-ocultas-en-credit-suisse\/#primaryimage","url":"https:\/\/canal7slp.tv\/2025\/wp-content\/uploads\/2025\/01\/09-3.jpg","contentUrl":"https:\/\/canal7slp.tv\/2025\/wp-content\/uploads\/2025\/01\/09-3.jpg","width":800,"height":500},{"@type":"BreadcrumbList","@id":"https:\/\/canal7slp.tv\/2025\/ubs-investiga-cuentas-nazistas-ocultas-en-credit-suisse\/#breadcrumb","itemListElement":[{"@type":"ListItem","position":1,"name":"Portada","item":"https:\/\/canal7slp.tv\/2025\/"},{"@type":"ListItem","position":2,"name":"UBS investiga cuentas nazistas ocultas en Credit Suisse"}]},{"@type":"WebSite","@id":"https:\/\/canal7slp.tv\/2025\/#website","url":"https:\/\/canal7slp.tv\/2025\/","name":"N7 - Noticieros Canal 7","description":"Somos el Medio","publisher":{"@id":"https:\/\/canal7slp.tv\/2025\/#organization"},"potentialAction":[{"@type":"SearchAction","target":{"@type":"EntryPoint","urlTemplate":"https:\/\/canal7slp.tv\/2025\/?s={search_term_string}"},"query-input":{"@type":"PropertyValueSpecification","valueRequired":true,"valueName":"search_term_string"}}],"inLanguage":"es"},{"@type":"Organization","@id":"https:\/\/canal7slp.tv\/2025\/#organization","name":"Noticieros Canal 7","url":"https:\/\/canal7slp.tv\/2025\/","logo":{"@type":"ImageObject","inLanguage":"es","@id":"https:\/\/canal7slp.tv\/2025\/#\/schema\/logo\/image\/","url":"https:\/\/canal7slp.tv\/2025\/wp-content\/uploads\/2021\/01\/logo-noticieros@2x.png","contentUrl":"https:\/\/canal7slp.tv\/2025\/wp-content\/uploads\/2021\/01\/logo-noticieros@2x.png","width":1017,"height":268,"caption":"Noticieros Canal 7"},"image":{"@id":"https:\/\/canal7slp.tv\/2025\/#\/schema\/logo\/image\/"},"sameAs":["https:\/\/www.facebook.com\/noticieroscanal7atencionciudadana\/","https:\/\/x.com\/NOTICIEROS7","https:\/\/www.instagram.com\/canal7_slp","https:\/\/www.youtube.com\/channel\/UCliiYs-gP3JfJeqdPrNdd5A"]},{"@type":"Person","@id":"https:\/\/canal7slp.tv\/2025\/#\/schema\/person\/271e2b60a96e7cc9d9ac296f4d7e414b","name":"Edici\u00f3n Web","image":{"@type":"ImageObject","inLanguage":"es","@id":"https:\/\/secure.gravatar.com\/avatar\/eee448fc3f7164808013b816ba91ac7e43bbe82a70bebac296f8bc6f0addaa1a?s=96&d=mm&r=g","url":"https:\/\/secure.gravatar.com\/avatar\/eee448fc3f7164808013b816ba91ac7e43bbe82a70bebac296f8bc6f0addaa1a?s=96&d=mm&r=g","contentUrl":"https:\/\/secure.gravatar.com\/avatar\/eee448fc3f7164808013b816ba91ac7e43bbe82a70bebac296f8bc6f0addaa1a?s=96&d=mm&r=g","caption":"Edici\u00f3n Web"},"url":"https:\/\/canal7slp.tv\/2025\/author\/edicionweb\/"}]}},"_links":{"self":[{"href":"https:\/\/canal7slp.tv\/2025\/wp-json\/wp\/v2\/posts\/153457","targetHints":{"allow":["GET"]}}],"collection":[{"href":"https:\/\/canal7slp.tv\/2025\/wp-json\/wp\/v2\/posts"}],"about":[{"href":"https:\/\/canal7slp.tv\/2025\/wp-json\/wp\/v2\/types\/post"}],"author":[{"embeddable":true,"href":"https:\/\/canal7slp.tv\/2025\/wp-json\/wp\/v2\/users\/2"}],"replies":[{"embeddable":true,"href":"https:\/\/canal7slp.tv\/2025\/wp-json\/wp\/v2\/comments?post=153457"}],"version-history":[{"count":1,"href":"https:\/\/canal7slp.tv\/2025\/wp-json\/wp\/v2\/posts\/153457\/revisions"}],"predecessor-version":[{"id":153459,"href":"https:\/\/canal7slp.tv\/2025\/wp-json\/wp\/v2\/posts\/153457\/revisions\/153459"}],"wp:featuredmedia":[{"embeddable":true,"href":"https:\/\/canal7slp.tv\/2025\/wp-json\/wp\/v2\/media\/153458"}],"wp:attachment":[{"href":"https:\/\/canal7slp.tv\/2025\/wp-json\/wp\/v2\/media?parent=153457"}],"wp:term":[{"taxonomy":"category","embeddable":true,"href":"https:\/\/canal7slp.tv\/2025\/wp-json\/wp\/v2\/categories?post=153457"},{"taxonomy":"post_tag","embeddable":true,"href":"https:\/\/canal7slp.tv\/2025\/wp-json\/wp\/v2\/tags?post=153457"}],"curies":[{"name":"wp","href":"https:\/\/api.w.org\/{rel}","templated":true}]}}