{"id":153454,"date":"2025-01-05T15:28:16","date_gmt":"2025-01-05T21:28:16","guid":{"rendered":"https:\/\/canal7slp.tv\/2025\/?p=153454"},"modified":"2025-01-05T15:28:16","modified_gmt":"2025-01-05T21:28:16","slug":"joe-biden-otorga-la-medalla-presidencial-de-la-libertad-a-19-figuras-destacadas","status":"publish","type":"post","link":"https:\/\/canal7slp.tv\/2025\/joe-biden-otorga-la-medalla-presidencial-de-la-libertad-a-19-figuras-destacadas\/","title":{"rendered":"Joe Biden otorga la Medalla Presidencial de la Libertad a 19 figuras destacadas"},"content":{"rendered":"<p style=\"text-align: justify;\">EUA.- El presidente de Estados Unidos, Joe Biden, otorg\u00f3 la Medalla Presidencial de la Libertad, el m\u00e1ximo honor civil del pa\u00eds, a 19 destacados l\u00edderes de la ciencia, el entretenimiento, la pol\u00edtica y el deporte.<\/p>\n<p style=\"text-align: justify;\">La ceremonia, celebrada en la Casa Blanca, destac\u00f3 a figuras como la conservacionista y cient\u00edfica Jane Goodall, los actores Michael J. Fox y Denzel Washington, y el cantante Bono, l\u00edder de U2.<\/p>\n<p style=\"text-align: justify;\">Entre los homenajeados tambi\u00e9n estuvieron el basquetbolista Magic Johnson, la editora de Vogue Anna Wintour y el fallecido l\u00edder pol\u00edtico Robert F. Kennedy, quien recibi\u00f3 el reconocimiento de manera p\u00f3stuma.<\/p>\n<p style=\"text-align: justify;\">Adem\u00e1s, fueron galardonados el chef Jos\u00e9 Andr\u00e9s, el futbolista Lionel Messi, y la exsecretaria de Estado Hillary Clinton, entre otros.<\/p>\n<p style=\"text-align: justify;\">En su discurso, Biden destac\u00f3 la importancia de los homenajeados:<\/p>\n<p style=\"text-align: justify;\">\u201cSon personas realmente extraordinarias que han hecho un esfuerzo por moldear la cultura y la causa estadounidense\u201d.<\/p>\n<p style=\"text-align: justify;\">Aunque algunos de los condecorados no pudieron asistir, como Lionel Messi y el empresario George Soros, el presidente expres\u00f3 su gratitud hacia todos los premiados, se\u00f1alando que han tra\u00eddo \u201csanaci\u00f3n y alegr\u00eda a tantas personas\u201d. Acompa\u00f1ado por la primera dama, Jill Biden, el mandatario a\u00f1adi\u00f3:<\/p>\n<p style=\"text-align: justify;\">\u201cMuchas gracias por todo lo que han hecho para ayudar a este pa\u00eds; ustedes literalmente encarnan el credo de este pa\u00eds\u201d.<\/p>\n<p style=\"text-align: justify;\">Esta ceremonia marca la \u00faltima entrega de condecoraciones de Joe Biden como presidente, antes de que entregue el cargo a Donald Trump el pr\u00f3ximo 20 de enero de 2025. La Medalla Presidencial de la Libertad es considerada la m\u00e1s alta distinci\u00f3n civil en Estados Unidos, otorgada a individuos que han hecho contribuciones significativas a la seguridad, cultura o bienestar del pa\u00eds.<\/p>\n","protected":false},"excerpt":{"rendered":"<p>EUA.- El presidente de Estados Unidos, Joe Biden, otorg\u00f3 la Medalla Presidencial de la Libertad, el m\u00e1ximo honor civil del pa\u00eds, a 19 destacados l\u00edderes de la ciencia, el entretenimiento, la pol\u00edtica y el deporte. La ceremonia, celebrada en la Casa Blanca, destac\u00f3 a figuras como la conservacionista y cient\u00edfica Jane Goodall, los actores Michael J. Fox y Denzel Washington, y el cantante Bono, l\u00edder de U2. Entre los homenajeados tambi\u00e9n estuvieron el basquetbolista Magic Johnson, la editora de Vogue Anna Wintour y el fallecido l\u00edder pol\u00edtico Robert F. Kennedy, quien recibi\u00f3 el reconocimiento de manera p\u00f3stuma. Adem\u00e1s, fueron galardonados [&hellip;]<\/p>\n","protected":false},"author":2,"featured_media":153455,"comment_status":"closed","ping_status":"closed","sticky":false,"template":"","format":"standard","meta":{"_monsterinsights_skip_tracking":false,"_monsterinsights_sitenote_active":false,"_monsterinsights_sitenote_note":"","_monsterinsights_sitenote_category":0,"footnotes":""},"categories":[44],"tags":[],"class_list":["post-153454","post","type-post","status-publish","format-standard","has-post-thumbnail","hentry","category-internacional","post--single"],"yoast_head":"<!-- This site is optimized with the Yoast SEO plugin v27.5 - https:\/\/yoast.com\/product\/yoast-seo-wordpress\/ -->\n<title>Joe Biden otorga la Medalla Presidencial de la Libertad a 19 figuras destacadas - Canal 7 SLP - 2025<\/title>\n<meta name=\"robots\" content=\"index, follow, max-snippet:-1, max-image-preview:large, max-video-preview:-1\" \/>\n<link rel=\"canonical\" href=\"https:\/\/canal7slp.tv\/2025\/joe-biden-otorga-la-medalla-presidencial-de-la-libertad-a-19-figuras-destacadas\/\" \/>\n<meta property=\"og:locale\" content=\"es_ES\" \/>\n<meta property=\"og:type\" content=\"article\" \/>\n<meta property=\"og:title\" content=\"Joe Biden otorga la Medalla Presidencial de la Libertad a 19 figuras destacadas - Canal 7 SLP - 2025\" \/>\n<meta property=\"og:description\" content=\"EUA.- El presidente de Estados Unidos, Joe Biden, otorg\u00f3 la Medalla Presidencial de la Libertad, el m\u00e1ximo honor civil del pa\u00eds, a 19 destacados l\u00edderes de la ciencia, el entretenimiento, la pol\u00edtica y el deporte. La ceremonia, celebrada en la Casa Blanca, destac\u00f3 a figuras como la conservacionista y cient\u00edfica Jane Goodall, los actores Michael J. Fox y Denzel Washington, y el cantante Bono, l\u00edder de U2. Entre los homenajeados tambi\u00e9n estuvieron el basquetbolista Magic Johnson, la editora de Vogue Anna Wintour y el fallecido l\u00edder pol\u00edtico Robert F. Kennedy, quien recibi\u00f3 el reconocimiento de manera p\u00f3stuma. Adem\u00e1s, fueron galardonados [&hellip;]\" \/>\n<meta property=\"og:url\" content=\"https:\/\/canal7slp.tv\/2025\/joe-biden-otorga-la-medalla-presidencial-de-la-libertad-a-19-figuras-destacadas\/\" \/>\n<meta property=\"og:site_name\" content=\"Canal 7 SLP - 2025\" \/>\n<meta property=\"article:publisher\" content=\"https:\/\/www.facebook.com\/noticieroscanal7atencionciudadana\/\" \/>\n<meta property=\"article:published_time\" content=\"2025-01-05T21:28:16+00:00\" \/>\n<meta property=\"og:image\" content=\"https:\/\/canal7slp.tv\/2025\/wp-content\/uploads\/2025\/01\/08-3.jpg\" \/>\n\t<meta property=\"og:image:width\" content=\"750\" \/>\n\t<meta property=\"og:image:height\" content=\"500\" \/>\n\t<meta property=\"og:image:type\" content=\"image\/jpeg\" \/>\n<meta name=\"author\" content=\"Edici\u00f3n Web\" \/>\n<meta name=\"twitter:card\" content=\"summary_large_image\" \/>\n<meta name=\"twitter:creator\" content=\"@NOTICIEROS7\" \/>\n<meta name=\"twitter:site\" content=\"@NOTICIEROS7\" \/>\n<meta name=\"twitter:label1\" content=\"Escrito por\" \/>\n\t<meta name=\"twitter:data1\" content=\"Edici\u00f3n Web\" \/>\n\t<meta name=\"twitter:label2\" content=\"Tiempo de lectura\" \/>\n\t<meta name=\"twitter:data2\" content=\"2 minutos\" \/>\n<script type=\"application\/ld+json\" class=\"yoast-schema-graph\">{\"@context\":\"https:\\\/\\\/schema.org\",\"@graph\":[{\"@type\":\"Article\",\"@id\":\"https:\\\/\\\/canal7slp.tv\\\/2025\\\/joe-biden-otorga-la-medalla-presidencial-de-la-libertad-a-19-figuras-destacadas\\\/#article\",\"isPartOf\":{\"@id\":\"https:\\\/\\\/canal7slp.tv\\\/2025\\\/joe-biden-otorga-la-medalla-presidencial-de-la-libertad-a-19-figuras-destacadas\\\/\"},\"author\":{\"name\":\"Edici\u00f3n Web\",\"@id\":\"https:\\\/\\\/canal7slp.tv\\\/2025\\\/#\\\/schema\\\/person\\\/271e2b60a96e7cc9d9ac296f4d7e414b\"},\"headline\":\"Joe Biden otorga la Medalla Presidencial de la Libertad a 19 figuras destacadas\",\"datePublished\":\"2025-01-05T21:28:16+00:00\",\"mainEntityOfPage\":{\"@id\":\"https:\\\/\\\/canal7slp.tv\\\/2025\\\/joe-biden-otorga-la-medalla-presidencial-de-la-libertad-a-19-figuras-destacadas\\\/\"},\"wordCount\":305,\"publisher\":{\"@id\":\"https:\\\/\\\/canal7slp.tv\\\/2025\\\/#organization\"},\"image\":{\"@id\":\"https:\\\/\\\/canal7slp.tv\\\/2025\\\/joe-biden-otorga-la-medalla-presidencial-de-la-libertad-a-19-figuras-destacadas\\\/#primaryimage\"},\"thumbnailUrl\":\"https:\\\/\\\/canal7slp.tv\\\/2025\\\/wp-content\\\/uploads\\\/2025\\\/01\\\/08-3.jpg\",\"articleSection\":[\"INTERNACIONALES\"],\"inLanguage\":\"es\"},{\"@type\":\"WebPage\",\"@id\":\"https:\\\/\\\/canal7slp.tv\\\/2025\\\/joe-biden-otorga-la-medalla-presidencial-de-la-libertad-a-19-figuras-destacadas\\\/\",\"url\":\"https:\\\/\\\/canal7slp.tv\\\/2025\\\/joe-biden-otorga-la-medalla-presidencial-de-la-libertad-a-19-figuras-destacadas\\\/\",\"name\":\"Joe Biden otorga la Medalla Presidencial de la Libertad a 19 figuras destacadas - Canal 7 SLP - 2025\",\"isPartOf\":{\"@id\":\"https:\\\/\\\/canal7slp.tv\\\/2025\\\/#website\"},\"primaryImageOfPage\":{\"@id\":\"https:\\\/\\\/canal7slp.tv\\\/2025\\\/joe-biden-otorga-la-medalla-presidencial-de-la-libertad-a-19-figuras-destacadas\\\/#primaryimage\"},\"image\":{\"@id\":\"https:\\\/\\\/canal7slp.tv\\\/2025\\\/joe-biden-otorga-la-medalla-presidencial-de-la-libertad-a-19-figuras-destacadas\\\/#primaryimage\"},\"thumbnailUrl\":\"https:\\\/\\\/canal7slp.tv\\\/2025\\\/wp-content\\\/uploads\\\/2025\\\/01\\\/08-3.jpg\",\"datePublished\":\"2025-01-05T21:28:16+00:00\",\"breadcrumb\":{\"@id\":\"https:\\\/\\\/canal7slp.tv\\\/2025\\\/joe-biden-otorga-la-medalla-presidencial-de-la-libertad-a-19-figuras-destacadas\\\/#breadcrumb\"},\"inLanguage\":\"es\",\"potentialAction\":[{\"@type\":\"ReadAction\",\"target\":[\"https:\\\/\\\/canal7slp.tv\\\/2025\\\/joe-biden-otorga-la-medalla-presidencial-de-la-libertad-a-19-figuras-destacadas\\\/\"]}]},{\"@type\":\"ImageObject\",\"inLanguage\":\"es\",\"@id\":\"https:\\\/\\\/canal7slp.tv\\\/2025\\\/joe-biden-otorga-la-medalla-presidencial-de-la-libertad-a-19-figuras-destacadas\\\/#primaryimage\",\"url\":\"https:\\\/\\\/canal7slp.tv\\\/2025\\\/wp-content\\\/uploads\\\/2025\\\/01\\\/08-3.jpg\",\"contentUrl\":\"https:\\\/\\\/canal7slp.tv\\\/2025\\\/wp-content\\\/uploads\\\/2025\\\/01\\\/08-3.jpg\",\"width\":750,\"height\":500},{\"@type\":\"BreadcrumbList\",\"@id\":\"https:\\\/\\\/canal7slp.tv\\\/2025\\\/joe-biden-otorga-la-medalla-presidencial-de-la-libertad-a-19-figuras-destacadas\\\/#breadcrumb\",\"itemListElement\":[{\"@type\":\"ListItem\",\"position\":1,\"name\":\"Portada\",\"item\":\"https:\\\/\\\/canal7slp.tv\\\/2025\\\/\"},{\"@type\":\"ListItem\",\"position\":2,\"name\":\"Joe Biden otorga la Medalla Presidencial de la Libertad a 19 figuras destacadas\"}]},{\"@type\":\"WebSite\",\"@id\":\"https:\\\/\\\/canal7slp.tv\\\/2025\\\/#website\",\"url\":\"https:\\\/\\\/canal7slp.tv\\\/2025\\\/\",\"name\":\"N7 - Noticieros Canal 7\",\"description\":\"Somos el Medio\",\"publisher\":{\"@id\":\"https:\\\/\\\/canal7slp.tv\\\/2025\\\/#organization\"},\"potentialAction\":[{\"@type\":\"SearchAction\",\"target\":{\"@type\":\"EntryPoint\",\"urlTemplate\":\"https:\\\/\\\/canal7slp.tv\\\/2025\\\/?s={search_term_string}\"},\"query-input\":{\"@type\":\"PropertyValueSpecification\",\"valueRequired\":true,\"valueName\":\"search_term_string\"}}],\"inLanguage\":\"es\"},{\"@type\":\"Organization\",\"@id\":\"https:\\\/\\\/canal7slp.tv\\\/2025\\\/#organization\",\"name\":\"Noticieros Canal 7\",\"url\":\"https:\\\/\\\/canal7slp.tv\\\/2025\\\/\",\"logo\":{\"@type\":\"ImageObject\",\"inLanguage\":\"es\",\"@id\":\"https:\\\/\\\/canal7slp.tv\\\/2025\\\/#\\\/schema\\\/logo\\\/image\\\/\",\"url\":\"https:\\\/\\\/canal7slp.tv\\\/2025\\\/wp-content\\\/uploads\\\/2021\\\/01\\\/logo-noticieros@2x.png\",\"contentUrl\":\"https:\\\/\\\/canal7slp.tv\\\/2025\\\/wp-content\\\/uploads\\\/2021\\\/01\\\/logo-noticieros@2x.png\",\"width\":1017,\"height\":268,\"caption\":\"Noticieros Canal 7\"},\"image\":{\"@id\":\"https:\\\/\\\/canal7slp.tv\\\/2025\\\/#\\\/schema\\\/logo\\\/image\\\/\"},\"sameAs\":[\"https:\\\/\\\/www.facebook.com\\\/noticieroscanal7atencionciudadana\\\/\",\"https:\\\/\\\/x.com\\\/NOTICIEROS7\",\"https:\\\/\\\/www.instagram.com\\\/canal7_slp\",\"https:\\\/\\\/www.youtube.com\\\/channel\\\/UCliiYs-gP3JfJeqdPrNdd5A\"]},{\"@type\":\"Person\",\"@id\":\"https:\\\/\\\/canal7slp.tv\\\/2025\\\/#\\\/schema\\\/person\\\/271e2b60a96e7cc9d9ac296f4d7e414b\",\"name\":\"Edici\u00f3n Web\",\"image\":{\"@type\":\"ImageObject\",\"inLanguage\":\"es\",\"@id\":\"https:\\\/\\\/secure.gravatar.com\\\/avatar\\\/eee448fc3f7164808013b816ba91ac7e43bbe82a70bebac296f8bc6f0addaa1a?s=96&d=mm&r=g\",\"url\":\"https:\\\/\\\/secure.gravatar.com\\\/avatar\\\/eee448fc3f7164808013b816ba91ac7e43bbe82a70bebac296f8bc6f0addaa1a?s=96&d=mm&r=g\",\"contentUrl\":\"https:\\\/\\\/secure.gravatar.com\\\/avatar\\\/eee448fc3f7164808013b816ba91ac7e43bbe82a70bebac296f8bc6f0addaa1a?s=96&d=mm&r=g\",\"caption\":\"Edici\u00f3n Web\"},\"url\":\"https:\\\/\\\/canal7slp.tv\\\/2025\\\/author\\\/edicionweb\\\/\"}]}<\/script>\n<!-- \/ Yoast SEO plugin. -->","yoast_head_json":{"title":"Joe Biden otorga la Medalla Presidencial de la Libertad a 19 figuras destacadas - Canal 7 SLP - 2025","robots":{"index":"index","follow":"follow","max-snippet":"max-snippet:-1","max-image-preview":"max-image-preview:large","max-video-preview":"max-video-preview:-1"},"canonical":"https:\/\/canal7slp.tv\/2025\/joe-biden-otorga-la-medalla-presidencial-de-la-libertad-a-19-figuras-destacadas\/","og_locale":"es_ES","og_type":"article","og_title":"Joe Biden otorga la Medalla Presidencial de la Libertad a 19 figuras destacadas - Canal 7 SLP - 2025","og_description":"EUA.- El presidente de Estados Unidos, Joe Biden, otorg\u00f3 la Medalla Presidencial de la Libertad, el m\u00e1ximo honor civil del pa\u00eds, a 19 destacados l\u00edderes de la ciencia, el entretenimiento, la pol\u00edtica y el deporte. La ceremonia, celebrada en la Casa Blanca, destac\u00f3 a figuras como la conservacionista y cient\u00edfica Jane Goodall, los actores Michael J. Fox y Denzel Washington, y el cantante Bono, l\u00edder de U2. Entre los homenajeados tambi\u00e9n estuvieron el basquetbolista Magic Johnson, la editora de Vogue Anna Wintour y el fallecido l\u00edder pol\u00edtico Robert F. Kennedy, quien recibi\u00f3 el reconocimiento de manera p\u00f3stuma. Adem\u00e1s, fueron galardonados [&hellip;]","og_url":"https:\/\/canal7slp.tv\/2025\/joe-biden-otorga-la-medalla-presidencial-de-la-libertad-a-19-figuras-destacadas\/","og_site_name":"Canal 7 SLP - 2025","article_publisher":"https:\/\/www.facebook.com\/noticieroscanal7atencionciudadana\/","article_published_time":"2025-01-05T21:28:16+00:00","og_image":[{"width":750,"height":500,"url":"https:\/\/canal7slp.tv\/2025\/wp-content\/uploads\/2025\/01\/08-3.jpg","type":"image\/jpeg"}],"author":"Edici\u00f3n Web","twitter_card":"summary_large_image","twitter_creator":"@NOTICIEROS7","twitter_site":"@NOTICIEROS7","twitter_misc":{"Escrito por":"Edici\u00f3n Web","Tiempo de lectura":"2 minutos"},"schema":{"@context":"https:\/\/schema.org","@graph":[{"@type":"Article","@id":"https:\/\/canal7slp.tv\/2025\/joe-biden-otorga-la-medalla-presidencial-de-la-libertad-a-19-figuras-destacadas\/#article","isPartOf":{"@id":"https:\/\/canal7slp.tv\/2025\/joe-biden-otorga-la-medalla-presidencial-de-la-libertad-a-19-figuras-destacadas\/"},"author":{"name":"Edici\u00f3n Web","@id":"https:\/\/canal7slp.tv\/2025\/#\/schema\/person\/271e2b60a96e7cc9d9ac296f4d7e414b"},"headline":"Joe Biden otorga la Medalla Presidencial de la Libertad a 19 figuras destacadas","datePublished":"2025-01-05T21:28:16+00:00","mainEntityOfPage":{"@id":"https:\/\/canal7slp.tv\/2025\/joe-biden-otorga-la-medalla-presidencial-de-la-libertad-a-19-figuras-destacadas\/"},"wordCount":305,"publisher":{"@id":"https:\/\/canal7slp.tv\/2025\/#organization"},"image":{"@id":"https:\/\/canal7slp.tv\/2025\/joe-biden-otorga-la-medalla-presidencial-de-la-libertad-a-19-figuras-destacadas\/#primaryimage"},"thumbnailUrl":"https:\/\/canal7slp.tv\/2025\/wp-content\/uploads\/2025\/01\/08-3.jpg","articleSection":["INTERNACIONALES"],"inLanguage":"es"},{"@type":"WebPage","@id":"https:\/\/canal7slp.tv\/2025\/joe-biden-otorga-la-medalla-presidencial-de-la-libertad-a-19-figuras-destacadas\/","url":"https:\/\/canal7slp.tv\/2025\/joe-biden-otorga-la-medalla-presidencial-de-la-libertad-a-19-figuras-destacadas\/","name":"Joe Biden otorga la Medalla Presidencial de la Libertad a 19 figuras destacadas - Canal 7 SLP - 2025","isPartOf":{"@id":"https:\/\/canal7slp.tv\/2025\/#website"},"primaryImageOfPage":{"@id":"https:\/\/canal7slp.tv\/2025\/joe-biden-otorga-la-medalla-presidencial-de-la-libertad-a-19-figuras-destacadas\/#primaryimage"},"image":{"@id":"https:\/\/canal7slp.tv\/2025\/joe-biden-otorga-la-medalla-presidencial-de-la-libertad-a-19-figuras-destacadas\/#primaryimage"},"thumbnailUrl":"https:\/\/canal7slp.tv\/2025\/wp-content\/uploads\/2025\/01\/08-3.jpg","datePublished":"2025-01-05T21:28:16+00:00","breadcrumb":{"@id":"https:\/\/canal7slp.tv\/2025\/joe-biden-otorga-la-medalla-presidencial-de-la-libertad-a-19-figuras-destacadas\/#breadcrumb"},"inLanguage":"es","potentialAction":[{"@type":"ReadAction","target":["https:\/\/canal7slp.tv\/2025\/joe-biden-otorga-la-medalla-presidencial-de-la-libertad-a-19-figuras-destacadas\/"]}]},{"@type":"ImageObject","inLanguage":"es","@id":"https:\/\/canal7slp.tv\/2025\/joe-biden-otorga-la-medalla-presidencial-de-la-libertad-a-19-figuras-destacadas\/#primaryimage","url":"https:\/\/canal7slp.tv\/2025\/wp-content\/uploads\/2025\/01\/08-3.jpg","contentUrl":"https:\/\/canal7slp.tv\/2025\/wp-content\/uploads\/2025\/01\/08-3.jpg","width":750,"height":500},{"@type":"BreadcrumbList","@id":"https:\/\/canal7slp.tv\/2025\/joe-biden-otorga-la-medalla-presidencial-de-la-libertad-a-19-figuras-destacadas\/#breadcrumb","itemListElement":[{"@type":"ListItem","position":1,"name":"Portada","item":"https:\/\/canal7slp.tv\/2025\/"},{"@type":"ListItem","position":2,"name":"Joe Biden otorga la Medalla Presidencial de la Libertad a 19 figuras destacadas"}]},{"@type":"WebSite","@id":"https:\/\/canal7slp.tv\/2025\/#website","url":"https:\/\/canal7slp.tv\/2025\/","name":"N7 - Noticieros Canal 7","description":"Somos el Medio","publisher":{"@id":"https:\/\/canal7slp.tv\/2025\/#organization"},"potentialAction":[{"@type":"SearchAction","target":{"@type":"EntryPoint","urlTemplate":"https:\/\/canal7slp.tv\/2025\/?s={search_term_string}"},"query-input":{"@type":"PropertyValueSpecification","valueRequired":true,"valueName":"search_term_string"}}],"inLanguage":"es"},{"@type":"Organization","@id":"https:\/\/canal7slp.tv\/2025\/#organization","name":"Noticieros Canal 7","url":"https:\/\/canal7slp.tv\/2025\/","logo":{"@type":"ImageObject","inLanguage":"es","@id":"https:\/\/canal7slp.tv\/2025\/#\/schema\/logo\/image\/","url":"https:\/\/canal7slp.tv\/2025\/wp-content\/uploads\/2021\/01\/logo-noticieros@2x.png","contentUrl":"https:\/\/canal7slp.tv\/2025\/wp-content\/uploads\/2021\/01\/logo-noticieros@2x.png","width":1017,"height":268,"caption":"Noticieros Canal 7"},"image":{"@id":"https:\/\/canal7slp.tv\/2025\/#\/schema\/logo\/image\/"},"sameAs":["https:\/\/www.facebook.com\/noticieroscanal7atencionciudadana\/","https:\/\/x.com\/NOTICIEROS7","https:\/\/www.instagram.com\/canal7_slp","https:\/\/www.youtube.com\/channel\/UCliiYs-gP3JfJeqdPrNdd5A"]},{"@type":"Person","@id":"https:\/\/canal7slp.tv\/2025\/#\/schema\/person\/271e2b60a96e7cc9d9ac296f4d7e414b","name":"Edici\u00f3n Web","image":{"@type":"ImageObject","inLanguage":"es","@id":"https:\/\/secure.gravatar.com\/avatar\/eee448fc3f7164808013b816ba91ac7e43bbe82a70bebac296f8bc6f0addaa1a?s=96&d=mm&r=g","url":"https:\/\/secure.gravatar.com\/avatar\/eee448fc3f7164808013b816ba91ac7e43bbe82a70bebac296f8bc6f0addaa1a?s=96&d=mm&r=g","contentUrl":"https:\/\/secure.gravatar.com\/avatar\/eee448fc3f7164808013b816ba91ac7e43bbe82a70bebac296f8bc6f0addaa1a?s=96&d=mm&r=g","caption":"Edici\u00f3n Web"},"url":"https:\/\/canal7slp.tv\/2025\/author\/edicionweb\/"}]}},"_links":{"self":[{"href":"https:\/\/canal7slp.tv\/2025\/wp-json\/wp\/v2\/posts\/153454","targetHints":{"allow":["GET"]}}],"collection":[{"href":"https:\/\/canal7slp.tv\/2025\/wp-json\/wp\/v2\/posts"}],"about":[{"href":"https:\/\/canal7slp.tv\/2025\/wp-json\/wp\/v2\/types\/post"}],"author":[{"embeddable":true,"href":"https:\/\/canal7slp.tv\/2025\/wp-json\/wp\/v2\/users\/2"}],"replies":[{"embeddable":true,"href":"https:\/\/canal7slp.tv\/2025\/wp-json\/wp\/v2\/comments?post=153454"}],"version-history":[{"count":1,"href":"https:\/\/canal7slp.tv\/2025\/wp-json\/wp\/v2\/posts\/153454\/revisions"}],"predecessor-version":[{"id":153456,"href":"https:\/\/canal7slp.tv\/2025\/wp-json\/wp\/v2\/posts\/153454\/revisions\/153456"}],"wp:featuredmedia":[{"embeddable":true,"href":"https:\/\/canal7slp.tv\/2025\/wp-json\/wp\/v2\/media\/153455"}],"wp:attachment":[{"href":"https:\/\/canal7slp.tv\/2025\/wp-json\/wp\/v2\/media?parent=153454"}],"wp:term":[{"taxonomy":"category","embeddable":true,"href":"https:\/\/canal7slp.tv\/2025\/wp-json\/wp\/v2\/categories?post=153454"},{"taxonomy":"post_tag","embeddable":true,"href":"https:\/\/canal7slp.tv\/2025\/wp-json\/wp\/v2\/tags?post=153454"}],"curies":[{"name":"wp","href":"https:\/\/api.w.org\/{rel}","templated":true}]}}