{"id":153371,"date":"2025-01-03T18:00:06","date_gmt":"2025-01-04T00:00:06","guid":{"rendered":"https:\/\/canal7slp.tv\/2025\/?p=153371"},"modified":"2025-01-03T21:46:32","modified_gmt":"2025-01-04T03:46:32","slug":"ayuntamiento-de-la-capital-prepara-iniciativa-de-seguridad","status":"publish","type":"post","link":"https:\/\/canal7slp.tv\/2025\/ayuntamiento-de-la-capital-prepara-iniciativa-de-seguridad\/","title":{"rendered":"Ayuntamiento de la capital prepara iniciativa de seguridad."},"content":{"rendered":"<p style=\"text-align: justify;\">SLP.- Mediante una iniciativa que se enviar\u00e1 al Congreso Federal, el Ayuntamiento de San Luis Potos\u00ed encabezado por Enrique Galindo Ceballos, buscar\u00e1 mejorar la condici\u00f3n en la que laboran los cuerpos municipales de seguridad.<\/p>\n<p style=\"text-align: justify;\">\u201cS\u00ed estamos trabajando en una iniciativa que podemos hacer desde nosotros para que las polic\u00edas municipales dejen de ser el eslab\u00f3n d\u00e9bil de la seguridad\u201d.<\/p>\n<p style=\"text-align: justify;\">Afirm\u00f3 que se debe de trabajar de manera realmente coordinada.<\/p>\n<p style=\"text-align: justify;\">La seguridad es un conjunto de cosas, es un sistema en M\u00e9xico, la municipal, las estatales, la nacional o la guardia, las ministeriales, las polic\u00edas estatales tienen una funci\u00f3n en una cadena de eventos y de sucesos\u201d.<\/p>\n<p style=\"text-align: justify;\">La iniciativa abarca m\u00faltiples \u00e1rea de las fuerzas de seguridad locales.<\/p>\n<p style=\"text-align: justify;\">\u201cNo solo es desde el punto de vista operativo, t\u00e9cnico, sino financiero, si resolvemos el problema financiero de las polic\u00edas municipales, estaremos resolviendo la mitad del problema de seguridad p\u00fablica en el pa\u00eds\u201d.<\/p>\n<p style=\"text-align: justify;\">Por: Juan Carlos Contreras<\/p>\n","protected":false},"excerpt":{"rendered":"<p>SLP.- Mediante una iniciativa que se enviar\u00e1 al Congreso Federal, el Ayuntamiento de San Luis Potos\u00ed encabezado por Enrique Galindo Ceballos, buscar\u00e1 mejorar la condici\u00f3n en la que laboran los cuerpos municipales de seguridad. \u201cS\u00ed estamos trabajando en una iniciativa que podemos hacer desde nosotros para que las polic\u00edas municipales dejen de ser el eslab\u00f3n d\u00e9bil de la seguridad\u201d. Afirm\u00f3 que se debe de trabajar de manera realmente coordinada. La seguridad es un conjunto de cosas, es un sistema en M\u00e9xico, la municipal, las estatales, la nacional o la guardia, las ministeriales, las polic\u00edas estatales tienen una funci\u00f3n en una [&hellip;]<\/p>\n","protected":false},"author":2,"featured_media":153376,"comment_status":"closed","ping_status":"closed","sticky":false,"template":"","format":"video","meta":{"_monsterinsights_skip_tracking":false,"_monsterinsights_sitenote_active":false,"_monsterinsights_sitenote_note":"","_monsterinsights_sitenote_category":0,"footnotes":""},"categories":[66,5,45],"tags":[],"class_list":["post-153371","post","type-post","status-publish","format-video","has-post-thumbnail","hentry","category-ayoslp","category-destacadas","category-localesyregionales","post_format-post-format-video","post--single"],"yoast_head":"<!-- This site is optimized with the Yoast SEO plugin v27.5 - https:\/\/yoast.com\/product\/yoast-seo-wordpress\/ -->\n<title>Ayuntamiento de la capital prepara iniciativa de seguridad. - Canal 7 SLP - 2025<\/title>\n<meta name=\"robots\" content=\"index, follow, max-snippet:-1, max-image-preview:large, max-video-preview:-1\" \/>\n<link rel=\"canonical\" href=\"https:\/\/canal7slp.tv\/2025\/ayuntamiento-de-la-capital-prepara-iniciativa-de-seguridad\/\" \/>\n<meta property=\"og:locale\" content=\"es_ES\" \/>\n<meta property=\"og:type\" content=\"article\" \/>\n<meta property=\"og:title\" content=\"Ayuntamiento de la capital prepara iniciativa de seguridad. - Canal 7 SLP - 2025\" \/>\n<meta property=\"og:description\" content=\"SLP.- Mediante una iniciativa que se enviar\u00e1 al Congreso Federal, el Ayuntamiento de San Luis Potos\u00ed encabezado por Enrique Galindo Ceballos, buscar\u00e1 mejorar la condici\u00f3n en la que laboran los cuerpos municipales de seguridad. \u201cS\u00ed estamos trabajando en una iniciativa que podemos hacer desde nosotros para que las polic\u00edas municipales dejen de ser el eslab\u00f3n d\u00e9bil de la seguridad\u201d. Afirm\u00f3 que se debe de trabajar de manera realmente coordinada. La seguridad es un conjunto de cosas, es un sistema en M\u00e9xico, la municipal, las estatales, la nacional o la guardia, las ministeriales, las polic\u00edas estatales tienen una funci\u00f3n en una [&hellip;]\" \/>\n<meta property=\"og:url\" content=\"https:\/\/canal7slp.tv\/2025\/ayuntamiento-de-la-capital-prepara-iniciativa-de-seguridad\/\" \/>\n<meta property=\"og:site_name\" content=\"Canal 7 SLP - 2025\" \/>\n<meta property=\"article:publisher\" content=\"https:\/\/www.facebook.com\/noticieroscanal7atencionciudadana\/\" \/>\n<meta property=\"article:published_time\" content=\"2025-01-04T00:00:06+00:00\" \/>\n<meta property=\"article:modified_time\" content=\"2025-01-04T03:46:32+00:00\" \/>\n<meta property=\"og:image\" content=\"https:\/\/canal7slp.tv\/2025\/wp-content\/uploads\/2025\/01\/Poky02IniciativaPolicias.jpg\" \/>\n\t<meta property=\"og:image:width\" content=\"1280\" \/>\n\t<meta property=\"og:image:height\" content=\"720\" \/>\n\t<meta property=\"og:image:type\" content=\"image\/jpeg\" \/>\n<meta name=\"author\" content=\"Edici\u00f3n Web\" \/>\n<meta name=\"twitter:card\" content=\"summary_large_image\" \/>\n<meta name=\"twitter:creator\" content=\"@NOTICIEROS7\" \/>\n<meta name=\"twitter:site\" content=\"@NOTICIEROS7\" \/>\n<meta name=\"twitter:label1\" content=\"Escrito por\" \/>\n\t<meta name=\"twitter:data1\" content=\"Edici\u00f3n Web\" \/>\n\t<meta name=\"twitter:label2\" content=\"Tiempo de lectura\" \/>\n\t<meta name=\"twitter:data2\" content=\"1 minuto\" \/>\n<script type=\"application\/ld+json\" class=\"yoast-schema-graph\">{\"@context\":\"https:\\\/\\\/schema.org\",\"@graph\":[{\"@type\":\"Article\",\"@id\":\"https:\\\/\\\/canal7slp.tv\\\/2025\\\/ayuntamiento-de-la-capital-prepara-iniciativa-de-seguridad\\\/#article\",\"isPartOf\":{\"@id\":\"https:\\\/\\\/canal7slp.tv\\\/2025\\\/ayuntamiento-de-la-capital-prepara-iniciativa-de-seguridad\\\/\"},\"author\":{\"name\":\"Edici\u00f3n Web\",\"@id\":\"https:\\\/\\\/canal7slp.tv\\\/2025\\\/#\\\/schema\\\/person\\\/271e2b60a96e7cc9d9ac296f4d7e414b\"},\"headline\":\"Ayuntamiento de la capital prepara iniciativa de seguridad.\",\"datePublished\":\"2025-01-04T00:00:06+00:00\",\"dateModified\":\"2025-01-04T03:46:32+00:00\",\"mainEntityOfPage\":{\"@id\":\"https:\\\/\\\/canal7slp.tv\\\/2025\\\/ayuntamiento-de-la-capital-prepara-iniciativa-de-seguridad\\\/\"},\"wordCount\":175,\"publisher\":{\"@id\":\"https:\\\/\\\/canal7slp.tv\\\/2025\\\/#organization\"},\"image\":{\"@id\":\"https:\\\/\\\/canal7slp.tv\\\/2025\\\/ayuntamiento-de-la-capital-prepara-iniciativa-de-seguridad\\\/#primaryimage\"},\"thumbnailUrl\":\"https:\\\/\\\/canal7slp.tv\\\/2025\\\/wp-content\\\/uploads\\\/2025\\\/01\\\/Poky02IniciativaPolicias.jpg\",\"articleSection\":[\"AYOSLP\",\"DESTACADAS\",\"LOCALES Y REGIONALES\"],\"inLanguage\":\"es\"},{\"@type\":\"WebPage\",\"@id\":\"https:\\\/\\\/canal7slp.tv\\\/2025\\\/ayuntamiento-de-la-capital-prepara-iniciativa-de-seguridad\\\/\",\"url\":\"https:\\\/\\\/canal7slp.tv\\\/2025\\\/ayuntamiento-de-la-capital-prepara-iniciativa-de-seguridad\\\/\",\"name\":\"Ayuntamiento de la capital prepara iniciativa de seguridad. - Canal 7 SLP - 2025\",\"isPartOf\":{\"@id\":\"https:\\\/\\\/canal7slp.tv\\\/2025\\\/#website\"},\"primaryImageOfPage\":{\"@id\":\"https:\\\/\\\/canal7slp.tv\\\/2025\\\/ayuntamiento-de-la-capital-prepara-iniciativa-de-seguridad\\\/#primaryimage\"},\"image\":{\"@id\":\"https:\\\/\\\/canal7slp.tv\\\/2025\\\/ayuntamiento-de-la-capital-prepara-iniciativa-de-seguridad\\\/#primaryimage\"},\"thumbnailUrl\":\"https:\\\/\\\/canal7slp.tv\\\/2025\\\/wp-content\\\/uploads\\\/2025\\\/01\\\/Poky02IniciativaPolicias.jpg\",\"datePublished\":\"2025-01-04T00:00:06+00:00\",\"dateModified\":\"2025-01-04T03:46:32+00:00\",\"breadcrumb\":{\"@id\":\"https:\\\/\\\/canal7slp.tv\\\/2025\\\/ayuntamiento-de-la-capital-prepara-iniciativa-de-seguridad\\\/#breadcrumb\"},\"inLanguage\":\"es\",\"potentialAction\":[{\"@type\":\"ReadAction\",\"target\":[\"https:\\\/\\\/canal7slp.tv\\\/2025\\\/ayuntamiento-de-la-capital-prepara-iniciativa-de-seguridad\\\/\"]}]},{\"@type\":\"ImageObject\",\"inLanguage\":\"es\",\"@id\":\"https:\\\/\\\/canal7slp.tv\\\/2025\\\/ayuntamiento-de-la-capital-prepara-iniciativa-de-seguridad\\\/#primaryimage\",\"url\":\"https:\\\/\\\/canal7slp.tv\\\/2025\\\/wp-content\\\/uploads\\\/2025\\\/01\\\/Poky02IniciativaPolicias.jpg\",\"contentUrl\":\"https:\\\/\\\/canal7slp.tv\\\/2025\\\/wp-content\\\/uploads\\\/2025\\\/01\\\/Poky02IniciativaPolicias.jpg\",\"width\":1280,\"height\":720},{\"@type\":\"BreadcrumbList\",\"@id\":\"https:\\\/\\\/canal7slp.tv\\\/2025\\\/ayuntamiento-de-la-capital-prepara-iniciativa-de-seguridad\\\/#breadcrumb\",\"itemListElement\":[{\"@type\":\"ListItem\",\"position\":1,\"name\":\"Portada\",\"item\":\"https:\\\/\\\/canal7slp.tv\\\/2025\\\/\"},{\"@type\":\"ListItem\",\"position\":2,\"name\":\"Ayuntamiento de la capital prepara iniciativa de seguridad.\"}]},{\"@type\":\"WebSite\",\"@id\":\"https:\\\/\\\/canal7slp.tv\\\/2025\\\/#website\",\"url\":\"https:\\\/\\\/canal7slp.tv\\\/2025\\\/\",\"name\":\"N7 - Noticieros Canal 7\",\"description\":\"Somos el Medio\",\"publisher\":{\"@id\":\"https:\\\/\\\/canal7slp.tv\\\/2025\\\/#organization\"},\"potentialAction\":[{\"@type\":\"SearchAction\",\"target\":{\"@type\":\"EntryPoint\",\"urlTemplate\":\"https:\\\/\\\/canal7slp.tv\\\/2025\\\/?s={search_term_string}\"},\"query-input\":{\"@type\":\"PropertyValueSpecification\",\"valueRequired\":true,\"valueName\":\"search_term_string\"}}],\"inLanguage\":\"es\"},{\"@type\":\"Organization\",\"@id\":\"https:\\\/\\\/canal7slp.tv\\\/2025\\\/#organization\",\"name\":\"Noticieros Canal 7\",\"url\":\"https:\\\/\\\/canal7slp.tv\\\/2025\\\/\",\"logo\":{\"@type\":\"ImageObject\",\"inLanguage\":\"es\",\"@id\":\"https:\\\/\\\/canal7slp.tv\\\/2025\\\/#\\\/schema\\\/logo\\\/image\\\/\",\"url\":\"https:\\\/\\\/canal7slp.tv\\\/2025\\\/wp-content\\\/uploads\\\/2021\\\/01\\\/logo-noticieros@2x.png\",\"contentUrl\":\"https:\\\/\\\/canal7slp.tv\\\/2025\\\/wp-content\\\/uploads\\\/2021\\\/01\\\/logo-noticieros@2x.png\",\"width\":1017,\"height\":268,\"caption\":\"Noticieros Canal 7\"},\"image\":{\"@id\":\"https:\\\/\\\/canal7slp.tv\\\/2025\\\/#\\\/schema\\\/logo\\\/image\\\/\"},\"sameAs\":[\"https:\\\/\\\/www.facebook.com\\\/noticieroscanal7atencionciudadana\\\/\",\"https:\\\/\\\/x.com\\\/NOTICIEROS7\",\"https:\\\/\\\/www.instagram.com\\\/canal7_slp\",\"https:\\\/\\\/www.youtube.com\\\/channel\\\/UCliiYs-gP3JfJeqdPrNdd5A\"]},{\"@type\":\"Person\",\"@id\":\"https:\\\/\\\/canal7slp.tv\\\/2025\\\/#\\\/schema\\\/person\\\/271e2b60a96e7cc9d9ac296f4d7e414b\",\"name\":\"Edici\u00f3n Web\",\"image\":{\"@type\":\"ImageObject\",\"inLanguage\":\"es\",\"@id\":\"https:\\\/\\\/secure.gravatar.com\\\/avatar\\\/eee448fc3f7164808013b816ba91ac7e43bbe82a70bebac296f8bc6f0addaa1a?s=96&d=mm&r=g\",\"url\":\"https:\\\/\\\/secure.gravatar.com\\\/avatar\\\/eee448fc3f7164808013b816ba91ac7e43bbe82a70bebac296f8bc6f0addaa1a?s=96&d=mm&r=g\",\"contentUrl\":\"https:\\\/\\\/secure.gravatar.com\\\/avatar\\\/eee448fc3f7164808013b816ba91ac7e43bbe82a70bebac296f8bc6f0addaa1a?s=96&d=mm&r=g\",\"caption\":\"Edici\u00f3n Web\"},\"url\":\"https:\\\/\\\/canal7slp.tv\\\/2025\\\/author\\\/edicionweb\\\/\"}]}<\/script>\n<!-- \/ Yoast SEO plugin. -->","yoast_head_json":{"title":"Ayuntamiento de la capital prepara iniciativa de seguridad. - Canal 7 SLP - 2025","robots":{"index":"index","follow":"follow","max-snippet":"max-snippet:-1","max-image-preview":"max-image-preview:large","max-video-preview":"max-video-preview:-1"},"canonical":"https:\/\/canal7slp.tv\/2025\/ayuntamiento-de-la-capital-prepara-iniciativa-de-seguridad\/","og_locale":"es_ES","og_type":"article","og_title":"Ayuntamiento de la capital prepara iniciativa de seguridad. - Canal 7 SLP - 2025","og_description":"SLP.- Mediante una iniciativa que se enviar\u00e1 al Congreso Federal, el Ayuntamiento de San Luis Potos\u00ed encabezado por Enrique Galindo Ceballos, buscar\u00e1 mejorar la condici\u00f3n en la que laboran los cuerpos municipales de seguridad. \u201cS\u00ed estamos trabajando en una iniciativa que podemos hacer desde nosotros para que las polic\u00edas municipales dejen de ser el eslab\u00f3n d\u00e9bil de la seguridad\u201d. Afirm\u00f3 que se debe de trabajar de manera realmente coordinada. La seguridad es un conjunto de cosas, es un sistema en M\u00e9xico, la municipal, las estatales, la nacional o la guardia, las ministeriales, las polic\u00edas estatales tienen una funci\u00f3n en una [&hellip;]","og_url":"https:\/\/canal7slp.tv\/2025\/ayuntamiento-de-la-capital-prepara-iniciativa-de-seguridad\/","og_site_name":"Canal 7 SLP - 2025","article_publisher":"https:\/\/www.facebook.com\/noticieroscanal7atencionciudadana\/","article_published_time":"2025-01-04T00:00:06+00:00","article_modified_time":"2025-01-04T03:46:32+00:00","og_image":[{"width":1280,"height":720,"url":"https:\/\/canal7slp.tv\/2025\/wp-content\/uploads\/2025\/01\/Poky02IniciativaPolicias.jpg","type":"image\/jpeg"}],"author":"Edici\u00f3n Web","twitter_card":"summary_large_image","twitter_creator":"@NOTICIEROS7","twitter_site":"@NOTICIEROS7","twitter_misc":{"Escrito por":"Edici\u00f3n Web","Tiempo de lectura":"1 minuto"},"schema":{"@context":"https:\/\/schema.org","@graph":[{"@type":"Article","@id":"https:\/\/canal7slp.tv\/2025\/ayuntamiento-de-la-capital-prepara-iniciativa-de-seguridad\/#article","isPartOf":{"@id":"https:\/\/canal7slp.tv\/2025\/ayuntamiento-de-la-capital-prepara-iniciativa-de-seguridad\/"},"author":{"name":"Edici\u00f3n Web","@id":"https:\/\/canal7slp.tv\/2025\/#\/schema\/person\/271e2b60a96e7cc9d9ac296f4d7e414b"},"headline":"Ayuntamiento de la capital prepara iniciativa de seguridad.","datePublished":"2025-01-04T00:00:06+00:00","dateModified":"2025-01-04T03:46:32+00:00","mainEntityOfPage":{"@id":"https:\/\/canal7slp.tv\/2025\/ayuntamiento-de-la-capital-prepara-iniciativa-de-seguridad\/"},"wordCount":175,"publisher":{"@id":"https:\/\/canal7slp.tv\/2025\/#organization"},"image":{"@id":"https:\/\/canal7slp.tv\/2025\/ayuntamiento-de-la-capital-prepara-iniciativa-de-seguridad\/#primaryimage"},"thumbnailUrl":"https:\/\/canal7slp.tv\/2025\/wp-content\/uploads\/2025\/01\/Poky02IniciativaPolicias.jpg","articleSection":["AYOSLP","DESTACADAS","LOCALES Y REGIONALES"],"inLanguage":"es"},{"@type":"WebPage","@id":"https:\/\/canal7slp.tv\/2025\/ayuntamiento-de-la-capital-prepara-iniciativa-de-seguridad\/","url":"https:\/\/canal7slp.tv\/2025\/ayuntamiento-de-la-capital-prepara-iniciativa-de-seguridad\/","name":"Ayuntamiento de la capital prepara iniciativa de seguridad. - Canal 7 SLP - 2025","isPartOf":{"@id":"https:\/\/canal7slp.tv\/2025\/#website"},"primaryImageOfPage":{"@id":"https:\/\/canal7slp.tv\/2025\/ayuntamiento-de-la-capital-prepara-iniciativa-de-seguridad\/#primaryimage"},"image":{"@id":"https:\/\/canal7slp.tv\/2025\/ayuntamiento-de-la-capital-prepara-iniciativa-de-seguridad\/#primaryimage"},"thumbnailUrl":"https:\/\/canal7slp.tv\/2025\/wp-content\/uploads\/2025\/01\/Poky02IniciativaPolicias.jpg","datePublished":"2025-01-04T00:00:06+00:00","dateModified":"2025-01-04T03:46:32+00:00","breadcrumb":{"@id":"https:\/\/canal7slp.tv\/2025\/ayuntamiento-de-la-capital-prepara-iniciativa-de-seguridad\/#breadcrumb"},"inLanguage":"es","potentialAction":[{"@type":"ReadAction","target":["https:\/\/canal7slp.tv\/2025\/ayuntamiento-de-la-capital-prepara-iniciativa-de-seguridad\/"]}]},{"@type":"ImageObject","inLanguage":"es","@id":"https:\/\/canal7slp.tv\/2025\/ayuntamiento-de-la-capital-prepara-iniciativa-de-seguridad\/#primaryimage","url":"https:\/\/canal7slp.tv\/2025\/wp-content\/uploads\/2025\/01\/Poky02IniciativaPolicias.jpg","contentUrl":"https:\/\/canal7slp.tv\/2025\/wp-content\/uploads\/2025\/01\/Poky02IniciativaPolicias.jpg","width":1280,"height":720},{"@type":"BreadcrumbList","@id":"https:\/\/canal7slp.tv\/2025\/ayuntamiento-de-la-capital-prepara-iniciativa-de-seguridad\/#breadcrumb","itemListElement":[{"@type":"ListItem","position":1,"name":"Portada","item":"https:\/\/canal7slp.tv\/2025\/"},{"@type":"ListItem","position":2,"name":"Ayuntamiento de la capital prepara iniciativa de seguridad."}]},{"@type":"WebSite","@id":"https:\/\/canal7slp.tv\/2025\/#website","url":"https:\/\/canal7slp.tv\/2025\/","name":"N7 - Noticieros Canal 7","description":"Somos el Medio","publisher":{"@id":"https:\/\/canal7slp.tv\/2025\/#organization"},"potentialAction":[{"@type":"SearchAction","target":{"@type":"EntryPoint","urlTemplate":"https:\/\/canal7slp.tv\/2025\/?s={search_term_string}"},"query-input":{"@type":"PropertyValueSpecification","valueRequired":true,"valueName":"search_term_string"}}],"inLanguage":"es"},{"@type":"Organization","@id":"https:\/\/canal7slp.tv\/2025\/#organization","name":"Noticieros Canal 7","url":"https:\/\/canal7slp.tv\/2025\/","logo":{"@type":"ImageObject","inLanguage":"es","@id":"https:\/\/canal7slp.tv\/2025\/#\/schema\/logo\/image\/","url":"https:\/\/canal7slp.tv\/2025\/wp-content\/uploads\/2021\/01\/logo-noticieros@2x.png","contentUrl":"https:\/\/canal7slp.tv\/2025\/wp-content\/uploads\/2021\/01\/logo-noticieros@2x.png","width":1017,"height":268,"caption":"Noticieros Canal 7"},"image":{"@id":"https:\/\/canal7slp.tv\/2025\/#\/schema\/logo\/image\/"},"sameAs":["https:\/\/www.facebook.com\/noticieroscanal7atencionciudadana\/","https:\/\/x.com\/NOTICIEROS7","https:\/\/www.instagram.com\/canal7_slp","https:\/\/www.youtube.com\/channel\/UCliiYs-gP3JfJeqdPrNdd5A"]},{"@type":"Person","@id":"https:\/\/canal7slp.tv\/2025\/#\/schema\/person\/271e2b60a96e7cc9d9ac296f4d7e414b","name":"Edici\u00f3n Web","image":{"@type":"ImageObject","inLanguage":"es","@id":"https:\/\/secure.gravatar.com\/avatar\/eee448fc3f7164808013b816ba91ac7e43bbe82a70bebac296f8bc6f0addaa1a?s=96&d=mm&r=g","url":"https:\/\/secure.gravatar.com\/avatar\/eee448fc3f7164808013b816ba91ac7e43bbe82a70bebac296f8bc6f0addaa1a?s=96&d=mm&r=g","contentUrl":"https:\/\/secure.gravatar.com\/avatar\/eee448fc3f7164808013b816ba91ac7e43bbe82a70bebac296f8bc6f0addaa1a?s=96&d=mm&r=g","caption":"Edici\u00f3n Web"},"url":"https:\/\/canal7slp.tv\/2025\/author\/edicionweb\/"}]}},"_links":{"self":[{"href":"https:\/\/canal7slp.tv\/2025\/wp-json\/wp\/v2\/posts\/153371","targetHints":{"allow":["GET"]}}],"collection":[{"href":"https:\/\/canal7slp.tv\/2025\/wp-json\/wp\/v2\/posts"}],"about":[{"href":"https:\/\/canal7slp.tv\/2025\/wp-json\/wp\/v2\/types\/post"}],"author":[{"embeddable":true,"href":"https:\/\/canal7slp.tv\/2025\/wp-json\/wp\/v2\/users\/2"}],"replies":[{"embeddable":true,"href":"https:\/\/canal7slp.tv\/2025\/wp-json\/wp\/v2\/comments?post=153371"}],"version-history":[{"count":2,"href":"https:\/\/canal7slp.tv\/2025\/wp-json\/wp\/v2\/posts\/153371\/revisions"}],"predecessor-version":[{"id":153378,"href":"https:\/\/canal7slp.tv\/2025\/wp-json\/wp\/v2\/posts\/153371\/revisions\/153378"}],"wp:featuredmedia":[{"embeddable":true,"href":"https:\/\/canal7slp.tv\/2025\/wp-json\/wp\/v2\/media\/153376"}],"wp:attachment":[{"href":"https:\/\/canal7slp.tv\/2025\/wp-json\/wp\/v2\/media?parent=153371"}],"wp:term":[{"taxonomy":"category","embeddable":true,"href":"https:\/\/canal7slp.tv\/2025\/wp-json\/wp\/v2\/categories?post=153371"},{"taxonomy":"post_tag","embeddable":true,"href":"https:\/\/canal7slp.tv\/2025\/wp-json\/wp\/v2\/tags?post=153371"}],"curies":[{"name":"wp","href":"https:\/\/api.w.org\/{rel}","templated":true}]}}