{"id":153361,"date":"2025-01-03T19:00:50","date_gmt":"2025-01-04T01:00:50","guid":{"rendered":"https:\/\/canal7slp.tv\/2025\/?p=153361"},"modified":"2025-01-03T21:46:51","modified_gmt":"2025-01-04T03:46:51","slug":"mas-de-37-mil-toneladas-de-basura-se-acumularon-en-la-capital","status":"publish","type":"post","link":"https:\/\/canal7slp.tv\/2025\/mas-de-37-mil-toneladas-de-basura-se-acumularon-en-la-capital\/","title":{"rendered":"M\u00e1s de 37 mil toneladas de basura se acumularon en la capital"},"content":{"rendered":"<p style=\"text-align: justify;\"><span style=\"font-size: 1.21429rem;\">SLP.- Durante el mes de diciembre de 2024 en la ciudad de San Luis Potos\u00ed se recogieron m\u00e1s de 37 mil toneladas de basura mediante el servicio p\u00fablico de recolecci\u00f3n indic\u00f3 el director de Gesti\u00f3n Ecol\u00f3gica y Manejo de Residuos, Jaime Mendieta Rivera.<\/span><\/p>\n<p style=\"text-align: justify;\">\u201cAumento en la recolecci\u00f3n de residuos se dispara; mes de diciembre tenemos fechas muy importantes, 12 de diciembre, 24-25, 31-1 de enero son los d\u00edas que mayor recolecci\u00f3n tenemos, cerramos el a\u00f1o nosotros con cerca de 37 mil toneladas de recolecci\u00f3n en el mes de diciembre, siendo el d\u00eda 12 el d\u00eda de mayor recolecci\u00f3n que rond\u00f3 las 18 mil toneladas\u201d.<\/p>\n<p style=\"text-align: justify;\">El porcentaje en diciembre de basura recolectada fue 30 por ciento superior al resto de los meses del a\u00f1o.<\/p>\n<p style=\"text-align: justify;\">\u201cPorque el servicio de recolecci\u00f3n no se suspende ning\u00fan d\u00eda (\u2026) las rutas no se modificaron, se respetaron los horarios y la ciudadan\u00eda fue participativa en ese sentido (\u2026) la recolecci\u00f3n nos fue muy bien, cerca de 34 mil, 37 mil toneladas\u201d.<\/p>\n<p style=\"text-align: justify;\">Otra de las acciones fue retirar papeleras para evitar vandalismo.<\/p>\n<p style=\"text-align: justify;\">\u201cHubo 31 papeleras que fueron siniestradas en este proceso (\u2026) algunas fueron por alg\u00fan fuego artificial , otras fueron por el mal uso, es decir, la gente las forz\u00f3 para meter alg\u00fan tipo de bolsa, de residuo y solamente fueron 31, nosotros durante este periodo decembrino retiramos aproximadamente 400 en espacios que ya nosotros conocemos (\u2026) y todas el d\u00eda de a partir del d\u00eda dos, el d\u00eda de ayer empez\u00f3 la reinstalaci\u00f3n de todas ellas, para el d\u00eda lunes ya estar\u00e1 al 100% otra vez funcionando\u201d.<\/p>\n<p>Por: Juan Carlos Contreras<\/p>\n","protected":false},"excerpt":{"rendered":"<p>SLP.- Durante el mes de diciembre de 2024 en la ciudad de San Luis Potos\u00ed se recogieron m\u00e1s de 37 mil toneladas de basura mediante el servicio p\u00fablico de recolecci\u00f3n indic\u00f3 el director de Gesti\u00f3n Ecol\u00f3gica y Manejo de Residuos, Jaime Mendieta Rivera. \u201cAumento en la recolecci\u00f3n de residuos se dispara; mes de diciembre tenemos fechas muy importantes, 12 de diciembre, 24-25, 31-1 de enero son los d\u00edas que mayor recolecci\u00f3n tenemos, cerramos el a\u00f1o nosotros con cerca de 37 mil toneladas de recolecci\u00f3n en el mes de diciembre, siendo el d\u00eda 12 el d\u00eda de mayor recolecci\u00f3n que rond\u00f3 [&hellip;]<\/p>\n","protected":false},"author":2,"featured_media":153383,"comment_status":"closed","ping_status":"closed","sticky":false,"template":"","format":"video","meta":{"_monsterinsights_skip_tracking":false,"_monsterinsights_sitenote_active":false,"_monsterinsights_sitenote_note":"","_monsterinsights_sitenote_category":0,"footnotes":""},"categories":[66,5,45],"tags":[],"class_list":["post-153361","post","type-post","status-publish","format-video","has-post-thumbnail","hentry","category-ayoslp","category-destacadas","category-localesyregionales","post_format-post-format-video","post--single"],"yoast_head":"<!-- This site is optimized with the Yoast SEO plugin v27.5 - https:\/\/yoast.com\/product\/yoast-seo-wordpress\/ -->\n<title>M\u00e1s de 37 mil toneladas de basura se acumularon en la capital - Canal 7 SLP - 2025<\/title>\n<meta name=\"robots\" content=\"index, follow, max-snippet:-1, max-image-preview:large, max-video-preview:-1\" \/>\n<link rel=\"canonical\" href=\"https:\/\/canal7slp.tv\/2025\/mas-de-37-mil-toneladas-de-basura-se-acumularon-en-la-capital\/\" \/>\n<meta property=\"og:locale\" content=\"es_ES\" \/>\n<meta property=\"og:type\" content=\"article\" \/>\n<meta property=\"og:title\" content=\"M\u00e1s de 37 mil toneladas de basura se acumularon en la capital - Canal 7 SLP - 2025\" \/>\n<meta property=\"og:description\" content=\"SLP.- Durante el mes de diciembre de 2024 en la ciudad de San Luis Potos\u00ed se recogieron m\u00e1s de 37 mil toneladas de basura mediante el servicio p\u00fablico de recolecci\u00f3n indic\u00f3 el director de Gesti\u00f3n Ecol\u00f3gica y Manejo de Residuos, Jaime Mendieta Rivera. \u201cAumento en la recolecci\u00f3n de residuos se dispara; mes de diciembre tenemos fechas muy importantes, 12 de diciembre, 24-25, 31-1 de enero son los d\u00edas que mayor recolecci\u00f3n tenemos, cerramos el a\u00f1o nosotros con cerca de 37 mil toneladas de recolecci\u00f3n en el mes de diciembre, siendo el d\u00eda 12 el d\u00eda de mayor recolecci\u00f3n que rond\u00f3 [&hellip;]\" \/>\n<meta property=\"og:url\" content=\"https:\/\/canal7slp.tv\/2025\/mas-de-37-mil-toneladas-de-basura-se-acumularon-en-la-capital\/\" \/>\n<meta property=\"og:site_name\" content=\"Canal 7 SLP - 2025\" \/>\n<meta property=\"article:publisher\" content=\"https:\/\/www.facebook.com\/noticieroscanal7atencionciudadana\/\" \/>\n<meta property=\"article:published_time\" content=\"2025-01-04T01:00:50+00:00\" \/>\n<meta property=\"article:modified_time\" content=\"2025-01-04T03:46:51+00:00\" \/>\n<meta property=\"og:image\" content=\"https:\/\/canal7slp.tv\/2025\/wp-content\/uploads\/2025\/01\/Poky04BasuraPapeleras.jpg\" \/>\n\t<meta property=\"og:image:width\" content=\"1280\" \/>\n\t<meta property=\"og:image:height\" content=\"720\" \/>\n\t<meta property=\"og:image:type\" content=\"image\/jpeg\" \/>\n<meta name=\"author\" content=\"Edici\u00f3n Web\" \/>\n<meta name=\"twitter:card\" content=\"summary_large_image\" \/>\n<meta name=\"twitter:creator\" content=\"@NOTICIEROS7\" \/>\n<meta name=\"twitter:site\" content=\"@NOTICIEROS7\" \/>\n<meta name=\"twitter:label1\" content=\"Escrito por\" \/>\n\t<meta name=\"twitter:data1\" content=\"Edici\u00f3n Web\" \/>\n\t<meta name=\"twitter:label2\" content=\"Tiempo de lectura\" \/>\n\t<meta name=\"twitter:data2\" content=\"2 minutos\" \/>\n<script type=\"application\/ld+json\" class=\"yoast-schema-graph\">{\"@context\":\"https:\\\/\\\/schema.org\",\"@graph\":[{\"@type\":\"Article\",\"@id\":\"https:\\\/\\\/canal7slp.tv\\\/2025\\\/mas-de-37-mil-toneladas-de-basura-se-acumularon-en-la-capital\\\/#article\",\"isPartOf\":{\"@id\":\"https:\\\/\\\/canal7slp.tv\\\/2025\\\/mas-de-37-mil-toneladas-de-basura-se-acumularon-en-la-capital\\\/\"},\"author\":{\"name\":\"Edici\u00f3n Web\",\"@id\":\"https:\\\/\\\/canal7slp.tv\\\/2025\\\/#\\\/schema\\\/person\\\/271e2b60a96e7cc9d9ac296f4d7e414b\"},\"headline\":\"M\u00e1s de 37 mil toneladas de basura se acumularon en la capital\",\"datePublished\":\"2025-01-04T01:00:50+00:00\",\"dateModified\":\"2025-01-04T03:46:51+00:00\",\"mainEntityOfPage\":{\"@id\":\"https:\\\/\\\/canal7slp.tv\\\/2025\\\/mas-de-37-mil-toneladas-de-basura-se-acumularon-en-la-capital\\\/\"},\"wordCount\":287,\"publisher\":{\"@id\":\"https:\\\/\\\/canal7slp.tv\\\/2025\\\/#organization\"},\"image\":{\"@id\":\"https:\\\/\\\/canal7slp.tv\\\/2025\\\/mas-de-37-mil-toneladas-de-basura-se-acumularon-en-la-capital\\\/#primaryimage\"},\"thumbnailUrl\":\"https:\\\/\\\/canal7slp.tv\\\/2025\\\/wp-content\\\/uploads\\\/2025\\\/01\\\/Poky04BasuraPapeleras.jpg\",\"articleSection\":[\"AYOSLP\",\"DESTACADAS\",\"LOCALES Y REGIONALES\"],\"inLanguage\":\"es\"},{\"@type\":\"WebPage\",\"@id\":\"https:\\\/\\\/canal7slp.tv\\\/2025\\\/mas-de-37-mil-toneladas-de-basura-se-acumularon-en-la-capital\\\/\",\"url\":\"https:\\\/\\\/canal7slp.tv\\\/2025\\\/mas-de-37-mil-toneladas-de-basura-se-acumularon-en-la-capital\\\/\",\"name\":\"M\u00e1s de 37 mil toneladas de basura se acumularon en la capital - Canal 7 SLP - 2025\",\"isPartOf\":{\"@id\":\"https:\\\/\\\/canal7slp.tv\\\/2025\\\/#website\"},\"primaryImageOfPage\":{\"@id\":\"https:\\\/\\\/canal7slp.tv\\\/2025\\\/mas-de-37-mil-toneladas-de-basura-se-acumularon-en-la-capital\\\/#primaryimage\"},\"image\":{\"@id\":\"https:\\\/\\\/canal7slp.tv\\\/2025\\\/mas-de-37-mil-toneladas-de-basura-se-acumularon-en-la-capital\\\/#primaryimage\"},\"thumbnailUrl\":\"https:\\\/\\\/canal7slp.tv\\\/2025\\\/wp-content\\\/uploads\\\/2025\\\/01\\\/Poky04BasuraPapeleras.jpg\",\"datePublished\":\"2025-01-04T01:00:50+00:00\",\"dateModified\":\"2025-01-04T03:46:51+00:00\",\"breadcrumb\":{\"@id\":\"https:\\\/\\\/canal7slp.tv\\\/2025\\\/mas-de-37-mil-toneladas-de-basura-se-acumularon-en-la-capital\\\/#breadcrumb\"},\"inLanguage\":\"es\",\"potentialAction\":[{\"@type\":\"ReadAction\",\"target\":[\"https:\\\/\\\/canal7slp.tv\\\/2025\\\/mas-de-37-mil-toneladas-de-basura-se-acumularon-en-la-capital\\\/\"]}]},{\"@type\":\"ImageObject\",\"inLanguage\":\"es\",\"@id\":\"https:\\\/\\\/canal7slp.tv\\\/2025\\\/mas-de-37-mil-toneladas-de-basura-se-acumularon-en-la-capital\\\/#primaryimage\",\"url\":\"https:\\\/\\\/canal7slp.tv\\\/2025\\\/wp-content\\\/uploads\\\/2025\\\/01\\\/Poky04BasuraPapeleras.jpg\",\"contentUrl\":\"https:\\\/\\\/canal7slp.tv\\\/2025\\\/wp-content\\\/uploads\\\/2025\\\/01\\\/Poky04BasuraPapeleras.jpg\",\"width\":1280,\"height\":720},{\"@type\":\"BreadcrumbList\",\"@id\":\"https:\\\/\\\/canal7slp.tv\\\/2025\\\/mas-de-37-mil-toneladas-de-basura-se-acumularon-en-la-capital\\\/#breadcrumb\",\"itemListElement\":[{\"@type\":\"ListItem\",\"position\":1,\"name\":\"Portada\",\"item\":\"https:\\\/\\\/canal7slp.tv\\\/2025\\\/\"},{\"@type\":\"ListItem\",\"position\":2,\"name\":\"M\u00e1s de 37 mil toneladas de basura se acumularon en la capital\"}]},{\"@type\":\"WebSite\",\"@id\":\"https:\\\/\\\/canal7slp.tv\\\/2025\\\/#website\",\"url\":\"https:\\\/\\\/canal7slp.tv\\\/2025\\\/\",\"name\":\"N7 - Noticieros Canal 7\",\"description\":\"Somos el Medio\",\"publisher\":{\"@id\":\"https:\\\/\\\/canal7slp.tv\\\/2025\\\/#organization\"},\"potentialAction\":[{\"@type\":\"SearchAction\",\"target\":{\"@type\":\"EntryPoint\",\"urlTemplate\":\"https:\\\/\\\/canal7slp.tv\\\/2025\\\/?s={search_term_string}\"},\"query-input\":{\"@type\":\"PropertyValueSpecification\",\"valueRequired\":true,\"valueName\":\"search_term_string\"}}],\"inLanguage\":\"es\"},{\"@type\":\"Organization\",\"@id\":\"https:\\\/\\\/canal7slp.tv\\\/2025\\\/#organization\",\"name\":\"Noticieros Canal 7\",\"url\":\"https:\\\/\\\/canal7slp.tv\\\/2025\\\/\",\"logo\":{\"@type\":\"ImageObject\",\"inLanguage\":\"es\",\"@id\":\"https:\\\/\\\/canal7slp.tv\\\/2025\\\/#\\\/schema\\\/logo\\\/image\\\/\",\"url\":\"https:\\\/\\\/canal7slp.tv\\\/2025\\\/wp-content\\\/uploads\\\/2021\\\/01\\\/logo-noticieros@2x.png\",\"contentUrl\":\"https:\\\/\\\/canal7slp.tv\\\/2025\\\/wp-content\\\/uploads\\\/2021\\\/01\\\/logo-noticieros@2x.png\",\"width\":1017,\"height\":268,\"caption\":\"Noticieros Canal 7\"},\"image\":{\"@id\":\"https:\\\/\\\/canal7slp.tv\\\/2025\\\/#\\\/schema\\\/logo\\\/image\\\/\"},\"sameAs\":[\"https:\\\/\\\/www.facebook.com\\\/noticieroscanal7atencionciudadana\\\/\",\"https:\\\/\\\/x.com\\\/NOTICIEROS7\",\"https:\\\/\\\/www.instagram.com\\\/canal7_slp\",\"https:\\\/\\\/www.youtube.com\\\/channel\\\/UCliiYs-gP3JfJeqdPrNdd5A\"]},{\"@type\":\"Person\",\"@id\":\"https:\\\/\\\/canal7slp.tv\\\/2025\\\/#\\\/schema\\\/person\\\/271e2b60a96e7cc9d9ac296f4d7e414b\",\"name\":\"Edici\u00f3n Web\",\"image\":{\"@type\":\"ImageObject\",\"inLanguage\":\"es\",\"@id\":\"https:\\\/\\\/secure.gravatar.com\\\/avatar\\\/eee448fc3f7164808013b816ba91ac7e43bbe82a70bebac296f8bc6f0addaa1a?s=96&d=mm&r=g\",\"url\":\"https:\\\/\\\/secure.gravatar.com\\\/avatar\\\/eee448fc3f7164808013b816ba91ac7e43bbe82a70bebac296f8bc6f0addaa1a?s=96&d=mm&r=g\",\"contentUrl\":\"https:\\\/\\\/secure.gravatar.com\\\/avatar\\\/eee448fc3f7164808013b816ba91ac7e43bbe82a70bebac296f8bc6f0addaa1a?s=96&d=mm&r=g\",\"caption\":\"Edici\u00f3n Web\"},\"url\":\"https:\\\/\\\/canal7slp.tv\\\/2025\\\/author\\\/edicionweb\\\/\"}]}<\/script>\n<!-- \/ Yoast SEO plugin. -->","yoast_head_json":{"title":"M\u00e1s de 37 mil toneladas de basura se acumularon en la capital - Canal 7 SLP - 2025","robots":{"index":"index","follow":"follow","max-snippet":"max-snippet:-1","max-image-preview":"max-image-preview:large","max-video-preview":"max-video-preview:-1"},"canonical":"https:\/\/canal7slp.tv\/2025\/mas-de-37-mil-toneladas-de-basura-se-acumularon-en-la-capital\/","og_locale":"es_ES","og_type":"article","og_title":"M\u00e1s de 37 mil toneladas de basura se acumularon en la capital - Canal 7 SLP - 2025","og_description":"SLP.- Durante el mes de diciembre de 2024 en la ciudad de San Luis Potos\u00ed se recogieron m\u00e1s de 37 mil toneladas de basura mediante el servicio p\u00fablico de recolecci\u00f3n indic\u00f3 el director de Gesti\u00f3n Ecol\u00f3gica y Manejo de Residuos, Jaime Mendieta Rivera. \u201cAumento en la recolecci\u00f3n de residuos se dispara; mes de diciembre tenemos fechas muy importantes, 12 de diciembre, 24-25, 31-1 de enero son los d\u00edas que mayor recolecci\u00f3n tenemos, cerramos el a\u00f1o nosotros con cerca de 37 mil toneladas de recolecci\u00f3n en el mes de diciembre, siendo el d\u00eda 12 el d\u00eda de mayor recolecci\u00f3n que rond\u00f3 [&hellip;]","og_url":"https:\/\/canal7slp.tv\/2025\/mas-de-37-mil-toneladas-de-basura-se-acumularon-en-la-capital\/","og_site_name":"Canal 7 SLP - 2025","article_publisher":"https:\/\/www.facebook.com\/noticieroscanal7atencionciudadana\/","article_published_time":"2025-01-04T01:00:50+00:00","article_modified_time":"2025-01-04T03:46:51+00:00","og_image":[{"width":1280,"height":720,"url":"https:\/\/canal7slp.tv\/2025\/wp-content\/uploads\/2025\/01\/Poky04BasuraPapeleras.jpg","type":"image\/jpeg"}],"author":"Edici\u00f3n Web","twitter_card":"summary_large_image","twitter_creator":"@NOTICIEROS7","twitter_site":"@NOTICIEROS7","twitter_misc":{"Escrito por":"Edici\u00f3n Web","Tiempo de lectura":"2 minutos"},"schema":{"@context":"https:\/\/schema.org","@graph":[{"@type":"Article","@id":"https:\/\/canal7slp.tv\/2025\/mas-de-37-mil-toneladas-de-basura-se-acumularon-en-la-capital\/#article","isPartOf":{"@id":"https:\/\/canal7slp.tv\/2025\/mas-de-37-mil-toneladas-de-basura-se-acumularon-en-la-capital\/"},"author":{"name":"Edici\u00f3n Web","@id":"https:\/\/canal7slp.tv\/2025\/#\/schema\/person\/271e2b60a96e7cc9d9ac296f4d7e414b"},"headline":"M\u00e1s de 37 mil toneladas de basura se acumularon en la capital","datePublished":"2025-01-04T01:00:50+00:00","dateModified":"2025-01-04T03:46:51+00:00","mainEntityOfPage":{"@id":"https:\/\/canal7slp.tv\/2025\/mas-de-37-mil-toneladas-de-basura-se-acumularon-en-la-capital\/"},"wordCount":287,"publisher":{"@id":"https:\/\/canal7slp.tv\/2025\/#organization"},"image":{"@id":"https:\/\/canal7slp.tv\/2025\/mas-de-37-mil-toneladas-de-basura-se-acumularon-en-la-capital\/#primaryimage"},"thumbnailUrl":"https:\/\/canal7slp.tv\/2025\/wp-content\/uploads\/2025\/01\/Poky04BasuraPapeleras.jpg","articleSection":["AYOSLP","DESTACADAS","LOCALES Y REGIONALES"],"inLanguage":"es"},{"@type":"WebPage","@id":"https:\/\/canal7slp.tv\/2025\/mas-de-37-mil-toneladas-de-basura-se-acumularon-en-la-capital\/","url":"https:\/\/canal7slp.tv\/2025\/mas-de-37-mil-toneladas-de-basura-se-acumularon-en-la-capital\/","name":"M\u00e1s de 37 mil toneladas de basura se acumularon en la capital - Canal 7 SLP - 2025","isPartOf":{"@id":"https:\/\/canal7slp.tv\/2025\/#website"},"primaryImageOfPage":{"@id":"https:\/\/canal7slp.tv\/2025\/mas-de-37-mil-toneladas-de-basura-se-acumularon-en-la-capital\/#primaryimage"},"image":{"@id":"https:\/\/canal7slp.tv\/2025\/mas-de-37-mil-toneladas-de-basura-se-acumularon-en-la-capital\/#primaryimage"},"thumbnailUrl":"https:\/\/canal7slp.tv\/2025\/wp-content\/uploads\/2025\/01\/Poky04BasuraPapeleras.jpg","datePublished":"2025-01-04T01:00:50+00:00","dateModified":"2025-01-04T03:46:51+00:00","breadcrumb":{"@id":"https:\/\/canal7slp.tv\/2025\/mas-de-37-mil-toneladas-de-basura-se-acumularon-en-la-capital\/#breadcrumb"},"inLanguage":"es","potentialAction":[{"@type":"ReadAction","target":["https:\/\/canal7slp.tv\/2025\/mas-de-37-mil-toneladas-de-basura-se-acumularon-en-la-capital\/"]}]},{"@type":"ImageObject","inLanguage":"es","@id":"https:\/\/canal7slp.tv\/2025\/mas-de-37-mil-toneladas-de-basura-se-acumularon-en-la-capital\/#primaryimage","url":"https:\/\/canal7slp.tv\/2025\/wp-content\/uploads\/2025\/01\/Poky04BasuraPapeleras.jpg","contentUrl":"https:\/\/canal7slp.tv\/2025\/wp-content\/uploads\/2025\/01\/Poky04BasuraPapeleras.jpg","width":1280,"height":720},{"@type":"BreadcrumbList","@id":"https:\/\/canal7slp.tv\/2025\/mas-de-37-mil-toneladas-de-basura-se-acumularon-en-la-capital\/#breadcrumb","itemListElement":[{"@type":"ListItem","position":1,"name":"Portada","item":"https:\/\/canal7slp.tv\/2025\/"},{"@type":"ListItem","position":2,"name":"M\u00e1s de 37 mil toneladas de basura se acumularon en la capital"}]},{"@type":"WebSite","@id":"https:\/\/canal7slp.tv\/2025\/#website","url":"https:\/\/canal7slp.tv\/2025\/","name":"N7 - Noticieros Canal 7","description":"Somos el Medio","publisher":{"@id":"https:\/\/canal7slp.tv\/2025\/#organization"},"potentialAction":[{"@type":"SearchAction","target":{"@type":"EntryPoint","urlTemplate":"https:\/\/canal7slp.tv\/2025\/?s={search_term_string}"},"query-input":{"@type":"PropertyValueSpecification","valueRequired":true,"valueName":"search_term_string"}}],"inLanguage":"es"},{"@type":"Organization","@id":"https:\/\/canal7slp.tv\/2025\/#organization","name":"Noticieros Canal 7","url":"https:\/\/canal7slp.tv\/2025\/","logo":{"@type":"ImageObject","inLanguage":"es","@id":"https:\/\/canal7slp.tv\/2025\/#\/schema\/logo\/image\/","url":"https:\/\/canal7slp.tv\/2025\/wp-content\/uploads\/2021\/01\/logo-noticieros@2x.png","contentUrl":"https:\/\/canal7slp.tv\/2025\/wp-content\/uploads\/2021\/01\/logo-noticieros@2x.png","width":1017,"height":268,"caption":"Noticieros Canal 7"},"image":{"@id":"https:\/\/canal7slp.tv\/2025\/#\/schema\/logo\/image\/"},"sameAs":["https:\/\/www.facebook.com\/noticieroscanal7atencionciudadana\/","https:\/\/x.com\/NOTICIEROS7","https:\/\/www.instagram.com\/canal7_slp","https:\/\/www.youtube.com\/channel\/UCliiYs-gP3JfJeqdPrNdd5A"]},{"@type":"Person","@id":"https:\/\/canal7slp.tv\/2025\/#\/schema\/person\/271e2b60a96e7cc9d9ac296f4d7e414b","name":"Edici\u00f3n Web","image":{"@type":"ImageObject","inLanguage":"es","@id":"https:\/\/secure.gravatar.com\/avatar\/eee448fc3f7164808013b816ba91ac7e43bbe82a70bebac296f8bc6f0addaa1a?s=96&d=mm&r=g","url":"https:\/\/secure.gravatar.com\/avatar\/eee448fc3f7164808013b816ba91ac7e43bbe82a70bebac296f8bc6f0addaa1a?s=96&d=mm&r=g","contentUrl":"https:\/\/secure.gravatar.com\/avatar\/eee448fc3f7164808013b816ba91ac7e43bbe82a70bebac296f8bc6f0addaa1a?s=96&d=mm&r=g","caption":"Edici\u00f3n Web"},"url":"https:\/\/canal7slp.tv\/2025\/author\/edicionweb\/"}]}},"_links":{"self":[{"href":"https:\/\/canal7slp.tv\/2025\/wp-json\/wp\/v2\/posts\/153361","targetHints":{"allow":["GET"]}}],"collection":[{"href":"https:\/\/canal7slp.tv\/2025\/wp-json\/wp\/v2\/posts"}],"about":[{"href":"https:\/\/canal7slp.tv\/2025\/wp-json\/wp\/v2\/types\/post"}],"author":[{"embeddable":true,"href":"https:\/\/canal7slp.tv\/2025\/wp-json\/wp\/v2\/users\/2"}],"replies":[{"embeddable":true,"href":"https:\/\/canal7slp.tv\/2025\/wp-json\/wp\/v2\/comments?post=153361"}],"version-history":[{"count":2,"href":"https:\/\/canal7slp.tv\/2025\/wp-json\/wp\/v2\/posts\/153361\/revisions"}],"predecessor-version":[{"id":153384,"href":"https:\/\/canal7slp.tv\/2025\/wp-json\/wp\/v2\/posts\/153361\/revisions\/153384"}],"wp:featuredmedia":[{"embeddable":true,"href":"https:\/\/canal7slp.tv\/2025\/wp-json\/wp\/v2\/media\/153383"}],"wp:attachment":[{"href":"https:\/\/canal7slp.tv\/2025\/wp-json\/wp\/v2\/media?parent=153361"}],"wp:term":[{"taxonomy":"category","embeddable":true,"href":"https:\/\/canal7slp.tv\/2025\/wp-json\/wp\/v2\/categories?post=153361"},{"taxonomy":"post_tag","embeddable":true,"href":"https:\/\/canal7slp.tv\/2025\/wp-json\/wp\/v2\/tags?post=153361"}],"curies":[{"name":"wp","href":"https:\/\/api.w.org\/{rel}","templated":true}]}}