{"id":153352,"date":"2025-01-03T17:30:04","date_gmt":"2025-01-03T23:30:04","guid":{"rendered":"https:\/\/canal7slp.tv\/2025\/?p=153352"},"modified":"2025-01-03T21:46:21","modified_gmt":"2025-01-04T03:46:21","slug":"dia-de-talacha-y-entrega-de-obras-en-el-saucito","status":"publish","type":"post","link":"https:\/\/canal7slp.tv\/2025\/dia-de-talacha-y-entrega-de-obras-en-el-saucito\/","title":{"rendered":"D\u00eda de Talacha y entrega de obras en el Saucito"},"content":{"rendered":"<p style=\"text-align: justify;\"><span style=\"font-size: 1.21429rem;\">SLP.- El barrio del Saucito recibi\u00f3 a las autoridades del Ayuntamiento de San Luis Potos\u00ed para la ejecuci\u00f3n de un D\u00eda de Talacha, programa que busca mejorar el entorno de la capital.<\/span><\/p>\n<p style=\"text-align: justify;\">El director de Servicios Municipales, Christian Azuara Azuara, habl\u00f3 sobre el D\u00eda de Talacha n\u00famero 88 realizado en las inmediaciones de Privada San Pedro.<\/p>\n<p style=\"text-align: justify;\">\u201cLos Domingos de Pilas y D\u00edas de Talacha nos han servido para poder recorrer las calles, para poder conocer las necesidades de cada uno (\u2026) hay que entrarle a la mayor\u00eda de las \u00e1reas, al alumbrado y al tema de parques y jardines y dem\u00e1s, es por ello que nos encontramos aqu\u00ed en punta de pie en calle, para seguir conociendo las necesidades de los vecinos, el poderlos escuchar y ver qu\u00e9 m\u00e1s se puede resolver en ello\u201d.<\/p>\n<p style=\"text-align: justify;\">Se entreg\u00f3 una obra de mejora en una extensi\u00f3n de mil 300 metros cuadrados en la Privada San Pedro y el director de Obras P\u00fablicas, Eustorgio Ch\u00e1vez Garza, dio las especificaciones de las acciones hechas.<\/p>\n<p style=\"text-align: justify;\">\u201cEn esta obra se instalaron 290 metros lineales de red de drenaje sanitario, 40 descargas sanitarias, se construyeron 470 metros lineales de guarnici\u00f3n de concreto y 400 metros cuadrados de banqueta, se trabaj\u00f3 una nueva estructura en pavimento en mil 300 metro cuadrados y posterior a ello se colocaron mil 300 metros cuadrados de nueva carpeta asf\u00e1ltica de cinco cent\u00edmetros de espesor, se aplicaron 470 metro lineales de pintura en guarnici\u00f3n , se pint\u00f3 un paso peatonal y se colocaron dos se\u00f1alamientos verticales\u201d.<\/p>\n<p style=\"text-align: justify;\">Te\u00f3fila Morales Delgado, beneficiaria de la zona dio las gracias.<\/p>\n<p style=\"text-align: justify;\">\u201cEs un gusto estar siempre recibiendo estas obras a beneficio de todos los colonos que son los m\u00e1s beneficiarios; decir que un D\u00eda de Talacha es un trabajo importante (\u2026) la autoridad sola no puede, tenemos que sumarnos nosotros para que nuestra colonia, nuestras calle siempre est\u00e9n mejor\u201d.<\/p>\n<p style=\"text-align: justify;\">Por: Juan Carlos Contreras<\/p>\n","protected":false},"excerpt":{"rendered":"<p>SLP.- El barrio del Saucito recibi\u00f3 a las autoridades del Ayuntamiento de San Luis Potos\u00ed para la ejecuci\u00f3n de un D\u00eda de Talacha, programa que busca mejorar el entorno de la capital. El director de Servicios Municipales, Christian Azuara Azuara, habl\u00f3 sobre el D\u00eda de Talacha n\u00famero 88 realizado en las inmediaciones de Privada San Pedro. \u201cLos Domingos de Pilas y D\u00edas de Talacha nos han servido para poder recorrer las calles, para poder conocer las necesidades de cada uno (\u2026) hay que entrarle a la mayor\u00eda de las \u00e1reas, al alumbrado y al tema de parques y jardines y [&hellip;]<\/p>\n","protected":false},"author":2,"featured_media":153374,"comment_status":"closed","ping_status":"closed","sticky":false,"template":"","format":"video","meta":{"_monsterinsights_skip_tracking":false,"_monsterinsights_sitenote_active":false,"_monsterinsights_sitenote_note":"","_monsterinsights_sitenote_category":0,"footnotes":""},"categories":[512,5,45],"tags":[],"class_list":["post-153352","post","type-post","status-publish","format-video","has-post-thumbnail","hentry","category-ayosgs","category-destacadas","category-localesyregionales","post_format-post-format-video","post--single"],"yoast_head":"<!-- This site is optimized with the Yoast SEO plugin v27.5 - https:\/\/yoast.com\/product\/yoast-seo-wordpress\/ -->\n<title>D\u00eda de Talacha y entrega de obras en el Saucito - Canal 7 SLP - 2025<\/title>\n<meta name=\"robots\" content=\"index, follow, max-snippet:-1, max-image-preview:large, max-video-preview:-1\" \/>\n<link rel=\"canonical\" href=\"https:\/\/canal7slp.tv\/2025\/dia-de-talacha-y-entrega-de-obras-en-el-saucito\/\" \/>\n<meta property=\"og:locale\" content=\"es_ES\" \/>\n<meta property=\"og:type\" content=\"article\" \/>\n<meta property=\"og:title\" content=\"D\u00eda de Talacha y entrega de obras en el Saucito - Canal 7 SLP - 2025\" \/>\n<meta property=\"og:description\" content=\"SLP.- El barrio del Saucito recibi\u00f3 a las autoridades del Ayuntamiento de San Luis Potos\u00ed para la ejecuci\u00f3n de un D\u00eda de Talacha, programa que busca mejorar el entorno de la capital. El director de Servicios Municipales, Christian Azuara Azuara, habl\u00f3 sobre el D\u00eda de Talacha n\u00famero 88 realizado en las inmediaciones de Privada San Pedro. \u201cLos Domingos de Pilas y D\u00edas de Talacha nos han servido para poder recorrer las calles, para poder conocer las necesidades de cada uno (\u2026) hay que entrarle a la mayor\u00eda de las \u00e1reas, al alumbrado y al tema de parques y jardines y [&hellip;]\" \/>\n<meta property=\"og:url\" content=\"https:\/\/canal7slp.tv\/2025\/dia-de-talacha-y-entrega-de-obras-en-el-saucito\/\" \/>\n<meta property=\"og:site_name\" content=\"Canal 7 SLP - 2025\" \/>\n<meta property=\"article:publisher\" content=\"https:\/\/www.facebook.com\/noticieroscanal7atencionciudadana\/\" \/>\n<meta property=\"article:published_time\" content=\"2025-01-03T23:30:04+00:00\" \/>\n<meta property=\"article:modified_time\" content=\"2025-01-04T03:46:21+00:00\" \/>\n<meta property=\"og:image\" content=\"https:\/\/canal7slp.tv\/2025\/wp-content\/uploads\/2025\/01\/Poky01TalachaObra.jpg\" \/>\n\t<meta property=\"og:image:width\" content=\"1280\" \/>\n\t<meta property=\"og:image:height\" content=\"720\" \/>\n\t<meta property=\"og:image:type\" content=\"image\/jpeg\" \/>\n<meta name=\"author\" content=\"Edici\u00f3n Web\" \/>\n<meta name=\"twitter:card\" content=\"summary_large_image\" \/>\n<meta name=\"twitter:creator\" content=\"@NOTICIEROS7\" \/>\n<meta name=\"twitter:site\" content=\"@NOTICIEROS7\" \/>\n<meta name=\"twitter:label1\" content=\"Escrito por\" \/>\n\t<meta name=\"twitter:data1\" content=\"Edici\u00f3n Web\" \/>\n\t<meta name=\"twitter:label2\" content=\"Tiempo de lectura\" \/>\n\t<meta name=\"twitter:data2\" content=\"2 minutos\" \/>\n<script type=\"application\/ld+json\" class=\"yoast-schema-graph\">{\"@context\":\"https:\\\/\\\/schema.org\",\"@graph\":[{\"@type\":\"Article\",\"@id\":\"https:\\\/\\\/canal7slp.tv\\\/2025\\\/dia-de-talacha-y-entrega-de-obras-en-el-saucito\\\/#article\",\"isPartOf\":{\"@id\":\"https:\\\/\\\/canal7slp.tv\\\/2025\\\/dia-de-talacha-y-entrega-de-obras-en-el-saucito\\\/\"},\"author\":{\"name\":\"Edici\u00f3n Web\",\"@id\":\"https:\\\/\\\/canal7slp.tv\\\/2025\\\/#\\\/schema\\\/person\\\/271e2b60a96e7cc9d9ac296f4d7e414b\"},\"headline\":\"D\u00eda de Talacha y entrega de obras en el Saucito\",\"datePublished\":\"2025-01-03T23:30:04+00:00\",\"dateModified\":\"2025-01-04T03:46:21+00:00\",\"mainEntityOfPage\":{\"@id\":\"https:\\\/\\\/canal7slp.tv\\\/2025\\\/dia-de-talacha-y-entrega-de-obras-en-el-saucito\\\/\"},\"wordCount\":334,\"publisher\":{\"@id\":\"https:\\\/\\\/canal7slp.tv\\\/2025\\\/#organization\"},\"image\":{\"@id\":\"https:\\\/\\\/canal7slp.tv\\\/2025\\\/dia-de-talacha-y-entrega-de-obras-en-el-saucito\\\/#primaryimage\"},\"thumbnailUrl\":\"https:\\\/\\\/canal7slp.tv\\\/2025\\\/wp-content\\\/uploads\\\/2025\\\/01\\\/Poky01TalachaObra.jpg\",\"articleSection\":[\"AYOSGS\",\"DESTACADAS\",\"LOCALES Y REGIONALES\"],\"inLanguage\":\"es\"},{\"@type\":\"WebPage\",\"@id\":\"https:\\\/\\\/canal7slp.tv\\\/2025\\\/dia-de-talacha-y-entrega-de-obras-en-el-saucito\\\/\",\"url\":\"https:\\\/\\\/canal7slp.tv\\\/2025\\\/dia-de-talacha-y-entrega-de-obras-en-el-saucito\\\/\",\"name\":\"D\u00eda de Talacha y entrega de obras en el Saucito - Canal 7 SLP - 2025\",\"isPartOf\":{\"@id\":\"https:\\\/\\\/canal7slp.tv\\\/2025\\\/#website\"},\"primaryImageOfPage\":{\"@id\":\"https:\\\/\\\/canal7slp.tv\\\/2025\\\/dia-de-talacha-y-entrega-de-obras-en-el-saucito\\\/#primaryimage\"},\"image\":{\"@id\":\"https:\\\/\\\/canal7slp.tv\\\/2025\\\/dia-de-talacha-y-entrega-de-obras-en-el-saucito\\\/#primaryimage\"},\"thumbnailUrl\":\"https:\\\/\\\/canal7slp.tv\\\/2025\\\/wp-content\\\/uploads\\\/2025\\\/01\\\/Poky01TalachaObra.jpg\",\"datePublished\":\"2025-01-03T23:30:04+00:00\",\"dateModified\":\"2025-01-04T03:46:21+00:00\",\"breadcrumb\":{\"@id\":\"https:\\\/\\\/canal7slp.tv\\\/2025\\\/dia-de-talacha-y-entrega-de-obras-en-el-saucito\\\/#breadcrumb\"},\"inLanguage\":\"es\",\"potentialAction\":[{\"@type\":\"ReadAction\",\"target\":[\"https:\\\/\\\/canal7slp.tv\\\/2025\\\/dia-de-talacha-y-entrega-de-obras-en-el-saucito\\\/\"]}]},{\"@type\":\"ImageObject\",\"inLanguage\":\"es\",\"@id\":\"https:\\\/\\\/canal7slp.tv\\\/2025\\\/dia-de-talacha-y-entrega-de-obras-en-el-saucito\\\/#primaryimage\",\"url\":\"https:\\\/\\\/canal7slp.tv\\\/2025\\\/wp-content\\\/uploads\\\/2025\\\/01\\\/Poky01TalachaObra.jpg\",\"contentUrl\":\"https:\\\/\\\/canal7slp.tv\\\/2025\\\/wp-content\\\/uploads\\\/2025\\\/01\\\/Poky01TalachaObra.jpg\",\"width\":1280,\"height\":720},{\"@type\":\"BreadcrumbList\",\"@id\":\"https:\\\/\\\/canal7slp.tv\\\/2025\\\/dia-de-talacha-y-entrega-de-obras-en-el-saucito\\\/#breadcrumb\",\"itemListElement\":[{\"@type\":\"ListItem\",\"position\":1,\"name\":\"Portada\",\"item\":\"https:\\\/\\\/canal7slp.tv\\\/2025\\\/\"},{\"@type\":\"ListItem\",\"position\":2,\"name\":\"D\u00eda de Talacha y entrega de obras en el Saucito\"}]},{\"@type\":\"WebSite\",\"@id\":\"https:\\\/\\\/canal7slp.tv\\\/2025\\\/#website\",\"url\":\"https:\\\/\\\/canal7slp.tv\\\/2025\\\/\",\"name\":\"N7 - Noticieros Canal 7\",\"description\":\"Somos el Medio\",\"publisher\":{\"@id\":\"https:\\\/\\\/canal7slp.tv\\\/2025\\\/#organization\"},\"potentialAction\":[{\"@type\":\"SearchAction\",\"target\":{\"@type\":\"EntryPoint\",\"urlTemplate\":\"https:\\\/\\\/canal7slp.tv\\\/2025\\\/?s={search_term_string}\"},\"query-input\":{\"@type\":\"PropertyValueSpecification\",\"valueRequired\":true,\"valueName\":\"search_term_string\"}}],\"inLanguage\":\"es\"},{\"@type\":\"Organization\",\"@id\":\"https:\\\/\\\/canal7slp.tv\\\/2025\\\/#organization\",\"name\":\"Noticieros Canal 7\",\"url\":\"https:\\\/\\\/canal7slp.tv\\\/2025\\\/\",\"logo\":{\"@type\":\"ImageObject\",\"inLanguage\":\"es\",\"@id\":\"https:\\\/\\\/canal7slp.tv\\\/2025\\\/#\\\/schema\\\/logo\\\/image\\\/\",\"url\":\"https:\\\/\\\/canal7slp.tv\\\/2025\\\/wp-content\\\/uploads\\\/2021\\\/01\\\/logo-noticieros@2x.png\",\"contentUrl\":\"https:\\\/\\\/canal7slp.tv\\\/2025\\\/wp-content\\\/uploads\\\/2021\\\/01\\\/logo-noticieros@2x.png\",\"width\":1017,\"height\":268,\"caption\":\"Noticieros Canal 7\"},\"image\":{\"@id\":\"https:\\\/\\\/canal7slp.tv\\\/2025\\\/#\\\/schema\\\/logo\\\/image\\\/\"},\"sameAs\":[\"https:\\\/\\\/www.facebook.com\\\/noticieroscanal7atencionciudadana\\\/\",\"https:\\\/\\\/x.com\\\/NOTICIEROS7\",\"https:\\\/\\\/www.instagram.com\\\/canal7_slp\",\"https:\\\/\\\/www.youtube.com\\\/channel\\\/UCliiYs-gP3JfJeqdPrNdd5A\"]},{\"@type\":\"Person\",\"@id\":\"https:\\\/\\\/canal7slp.tv\\\/2025\\\/#\\\/schema\\\/person\\\/271e2b60a96e7cc9d9ac296f4d7e414b\",\"name\":\"Edici\u00f3n Web\",\"image\":{\"@type\":\"ImageObject\",\"inLanguage\":\"es\",\"@id\":\"https:\\\/\\\/secure.gravatar.com\\\/avatar\\\/eee448fc3f7164808013b816ba91ac7e43bbe82a70bebac296f8bc6f0addaa1a?s=96&d=mm&r=g\",\"url\":\"https:\\\/\\\/secure.gravatar.com\\\/avatar\\\/eee448fc3f7164808013b816ba91ac7e43bbe82a70bebac296f8bc6f0addaa1a?s=96&d=mm&r=g\",\"contentUrl\":\"https:\\\/\\\/secure.gravatar.com\\\/avatar\\\/eee448fc3f7164808013b816ba91ac7e43bbe82a70bebac296f8bc6f0addaa1a?s=96&d=mm&r=g\",\"caption\":\"Edici\u00f3n Web\"},\"url\":\"https:\\\/\\\/canal7slp.tv\\\/2025\\\/author\\\/edicionweb\\\/\"}]}<\/script>\n<!-- \/ Yoast SEO plugin. -->","yoast_head_json":{"title":"D\u00eda de Talacha y entrega de obras en el Saucito - Canal 7 SLP - 2025","robots":{"index":"index","follow":"follow","max-snippet":"max-snippet:-1","max-image-preview":"max-image-preview:large","max-video-preview":"max-video-preview:-1"},"canonical":"https:\/\/canal7slp.tv\/2025\/dia-de-talacha-y-entrega-de-obras-en-el-saucito\/","og_locale":"es_ES","og_type":"article","og_title":"D\u00eda de Talacha y entrega de obras en el Saucito - Canal 7 SLP - 2025","og_description":"SLP.- El barrio del Saucito recibi\u00f3 a las autoridades del Ayuntamiento de San Luis Potos\u00ed para la ejecuci\u00f3n de un D\u00eda de Talacha, programa que busca mejorar el entorno de la capital. El director de Servicios Municipales, Christian Azuara Azuara, habl\u00f3 sobre el D\u00eda de Talacha n\u00famero 88 realizado en las inmediaciones de Privada San Pedro. \u201cLos Domingos de Pilas y D\u00edas de Talacha nos han servido para poder recorrer las calles, para poder conocer las necesidades de cada uno (\u2026) hay que entrarle a la mayor\u00eda de las \u00e1reas, al alumbrado y al tema de parques y jardines y [&hellip;]","og_url":"https:\/\/canal7slp.tv\/2025\/dia-de-talacha-y-entrega-de-obras-en-el-saucito\/","og_site_name":"Canal 7 SLP - 2025","article_publisher":"https:\/\/www.facebook.com\/noticieroscanal7atencionciudadana\/","article_published_time":"2025-01-03T23:30:04+00:00","article_modified_time":"2025-01-04T03:46:21+00:00","og_image":[{"width":1280,"height":720,"url":"https:\/\/canal7slp.tv\/2025\/wp-content\/uploads\/2025\/01\/Poky01TalachaObra.jpg","type":"image\/jpeg"}],"author":"Edici\u00f3n Web","twitter_card":"summary_large_image","twitter_creator":"@NOTICIEROS7","twitter_site":"@NOTICIEROS7","twitter_misc":{"Escrito por":"Edici\u00f3n Web","Tiempo de lectura":"2 minutos"},"schema":{"@context":"https:\/\/schema.org","@graph":[{"@type":"Article","@id":"https:\/\/canal7slp.tv\/2025\/dia-de-talacha-y-entrega-de-obras-en-el-saucito\/#article","isPartOf":{"@id":"https:\/\/canal7slp.tv\/2025\/dia-de-talacha-y-entrega-de-obras-en-el-saucito\/"},"author":{"name":"Edici\u00f3n Web","@id":"https:\/\/canal7slp.tv\/2025\/#\/schema\/person\/271e2b60a96e7cc9d9ac296f4d7e414b"},"headline":"D\u00eda de Talacha y entrega de obras en el Saucito","datePublished":"2025-01-03T23:30:04+00:00","dateModified":"2025-01-04T03:46:21+00:00","mainEntityOfPage":{"@id":"https:\/\/canal7slp.tv\/2025\/dia-de-talacha-y-entrega-de-obras-en-el-saucito\/"},"wordCount":334,"publisher":{"@id":"https:\/\/canal7slp.tv\/2025\/#organization"},"image":{"@id":"https:\/\/canal7slp.tv\/2025\/dia-de-talacha-y-entrega-de-obras-en-el-saucito\/#primaryimage"},"thumbnailUrl":"https:\/\/canal7slp.tv\/2025\/wp-content\/uploads\/2025\/01\/Poky01TalachaObra.jpg","articleSection":["AYOSGS","DESTACADAS","LOCALES Y REGIONALES"],"inLanguage":"es"},{"@type":"WebPage","@id":"https:\/\/canal7slp.tv\/2025\/dia-de-talacha-y-entrega-de-obras-en-el-saucito\/","url":"https:\/\/canal7slp.tv\/2025\/dia-de-talacha-y-entrega-de-obras-en-el-saucito\/","name":"D\u00eda de Talacha y entrega de obras en el Saucito - Canal 7 SLP - 2025","isPartOf":{"@id":"https:\/\/canal7slp.tv\/2025\/#website"},"primaryImageOfPage":{"@id":"https:\/\/canal7slp.tv\/2025\/dia-de-talacha-y-entrega-de-obras-en-el-saucito\/#primaryimage"},"image":{"@id":"https:\/\/canal7slp.tv\/2025\/dia-de-talacha-y-entrega-de-obras-en-el-saucito\/#primaryimage"},"thumbnailUrl":"https:\/\/canal7slp.tv\/2025\/wp-content\/uploads\/2025\/01\/Poky01TalachaObra.jpg","datePublished":"2025-01-03T23:30:04+00:00","dateModified":"2025-01-04T03:46:21+00:00","breadcrumb":{"@id":"https:\/\/canal7slp.tv\/2025\/dia-de-talacha-y-entrega-de-obras-en-el-saucito\/#breadcrumb"},"inLanguage":"es","potentialAction":[{"@type":"ReadAction","target":["https:\/\/canal7slp.tv\/2025\/dia-de-talacha-y-entrega-de-obras-en-el-saucito\/"]}]},{"@type":"ImageObject","inLanguage":"es","@id":"https:\/\/canal7slp.tv\/2025\/dia-de-talacha-y-entrega-de-obras-en-el-saucito\/#primaryimage","url":"https:\/\/canal7slp.tv\/2025\/wp-content\/uploads\/2025\/01\/Poky01TalachaObra.jpg","contentUrl":"https:\/\/canal7slp.tv\/2025\/wp-content\/uploads\/2025\/01\/Poky01TalachaObra.jpg","width":1280,"height":720},{"@type":"BreadcrumbList","@id":"https:\/\/canal7slp.tv\/2025\/dia-de-talacha-y-entrega-de-obras-en-el-saucito\/#breadcrumb","itemListElement":[{"@type":"ListItem","position":1,"name":"Portada","item":"https:\/\/canal7slp.tv\/2025\/"},{"@type":"ListItem","position":2,"name":"D\u00eda de Talacha y entrega de obras en el Saucito"}]},{"@type":"WebSite","@id":"https:\/\/canal7slp.tv\/2025\/#website","url":"https:\/\/canal7slp.tv\/2025\/","name":"N7 - Noticieros Canal 7","description":"Somos el Medio","publisher":{"@id":"https:\/\/canal7slp.tv\/2025\/#organization"},"potentialAction":[{"@type":"SearchAction","target":{"@type":"EntryPoint","urlTemplate":"https:\/\/canal7slp.tv\/2025\/?s={search_term_string}"},"query-input":{"@type":"PropertyValueSpecification","valueRequired":true,"valueName":"search_term_string"}}],"inLanguage":"es"},{"@type":"Organization","@id":"https:\/\/canal7slp.tv\/2025\/#organization","name":"Noticieros Canal 7","url":"https:\/\/canal7slp.tv\/2025\/","logo":{"@type":"ImageObject","inLanguage":"es","@id":"https:\/\/canal7slp.tv\/2025\/#\/schema\/logo\/image\/","url":"https:\/\/canal7slp.tv\/2025\/wp-content\/uploads\/2021\/01\/logo-noticieros@2x.png","contentUrl":"https:\/\/canal7slp.tv\/2025\/wp-content\/uploads\/2021\/01\/logo-noticieros@2x.png","width":1017,"height":268,"caption":"Noticieros Canal 7"},"image":{"@id":"https:\/\/canal7slp.tv\/2025\/#\/schema\/logo\/image\/"},"sameAs":["https:\/\/www.facebook.com\/noticieroscanal7atencionciudadana\/","https:\/\/x.com\/NOTICIEROS7","https:\/\/www.instagram.com\/canal7_slp","https:\/\/www.youtube.com\/channel\/UCliiYs-gP3JfJeqdPrNdd5A"]},{"@type":"Person","@id":"https:\/\/canal7slp.tv\/2025\/#\/schema\/person\/271e2b60a96e7cc9d9ac296f4d7e414b","name":"Edici\u00f3n Web","image":{"@type":"ImageObject","inLanguage":"es","@id":"https:\/\/secure.gravatar.com\/avatar\/eee448fc3f7164808013b816ba91ac7e43bbe82a70bebac296f8bc6f0addaa1a?s=96&d=mm&r=g","url":"https:\/\/secure.gravatar.com\/avatar\/eee448fc3f7164808013b816ba91ac7e43bbe82a70bebac296f8bc6f0addaa1a?s=96&d=mm&r=g","contentUrl":"https:\/\/secure.gravatar.com\/avatar\/eee448fc3f7164808013b816ba91ac7e43bbe82a70bebac296f8bc6f0addaa1a?s=96&d=mm&r=g","caption":"Edici\u00f3n Web"},"url":"https:\/\/canal7slp.tv\/2025\/author\/edicionweb\/"}]}},"_links":{"self":[{"href":"https:\/\/canal7slp.tv\/2025\/wp-json\/wp\/v2\/posts\/153352","targetHints":{"allow":["GET"]}}],"collection":[{"href":"https:\/\/canal7slp.tv\/2025\/wp-json\/wp\/v2\/posts"}],"about":[{"href":"https:\/\/canal7slp.tv\/2025\/wp-json\/wp\/v2\/types\/post"}],"author":[{"embeddable":true,"href":"https:\/\/canal7slp.tv\/2025\/wp-json\/wp\/v2\/users\/2"}],"replies":[{"embeddable":true,"href":"https:\/\/canal7slp.tv\/2025\/wp-json\/wp\/v2\/comments?post=153352"}],"version-history":[{"count":2,"href":"https:\/\/canal7slp.tv\/2025\/wp-json\/wp\/v2\/posts\/153352\/revisions"}],"predecessor-version":[{"id":153375,"href":"https:\/\/canal7slp.tv\/2025\/wp-json\/wp\/v2\/posts\/153352\/revisions\/153375"}],"wp:featuredmedia":[{"embeddable":true,"href":"https:\/\/canal7slp.tv\/2025\/wp-json\/wp\/v2\/media\/153374"}],"wp:attachment":[{"href":"https:\/\/canal7slp.tv\/2025\/wp-json\/wp\/v2\/media?parent=153352"}],"wp:term":[{"taxonomy":"category","embeddable":true,"href":"https:\/\/canal7slp.tv\/2025\/wp-json\/wp\/v2\/categories?post=153352"},{"taxonomy":"post_tag","embeddable":true,"href":"https:\/\/canal7slp.tv\/2025\/wp-json\/wp\/v2\/tags?post=153352"}],"curies":[{"name":"wp","href":"https:\/\/api.w.org\/{rel}","templated":true}]}}