{"id":153281,"date":"2025-01-02T16:58:44","date_gmt":"2025-01-02T22:58:44","guid":{"rendered":"https:\/\/canal7slp.tv\/2025\/?p=153281"},"modified":"2025-01-02T16:58:44","modified_gmt":"2025-01-02T22:58:44","slug":"arranca-proceso-electoral-judicial-en-slp","status":"publish","type":"post","link":"https:\/\/canal7slp.tv\/2025\/arranca-proceso-electoral-judicial-en-slp\/","title":{"rendered":"Arranca proceso electoral Judicial en SLP"},"content":{"rendered":"<p style=\"text-align: justify;\"><span style=\"font-size: 1.21429rem;\">SLP.- Comenz\u00f3 de manera formal el proceso electoral extraordinario con motivo de la elecci\u00f3n de personas juzgadoras del Poder Judicial del Estado de San Luis Potos\u00ed, esto se dio durante sesi\u00f3n del Consejo Estatal Electoral y de Participaci\u00f3n Ciudadana local.<\/span><\/p>\n<p style=\"text-align: justify;\">\u201cReunidos en sesi\u00f3n extraordinaria solemne en mi car\u00e1cter de consejera presidente siendo las 13 horas con 15 minutos del d\u00eda dos de enero del a\u00f1o 2025 se declara formalmente la instalaci\u00f3n del consejo general del Consejo Estatal Electoral y de Participaci\u00f3n Ciudadana, para la elecci\u00f3n extraordinaria de las personas juzgadoras del Poder Judicial del Estado\u201d.<\/p>\n<p style=\"text-align: justify;\">A su vez, la consejera presidenta, Paloma Blanco, dio su perspectiva sobre la elecci\u00f3n.<\/p>\n<p style=\"text-align: justify;\">\u201cSe abre un nueva etapa en la vida democr\u00e1tica de nuestro estado, este evento hist\u00f3rico nos convoca a trabajar con determinaci\u00f3n, responsabilidad y compromiso ya que enfrentamos un desaf\u00edo que marcar\u00e1 un hito en nuestra historia, la elecci\u00f3n de las personas que integrar\u00e1n el Poder Judicial en nuestra entidad\u201d.<\/p>\n<p style=\"text-align: justify;\">La elecci\u00f3n se dar\u00e1 el primero de julio de 2025.<\/p>\n<p style=\"text-align: justify;\">\u201cDe tal manera que el pr\u00f3ximo 1 de junio del 2025, las y los potosinos tendr\u00e1n la posibilidad de elegir a quienes impartir\u00e1n justicia en los juzgados y tribunal\u201d.<\/p>\n<p style=\"text-align: justify;\">Se buscar\u00e1 impactar a los votantes para que conozcan de forma sencilla el proceso.<\/p>\n<p style=\"text-align: justify;\">\u201cLas actividades, mecanismos, v\u00edas y estrategias de difusi\u00f3n y comunicaci\u00f3n ser\u00e1n la pieza esencial que permitan a las y los votantes conocer las particularidades de esta elecci\u00f3n, as\u00ed como los perfiles de quienes aspiran a ser personas magistradas y juzgadores\u201d.<\/p>\n<p style=\"text-align: justify;\">Para culminar, acept\u00f3 que l elecci\u00f3n ser\u00e1 un gran reto para el cual deber\u00e1n fortalecerse a favor de la poblaci\u00f3n.<\/p>\n<p>Por: Juan Carlos Contreras<\/p>\n","protected":false},"excerpt":{"rendered":"<p>SLP.- Comenz\u00f3 de manera formal el proceso electoral extraordinario con motivo de la elecci\u00f3n de personas juzgadoras del Poder Judicial del Estado de San Luis Potos\u00ed, esto se dio durante sesi\u00f3n del Consejo Estatal Electoral y de Participaci\u00f3n Ciudadana local. \u201cReunidos en sesi\u00f3n extraordinaria solemne en mi car\u00e1cter de consejera presidente siendo las 13 horas con 15 minutos del d\u00eda dos de enero del a\u00f1o 2025 se declara formalmente la instalaci\u00f3n del consejo general del Consejo Estatal Electoral y de Participaci\u00f3n Ciudadana, para la elecci\u00f3n extraordinaria de las personas juzgadoras del Poder Judicial del Estado\u201d. A su vez, la consejera [&hellip;]<\/p>\n","protected":false},"author":2,"featured_media":153288,"comment_status":"closed","ping_status":"closed","sticky":false,"template":"","format":"video","meta":{"_monsterinsights_skip_tracking":false,"_monsterinsights_sitenote_active":false,"_monsterinsights_sitenote_note":"","_monsterinsights_sitenote_category":0,"footnotes":""},"categories":[5,45],"tags":[],"class_list":["post-153281","post","type-post","status-publish","format-video","has-post-thumbnail","hentry","category-destacadas","category-localesyregionales","post_format-post-format-video","post--single"],"yoast_head":"<!-- This site is optimized with the Yoast SEO plugin v27.5 - https:\/\/yoast.com\/product\/yoast-seo-wordpress\/ -->\n<title>Arranca proceso electoral Judicial en SLP - Canal 7 SLP - 2025<\/title>\n<meta name=\"robots\" content=\"index, follow, max-snippet:-1, max-image-preview:large, max-video-preview:-1\" \/>\n<link rel=\"canonical\" href=\"https:\/\/canal7slp.tv\/2025\/arranca-proceso-electoral-judicial-en-slp\/\" \/>\n<meta property=\"og:locale\" content=\"es_ES\" \/>\n<meta property=\"og:type\" content=\"article\" \/>\n<meta property=\"og:title\" content=\"Arranca proceso electoral Judicial en SLP - Canal 7 SLP - 2025\" \/>\n<meta property=\"og:description\" content=\"SLP.- Comenz\u00f3 de manera formal el proceso electoral extraordinario con motivo de la elecci\u00f3n de personas juzgadoras del Poder Judicial del Estado de San Luis Potos\u00ed, esto se dio durante sesi\u00f3n del Consejo Estatal Electoral y de Participaci\u00f3n Ciudadana local. \u201cReunidos en sesi\u00f3n extraordinaria solemne en mi car\u00e1cter de consejera presidente siendo las 13 horas con 15 minutos del d\u00eda dos de enero del a\u00f1o 2025 se declara formalmente la instalaci\u00f3n del consejo general del Consejo Estatal Electoral y de Participaci\u00f3n Ciudadana, para la elecci\u00f3n extraordinaria de las personas juzgadoras del Poder Judicial del Estado\u201d. A su vez, la consejera [&hellip;]\" \/>\n<meta property=\"og:url\" content=\"https:\/\/canal7slp.tv\/2025\/arranca-proceso-electoral-judicial-en-slp\/\" \/>\n<meta property=\"og:site_name\" content=\"Canal 7 SLP - 2025\" \/>\n<meta property=\"article:publisher\" content=\"https:\/\/www.facebook.com\/noticieroscanal7atencionciudadana\/\" \/>\n<meta property=\"article:published_time\" content=\"2025-01-02T22:58:44+00:00\" \/>\n<meta property=\"og:image\" content=\"https:\/\/canal7slp.tv\/2025\/wp-content\/uploads\/2025\/01\/Poky0CEEPACJuicial.jpg\" \/>\n\t<meta property=\"og:image:width\" content=\"1280\" \/>\n\t<meta property=\"og:image:height\" content=\"720\" \/>\n\t<meta property=\"og:image:type\" content=\"image\/jpeg\" \/>\n<meta name=\"author\" content=\"Edici\u00f3n Web\" \/>\n<meta name=\"twitter:card\" content=\"summary_large_image\" \/>\n<meta name=\"twitter:creator\" content=\"@NOTICIEROS7\" \/>\n<meta name=\"twitter:site\" content=\"@NOTICIEROS7\" \/>\n<meta name=\"twitter:label1\" content=\"Escrito por\" \/>\n\t<meta name=\"twitter:data1\" content=\"Edici\u00f3n Web\" \/>\n\t<meta name=\"twitter:label2\" content=\"Tiempo de lectura\" \/>\n\t<meta name=\"twitter:data2\" content=\"2 minutos\" \/>\n<script type=\"application\/ld+json\" class=\"yoast-schema-graph\">{\"@context\":\"https:\\\/\\\/schema.org\",\"@graph\":[{\"@type\":\"Article\",\"@id\":\"https:\\\/\\\/canal7slp.tv\\\/2025\\\/arranca-proceso-electoral-judicial-en-slp\\\/#article\",\"isPartOf\":{\"@id\":\"https:\\\/\\\/canal7slp.tv\\\/2025\\\/arranca-proceso-electoral-judicial-en-slp\\\/\"},\"author\":{\"name\":\"Edici\u00f3n Web\",\"@id\":\"https:\\\/\\\/canal7slp.tv\\\/2025\\\/#\\\/schema\\\/person\\\/271e2b60a96e7cc9d9ac296f4d7e414b\"},\"headline\":\"Arranca proceso electoral Judicial en SLP\",\"datePublished\":\"2025-01-02T22:58:44+00:00\",\"mainEntityOfPage\":{\"@id\":\"https:\\\/\\\/canal7slp.tv\\\/2025\\\/arranca-proceso-electoral-judicial-en-slp\\\/\"},\"wordCount\":305,\"publisher\":{\"@id\":\"https:\\\/\\\/canal7slp.tv\\\/2025\\\/#organization\"},\"image\":{\"@id\":\"https:\\\/\\\/canal7slp.tv\\\/2025\\\/arranca-proceso-electoral-judicial-en-slp\\\/#primaryimage\"},\"thumbnailUrl\":\"https:\\\/\\\/canal7slp.tv\\\/2025\\\/wp-content\\\/uploads\\\/2025\\\/01\\\/Poky0CEEPACJuicial.jpg\",\"articleSection\":[\"DESTACADAS\",\"LOCALES Y REGIONALES\"],\"inLanguage\":\"es\"},{\"@type\":\"WebPage\",\"@id\":\"https:\\\/\\\/canal7slp.tv\\\/2025\\\/arranca-proceso-electoral-judicial-en-slp\\\/\",\"url\":\"https:\\\/\\\/canal7slp.tv\\\/2025\\\/arranca-proceso-electoral-judicial-en-slp\\\/\",\"name\":\"Arranca proceso electoral Judicial en SLP - Canal 7 SLP - 2025\",\"isPartOf\":{\"@id\":\"https:\\\/\\\/canal7slp.tv\\\/2025\\\/#website\"},\"primaryImageOfPage\":{\"@id\":\"https:\\\/\\\/canal7slp.tv\\\/2025\\\/arranca-proceso-electoral-judicial-en-slp\\\/#primaryimage\"},\"image\":{\"@id\":\"https:\\\/\\\/canal7slp.tv\\\/2025\\\/arranca-proceso-electoral-judicial-en-slp\\\/#primaryimage\"},\"thumbnailUrl\":\"https:\\\/\\\/canal7slp.tv\\\/2025\\\/wp-content\\\/uploads\\\/2025\\\/01\\\/Poky0CEEPACJuicial.jpg\",\"datePublished\":\"2025-01-02T22:58:44+00:00\",\"breadcrumb\":{\"@id\":\"https:\\\/\\\/canal7slp.tv\\\/2025\\\/arranca-proceso-electoral-judicial-en-slp\\\/#breadcrumb\"},\"inLanguage\":\"es\",\"potentialAction\":[{\"@type\":\"ReadAction\",\"target\":[\"https:\\\/\\\/canal7slp.tv\\\/2025\\\/arranca-proceso-electoral-judicial-en-slp\\\/\"]}]},{\"@type\":\"ImageObject\",\"inLanguage\":\"es\",\"@id\":\"https:\\\/\\\/canal7slp.tv\\\/2025\\\/arranca-proceso-electoral-judicial-en-slp\\\/#primaryimage\",\"url\":\"https:\\\/\\\/canal7slp.tv\\\/2025\\\/wp-content\\\/uploads\\\/2025\\\/01\\\/Poky0CEEPACJuicial.jpg\",\"contentUrl\":\"https:\\\/\\\/canal7slp.tv\\\/2025\\\/wp-content\\\/uploads\\\/2025\\\/01\\\/Poky0CEEPACJuicial.jpg\",\"width\":1280,\"height\":720},{\"@type\":\"BreadcrumbList\",\"@id\":\"https:\\\/\\\/canal7slp.tv\\\/2025\\\/arranca-proceso-electoral-judicial-en-slp\\\/#breadcrumb\",\"itemListElement\":[{\"@type\":\"ListItem\",\"position\":1,\"name\":\"Portada\",\"item\":\"https:\\\/\\\/canal7slp.tv\\\/2025\\\/\"},{\"@type\":\"ListItem\",\"position\":2,\"name\":\"Arranca proceso electoral Judicial en SLP\"}]},{\"@type\":\"WebSite\",\"@id\":\"https:\\\/\\\/canal7slp.tv\\\/2025\\\/#website\",\"url\":\"https:\\\/\\\/canal7slp.tv\\\/2025\\\/\",\"name\":\"N7 - Noticieros Canal 7\",\"description\":\"Somos el Medio\",\"publisher\":{\"@id\":\"https:\\\/\\\/canal7slp.tv\\\/2025\\\/#organization\"},\"potentialAction\":[{\"@type\":\"SearchAction\",\"target\":{\"@type\":\"EntryPoint\",\"urlTemplate\":\"https:\\\/\\\/canal7slp.tv\\\/2025\\\/?s={search_term_string}\"},\"query-input\":{\"@type\":\"PropertyValueSpecification\",\"valueRequired\":true,\"valueName\":\"search_term_string\"}}],\"inLanguage\":\"es\"},{\"@type\":\"Organization\",\"@id\":\"https:\\\/\\\/canal7slp.tv\\\/2025\\\/#organization\",\"name\":\"Noticieros Canal 7\",\"url\":\"https:\\\/\\\/canal7slp.tv\\\/2025\\\/\",\"logo\":{\"@type\":\"ImageObject\",\"inLanguage\":\"es\",\"@id\":\"https:\\\/\\\/canal7slp.tv\\\/2025\\\/#\\\/schema\\\/logo\\\/image\\\/\",\"url\":\"https:\\\/\\\/canal7slp.tv\\\/2025\\\/wp-content\\\/uploads\\\/2021\\\/01\\\/logo-noticieros@2x.png\",\"contentUrl\":\"https:\\\/\\\/canal7slp.tv\\\/2025\\\/wp-content\\\/uploads\\\/2021\\\/01\\\/logo-noticieros@2x.png\",\"width\":1017,\"height\":268,\"caption\":\"Noticieros Canal 7\"},\"image\":{\"@id\":\"https:\\\/\\\/canal7slp.tv\\\/2025\\\/#\\\/schema\\\/logo\\\/image\\\/\"},\"sameAs\":[\"https:\\\/\\\/www.facebook.com\\\/noticieroscanal7atencionciudadana\\\/\",\"https:\\\/\\\/x.com\\\/NOTICIEROS7\",\"https:\\\/\\\/www.instagram.com\\\/canal7_slp\",\"https:\\\/\\\/www.youtube.com\\\/channel\\\/UCliiYs-gP3JfJeqdPrNdd5A\"]},{\"@type\":\"Person\",\"@id\":\"https:\\\/\\\/canal7slp.tv\\\/2025\\\/#\\\/schema\\\/person\\\/271e2b60a96e7cc9d9ac296f4d7e414b\",\"name\":\"Edici\u00f3n Web\",\"image\":{\"@type\":\"ImageObject\",\"inLanguage\":\"es\",\"@id\":\"https:\\\/\\\/secure.gravatar.com\\\/avatar\\\/eee448fc3f7164808013b816ba91ac7e43bbe82a70bebac296f8bc6f0addaa1a?s=96&d=mm&r=g\",\"url\":\"https:\\\/\\\/secure.gravatar.com\\\/avatar\\\/eee448fc3f7164808013b816ba91ac7e43bbe82a70bebac296f8bc6f0addaa1a?s=96&d=mm&r=g\",\"contentUrl\":\"https:\\\/\\\/secure.gravatar.com\\\/avatar\\\/eee448fc3f7164808013b816ba91ac7e43bbe82a70bebac296f8bc6f0addaa1a?s=96&d=mm&r=g\",\"caption\":\"Edici\u00f3n Web\"},\"url\":\"https:\\\/\\\/canal7slp.tv\\\/2025\\\/author\\\/edicionweb\\\/\"}]}<\/script>\n<!-- \/ Yoast SEO plugin. -->","yoast_head_json":{"title":"Arranca proceso electoral Judicial en SLP - Canal 7 SLP - 2025","robots":{"index":"index","follow":"follow","max-snippet":"max-snippet:-1","max-image-preview":"max-image-preview:large","max-video-preview":"max-video-preview:-1"},"canonical":"https:\/\/canal7slp.tv\/2025\/arranca-proceso-electoral-judicial-en-slp\/","og_locale":"es_ES","og_type":"article","og_title":"Arranca proceso electoral Judicial en SLP - Canal 7 SLP - 2025","og_description":"SLP.- Comenz\u00f3 de manera formal el proceso electoral extraordinario con motivo de la elecci\u00f3n de personas juzgadoras del Poder Judicial del Estado de San Luis Potos\u00ed, esto se dio durante sesi\u00f3n del Consejo Estatal Electoral y de Participaci\u00f3n Ciudadana local. \u201cReunidos en sesi\u00f3n extraordinaria solemne en mi car\u00e1cter de consejera presidente siendo las 13 horas con 15 minutos del d\u00eda dos de enero del a\u00f1o 2025 se declara formalmente la instalaci\u00f3n del consejo general del Consejo Estatal Electoral y de Participaci\u00f3n Ciudadana, para la elecci\u00f3n extraordinaria de las personas juzgadoras del Poder Judicial del Estado\u201d. A su vez, la consejera [&hellip;]","og_url":"https:\/\/canal7slp.tv\/2025\/arranca-proceso-electoral-judicial-en-slp\/","og_site_name":"Canal 7 SLP - 2025","article_publisher":"https:\/\/www.facebook.com\/noticieroscanal7atencionciudadana\/","article_published_time":"2025-01-02T22:58:44+00:00","og_image":[{"width":1280,"height":720,"url":"https:\/\/canal7slp.tv\/2025\/wp-content\/uploads\/2025\/01\/Poky0CEEPACJuicial.jpg","type":"image\/jpeg"}],"author":"Edici\u00f3n Web","twitter_card":"summary_large_image","twitter_creator":"@NOTICIEROS7","twitter_site":"@NOTICIEROS7","twitter_misc":{"Escrito por":"Edici\u00f3n Web","Tiempo de lectura":"2 minutos"},"schema":{"@context":"https:\/\/schema.org","@graph":[{"@type":"Article","@id":"https:\/\/canal7slp.tv\/2025\/arranca-proceso-electoral-judicial-en-slp\/#article","isPartOf":{"@id":"https:\/\/canal7slp.tv\/2025\/arranca-proceso-electoral-judicial-en-slp\/"},"author":{"name":"Edici\u00f3n Web","@id":"https:\/\/canal7slp.tv\/2025\/#\/schema\/person\/271e2b60a96e7cc9d9ac296f4d7e414b"},"headline":"Arranca proceso electoral Judicial en SLP","datePublished":"2025-01-02T22:58:44+00:00","mainEntityOfPage":{"@id":"https:\/\/canal7slp.tv\/2025\/arranca-proceso-electoral-judicial-en-slp\/"},"wordCount":305,"publisher":{"@id":"https:\/\/canal7slp.tv\/2025\/#organization"},"image":{"@id":"https:\/\/canal7slp.tv\/2025\/arranca-proceso-electoral-judicial-en-slp\/#primaryimage"},"thumbnailUrl":"https:\/\/canal7slp.tv\/2025\/wp-content\/uploads\/2025\/01\/Poky0CEEPACJuicial.jpg","articleSection":["DESTACADAS","LOCALES Y REGIONALES"],"inLanguage":"es"},{"@type":"WebPage","@id":"https:\/\/canal7slp.tv\/2025\/arranca-proceso-electoral-judicial-en-slp\/","url":"https:\/\/canal7slp.tv\/2025\/arranca-proceso-electoral-judicial-en-slp\/","name":"Arranca proceso electoral Judicial en SLP - Canal 7 SLP - 2025","isPartOf":{"@id":"https:\/\/canal7slp.tv\/2025\/#website"},"primaryImageOfPage":{"@id":"https:\/\/canal7slp.tv\/2025\/arranca-proceso-electoral-judicial-en-slp\/#primaryimage"},"image":{"@id":"https:\/\/canal7slp.tv\/2025\/arranca-proceso-electoral-judicial-en-slp\/#primaryimage"},"thumbnailUrl":"https:\/\/canal7slp.tv\/2025\/wp-content\/uploads\/2025\/01\/Poky0CEEPACJuicial.jpg","datePublished":"2025-01-02T22:58:44+00:00","breadcrumb":{"@id":"https:\/\/canal7slp.tv\/2025\/arranca-proceso-electoral-judicial-en-slp\/#breadcrumb"},"inLanguage":"es","potentialAction":[{"@type":"ReadAction","target":["https:\/\/canal7slp.tv\/2025\/arranca-proceso-electoral-judicial-en-slp\/"]}]},{"@type":"ImageObject","inLanguage":"es","@id":"https:\/\/canal7slp.tv\/2025\/arranca-proceso-electoral-judicial-en-slp\/#primaryimage","url":"https:\/\/canal7slp.tv\/2025\/wp-content\/uploads\/2025\/01\/Poky0CEEPACJuicial.jpg","contentUrl":"https:\/\/canal7slp.tv\/2025\/wp-content\/uploads\/2025\/01\/Poky0CEEPACJuicial.jpg","width":1280,"height":720},{"@type":"BreadcrumbList","@id":"https:\/\/canal7slp.tv\/2025\/arranca-proceso-electoral-judicial-en-slp\/#breadcrumb","itemListElement":[{"@type":"ListItem","position":1,"name":"Portada","item":"https:\/\/canal7slp.tv\/2025\/"},{"@type":"ListItem","position":2,"name":"Arranca proceso electoral Judicial en SLP"}]},{"@type":"WebSite","@id":"https:\/\/canal7slp.tv\/2025\/#website","url":"https:\/\/canal7slp.tv\/2025\/","name":"N7 - Noticieros Canal 7","description":"Somos el Medio","publisher":{"@id":"https:\/\/canal7slp.tv\/2025\/#organization"},"potentialAction":[{"@type":"SearchAction","target":{"@type":"EntryPoint","urlTemplate":"https:\/\/canal7slp.tv\/2025\/?s={search_term_string}"},"query-input":{"@type":"PropertyValueSpecification","valueRequired":true,"valueName":"search_term_string"}}],"inLanguage":"es"},{"@type":"Organization","@id":"https:\/\/canal7slp.tv\/2025\/#organization","name":"Noticieros Canal 7","url":"https:\/\/canal7slp.tv\/2025\/","logo":{"@type":"ImageObject","inLanguage":"es","@id":"https:\/\/canal7slp.tv\/2025\/#\/schema\/logo\/image\/","url":"https:\/\/canal7slp.tv\/2025\/wp-content\/uploads\/2021\/01\/logo-noticieros@2x.png","contentUrl":"https:\/\/canal7slp.tv\/2025\/wp-content\/uploads\/2021\/01\/logo-noticieros@2x.png","width":1017,"height":268,"caption":"Noticieros Canal 7"},"image":{"@id":"https:\/\/canal7slp.tv\/2025\/#\/schema\/logo\/image\/"},"sameAs":["https:\/\/www.facebook.com\/noticieroscanal7atencionciudadana\/","https:\/\/x.com\/NOTICIEROS7","https:\/\/www.instagram.com\/canal7_slp","https:\/\/www.youtube.com\/channel\/UCliiYs-gP3JfJeqdPrNdd5A"]},{"@type":"Person","@id":"https:\/\/canal7slp.tv\/2025\/#\/schema\/person\/271e2b60a96e7cc9d9ac296f4d7e414b","name":"Edici\u00f3n Web","image":{"@type":"ImageObject","inLanguage":"es","@id":"https:\/\/secure.gravatar.com\/avatar\/eee448fc3f7164808013b816ba91ac7e43bbe82a70bebac296f8bc6f0addaa1a?s=96&d=mm&r=g","url":"https:\/\/secure.gravatar.com\/avatar\/eee448fc3f7164808013b816ba91ac7e43bbe82a70bebac296f8bc6f0addaa1a?s=96&d=mm&r=g","contentUrl":"https:\/\/secure.gravatar.com\/avatar\/eee448fc3f7164808013b816ba91ac7e43bbe82a70bebac296f8bc6f0addaa1a?s=96&d=mm&r=g","caption":"Edici\u00f3n Web"},"url":"https:\/\/canal7slp.tv\/2025\/author\/edicionweb\/"}]}},"_links":{"self":[{"href":"https:\/\/canal7slp.tv\/2025\/wp-json\/wp\/v2\/posts\/153281","targetHints":{"allow":["GET"]}}],"collection":[{"href":"https:\/\/canal7slp.tv\/2025\/wp-json\/wp\/v2\/posts"}],"about":[{"href":"https:\/\/canal7slp.tv\/2025\/wp-json\/wp\/v2\/types\/post"}],"author":[{"embeddable":true,"href":"https:\/\/canal7slp.tv\/2025\/wp-json\/wp\/v2\/users\/2"}],"replies":[{"embeddable":true,"href":"https:\/\/canal7slp.tv\/2025\/wp-json\/wp\/v2\/comments?post=153281"}],"version-history":[{"count":2,"href":"https:\/\/canal7slp.tv\/2025\/wp-json\/wp\/v2\/posts\/153281\/revisions"}],"predecessor-version":[{"id":153289,"href":"https:\/\/canal7slp.tv\/2025\/wp-json\/wp\/v2\/posts\/153281\/revisions\/153289"}],"wp:featuredmedia":[{"embeddable":true,"href":"https:\/\/canal7slp.tv\/2025\/wp-json\/wp\/v2\/media\/153288"}],"wp:attachment":[{"href":"https:\/\/canal7slp.tv\/2025\/wp-json\/wp\/v2\/media?parent=153281"}],"wp:term":[{"taxonomy":"category","embeddable":true,"href":"https:\/\/canal7slp.tv\/2025\/wp-json\/wp\/v2\/categories?post=153281"},{"taxonomy":"post_tag","embeddable":true,"href":"https:\/\/canal7slp.tv\/2025\/wp-json\/wp\/v2\/tags?post=153281"}],"curies":[{"name":"wp","href":"https:\/\/api.w.org\/{rel}","templated":true}]}}