{"id":153267,"date":"2025-01-02T16:14:07","date_gmt":"2025-01-02T22:14:07","guid":{"rendered":"https:\/\/canal7slp.tv\/2025\/?p=153267"},"modified":"2025-01-02T16:14:07","modified_gmt":"2025-01-02T22:14:07","slug":"arranco-cobro-de-impuesto-predial-en-soledad","status":"publish","type":"post","link":"https:\/\/canal7slp.tv\/2025\/arranco-cobro-de-impuesto-predial-en-soledad\/","title":{"rendered":"Arranc\u00f3 cobro de impuesto Predial en Soledad"},"content":{"rendered":"<p style=\"text-align: justify;\"><span style=\"font-size: 1.21429rem;\">SGS.- Este d\u00eda dos de enero arranc\u00f3 el cobro del impuesto Predial en Soledad de Graciano S\u00e1nchez y la respuesta de la poblaci\u00f3n fue m\u00e1s de lo vaticinado, se\u00f1al\u00f3 la directora de Catastro Municipal, Mayela Monserrat Mart\u00ednez.<\/span><\/p>\n<p style=\"text-align: justify;\">\u201cS\u00ed, la verdad super\u00f3 las expectativas, ya desde poco antes de las seis de la ma\u00f1ana que llegamos a los puntos ya hab\u00eda mucha gente ya formada en la mayor\u00eda de ellos, incluida las cajas externas como La Sierra en Quintas y la Comandancia Morelos\u201d.<\/p>\n<p style=\"text-align: justify;\">Los puntos de cobro iniciaron de manera puntual.<\/p>\n<p style=\"text-align: justify;\">\u201cEsperamos que la ciudadan\u00eda se acerque, tenemos electrodom\u00e9sticos en la mayor\u00eda de los puntos a excepci\u00f3n de Blas Escontria (\u2026) en lo que duran la recaudaci\u00f3n que pueden ser de tres a cuatro d\u00edas en lo que duran los electrodom\u00e9sticos un poco m\u00e1s de 15 mil electrodom\u00e9sticos\u201d.<\/p>\n<p style=\"text-align: justify;\">La meta es superior a 60 millones de pesos.<\/p>\n<p style=\"text-align: justify;\">\u201cTenemos una meta de recaudaci\u00f3n de los tres meses en el primer trimestre de 58 a 60 millones de pesos\u201d.<\/p>\n<p style=\"text-align: justify;\">Debido a la cantidad de poblaci\u00f3n que acudi\u00f3 a temprana hora a realizar el pago correspondiente y una falla en el sistema digital, se registr\u00f3 inconformidad por el grupo etario de adultos mayores.<\/p>\n<p style=\"text-align: justify;\">\u201cEst\u00e1 muy lenta la fila, y de la fila de adultos mayores que se supone deber\u00edamos tener prioridad, pasan dos tres gente y del otro lado pasan 10 gentes, entonces creo que deber\u00eda de haber prioridad, entre comillas, para nosotros (\u2026) tardaron bastante que porque se hab\u00eda ido el sistema\u201d.<\/p>\n<p style=\"text-align: justify;\">\u201cNosotros ya no aguantamos, ya queremos estar sentados, ya no aguantamos las rodillas (\u2026) pues ya nos venimos hasta sin desayunar nadas, sin comer nada y nos desmayamos\u201d.<\/p>\n<p style=\"text-align: justify;\">El sistema se reactiv\u00f3 y gener\u00f3 que la cantidad de personas reunidas en Palacio Municipal disminuyera.<\/p>\n<p style=\"text-align: justify;\">Por: Juan Carlos Contreras<\/p>\n","protected":false},"excerpt":{"rendered":"<p>SGS.- Este d\u00eda dos de enero arranc\u00f3 el cobro del impuesto Predial en Soledad de Graciano S\u00e1nchez y la respuesta de la poblaci\u00f3n fue m\u00e1s de lo vaticinado, se\u00f1al\u00f3 la directora de Catastro Municipal, Mayela Monserrat Mart\u00ednez. \u201cS\u00ed, la verdad super\u00f3 las expectativas, ya desde poco antes de las seis de la ma\u00f1ana que llegamos a los puntos ya hab\u00eda mucha gente ya formada en la mayor\u00eda de ellos, incluida las cajas externas como La Sierra en Quintas y la Comandancia Morelos\u201d. Los puntos de cobro iniciaron de manera puntual. \u201cEsperamos que la ciudadan\u00eda se acerque, tenemos electrodom\u00e9sticos en la [&hellip;]<\/p>\n","protected":false},"author":2,"featured_media":153285,"comment_status":"closed","ping_status":"closed","sticky":false,"template":"","format":"video","meta":{"_monsterinsights_skip_tracking":false,"_monsterinsights_sitenote_active":false,"_monsterinsights_sitenote_note":"","_monsterinsights_sitenote_category":0,"footnotes":""},"categories":[512,5,45],"tags":[],"class_list":["post-153267","post","type-post","status-publish","format-video","has-post-thumbnail","hentry","category-ayosgs","category-destacadas","category-localesyregionales","post_format-post-format-video","post--single"],"yoast_head":"<!-- This site is optimized with the Yoast SEO plugin v27.5 - https:\/\/yoast.com\/product\/yoast-seo-wordpress\/ -->\n<title>Arranc\u00f3 cobro de impuesto Predial en Soledad - Canal 7 SLP - 2025<\/title>\n<meta name=\"robots\" content=\"index, follow, max-snippet:-1, max-image-preview:large, max-video-preview:-1\" \/>\n<link rel=\"canonical\" href=\"https:\/\/canal7slp.tv\/2025\/arranco-cobro-de-impuesto-predial-en-soledad\/\" \/>\n<meta property=\"og:locale\" content=\"es_ES\" \/>\n<meta property=\"og:type\" content=\"article\" \/>\n<meta property=\"og:title\" content=\"Arranc\u00f3 cobro de impuesto Predial en Soledad - Canal 7 SLP - 2025\" \/>\n<meta property=\"og:description\" content=\"SGS.- Este d\u00eda dos de enero arranc\u00f3 el cobro del impuesto Predial en Soledad de Graciano S\u00e1nchez y la respuesta de la poblaci\u00f3n fue m\u00e1s de lo vaticinado, se\u00f1al\u00f3 la directora de Catastro Municipal, Mayela Monserrat Mart\u00ednez. \u201cS\u00ed, la verdad super\u00f3 las expectativas, ya desde poco antes de las seis de la ma\u00f1ana que llegamos a los puntos ya hab\u00eda mucha gente ya formada en la mayor\u00eda de ellos, incluida las cajas externas como La Sierra en Quintas y la Comandancia Morelos\u201d. Los puntos de cobro iniciaron de manera puntual. \u201cEsperamos que la ciudadan\u00eda se acerque, tenemos electrodom\u00e9sticos en la [&hellip;]\" \/>\n<meta property=\"og:url\" content=\"https:\/\/canal7slp.tv\/2025\/arranco-cobro-de-impuesto-predial-en-soledad\/\" \/>\n<meta property=\"og:site_name\" content=\"Canal 7 SLP - 2025\" \/>\n<meta property=\"article:publisher\" content=\"https:\/\/www.facebook.com\/noticieroscanal7atencionciudadana\/\" \/>\n<meta property=\"article:published_time\" content=\"2025-01-02T22:14:07+00:00\" \/>\n<meta property=\"og:image\" content=\"https:\/\/canal7slp.tv\/2025\/wp-content\/uploads\/2025\/01\/POky0PredialSoledad.jpg\" \/>\n\t<meta property=\"og:image:width\" content=\"1280\" \/>\n\t<meta property=\"og:image:height\" content=\"720\" \/>\n\t<meta property=\"og:image:type\" content=\"image\/jpeg\" \/>\n<meta name=\"author\" content=\"Edici\u00f3n Web\" \/>\n<meta name=\"twitter:card\" content=\"summary_large_image\" \/>\n<meta name=\"twitter:creator\" content=\"@NOTICIEROS7\" \/>\n<meta name=\"twitter:site\" content=\"@NOTICIEROS7\" \/>\n<meta name=\"twitter:label1\" content=\"Escrito por\" \/>\n\t<meta name=\"twitter:data1\" content=\"Edici\u00f3n Web\" \/>\n\t<meta name=\"twitter:label2\" content=\"Tiempo de lectura\" \/>\n\t<meta name=\"twitter:data2\" content=\"2 minutos\" \/>\n<script type=\"application\/ld+json\" class=\"yoast-schema-graph\">{\"@context\":\"https:\\\/\\\/schema.org\",\"@graph\":[{\"@type\":\"Article\",\"@id\":\"https:\\\/\\\/canal7slp.tv\\\/2025\\\/arranco-cobro-de-impuesto-predial-en-soledad\\\/#article\",\"isPartOf\":{\"@id\":\"https:\\\/\\\/canal7slp.tv\\\/2025\\\/arranco-cobro-de-impuesto-predial-en-soledad\\\/\"},\"author\":{\"name\":\"Edici\u00f3n Web\",\"@id\":\"https:\\\/\\\/canal7slp.tv\\\/2025\\\/#\\\/schema\\\/person\\\/271e2b60a96e7cc9d9ac296f4d7e414b\"},\"headline\":\"Arranc\u00f3 cobro de impuesto Predial en Soledad\",\"datePublished\":\"2025-01-02T22:14:07+00:00\",\"mainEntityOfPage\":{\"@id\":\"https:\\\/\\\/canal7slp.tv\\\/2025\\\/arranco-cobro-de-impuesto-predial-en-soledad\\\/\"},\"wordCount\":320,\"publisher\":{\"@id\":\"https:\\\/\\\/canal7slp.tv\\\/2025\\\/#organization\"},\"image\":{\"@id\":\"https:\\\/\\\/canal7slp.tv\\\/2025\\\/arranco-cobro-de-impuesto-predial-en-soledad\\\/#primaryimage\"},\"thumbnailUrl\":\"https:\\\/\\\/canal7slp.tv\\\/2025\\\/wp-content\\\/uploads\\\/2025\\\/01\\\/POky0PredialSoledad.jpg\",\"articleSection\":[\"AYOSGS\",\"DESTACADAS\",\"LOCALES Y REGIONALES\"],\"inLanguage\":\"es\"},{\"@type\":\"WebPage\",\"@id\":\"https:\\\/\\\/canal7slp.tv\\\/2025\\\/arranco-cobro-de-impuesto-predial-en-soledad\\\/\",\"url\":\"https:\\\/\\\/canal7slp.tv\\\/2025\\\/arranco-cobro-de-impuesto-predial-en-soledad\\\/\",\"name\":\"Arranc\u00f3 cobro de impuesto Predial en Soledad - Canal 7 SLP - 2025\",\"isPartOf\":{\"@id\":\"https:\\\/\\\/canal7slp.tv\\\/2025\\\/#website\"},\"primaryImageOfPage\":{\"@id\":\"https:\\\/\\\/canal7slp.tv\\\/2025\\\/arranco-cobro-de-impuesto-predial-en-soledad\\\/#primaryimage\"},\"image\":{\"@id\":\"https:\\\/\\\/canal7slp.tv\\\/2025\\\/arranco-cobro-de-impuesto-predial-en-soledad\\\/#primaryimage\"},\"thumbnailUrl\":\"https:\\\/\\\/canal7slp.tv\\\/2025\\\/wp-content\\\/uploads\\\/2025\\\/01\\\/POky0PredialSoledad.jpg\",\"datePublished\":\"2025-01-02T22:14:07+00:00\",\"breadcrumb\":{\"@id\":\"https:\\\/\\\/canal7slp.tv\\\/2025\\\/arranco-cobro-de-impuesto-predial-en-soledad\\\/#breadcrumb\"},\"inLanguage\":\"es\",\"potentialAction\":[{\"@type\":\"ReadAction\",\"target\":[\"https:\\\/\\\/canal7slp.tv\\\/2025\\\/arranco-cobro-de-impuesto-predial-en-soledad\\\/\"]}]},{\"@type\":\"ImageObject\",\"inLanguage\":\"es\",\"@id\":\"https:\\\/\\\/canal7slp.tv\\\/2025\\\/arranco-cobro-de-impuesto-predial-en-soledad\\\/#primaryimage\",\"url\":\"https:\\\/\\\/canal7slp.tv\\\/2025\\\/wp-content\\\/uploads\\\/2025\\\/01\\\/POky0PredialSoledad.jpg\",\"contentUrl\":\"https:\\\/\\\/canal7slp.tv\\\/2025\\\/wp-content\\\/uploads\\\/2025\\\/01\\\/POky0PredialSoledad.jpg\",\"width\":1280,\"height\":720},{\"@type\":\"BreadcrumbList\",\"@id\":\"https:\\\/\\\/canal7slp.tv\\\/2025\\\/arranco-cobro-de-impuesto-predial-en-soledad\\\/#breadcrumb\",\"itemListElement\":[{\"@type\":\"ListItem\",\"position\":1,\"name\":\"Portada\",\"item\":\"https:\\\/\\\/canal7slp.tv\\\/2025\\\/\"},{\"@type\":\"ListItem\",\"position\":2,\"name\":\"Arranc\u00f3 cobro de impuesto Predial en Soledad\"}]},{\"@type\":\"WebSite\",\"@id\":\"https:\\\/\\\/canal7slp.tv\\\/2025\\\/#website\",\"url\":\"https:\\\/\\\/canal7slp.tv\\\/2025\\\/\",\"name\":\"N7 - Noticieros Canal 7\",\"description\":\"Somos el Medio\",\"publisher\":{\"@id\":\"https:\\\/\\\/canal7slp.tv\\\/2025\\\/#organization\"},\"potentialAction\":[{\"@type\":\"SearchAction\",\"target\":{\"@type\":\"EntryPoint\",\"urlTemplate\":\"https:\\\/\\\/canal7slp.tv\\\/2025\\\/?s={search_term_string}\"},\"query-input\":{\"@type\":\"PropertyValueSpecification\",\"valueRequired\":true,\"valueName\":\"search_term_string\"}}],\"inLanguage\":\"es\"},{\"@type\":\"Organization\",\"@id\":\"https:\\\/\\\/canal7slp.tv\\\/2025\\\/#organization\",\"name\":\"Noticieros Canal 7\",\"url\":\"https:\\\/\\\/canal7slp.tv\\\/2025\\\/\",\"logo\":{\"@type\":\"ImageObject\",\"inLanguage\":\"es\",\"@id\":\"https:\\\/\\\/canal7slp.tv\\\/2025\\\/#\\\/schema\\\/logo\\\/image\\\/\",\"url\":\"https:\\\/\\\/canal7slp.tv\\\/2025\\\/wp-content\\\/uploads\\\/2021\\\/01\\\/logo-noticieros@2x.png\",\"contentUrl\":\"https:\\\/\\\/canal7slp.tv\\\/2025\\\/wp-content\\\/uploads\\\/2021\\\/01\\\/logo-noticieros@2x.png\",\"width\":1017,\"height\":268,\"caption\":\"Noticieros Canal 7\"},\"image\":{\"@id\":\"https:\\\/\\\/canal7slp.tv\\\/2025\\\/#\\\/schema\\\/logo\\\/image\\\/\"},\"sameAs\":[\"https:\\\/\\\/www.facebook.com\\\/noticieroscanal7atencionciudadana\\\/\",\"https:\\\/\\\/x.com\\\/NOTICIEROS7\",\"https:\\\/\\\/www.instagram.com\\\/canal7_slp\",\"https:\\\/\\\/www.youtube.com\\\/channel\\\/UCliiYs-gP3JfJeqdPrNdd5A\"]},{\"@type\":\"Person\",\"@id\":\"https:\\\/\\\/canal7slp.tv\\\/2025\\\/#\\\/schema\\\/person\\\/271e2b60a96e7cc9d9ac296f4d7e414b\",\"name\":\"Edici\u00f3n Web\",\"image\":{\"@type\":\"ImageObject\",\"inLanguage\":\"es\",\"@id\":\"https:\\\/\\\/secure.gravatar.com\\\/avatar\\\/eee448fc3f7164808013b816ba91ac7e43bbe82a70bebac296f8bc6f0addaa1a?s=96&d=mm&r=g\",\"url\":\"https:\\\/\\\/secure.gravatar.com\\\/avatar\\\/eee448fc3f7164808013b816ba91ac7e43bbe82a70bebac296f8bc6f0addaa1a?s=96&d=mm&r=g\",\"contentUrl\":\"https:\\\/\\\/secure.gravatar.com\\\/avatar\\\/eee448fc3f7164808013b816ba91ac7e43bbe82a70bebac296f8bc6f0addaa1a?s=96&d=mm&r=g\",\"caption\":\"Edici\u00f3n Web\"},\"url\":\"https:\\\/\\\/canal7slp.tv\\\/2025\\\/author\\\/edicionweb\\\/\"}]}<\/script>\n<!-- \/ Yoast SEO plugin. -->","yoast_head_json":{"title":"Arranc\u00f3 cobro de impuesto Predial en Soledad - Canal 7 SLP - 2025","robots":{"index":"index","follow":"follow","max-snippet":"max-snippet:-1","max-image-preview":"max-image-preview:large","max-video-preview":"max-video-preview:-1"},"canonical":"https:\/\/canal7slp.tv\/2025\/arranco-cobro-de-impuesto-predial-en-soledad\/","og_locale":"es_ES","og_type":"article","og_title":"Arranc\u00f3 cobro de impuesto Predial en Soledad - Canal 7 SLP - 2025","og_description":"SGS.- Este d\u00eda dos de enero arranc\u00f3 el cobro del impuesto Predial en Soledad de Graciano S\u00e1nchez y la respuesta de la poblaci\u00f3n fue m\u00e1s de lo vaticinado, se\u00f1al\u00f3 la directora de Catastro Municipal, Mayela Monserrat Mart\u00ednez. \u201cS\u00ed, la verdad super\u00f3 las expectativas, ya desde poco antes de las seis de la ma\u00f1ana que llegamos a los puntos ya hab\u00eda mucha gente ya formada en la mayor\u00eda de ellos, incluida las cajas externas como La Sierra en Quintas y la Comandancia Morelos\u201d. Los puntos de cobro iniciaron de manera puntual. \u201cEsperamos que la ciudadan\u00eda se acerque, tenemos electrodom\u00e9sticos en la [&hellip;]","og_url":"https:\/\/canal7slp.tv\/2025\/arranco-cobro-de-impuesto-predial-en-soledad\/","og_site_name":"Canal 7 SLP - 2025","article_publisher":"https:\/\/www.facebook.com\/noticieroscanal7atencionciudadana\/","article_published_time":"2025-01-02T22:14:07+00:00","og_image":[{"width":1280,"height":720,"url":"https:\/\/canal7slp.tv\/2025\/wp-content\/uploads\/2025\/01\/POky0PredialSoledad.jpg","type":"image\/jpeg"}],"author":"Edici\u00f3n Web","twitter_card":"summary_large_image","twitter_creator":"@NOTICIEROS7","twitter_site":"@NOTICIEROS7","twitter_misc":{"Escrito por":"Edici\u00f3n Web","Tiempo de lectura":"2 minutos"},"schema":{"@context":"https:\/\/schema.org","@graph":[{"@type":"Article","@id":"https:\/\/canal7slp.tv\/2025\/arranco-cobro-de-impuesto-predial-en-soledad\/#article","isPartOf":{"@id":"https:\/\/canal7slp.tv\/2025\/arranco-cobro-de-impuesto-predial-en-soledad\/"},"author":{"name":"Edici\u00f3n Web","@id":"https:\/\/canal7slp.tv\/2025\/#\/schema\/person\/271e2b60a96e7cc9d9ac296f4d7e414b"},"headline":"Arranc\u00f3 cobro de impuesto Predial en Soledad","datePublished":"2025-01-02T22:14:07+00:00","mainEntityOfPage":{"@id":"https:\/\/canal7slp.tv\/2025\/arranco-cobro-de-impuesto-predial-en-soledad\/"},"wordCount":320,"publisher":{"@id":"https:\/\/canal7slp.tv\/2025\/#organization"},"image":{"@id":"https:\/\/canal7slp.tv\/2025\/arranco-cobro-de-impuesto-predial-en-soledad\/#primaryimage"},"thumbnailUrl":"https:\/\/canal7slp.tv\/2025\/wp-content\/uploads\/2025\/01\/POky0PredialSoledad.jpg","articleSection":["AYOSGS","DESTACADAS","LOCALES Y REGIONALES"],"inLanguage":"es"},{"@type":"WebPage","@id":"https:\/\/canal7slp.tv\/2025\/arranco-cobro-de-impuesto-predial-en-soledad\/","url":"https:\/\/canal7slp.tv\/2025\/arranco-cobro-de-impuesto-predial-en-soledad\/","name":"Arranc\u00f3 cobro de impuesto Predial en Soledad - Canal 7 SLP - 2025","isPartOf":{"@id":"https:\/\/canal7slp.tv\/2025\/#website"},"primaryImageOfPage":{"@id":"https:\/\/canal7slp.tv\/2025\/arranco-cobro-de-impuesto-predial-en-soledad\/#primaryimage"},"image":{"@id":"https:\/\/canal7slp.tv\/2025\/arranco-cobro-de-impuesto-predial-en-soledad\/#primaryimage"},"thumbnailUrl":"https:\/\/canal7slp.tv\/2025\/wp-content\/uploads\/2025\/01\/POky0PredialSoledad.jpg","datePublished":"2025-01-02T22:14:07+00:00","breadcrumb":{"@id":"https:\/\/canal7slp.tv\/2025\/arranco-cobro-de-impuesto-predial-en-soledad\/#breadcrumb"},"inLanguage":"es","potentialAction":[{"@type":"ReadAction","target":["https:\/\/canal7slp.tv\/2025\/arranco-cobro-de-impuesto-predial-en-soledad\/"]}]},{"@type":"ImageObject","inLanguage":"es","@id":"https:\/\/canal7slp.tv\/2025\/arranco-cobro-de-impuesto-predial-en-soledad\/#primaryimage","url":"https:\/\/canal7slp.tv\/2025\/wp-content\/uploads\/2025\/01\/POky0PredialSoledad.jpg","contentUrl":"https:\/\/canal7slp.tv\/2025\/wp-content\/uploads\/2025\/01\/POky0PredialSoledad.jpg","width":1280,"height":720},{"@type":"BreadcrumbList","@id":"https:\/\/canal7slp.tv\/2025\/arranco-cobro-de-impuesto-predial-en-soledad\/#breadcrumb","itemListElement":[{"@type":"ListItem","position":1,"name":"Portada","item":"https:\/\/canal7slp.tv\/2025\/"},{"@type":"ListItem","position":2,"name":"Arranc\u00f3 cobro de impuesto Predial en Soledad"}]},{"@type":"WebSite","@id":"https:\/\/canal7slp.tv\/2025\/#website","url":"https:\/\/canal7slp.tv\/2025\/","name":"N7 - Noticieros Canal 7","description":"Somos el Medio","publisher":{"@id":"https:\/\/canal7slp.tv\/2025\/#organization"},"potentialAction":[{"@type":"SearchAction","target":{"@type":"EntryPoint","urlTemplate":"https:\/\/canal7slp.tv\/2025\/?s={search_term_string}"},"query-input":{"@type":"PropertyValueSpecification","valueRequired":true,"valueName":"search_term_string"}}],"inLanguage":"es"},{"@type":"Organization","@id":"https:\/\/canal7slp.tv\/2025\/#organization","name":"Noticieros Canal 7","url":"https:\/\/canal7slp.tv\/2025\/","logo":{"@type":"ImageObject","inLanguage":"es","@id":"https:\/\/canal7slp.tv\/2025\/#\/schema\/logo\/image\/","url":"https:\/\/canal7slp.tv\/2025\/wp-content\/uploads\/2021\/01\/logo-noticieros@2x.png","contentUrl":"https:\/\/canal7slp.tv\/2025\/wp-content\/uploads\/2021\/01\/logo-noticieros@2x.png","width":1017,"height":268,"caption":"Noticieros Canal 7"},"image":{"@id":"https:\/\/canal7slp.tv\/2025\/#\/schema\/logo\/image\/"},"sameAs":["https:\/\/www.facebook.com\/noticieroscanal7atencionciudadana\/","https:\/\/x.com\/NOTICIEROS7","https:\/\/www.instagram.com\/canal7_slp","https:\/\/www.youtube.com\/channel\/UCliiYs-gP3JfJeqdPrNdd5A"]},{"@type":"Person","@id":"https:\/\/canal7slp.tv\/2025\/#\/schema\/person\/271e2b60a96e7cc9d9ac296f4d7e414b","name":"Edici\u00f3n Web","image":{"@type":"ImageObject","inLanguage":"es","@id":"https:\/\/secure.gravatar.com\/avatar\/eee448fc3f7164808013b816ba91ac7e43bbe82a70bebac296f8bc6f0addaa1a?s=96&d=mm&r=g","url":"https:\/\/secure.gravatar.com\/avatar\/eee448fc3f7164808013b816ba91ac7e43bbe82a70bebac296f8bc6f0addaa1a?s=96&d=mm&r=g","contentUrl":"https:\/\/secure.gravatar.com\/avatar\/eee448fc3f7164808013b816ba91ac7e43bbe82a70bebac296f8bc6f0addaa1a?s=96&d=mm&r=g","caption":"Edici\u00f3n Web"},"url":"https:\/\/canal7slp.tv\/2025\/author\/edicionweb\/"}]}},"_links":{"self":[{"href":"https:\/\/canal7slp.tv\/2025\/wp-json\/wp\/v2\/posts\/153267","targetHints":{"allow":["GET"]}}],"collection":[{"href":"https:\/\/canal7slp.tv\/2025\/wp-json\/wp\/v2\/posts"}],"about":[{"href":"https:\/\/canal7slp.tv\/2025\/wp-json\/wp\/v2\/types\/post"}],"author":[{"embeddable":true,"href":"https:\/\/canal7slp.tv\/2025\/wp-json\/wp\/v2\/users\/2"}],"replies":[{"embeddable":true,"href":"https:\/\/canal7slp.tv\/2025\/wp-json\/wp\/v2\/comments?post=153267"}],"version-history":[{"count":2,"href":"https:\/\/canal7slp.tv\/2025\/wp-json\/wp\/v2\/posts\/153267\/revisions"}],"predecessor-version":[{"id":153286,"href":"https:\/\/canal7slp.tv\/2025\/wp-json\/wp\/v2\/posts\/153267\/revisions\/153286"}],"wp:featuredmedia":[{"embeddable":true,"href":"https:\/\/canal7slp.tv\/2025\/wp-json\/wp\/v2\/media\/153285"}],"wp:attachment":[{"href":"https:\/\/canal7slp.tv\/2025\/wp-json\/wp\/v2\/media?parent=153267"}],"wp:term":[{"taxonomy":"category","embeddable":true,"href":"https:\/\/canal7slp.tv\/2025\/wp-json\/wp\/v2\/categories?post=153267"},{"taxonomy":"post_tag","embeddable":true,"href":"https:\/\/canal7slp.tv\/2025\/wp-json\/wp\/v2\/tags?post=153267"}],"curies":[{"name":"wp","href":"https:\/\/api.w.org\/{rel}","templated":true}]}}