{"id":153261,"date":"2025-01-02T15:06:57","date_gmt":"2025-01-02T21:06:57","guid":{"rendered":"https:\/\/canal7slp.tv\/2025\/?p=153261"},"modified":"2025-01-02T15:06:57","modified_gmt":"2025-01-02T21:06:57","slug":"esperan-que-obras-de-reestructuracion-de-ciclovia-en-avenida-carranza-comiencen-este-2025","status":"publish","type":"post","link":"https:\/\/canal7slp.tv\/2025\/esperan-que-obras-de-reestructuracion-de-ciclovia-en-avenida-carranza-comiencen-este-2025\/","title":{"rendered":"Esperan que obras de reestructuraci\u00f3n de ciclov\u00eda en Avenida Carranza comiencen este 2025"},"content":{"rendered":"<p style=\"text-align: justify;\">SLP.- Este a\u00f1o comenzar\u00eda la reestructuraci\u00f3n de la ciclov\u00eda sobre Avenida Carranza, como parte del proyecto municipal que busca ampliar la red de infraestructura ciclista en la ciudad a m\u00e1s de 100 kil\u00f3metros.<\/p>\n<p style=\"text-align: justify;\">Lo anterior, anunciado por el Instituto Municipal de Planeaci\u00f3n (Implan) en un evento encabezado por el alcalde, Enrique Galindo Ceballos, ha generado expectativas entre comerciantes, colectivos ciclistas y vecinos de la zona.<\/p>\n<p style=\"text-align: justify;\">Al respecto, Alberto Narv\u00e1ez Arochi, vocero del Corredor Cultural Carranza, destac\u00f3 la importancia de llegar a acuerdos entre todos los sectores involucrados para garantizar el \u00e9xito del proyecto.<\/p>\n<p style=\"text-align: justify;\">\u201cEl llamado es ese, que sigamos trabajando con acuerdos, cada quien pensando en el otro para que este proyecto de extensi\u00f3n de ciclov\u00eda se lleve a cabo para beneficio de todos\u201d, se\u00f1al\u00f3.<\/p>\n<p style=\"text-align: justify;\">La ciclov\u00eda en Avenida Carranza, que permanecer\u00e1 en su ubicaci\u00f3n actual, ha sido objeto de debate desde su implementaci\u00f3n, debido a los impactos negativos reportados por algunos comercios y el cierre de negocios en la zona. Sin embargo, enfatiz\u00f3 que esta reestructuraci\u00f3n representa una oportunidad para revitalizar el corredor.<\/p>\n<p style=\"text-align: justify;\">\u201cEn el tema particular de Carranza, nosotros tenemos muy cierto que el tema de la ciclov\u00eda, aunado a otros elementos que hubo, fue lastimando paulatinamente al corredor. Creo que ser\u00e1 parte del inicio de esta reubicaci\u00f3n aqu\u00ed mismo en Carranza, que fue algo que se logr\u00f3, que no se moviera de lugar, me refiero en cuanto a la avenida, que permanezca ah\u00ed\u201d, explic\u00f3.<\/p>\n<p style=\"text-align: justify;\">Continu\u00f3: \u201cNosotros entendemos que para los colectivos, Avenida Carranza como para muchos de nosotros es un \u00edcono. Tambi\u00e9n quieren estar aqu\u00ed y claro que cabemos todos, entonces, esperamos que este a\u00f1o empiecen las obras para empezar a ver un camino m\u00e1s claro\u201d.<\/p>\n<p>Por: Jos\u00e9 Luis V\u00e1zquez<\/p>\n","protected":false},"excerpt":{"rendered":"<p>SLP.- Este a\u00f1o comenzar\u00eda la reestructuraci\u00f3n de la ciclov\u00eda sobre Avenida Carranza, como parte del proyecto municipal que busca ampliar la red de infraestructura ciclista en la ciudad a m\u00e1s de 100 kil\u00f3metros. Lo anterior, anunciado por el Instituto Municipal de Planeaci\u00f3n (Implan) en un evento encabezado por el alcalde, Enrique Galindo Ceballos, ha generado expectativas entre comerciantes, colectivos ciclistas y vecinos de la zona. Al respecto, Alberto Narv\u00e1ez Arochi, vocero del Corredor Cultural Carranza, destac\u00f3 la importancia de llegar a acuerdos entre todos los sectores involucrados para garantizar el \u00e9xito del proyecto. \u201cEl llamado es ese, que sigamos trabajando [&hellip;]<\/p>\n","protected":false},"author":2,"featured_media":153270,"comment_status":"closed","ping_status":"closed","sticky":false,"template":"","format":"video","meta":{"_monsterinsights_skip_tracking":false,"_monsterinsights_sitenote_active":false,"_monsterinsights_sitenote_note":"","_monsterinsights_sitenote_category":0,"footnotes":""},"categories":[66,5,45],"tags":[],"class_list":["post-153261","post","type-post","status-publish","format-video","has-post-thumbnail","hentry","category-ayoslp","category-destacadas","category-localesyregionales","post_format-post-format-video","post--single"],"yoast_head":"<!-- This site is optimized with the Yoast SEO plugin v27.5 - https:\/\/yoast.com\/product\/yoast-seo-wordpress\/ -->\n<title>Esperan que obras de reestructuraci\u00f3n de ciclov\u00eda en Avenida Carranza comiencen este 2025 - Canal 7 SLP - 2025<\/title>\n<meta name=\"robots\" content=\"index, follow, max-snippet:-1, max-image-preview:large, max-video-preview:-1\" \/>\n<link rel=\"canonical\" href=\"https:\/\/canal7slp.tv\/2025\/esperan-que-obras-de-reestructuracion-de-ciclovia-en-avenida-carranza-comiencen-este-2025\/\" \/>\n<meta property=\"og:locale\" content=\"es_ES\" \/>\n<meta property=\"og:type\" content=\"article\" \/>\n<meta property=\"og:title\" content=\"Esperan que obras de reestructuraci\u00f3n de ciclov\u00eda en Avenida Carranza comiencen este 2025 - Canal 7 SLP - 2025\" \/>\n<meta property=\"og:description\" content=\"SLP.- Este a\u00f1o comenzar\u00eda la reestructuraci\u00f3n de la ciclov\u00eda sobre Avenida Carranza, como parte del proyecto municipal que busca ampliar la red de infraestructura ciclista en la ciudad a m\u00e1s de 100 kil\u00f3metros. Lo anterior, anunciado por el Instituto Municipal de Planeaci\u00f3n (Implan) en un evento encabezado por el alcalde, Enrique Galindo Ceballos, ha generado expectativas entre comerciantes, colectivos ciclistas y vecinos de la zona. Al respecto, Alberto Narv\u00e1ez Arochi, vocero del Corredor Cultural Carranza, destac\u00f3 la importancia de llegar a acuerdos entre todos los sectores involucrados para garantizar el \u00e9xito del proyecto. \u201cEl llamado es ese, que sigamos trabajando [&hellip;]\" \/>\n<meta property=\"og:url\" content=\"https:\/\/canal7slp.tv\/2025\/esperan-que-obras-de-reestructuracion-de-ciclovia-en-avenida-carranza-comiencen-este-2025\/\" \/>\n<meta property=\"og:site_name\" content=\"Canal 7 SLP - 2025\" \/>\n<meta property=\"article:publisher\" content=\"https:\/\/www.facebook.com\/noticieroscanal7atencionciudadana\/\" \/>\n<meta property=\"article:published_time\" content=\"2025-01-02T21:06:57+00:00\" \/>\n<meta property=\"og:image\" content=\"https:\/\/canal7slp.tv\/2025\/wp-content\/uploads\/2025\/01\/Vazquez01Ciclovia.jpg\" \/>\n\t<meta property=\"og:image:width\" content=\"1280\" \/>\n\t<meta property=\"og:image:height\" content=\"720\" \/>\n\t<meta property=\"og:image:type\" content=\"image\/jpeg\" \/>\n<meta name=\"author\" content=\"Edici\u00f3n Web\" \/>\n<meta name=\"twitter:card\" content=\"summary_large_image\" \/>\n<meta name=\"twitter:creator\" content=\"@NOTICIEROS7\" \/>\n<meta name=\"twitter:site\" content=\"@NOTICIEROS7\" \/>\n<meta name=\"twitter:label1\" content=\"Escrito por\" \/>\n\t<meta name=\"twitter:data1\" content=\"Edici\u00f3n Web\" \/>\n\t<meta name=\"twitter:label2\" content=\"Tiempo de lectura\" \/>\n\t<meta name=\"twitter:data2\" content=\"2 minutos\" \/>\n<script type=\"application\/ld+json\" class=\"yoast-schema-graph\">{\"@context\":\"https:\\\/\\\/schema.org\",\"@graph\":[{\"@type\":\"Article\",\"@id\":\"https:\\\/\\\/canal7slp.tv\\\/2025\\\/esperan-que-obras-de-reestructuracion-de-ciclovia-en-avenida-carranza-comiencen-este-2025\\\/#article\",\"isPartOf\":{\"@id\":\"https:\\\/\\\/canal7slp.tv\\\/2025\\\/esperan-que-obras-de-reestructuracion-de-ciclovia-en-avenida-carranza-comiencen-este-2025\\\/\"},\"author\":{\"name\":\"Edici\u00f3n Web\",\"@id\":\"https:\\\/\\\/canal7slp.tv\\\/2025\\\/#\\\/schema\\\/person\\\/271e2b60a96e7cc9d9ac296f4d7e414b\"},\"headline\":\"Esperan que obras de reestructuraci\u00f3n de ciclov\u00eda en Avenida Carranza comiencen este 2025\",\"datePublished\":\"2025-01-02T21:06:57+00:00\",\"mainEntityOfPage\":{\"@id\":\"https:\\\/\\\/canal7slp.tv\\\/2025\\\/esperan-que-obras-de-reestructuracion-de-ciclovia-en-avenida-carranza-comiencen-este-2025\\\/\"},\"wordCount\":318,\"publisher\":{\"@id\":\"https:\\\/\\\/canal7slp.tv\\\/2025\\\/#organization\"},\"image\":{\"@id\":\"https:\\\/\\\/canal7slp.tv\\\/2025\\\/esperan-que-obras-de-reestructuracion-de-ciclovia-en-avenida-carranza-comiencen-este-2025\\\/#primaryimage\"},\"thumbnailUrl\":\"https:\\\/\\\/canal7slp.tv\\\/2025\\\/wp-content\\\/uploads\\\/2025\\\/01\\\/Vazquez01Ciclovia.jpg\",\"articleSection\":[\"AYOSLP\",\"DESTACADAS\",\"LOCALES Y REGIONALES\"],\"inLanguage\":\"es\"},{\"@type\":\"WebPage\",\"@id\":\"https:\\\/\\\/canal7slp.tv\\\/2025\\\/esperan-que-obras-de-reestructuracion-de-ciclovia-en-avenida-carranza-comiencen-este-2025\\\/\",\"url\":\"https:\\\/\\\/canal7slp.tv\\\/2025\\\/esperan-que-obras-de-reestructuracion-de-ciclovia-en-avenida-carranza-comiencen-este-2025\\\/\",\"name\":\"Esperan que obras de reestructuraci\u00f3n de ciclov\u00eda en Avenida Carranza comiencen este 2025 - Canal 7 SLP - 2025\",\"isPartOf\":{\"@id\":\"https:\\\/\\\/canal7slp.tv\\\/2025\\\/#website\"},\"primaryImageOfPage\":{\"@id\":\"https:\\\/\\\/canal7slp.tv\\\/2025\\\/esperan-que-obras-de-reestructuracion-de-ciclovia-en-avenida-carranza-comiencen-este-2025\\\/#primaryimage\"},\"image\":{\"@id\":\"https:\\\/\\\/canal7slp.tv\\\/2025\\\/esperan-que-obras-de-reestructuracion-de-ciclovia-en-avenida-carranza-comiencen-este-2025\\\/#primaryimage\"},\"thumbnailUrl\":\"https:\\\/\\\/canal7slp.tv\\\/2025\\\/wp-content\\\/uploads\\\/2025\\\/01\\\/Vazquez01Ciclovia.jpg\",\"datePublished\":\"2025-01-02T21:06:57+00:00\",\"breadcrumb\":{\"@id\":\"https:\\\/\\\/canal7slp.tv\\\/2025\\\/esperan-que-obras-de-reestructuracion-de-ciclovia-en-avenida-carranza-comiencen-este-2025\\\/#breadcrumb\"},\"inLanguage\":\"es\",\"potentialAction\":[{\"@type\":\"ReadAction\",\"target\":[\"https:\\\/\\\/canal7slp.tv\\\/2025\\\/esperan-que-obras-de-reestructuracion-de-ciclovia-en-avenida-carranza-comiencen-este-2025\\\/\"]}]},{\"@type\":\"ImageObject\",\"inLanguage\":\"es\",\"@id\":\"https:\\\/\\\/canal7slp.tv\\\/2025\\\/esperan-que-obras-de-reestructuracion-de-ciclovia-en-avenida-carranza-comiencen-este-2025\\\/#primaryimage\",\"url\":\"https:\\\/\\\/canal7slp.tv\\\/2025\\\/wp-content\\\/uploads\\\/2025\\\/01\\\/Vazquez01Ciclovia.jpg\",\"contentUrl\":\"https:\\\/\\\/canal7slp.tv\\\/2025\\\/wp-content\\\/uploads\\\/2025\\\/01\\\/Vazquez01Ciclovia.jpg\",\"width\":1280,\"height\":720},{\"@type\":\"BreadcrumbList\",\"@id\":\"https:\\\/\\\/canal7slp.tv\\\/2025\\\/esperan-que-obras-de-reestructuracion-de-ciclovia-en-avenida-carranza-comiencen-este-2025\\\/#breadcrumb\",\"itemListElement\":[{\"@type\":\"ListItem\",\"position\":1,\"name\":\"Portada\",\"item\":\"https:\\\/\\\/canal7slp.tv\\\/2025\\\/\"},{\"@type\":\"ListItem\",\"position\":2,\"name\":\"Esperan que obras de reestructuraci\u00f3n de ciclov\u00eda en Avenida Carranza comiencen este 2025\"}]},{\"@type\":\"WebSite\",\"@id\":\"https:\\\/\\\/canal7slp.tv\\\/2025\\\/#website\",\"url\":\"https:\\\/\\\/canal7slp.tv\\\/2025\\\/\",\"name\":\"N7 - Noticieros Canal 7\",\"description\":\"Somos el Medio\",\"publisher\":{\"@id\":\"https:\\\/\\\/canal7slp.tv\\\/2025\\\/#organization\"},\"potentialAction\":[{\"@type\":\"SearchAction\",\"target\":{\"@type\":\"EntryPoint\",\"urlTemplate\":\"https:\\\/\\\/canal7slp.tv\\\/2025\\\/?s={search_term_string}\"},\"query-input\":{\"@type\":\"PropertyValueSpecification\",\"valueRequired\":true,\"valueName\":\"search_term_string\"}}],\"inLanguage\":\"es\"},{\"@type\":\"Organization\",\"@id\":\"https:\\\/\\\/canal7slp.tv\\\/2025\\\/#organization\",\"name\":\"Noticieros Canal 7\",\"url\":\"https:\\\/\\\/canal7slp.tv\\\/2025\\\/\",\"logo\":{\"@type\":\"ImageObject\",\"inLanguage\":\"es\",\"@id\":\"https:\\\/\\\/canal7slp.tv\\\/2025\\\/#\\\/schema\\\/logo\\\/image\\\/\",\"url\":\"https:\\\/\\\/canal7slp.tv\\\/2025\\\/wp-content\\\/uploads\\\/2021\\\/01\\\/logo-noticieros@2x.png\",\"contentUrl\":\"https:\\\/\\\/canal7slp.tv\\\/2025\\\/wp-content\\\/uploads\\\/2021\\\/01\\\/logo-noticieros@2x.png\",\"width\":1017,\"height\":268,\"caption\":\"Noticieros Canal 7\"},\"image\":{\"@id\":\"https:\\\/\\\/canal7slp.tv\\\/2025\\\/#\\\/schema\\\/logo\\\/image\\\/\"},\"sameAs\":[\"https:\\\/\\\/www.facebook.com\\\/noticieroscanal7atencionciudadana\\\/\",\"https:\\\/\\\/x.com\\\/NOTICIEROS7\",\"https:\\\/\\\/www.instagram.com\\\/canal7_slp\",\"https:\\\/\\\/www.youtube.com\\\/channel\\\/UCliiYs-gP3JfJeqdPrNdd5A\"]},{\"@type\":\"Person\",\"@id\":\"https:\\\/\\\/canal7slp.tv\\\/2025\\\/#\\\/schema\\\/person\\\/271e2b60a96e7cc9d9ac296f4d7e414b\",\"name\":\"Edici\u00f3n Web\",\"image\":{\"@type\":\"ImageObject\",\"inLanguage\":\"es\",\"@id\":\"https:\\\/\\\/secure.gravatar.com\\\/avatar\\\/eee448fc3f7164808013b816ba91ac7e43bbe82a70bebac296f8bc6f0addaa1a?s=96&d=mm&r=g\",\"url\":\"https:\\\/\\\/secure.gravatar.com\\\/avatar\\\/eee448fc3f7164808013b816ba91ac7e43bbe82a70bebac296f8bc6f0addaa1a?s=96&d=mm&r=g\",\"contentUrl\":\"https:\\\/\\\/secure.gravatar.com\\\/avatar\\\/eee448fc3f7164808013b816ba91ac7e43bbe82a70bebac296f8bc6f0addaa1a?s=96&d=mm&r=g\",\"caption\":\"Edici\u00f3n Web\"},\"url\":\"https:\\\/\\\/canal7slp.tv\\\/2025\\\/author\\\/edicionweb\\\/\"}]}<\/script>\n<!-- \/ Yoast SEO plugin. -->","yoast_head_json":{"title":"Esperan que obras de reestructuraci\u00f3n de ciclov\u00eda en Avenida Carranza comiencen este 2025 - Canal 7 SLP - 2025","robots":{"index":"index","follow":"follow","max-snippet":"max-snippet:-1","max-image-preview":"max-image-preview:large","max-video-preview":"max-video-preview:-1"},"canonical":"https:\/\/canal7slp.tv\/2025\/esperan-que-obras-de-reestructuracion-de-ciclovia-en-avenida-carranza-comiencen-este-2025\/","og_locale":"es_ES","og_type":"article","og_title":"Esperan que obras de reestructuraci\u00f3n de ciclov\u00eda en Avenida Carranza comiencen este 2025 - Canal 7 SLP - 2025","og_description":"SLP.- Este a\u00f1o comenzar\u00eda la reestructuraci\u00f3n de la ciclov\u00eda sobre Avenida Carranza, como parte del proyecto municipal que busca ampliar la red de infraestructura ciclista en la ciudad a m\u00e1s de 100 kil\u00f3metros. Lo anterior, anunciado por el Instituto Municipal de Planeaci\u00f3n (Implan) en un evento encabezado por el alcalde, Enrique Galindo Ceballos, ha generado expectativas entre comerciantes, colectivos ciclistas y vecinos de la zona. Al respecto, Alberto Narv\u00e1ez Arochi, vocero del Corredor Cultural Carranza, destac\u00f3 la importancia de llegar a acuerdos entre todos los sectores involucrados para garantizar el \u00e9xito del proyecto. \u201cEl llamado es ese, que sigamos trabajando [&hellip;]","og_url":"https:\/\/canal7slp.tv\/2025\/esperan-que-obras-de-reestructuracion-de-ciclovia-en-avenida-carranza-comiencen-este-2025\/","og_site_name":"Canal 7 SLP - 2025","article_publisher":"https:\/\/www.facebook.com\/noticieroscanal7atencionciudadana\/","article_published_time":"2025-01-02T21:06:57+00:00","og_image":[{"width":1280,"height":720,"url":"https:\/\/canal7slp.tv\/2025\/wp-content\/uploads\/2025\/01\/Vazquez01Ciclovia.jpg","type":"image\/jpeg"}],"author":"Edici\u00f3n Web","twitter_card":"summary_large_image","twitter_creator":"@NOTICIEROS7","twitter_site":"@NOTICIEROS7","twitter_misc":{"Escrito por":"Edici\u00f3n Web","Tiempo de lectura":"2 minutos"},"schema":{"@context":"https:\/\/schema.org","@graph":[{"@type":"Article","@id":"https:\/\/canal7slp.tv\/2025\/esperan-que-obras-de-reestructuracion-de-ciclovia-en-avenida-carranza-comiencen-este-2025\/#article","isPartOf":{"@id":"https:\/\/canal7slp.tv\/2025\/esperan-que-obras-de-reestructuracion-de-ciclovia-en-avenida-carranza-comiencen-este-2025\/"},"author":{"name":"Edici\u00f3n Web","@id":"https:\/\/canal7slp.tv\/2025\/#\/schema\/person\/271e2b60a96e7cc9d9ac296f4d7e414b"},"headline":"Esperan que obras de reestructuraci\u00f3n de ciclov\u00eda en Avenida Carranza comiencen este 2025","datePublished":"2025-01-02T21:06:57+00:00","mainEntityOfPage":{"@id":"https:\/\/canal7slp.tv\/2025\/esperan-que-obras-de-reestructuracion-de-ciclovia-en-avenida-carranza-comiencen-este-2025\/"},"wordCount":318,"publisher":{"@id":"https:\/\/canal7slp.tv\/2025\/#organization"},"image":{"@id":"https:\/\/canal7slp.tv\/2025\/esperan-que-obras-de-reestructuracion-de-ciclovia-en-avenida-carranza-comiencen-este-2025\/#primaryimage"},"thumbnailUrl":"https:\/\/canal7slp.tv\/2025\/wp-content\/uploads\/2025\/01\/Vazquez01Ciclovia.jpg","articleSection":["AYOSLP","DESTACADAS","LOCALES Y REGIONALES"],"inLanguage":"es"},{"@type":"WebPage","@id":"https:\/\/canal7slp.tv\/2025\/esperan-que-obras-de-reestructuracion-de-ciclovia-en-avenida-carranza-comiencen-este-2025\/","url":"https:\/\/canal7slp.tv\/2025\/esperan-que-obras-de-reestructuracion-de-ciclovia-en-avenida-carranza-comiencen-este-2025\/","name":"Esperan que obras de reestructuraci\u00f3n de ciclov\u00eda en Avenida Carranza comiencen este 2025 - Canal 7 SLP - 2025","isPartOf":{"@id":"https:\/\/canal7slp.tv\/2025\/#website"},"primaryImageOfPage":{"@id":"https:\/\/canal7slp.tv\/2025\/esperan-que-obras-de-reestructuracion-de-ciclovia-en-avenida-carranza-comiencen-este-2025\/#primaryimage"},"image":{"@id":"https:\/\/canal7slp.tv\/2025\/esperan-que-obras-de-reestructuracion-de-ciclovia-en-avenida-carranza-comiencen-este-2025\/#primaryimage"},"thumbnailUrl":"https:\/\/canal7slp.tv\/2025\/wp-content\/uploads\/2025\/01\/Vazquez01Ciclovia.jpg","datePublished":"2025-01-02T21:06:57+00:00","breadcrumb":{"@id":"https:\/\/canal7slp.tv\/2025\/esperan-que-obras-de-reestructuracion-de-ciclovia-en-avenida-carranza-comiencen-este-2025\/#breadcrumb"},"inLanguage":"es","potentialAction":[{"@type":"ReadAction","target":["https:\/\/canal7slp.tv\/2025\/esperan-que-obras-de-reestructuracion-de-ciclovia-en-avenida-carranza-comiencen-este-2025\/"]}]},{"@type":"ImageObject","inLanguage":"es","@id":"https:\/\/canal7slp.tv\/2025\/esperan-que-obras-de-reestructuracion-de-ciclovia-en-avenida-carranza-comiencen-este-2025\/#primaryimage","url":"https:\/\/canal7slp.tv\/2025\/wp-content\/uploads\/2025\/01\/Vazquez01Ciclovia.jpg","contentUrl":"https:\/\/canal7slp.tv\/2025\/wp-content\/uploads\/2025\/01\/Vazquez01Ciclovia.jpg","width":1280,"height":720},{"@type":"BreadcrumbList","@id":"https:\/\/canal7slp.tv\/2025\/esperan-que-obras-de-reestructuracion-de-ciclovia-en-avenida-carranza-comiencen-este-2025\/#breadcrumb","itemListElement":[{"@type":"ListItem","position":1,"name":"Portada","item":"https:\/\/canal7slp.tv\/2025\/"},{"@type":"ListItem","position":2,"name":"Esperan que obras de reestructuraci\u00f3n de ciclov\u00eda en Avenida Carranza comiencen este 2025"}]},{"@type":"WebSite","@id":"https:\/\/canal7slp.tv\/2025\/#website","url":"https:\/\/canal7slp.tv\/2025\/","name":"N7 - Noticieros Canal 7","description":"Somos el Medio","publisher":{"@id":"https:\/\/canal7slp.tv\/2025\/#organization"},"potentialAction":[{"@type":"SearchAction","target":{"@type":"EntryPoint","urlTemplate":"https:\/\/canal7slp.tv\/2025\/?s={search_term_string}"},"query-input":{"@type":"PropertyValueSpecification","valueRequired":true,"valueName":"search_term_string"}}],"inLanguage":"es"},{"@type":"Organization","@id":"https:\/\/canal7slp.tv\/2025\/#organization","name":"Noticieros Canal 7","url":"https:\/\/canal7slp.tv\/2025\/","logo":{"@type":"ImageObject","inLanguage":"es","@id":"https:\/\/canal7slp.tv\/2025\/#\/schema\/logo\/image\/","url":"https:\/\/canal7slp.tv\/2025\/wp-content\/uploads\/2021\/01\/logo-noticieros@2x.png","contentUrl":"https:\/\/canal7slp.tv\/2025\/wp-content\/uploads\/2021\/01\/logo-noticieros@2x.png","width":1017,"height":268,"caption":"Noticieros Canal 7"},"image":{"@id":"https:\/\/canal7slp.tv\/2025\/#\/schema\/logo\/image\/"},"sameAs":["https:\/\/www.facebook.com\/noticieroscanal7atencionciudadana\/","https:\/\/x.com\/NOTICIEROS7","https:\/\/www.instagram.com\/canal7_slp","https:\/\/www.youtube.com\/channel\/UCliiYs-gP3JfJeqdPrNdd5A"]},{"@type":"Person","@id":"https:\/\/canal7slp.tv\/2025\/#\/schema\/person\/271e2b60a96e7cc9d9ac296f4d7e414b","name":"Edici\u00f3n Web","image":{"@type":"ImageObject","inLanguage":"es","@id":"https:\/\/secure.gravatar.com\/avatar\/eee448fc3f7164808013b816ba91ac7e43bbe82a70bebac296f8bc6f0addaa1a?s=96&d=mm&r=g","url":"https:\/\/secure.gravatar.com\/avatar\/eee448fc3f7164808013b816ba91ac7e43bbe82a70bebac296f8bc6f0addaa1a?s=96&d=mm&r=g","contentUrl":"https:\/\/secure.gravatar.com\/avatar\/eee448fc3f7164808013b816ba91ac7e43bbe82a70bebac296f8bc6f0addaa1a?s=96&d=mm&r=g","caption":"Edici\u00f3n Web"},"url":"https:\/\/canal7slp.tv\/2025\/author\/edicionweb\/"}]}},"_links":{"self":[{"href":"https:\/\/canal7slp.tv\/2025\/wp-json\/wp\/v2\/posts\/153261","targetHints":{"allow":["GET"]}}],"collection":[{"href":"https:\/\/canal7slp.tv\/2025\/wp-json\/wp\/v2\/posts"}],"about":[{"href":"https:\/\/canal7slp.tv\/2025\/wp-json\/wp\/v2\/types\/post"}],"author":[{"embeddable":true,"href":"https:\/\/canal7slp.tv\/2025\/wp-json\/wp\/v2\/users\/2"}],"replies":[{"embeddable":true,"href":"https:\/\/canal7slp.tv\/2025\/wp-json\/wp\/v2\/comments?post=153261"}],"version-history":[{"count":2,"href":"https:\/\/canal7slp.tv\/2025\/wp-json\/wp\/v2\/posts\/153261\/revisions"}],"predecessor-version":[{"id":153271,"href":"https:\/\/canal7slp.tv\/2025\/wp-json\/wp\/v2\/posts\/153261\/revisions\/153271"}],"wp:featuredmedia":[{"embeddable":true,"href":"https:\/\/canal7slp.tv\/2025\/wp-json\/wp\/v2\/media\/153270"}],"wp:attachment":[{"href":"https:\/\/canal7slp.tv\/2025\/wp-json\/wp\/v2\/media?parent=153261"}],"wp:term":[{"taxonomy":"category","embeddable":true,"href":"https:\/\/canal7slp.tv\/2025\/wp-json\/wp\/v2\/categories?post=153261"},{"taxonomy":"post_tag","embeddable":true,"href":"https:\/\/canal7slp.tv\/2025\/wp-json\/wp\/v2\/tags?post=153261"}],"curies":[{"name":"wp","href":"https:\/\/api.w.org\/{rel}","templated":true}]}}