{"id":149896,"date":"2024-11-26T17:45:08","date_gmt":"2024-11-26T23:45:08","guid":{"rendered":"https:\/\/canal7slp.tv\/2024\/?p=149896"},"modified":"2024-11-26T21:37:22","modified_gmt":"2024-11-27T03:37:22","slug":"canaco-pide-ciclovias-bien-planeadas","status":"publish","type":"post","link":"https:\/\/canal7slp.tv\/2024\/canaco-pide-ciclovias-bien-planeadas\/","title":{"rendered":"Canaco pide ciclov\u00edas bien planeadas"},"content":{"rendered":"<p style=\"text-align: justify;\">SLP.- La C\u00e1mara Nacional de Comercio, Servicios y Turismo en favor de ciclov\u00edas bien pensadas indic\u00f3 su presidente en San Luis Potos\u00ed, Fernando D\u00edaz de L\u00e9on.<\/p>\n<p style=\"text-align: justify;\">\u201cCreo que el Implan hizo una buena labor como te comento con la consulta que se dio y despu\u00e9s con el trabajo t\u00e9cnico que hizo el mismo Implan para poder decidir en qu\u00e9 avenidas es viable y en cu\u00e1les no; apoyamos nosotros el tema de movilidad vemos que cada d\u00eda hay m\u00e1s veh\u00edculos en nuestra capital entonces creo que es una alternativa para que los ciudadanos puedan ocupar estas ciclov\u00edas, adem\u00e1s del beneficio a la salud que ya conocemos\u201d.<\/p>\n<p style=\"text-align: justify;\">Insisti\u00f3 en que las vialidades donde se coloquen pasos ciclistas deben de elegirse de manera adecuada.<\/p>\n<p style=\"text-align: justify;\">\u201cVimos la afectaci\u00f3n que tuvo esta ciclov\u00eda de la tan emblem\u00e1tica avenida que es Venustiano Carranza, esta afectaci\u00f3n caus\u00f3 el cierre de un centenar de comercios, el problema tambi\u00e9n del estacionamiento fue conflictivo en esta temporada\u201d.<\/p>\n<p style=\"text-align: justify;\">Se\u00f1al\u00f3 que las vialidades para bicicleta deben de conectar sitios definidos y no solo ser tramos.<\/p>\n<p>Por: Juan Carlos Contreras<\/p>\n","protected":false},"excerpt":{"rendered":"<p>SLP.- La C\u00e1mara Nacional de Comercio, Servicios y Turismo en favor de ciclov\u00edas bien pensadas indic\u00f3 su presidente en San Luis Potos\u00ed, Fernando D\u00edaz de L\u00e9on. \u201cCreo que el Implan hizo una buena labor como te comento con la consulta que se dio y despu\u00e9s con el trabajo t\u00e9cnico que hizo el mismo Implan para poder decidir en qu\u00e9 avenidas es viable y en cu\u00e1les no; apoyamos nosotros el tema de movilidad vemos que cada d\u00eda hay m\u00e1s veh\u00edculos en nuestra capital entonces creo que es una alternativa para que los ciudadanos puedan ocupar estas ciclov\u00edas, adem\u00e1s del beneficio a [&hellip;]<\/p>\n","protected":false},"author":2,"featured_media":149904,"comment_status":"closed","ping_status":"closed","sticky":false,"template":"","format":"video","meta":{"_monsterinsights_skip_tracking":false,"_monsterinsights_sitenote_active":false,"_monsterinsights_sitenote_note":"","_monsterinsights_sitenote_category":0,"footnotes":""},"categories":[5,45],"tags":[],"class_list":["post-149896","post","type-post","status-publish","format-video","has-post-thumbnail","hentry","category-destacadas","category-localesyregionales","post_format-post-format-video","post--single"],"yoast_head":"<!-- This site is optimized with the Yoast SEO plugin v27.5 - https:\/\/yoast.com\/product\/yoast-seo-wordpress\/ -->\n<title>Canaco pide ciclov\u00edas bien planeadas - Canal 7 SLP - 2024<\/title>\n<meta name=\"robots\" content=\"index, follow, max-snippet:-1, max-image-preview:large, max-video-preview:-1\" \/>\n<link rel=\"canonical\" href=\"https:\/\/canal7slp.tv\/2024\/canaco-pide-ciclovias-bien-planeadas\/\" \/>\n<meta property=\"og:locale\" content=\"es_ES\" \/>\n<meta property=\"og:type\" content=\"article\" \/>\n<meta property=\"og:title\" content=\"Canaco pide ciclov\u00edas bien planeadas - Canal 7 SLP - 2024\" \/>\n<meta property=\"og:description\" content=\"SLP.- La C\u00e1mara Nacional de Comercio, Servicios y Turismo en favor de ciclov\u00edas bien pensadas indic\u00f3 su presidente en San Luis Potos\u00ed, Fernando D\u00edaz de L\u00e9on. \u201cCreo que el Implan hizo una buena labor como te comento con la consulta que se dio y despu\u00e9s con el trabajo t\u00e9cnico que hizo el mismo Implan para poder decidir en qu\u00e9 avenidas es viable y en cu\u00e1les no; apoyamos nosotros el tema de movilidad vemos que cada d\u00eda hay m\u00e1s veh\u00edculos en nuestra capital entonces creo que es una alternativa para que los ciudadanos puedan ocupar estas ciclov\u00edas, adem\u00e1s del beneficio a [&hellip;]\" \/>\n<meta property=\"og:url\" content=\"https:\/\/canal7slp.tv\/2024\/canaco-pide-ciclovias-bien-planeadas\/\" \/>\n<meta property=\"og:site_name\" content=\"Canal 7 SLP - 2024\" \/>\n<meta property=\"article:publisher\" content=\"https:\/\/www.facebook.com\/noticieroscanal7atencionciudadana\/\" \/>\n<meta property=\"article:published_time\" content=\"2024-11-26T23:45:08+00:00\" \/>\n<meta property=\"article:modified_time\" content=\"2024-11-27T03:37:22+00:00\" \/>\n<meta property=\"og:image\" content=\"https:\/\/canal7slp.tv\/2024\/wp-content\/uploads\/2024\/11\/Poky0CicloviasCANACO.jpg\" \/>\n\t<meta property=\"og:image:width\" content=\"1280\" \/>\n\t<meta property=\"og:image:height\" content=\"720\" \/>\n\t<meta property=\"og:image:type\" content=\"image\/jpeg\" \/>\n<meta name=\"author\" content=\"Edici\u00f3n Web\" \/>\n<meta name=\"twitter:card\" content=\"summary_large_image\" \/>\n<meta name=\"twitter:creator\" content=\"@NOTICIEROS7\" \/>\n<meta name=\"twitter:site\" content=\"@NOTICIEROS7\" \/>\n<meta name=\"twitter:label1\" content=\"Escrito por\" \/>\n\t<meta name=\"twitter:data1\" content=\"Edici\u00f3n Web\" \/>\n\t<meta name=\"twitter:label2\" content=\"Tiempo de lectura\" \/>\n\t<meta name=\"twitter:data2\" content=\"2 minutos\" \/>\n<script type=\"application\/ld+json\" class=\"yoast-schema-graph\">{\"@context\":\"https:\\\/\\\/schema.org\",\"@graph\":[{\"@type\":\"Article\",\"@id\":\"https:\\\/\\\/canal7slp.tv\\\/2024\\\/canaco-pide-ciclovias-bien-planeadas\\\/#article\",\"isPartOf\":{\"@id\":\"https:\\\/\\\/canal7slp.tv\\\/2024\\\/canaco-pide-ciclovias-bien-planeadas\\\/\"},\"author\":{\"name\":\"Edici\u00f3n Web\",\"@id\":\"https:\\\/\\\/canal7slp.tv\\\/2024\\\/#\\\/schema\\\/person\\\/8ed196a5d61f1300d71d611d9813bae8\"},\"headline\":\"Canaco pide ciclov\u00edas bien planeadas\",\"datePublished\":\"2024-11-26T23:45:08+00:00\",\"dateModified\":\"2024-11-27T03:37:22+00:00\",\"mainEntityOfPage\":{\"@id\":\"https:\\\/\\\/canal7slp.tv\\\/2024\\\/canaco-pide-ciclovias-bien-planeadas\\\/\"},\"wordCount\":202,\"publisher\":{\"@id\":\"https:\\\/\\\/canal7slp.tv\\\/2024\\\/#organization\"},\"image\":{\"@id\":\"https:\\\/\\\/canal7slp.tv\\\/2024\\\/canaco-pide-ciclovias-bien-planeadas\\\/#primaryimage\"},\"thumbnailUrl\":\"https:\\\/\\\/canal7slp.tv\\\/2024\\\/wp-content\\\/uploads\\\/2024\\\/11\\\/Poky0CicloviasCANACO.jpg\",\"articleSection\":[\"DESTACADAS\",\"LOCALES Y REGIONALES\"],\"inLanguage\":\"es\"},{\"@type\":\"WebPage\",\"@id\":\"https:\\\/\\\/canal7slp.tv\\\/2024\\\/canaco-pide-ciclovias-bien-planeadas\\\/\",\"url\":\"https:\\\/\\\/canal7slp.tv\\\/2024\\\/canaco-pide-ciclovias-bien-planeadas\\\/\",\"name\":\"Canaco pide ciclov\u00edas bien planeadas - Canal 7 SLP - 2024\",\"isPartOf\":{\"@id\":\"https:\\\/\\\/canal7slp.tv\\\/2024\\\/#website\"},\"primaryImageOfPage\":{\"@id\":\"https:\\\/\\\/canal7slp.tv\\\/2024\\\/canaco-pide-ciclovias-bien-planeadas\\\/#primaryimage\"},\"image\":{\"@id\":\"https:\\\/\\\/canal7slp.tv\\\/2024\\\/canaco-pide-ciclovias-bien-planeadas\\\/#primaryimage\"},\"thumbnailUrl\":\"https:\\\/\\\/canal7slp.tv\\\/2024\\\/wp-content\\\/uploads\\\/2024\\\/11\\\/Poky0CicloviasCANACO.jpg\",\"datePublished\":\"2024-11-26T23:45:08+00:00\",\"dateModified\":\"2024-11-27T03:37:22+00:00\",\"breadcrumb\":{\"@id\":\"https:\\\/\\\/canal7slp.tv\\\/2024\\\/canaco-pide-ciclovias-bien-planeadas\\\/#breadcrumb\"},\"inLanguage\":\"es\",\"potentialAction\":[{\"@type\":\"ReadAction\",\"target\":[\"https:\\\/\\\/canal7slp.tv\\\/2024\\\/canaco-pide-ciclovias-bien-planeadas\\\/\"]}]},{\"@type\":\"ImageObject\",\"inLanguage\":\"es\",\"@id\":\"https:\\\/\\\/canal7slp.tv\\\/2024\\\/canaco-pide-ciclovias-bien-planeadas\\\/#primaryimage\",\"url\":\"https:\\\/\\\/canal7slp.tv\\\/2024\\\/wp-content\\\/uploads\\\/2024\\\/11\\\/Poky0CicloviasCANACO.jpg\",\"contentUrl\":\"https:\\\/\\\/canal7slp.tv\\\/2024\\\/wp-content\\\/uploads\\\/2024\\\/11\\\/Poky0CicloviasCANACO.jpg\",\"width\":1280,\"height\":720},{\"@type\":\"BreadcrumbList\",\"@id\":\"https:\\\/\\\/canal7slp.tv\\\/2024\\\/canaco-pide-ciclovias-bien-planeadas\\\/#breadcrumb\",\"itemListElement\":[{\"@type\":\"ListItem\",\"position\":1,\"name\":\"Portada\",\"item\":\"https:\\\/\\\/canal7slp.tv\\\/2024\\\/\"},{\"@type\":\"ListItem\",\"position\":2,\"name\":\"Canaco pide ciclov\u00edas bien planeadas\"}]},{\"@type\":\"WebSite\",\"@id\":\"https:\\\/\\\/canal7slp.tv\\\/2024\\\/#website\",\"url\":\"https:\\\/\\\/canal7slp.tv\\\/2024\\\/\",\"name\":\"N7 - Noticieros Canal 7\",\"description\":\"Somos Televisi\u00f3n\",\"publisher\":{\"@id\":\"https:\\\/\\\/canal7slp.tv\\\/2024\\\/#organization\"},\"potentialAction\":[{\"@type\":\"SearchAction\",\"target\":{\"@type\":\"EntryPoint\",\"urlTemplate\":\"https:\\\/\\\/canal7slp.tv\\\/2024\\\/?s={search_term_string}\"},\"query-input\":{\"@type\":\"PropertyValueSpecification\",\"valueRequired\":true,\"valueName\":\"search_term_string\"}}],\"inLanguage\":\"es\"},{\"@type\":\"Organization\",\"@id\":\"https:\\\/\\\/canal7slp.tv\\\/2024\\\/#organization\",\"name\":\"Noticieros Canal 7\",\"url\":\"https:\\\/\\\/canal7slp.tv\\\/2024\\\/\",\"logo\":{\"@type\":\"ImageObject\",\"inLanguage\":\"es\",\"@id\":\"https:\\\/\\\/canal7slp.tv\\\/2024\\\/#\\\/schema\\\/logo\\\/image\\\/\",\"url\":\"https:\\\/\\\/canal7slp.tv\\\/2024\\\/wp-content\\\/uploads\\\/2021\\\/01\\\/logo-noticieros@2x.png\",\"contentUrl\":\"https:\\\/\\\/canal7slp.tv\\\/2024\\\/wp-content\\\/uploads\\\/2021\\\/01\\\/logo-noticieros@2x.png\",\"width\":1017,\"height\":268,\"caption\":\"Noticieros Canal 7\"},\"image\":{\"@id\":\"https:\\\/\\\/canal7slp.tv\\\/2024\\\/#\\\/schema\\\/logo\\\/image\\\/\"},\"sameAs\":[\"https:\\\/\\\/www.facebook.com\\\/noticieroscanal7atencionciudadana\\\/\",\"https:\\\/\\\/x.com\\\/NOTICIEROS7\",\"https:\\\/\\\/www.instagram.com\\\/canal7_slp\",\"https:\\\/\\\/www.youtube.com\\\/channel\\\/UCliiYs-gP3JfJeqdPrNdd5A\"]},{\"@type\":\"Person\",\"@id\":\"https:\\\/\\\/canal7slp.tv\\\/2024\\\/#\\\/schema\\\/person\\\/8ed196a5d61f1300d71d611d9813bae8\",\"name\":\"Edici\u00f3n Web\",\"image\":{\"@type\":\"ImageObject\",\"inLanguage\":\"es\",\"@id\":\"https:\\\/\\\/secure.gravatar.com\\\/avatar\\\/eee448fc3f7164808013b816ba91ac7e43bbe82a70bebac296f8bc6f0addaa1a?s=96&d=mm&r=g\",\"url\":\"https:\\\/\\\/secure.gravatar.com\\\/avatar\\\/eee448fc3f7164808013b816ba91ac7e43bbe82a70bebac296f8bc6f0addaa1a?s=96&d=mm&r=g\",\"contentUrl\":\"https:\\\/\\\/secure.gravatar.com\\\/avatar\\\/eee448fc3f7164808013b816ba91ac7e43bbe82a70bebac296f8bc6f0addaa1a?s=96&d=mm&r=g\",\"caption\":\"Edici\u00f3n Web\"},\"url\":\"https:\\\/\\\/canal7slp.tv\\\/2024\\\/author\\\/edicionweb\\\/\"}]}<\/script>\n<!-- \/ Yoast SEO plugin. -->","yoast_head_json":{"title":"Canaco pide ciclov\u00edas bien planeadas - Canal 7 SLP - 2024","robots":{"index":"index","follow":"follow","max-snippet":"max-snippet:-1","max-image-preview":"max-image-preview:large","max-video-preview":"max-video-preview:-1"},"canonical":"https:\/\/canal7slp.tv\/2024\/canaco-pide-ciclovias-bien-planeadas\/","og_locale":"es_ES","og_type":"article","og_title":"Canaco pide ciclov\u00edas bien planeadas - Canal 7 SLP - 2024","og_description":"SLP.- La C\u00e1mara Nacional de Comercio, Servicios y Turismo en favor de ciclov\u00edas bien pensadas indic\u00f3 su presidente en San Luis Potos\u00ed, Fernando D\u00edaz de L\u00e9on. \u201cCreo que el Implan hizo una buena labor como te comento con la consulta que se dio y despu\u00e9s con el trabajo t\u00e9cnico que hizo el mismo Implan para poder decidir en qu\u00e9 avenidas es viable y en cu\u00e1les no; apoyamos nosotros el tema de movilidad vemos que cada d\u00eda hay m\u00e1s veh\u00edculos en nuestra capital entonces creo que es una alternativa para que los ciudadanos puedan ocupar estas ciclov\u00edas, adem\u00e1s del beneficio a [&hellip;]","og_url":"https:\/\/canal7slp.tv\/2024\/canaco-pide-ciclovias-bien-planeadas\/","og_site_name":"Canal 7 SLP - 2024","article_publisher":"https:\/\/www.facebook.com\/noticieroscanal7atencionciudadana\/","article_published_time":"2024-11-26T23:45:08+00:00","article_modified_time":"2024-11-27T03:37:22+00:00","og_image":[{"width":1280,"height":720,"url":"https:\/\/canal7slp.tv\/2024\/wp-content\/uploads\/2024\/11\/Poky0CicloviasCANACO.jpg","type":"image\/jpeg"}],"author":"Edici\u00f3n Web","twitter_card":"summary_large_image","twitter_creator":"@NOTICIEROS7","twitter_site":"@NOTICIEROS7","twitter_misc":{"Escrito por":"Edici\u00f3n Web","Tiempo de lectura":"2 minutos"},"schema":{"@context":"https:\/\/schema.org","@graph":[{"@type":"Article","@id":"https:\/\/canal7slp.tv\/2024\/canaco-pide-ciclovias-bien-planeadas\/#article","isPartOf":{"@id":"https:\/\/canal7slp.tv\/2024\/canaco-pide-ciclovias-bien-planeadas\/"},"author":{"name":"Edici\u00f3n Web","@id":"https:\/\/canal7slp.tv\/2024\/#\/schema\/person\/8ed196a5d61f1300d71d611d9813bae8"},"headline":"Canaco pide ciclov\u00edas bien planeadas","datePublished":"2024-11-26T23:45:08+00:00","dateModified":"2024-11-27T03:37:22+00:00","mainEntityOfPage":{"@id":"https:\/\/canal7slp.tv\/2024\/canaco-pide-ciclovias-bien-planeadas\/"},"wordCount":202,"publisher":{"@id":"https:\/\/canal7slp.tv\/2024\/#organization"},"image":{"@id":"https:\/\/canal7slp.tv\/2024\/canaco-pide-ciclovias-bien-planeadas\/#primaryimage"},"thumbnailUrl":"https:\/\/canal7slp.tv\/2024\/wp-content\/uploads\/2024\/11\/Poky0CicloviasCANACO.jpg","articleSection":["DESTACADAS","LOCALES Y REGIONALES"],"inLanguage":"es"},{"@type":"WebPage","@id":"https:\/\/canal7slp.tv\/2024\/canaco-pide-ciclovias-bien-planeadas\/","url":"https:\/\/canal7slp.tv\/2024\/canaco-pide-ciclovias-bien-planeadas\/","name":"Canaco pide ciclov\u00edas bien planeadas - Canal 7 SLP - 2024","isPartOf":{"@id":"https:\/\/canal7slp.tv\/2024\/#website"},"primaryImageOfPage":{"@id":"https:\/\/canal7slp.tv\/2024\/canaco-pide-ciclovias-bien-planeadas\/#primaryimage"},"image":{"@id":"https:\/\/canal7slp.tv\/2024\/canaco-pide-ciclovias-bien-planeadas\/#primaryimage"},"thumbnailUrl":"https:\/\/canal7slp.tv\/2024\/wp-content\/uploads\/2024\/11\/Poky0CicloviasCANACO.jpg","datePublished":"2024-11-26T23:45:08+00:00","dateModified":"2024-11-27T03:37:22+00:00","breadcrumb":{"@id":"https:\/\/canal7slp.tv\/2024\/canaco-pide-ciclovias-bien-planeadas\/#breadcrumb"},"inLanguage":"es","potentialAction":[{"@type":"ReadAction","target":["https:\/\/canal7slp.tv\/2024\/canaco-pide-ciclovias-bien-planeadas\/"]}]},{"@type":"ImageObject","inLanguage":"es","@id":"https:\/\/canal7slp.tv\/2024\/canaco-pide-ciclovias-bien-planeadas\/#primaryimage","url":"https:\/\/canal7slp.tv\/2024\/wp-content\/uploads\/2024\/11\/Poky0CicloviasCANACO.jpg","contentUrl":"https:\/\/canal7slp.tv\/2024\/wp-content\/uploads\/2024\/11\/Poky0CicloviasCANACO.jpg","width":1280,"height":720},{"@type":"BreadcrumbList","@id":"https:\/\/canal7slp.tv\/2024\/canaco-pide-ciclovias-bien-planeadas\/#breadcrumb","itemListElement":[{"@type":"ListItem","position":1,"name":"Portada","item":"https:\/\/canal7slp.tv\/2024\/"},{"@type":"ListItem","position":2,"name":"Canaco pide ciclov\u00edas bien planeadas"}]},{"@type":"WebSite","@id":"https:\/\/canal7slp.tv\/2024\/#website","url":"https:\/\/canal7slp.tv\/2024\/","name":"N7 - Noticieros Canal 7","description":"Somos Televisi\u00f3n","publisher":{"@id":"https:\/\/canal7slp.tv\/2024\/#organization"},"potentialAction":[{"@type":"SearchAction","target":{"@type":"EntryPoint","urlTemplate":"https:\/\/canal7slp.tv\/2024\/?s={search_term_string}"},"query-input":{"@type":"PropertyValueSpecification","valueRequired":true,"valueName":"search_term_string"}}],"inLanguage":"es"},{"@type":"Organization","@id":"https:\/\/canal7slp.tv\/2024\/#organization","name":"Noticieros Canal 7","url":"https:\/\/canal7slp.tv\/2024\/","logo":{"@type":"ImageObject","inLanguage":"es","@id":"https:\/\/canal7slp.tv\/2024\/#\/schema\/logo\/image\/","url":"https:\/\/canal7slp.tv\/2024\/wp-content\/uploads\/2021\/01\/logo-noticieros@2x.png","contentUrl":"https:\/\/canal7slp.tv\/2024\/wp-content\/uploads\/2021\/01\/logo-noticieros@2x.png","width":1017,"height":268,"caption":"Noticieros Canal 7"},"image":{"@id":"https:\/\/canal7slp.tv\/2024\/#\/schema\/logo\/image\/"},"sameAs":["https:\/\/www.facebook.com\/noticieroscanal7atencionciudadana\/","https:\/\/x.com\/NOTICIEROS7","https:\/\/www.instagram.com\/canal7_slp","https:\/\/www.youtube.com\/channel\/UCliiYs-gP3JfJeqdPrNdd5A"]},{"@type":"Person","@id":"https:\/\/canal7slp.tv\/2024\/#\/schema\/person\/8ed196a5d61f1300d71d611d9813bae8","name":"Edici\u00f3n Web","image":{"@type":"ImageObject","inLanguage":"es","@id":"https:\/\/secure.gravatar.com\/avatar\/eee448fc3f7164808013b816ba91ac7e43bbe82a70bebac296f8bc6f0addaa1a?s=96&d=mm&r=g","url":"https:\/\/secure.gravatar.com\/avatar\/eee448fc3f7164808013b816ba91ac7e43bbe82a70bebac296f8bc6f0addaa1a?s=96&d=mm&r=g","contentUrl":"https:\/\/secure.gravatar.com\/avatar\/eee448fc3f7164808013b816ba91ac7e43bbe82a70bebac296f8bc6f0addaa1a?s=96&d=mm&r=g","caption":"Edici\u00f3n Web"},"url":"https:\/\/canal7slp.tv\/2024\/author\/edicionweb\/"}]}},"_links":{"self":[{"href":"https:\/\/canal7slp.tv\/2024\/wp-json\/wp\/v2\/posts\/149896","targetHints":{"allow":["GET"]}}],"collection":[{"href":"https:\/\/canal7slp.tv\/2024\/wp-json\/wp\/v2\/posts"}],"about":[{"href":"https:\/\/canal7slp.tv\/2024\/wp-json\/wp\/v2\/types\/post"}],"author":[{"embeddable":true,"href":"https:\/\/canal7slp.tv\/2024\/wp-json\/wp\/v2\/users\/2"}],"replies":[{"embeddable":true,"href":"https:\/\/canal7slp.tv\/2024\/wp-json\/wp\/v2\/comments?post=149896"}],"version-history":[{"count":2,"href":"https:\/\/canal7slp.tv\/2024\/wp-json\/wp\/v2\/posts\/149896\/revisions"}],"predecessor-version":[{"id":149910,"href":"https:\/\/canal7slp.tv\/2024\/wp-json\/wp\/v2\/posts\/149896\/revisions\/149910"}],"wp:featuredmedia":[{"embeddable":true,"href":"https:\/\/canal7slp.tv\/2024\/wp-json\/wp\/v2\/media\/149904"}],"wp:attachment":[{"href":"https:\/\/canal7slp.tv\/2024\/wp-json\/wp\/v2\/media?parent=149896"}],"wp:term":[{"taxonomy":"category","embeddable":true,"href":"https:\/\/canal7slp.tv\/2024\/wp-json\/wp\/v2\/categories?post=149896"},{"taxonomy":"post_tag","embeddable":true,"href":"https:\/\/canal7slp.tv\/2024\/wp-json\/wp\/v2\/tags?post=149896"}],"curies":[{"name":"wp","href":"https:\/\/api.w.org\/{rel}","templated":true}]}}