{"id":138173,"date":"2024-08-01T21:04:57","date_gmt":"2024-08-02T03:04:57","guid":{"rendered":"https:\/\/canal7slp.tv\/2024\/?p=138173"},"modified":"2024-08-05T12:54:52","modified_gmt":"2024-08-05T18:54:52","slug":"signan-carta-compromiso-diputados-locales-electos-de-morena","status":"publish","type":"post","link":"https:\/\/canal7slp.tv\/2024\/signan-carta-compromiso-diputados-locales-electos-de-morena\/","title":{"rendered":"Signan carta compromiso diputados locales electos de MORENA"},"content":{"rendered":"<ul>\n<li>Afirmaron que se conducir\u00e1n bajo los principios de la 4T y presentaron al pr\u00f3ximo coordinador de su bancada en SLP.<\/li>\n<\/ul>\n<p style=\"text-align: justify;\">SLP.- El Comit\u00e9 Ejecutivo Estatal de MORENA present\u00f3 a sus diputados locales electos as\u00ed como al coordinador de la bancada de este partido, para la pr\u00f3xima legislatura local.<\/p>\n<p style=\"text-align: justify;\">Mauricio Rodr\u00edguez, coordinador en San Luis Potos\u00ed de la presidenta electa Claudia Sheinbaum se\u00f1al\u00f3 los criterios por los que fue elegido el coordinador de la bancada morenista.<\/p>\n<p style=\"text-align: justify;\">El ahora coordinador de la bancada de MORENA se\u00f1al\u00f3 las directrices por las que este partido trabajar\u00e1 en la Sexag\u00e9sima Cuarta Legislatura.<\/p>\n<p style=\"text-align: justify;\">En esta presentaci\u00f3n los 6 diputados locales firmaron una carta compromiso para conducirse bajos los principios de la Cuarta Transformaci\u00f3n.<\/p>\n<p style=\"text-align: justify;\">Son 6 los diputados locales electos de este partido: Nancy Garc\u00eda Mart\u00ednez, Cuauhtli Badillo Moreno, Roberto Garc\u00eda Castillo, Gabriela L\u00f3pez Torres, Carlos Arreola Mallol y Emilio Rosas Montiel, todos ellos no mayores de 35 a\u00f1os de edad.<\/p>\n<p style=\"text-align: justify;\">Los diputados locales electos comentaron que estar\u00e1n abiertos con las otras bancadas en la negociaci\u00f3n para ocupar la Directiva del Congreso, y la Junta de Coordinaci\u00f3n Pol\u00edtica.<\/p>\n<p>Por: Claudio Ibarra<\/p>\n","protected":false},"excerpt":{"rendered":"<p>Afirmaron que se conducir\u00e1n bajo los principios de la 4T y presentaron al pr\u00f3ximo coordinador de su bancada en SLP. SLP.- El Comit\u00e9 Ejecutivo Estatal de MORENA present\u00f3 a sus diputados locales electos as\u00ed como al coordinador de la bancada de este partido, para la pr\u00f3xima legislatura local. Mauricio Rodr\u00edguez, coordinador en San Luis Potos\u00ed de la presidenta electa Claudia Sheinbaum se\u00f1al\u00f3 los criterios por los que fue elegido el coordinador de la bancada morenista. El ahora coordinador de la bancada de MORENA se\u00f1al\u00f3 las directrices por las que este partido trabajar\u00e1 en la Sexag\u00e9sima Cuarta Legislatura. En esta presentaci\u00f3n [&hellip;]<\/p>\n","protected":false},"author":2,"featured_media":138207,"comment_status":"closed","ping_status":"closed","sticky":false,"template":"","format":"video","meta":{"_monsterinsights_skip_tracking":false,"_monsterinsights_sitenote_active":false,"_monsterinsights_sitenote_note":"","_monsterinsights_sitenote_category":0,"footnotes":""},"categories":[5,45],"tags":[],"class_list":["post-138173","post","type-post","status-publish","format-video","has-post-thumbnail","hentry","category-destacadas","category-localesyregionales","post_format-post-format-video","post--single"],"yoast_head":"<!-- This site is optimized with the Yoast SEO plugin v27.5 - https:\/\/yoast.com\/product\/yoast-seo-wordpress\/ -->\n<title>Signan carta compromiso diputados locales electos de MORENA - Canal 7 SLP - 2024<\/title>\n<meta name=\"robots\" content=\"index, follow, max-snippet:-1, max-image-preview:large, max-video-preview:-1\" \/>\n<link rel=\"canonical\" href=\"https:\/\/canal7slp.tv\/2024\/signan-carta-compromiso-diputados-locales-electos-de-morena\/\" \/>\n<meta property=\"og:locale\" content=\"es_ES\" \/>\n<meta property=\"og:type\" content=\"article\" \/>\n<meta property=\"og:title\" content=\"Signan carta compromiso diputados locales electos de MORENA - Canal 7 SLP - 2024\" \/>\n<meta property=\"og:description\" content=\"Afirmaron que se conducir\u00e1n bajo los principios de la 4T y presentaron al pr\u00f3ximo coordinador de su bancada en SLP. SLP.- El Comit\u00e9 Ejecutivo Estatal de MORENA present\u00f3 a sus diputados locales electos as\u00ed como al coordinador de la bancada de este partido, para la pr\u00f3xima legislatura local. Mauricio Rodr\u00edguez, coordinador en San Luis Potos\u00ed de la presidenta electa Claudia Sheinbaum se\u00f1al\u00f3 los criterios por los que fue elegido el coordinador de la bancada morenista. El ahora coordinador de la bancada de MORENA se\u00f1al\u00f3 las directrices por las que este partido trabajar\u00e1 en la Sexag\u00e9sima Cuarta Legislatura. En esta presentaci\u00f3n [&hellip;]\" \/>\n<meta property=\"og:url\" content=\"https:\/\/canal7slp.tv\/2024\/signan-carta-compromiso-diputados-locales-electos-de-morena\/\" \/>\n<meta property=\"og:site_name\" content=\"Canal 7 SLP - 2024\" \/>\n<meta property=\"article:publisher\" content=\"https:\/\/www.facebook.com\/noticieroscanal7atencionciudadana\/\" \/>\n<meta property=\"article:published_time\" content=\"2024-08-02T03:04:57+00:00\" \/>\n<meta property=\"article:modified_time\" content=\"2024-08-05T18:54:52+00:00\" \/>\n<meta property=\"og:image\" content=\"https:\/\/canal7slp.tv\/2024\/wp-content\/uploads\/2024\/08\/Claudio0DiputadosMorenos.jpg\" \/>\n\t<meta property=\"og:image:width\" content=\"1280\" \/>\n\t<meta property=\"og:image:height\" content=\"720\" \/>\n\t<meta property=\"og:image:type\" content=\"image\/jpeg\" \/>\n<meta name=\"author\" content=\"Edici\u00f3n Web\" \/>\n<meta name=\"twitter:card\" content=\"summary_large_image\" \/>\n<meta name=\"twitter:creator\" content=\"@NOTICIEROS7\" \/>\n<meta name=\"twitter:site\" content=\"@NOTICIEROS7\" \/>\n<meta name=\"twitter:label1\" content=\"Escrito por\" \/>\n\t<meta name=\"twitter:data1\" content=\"Edici\u00f3n Web\" \/>\n\t<meta name=\"twitter:label2\" content=\"Tiempo de lectura\" \/>\n\t<meta name=\"twitter:data2\" content=\"2 minutos\" \/>\n<script type=\"application\/ld+json\" class=\"yoast-schema-graph\">{\"@context\":\"https:\\\/\\\/schema.org\",\"@graph\":[{\"@type\":\"Article\",\"@id\":\"https:\\\/\\\/canal7slp.tv\\\/2024\\\/signan-carta-compromiso-diputados-locales-electos-de-morena\\\/#article\",\"isPartOf\":{\"@id\":\"https:\\\/\\\/canal7slp.tv\\\/2024\\\/signan-carta-compromiso-diputados-locales-electos-de-morena\\\/\"},\"author\":{\"name\":\"Edici\u00f3n Web\",\"@id\":\"https:\\\/\\\/canal7slp.tv\\\/2024\\\/#\\\/schema\\\/person\\\/8ed196a5d61f1300d71d611d9813bae8\"},\"headline\":\"Signan carta compromiso diputados locales electos de MORENA\",\"datePublished\":\"2024-08-02T03:04:57+00:00\",\"dateModified\":\"2024-08-05T18:54:52+00:00\",\"mainEntityOfPage\":{\"@id\":\"https:\\\/\\\/canal7slp.tv\\\/2024\\\/signan-carta-compromiso-diputados-locales-electos-de-morena\\\/\"},\"wordCount\":208,\"publisher\":{\"@id\":\"https:\\\/\\\/canal7slp.tv\\\/2024\\\/#organization\"},\"image\":{\"@id\":\"https:\\\/\\\/canal7slp.tv\\\/2024\\\/signan-carta-compromiso-diputados-locales-electos-de-morena\\\/#primaryimage\"},\"thumbnailUrl\":\"https:\\\/\\\/canal7slp.tv\\\/2024\\\/wp-content\\\/uploads\\\/2024\\\/08\\\/Claudio0DiputadosMorenos.jpg\",\"articleSection\":[\"DESTACADAS\",\"LOCALES Y REGIONALES\"],\"inLanguage\":\"es\"},{\"@type\":\"WebPage\",\"@id\":\"https:\\\/\\\/canal7slp.tv\\\/2024\\\/signan-carta-compromiso-diputados-locales-electos-de-morena\\\/\",\"url\":\"https:\\\/\\\/canal7slp.tv\\\/2024\\\/signan-carta-compromiso-diputados-locales-electos-de-morena\\\/\",\"name\":\"Signan carta compromiso diputados locales electos de MORENA - Canal 7 SLP - 2024\",\"isPartOf\":{\"@id\":\"https:\\\/\\\/canal7slp.tv\\\/2024\\\/#website\"},\"primaryImageOfPage\":{\"@id\":\"https:\\\/\\\/canal7slp.tv\\\/2024\\\/signan-carta-compromiso-diputados-locales-electos-de-morena\\\/#primaryimage\"},\"image\":{\"@id\":\"https:\\\/\\\/canal7slp.tv\\\/2024\\\/signan-carta-compromiso-diputados-locales-electos-de-morena\\\/#primaryimage\"},\"thumbnailUrl\":\"https:\\\/\\\/canal7slp.tv\\\/2024\\\/wp-content\\\/uploads\\\/2024\\\/08\\\/Claudio0DiputadosMorenos.jpg\",\"datePublished\":\"2024-08-02T03:04:57+00:00\",\"dateModified\":\"2024-08-05T18:54:52+00:00\",\"breadcrumb\":{\"@id\":\"https:\\\/\\\/canal7slp.tv\\\/2024\\\/signan-carta-compromiso-diputados-locales-electos-de-morena\\\/#breadcrumb\"},\"inLanguage\":\"es\",\"potentialAction\":[{\"@type\":\"ReadAction\",\"target\":[\"https:\\\/\\\/canal7slp.tv\\\/2024\\\/signan-carta-compromiso-diputados-locales-electos-de-morena\\\/\"]}]},{\"@type\":\"ImageObject\",\"inLanguage\":\"es\",\"@id\":\"https:\\\/\\\/canal7slp.tv\\\/2024\\\/signan-carta-compromiso-diputados-locales-electos-de-morena\\\/#primaryimage\",\"url\":\"https:\\\/\\\/canal7slp.tv\\\/2024\\\/wp-content\\\/uploads\\\/2024\\\/08\\\/Claudio0DiputadosMorenos.jpg\",\"contentUrl\":\"https:\\\/\\\/canal7slp.tv\\\/2024\\\/wp-content\\\/uploads\\\/2024\\\/08\\\/Claudio0DiputadosMorenos.jpg\",\"width\":1280,\"height\":720},{\"@type\":\"BreadcrumbList\",\"@id\":\"https:\\\/\\\/canal7slp.tv\\\/2024\\\/signan-carta-compromiso-diputados-locales-electos-de-morena\\\/#breadcrumb\",\"itemListElement\":[{\"@type\":\"ListItem\",\"position\":1,\"name\":\"Portada\",\"item\":\"https:\\\/\\\/canal7slp.tv\\\/2024\\\/\"},{\"@type\":\"ListItem\",\"position\":2,\"name\":\"Signan carta compromiso diputados locales electos de MORENA\"}]},{\"@type\":\"WebSite\",\"@id\":\"https:\\\/\\\/canal7slp.tv\\\/2024\\\/#website\",\"url\":\"https:\\\/\\\/canal7slp.tv\\\/2024\\\/\",\"name\":\"N7 - Noticieros Canal 7\",\"description\":\"Somos Televisi\u00f3n\",\"publisher\":{\"@id\":\"https:\\\/\\\/canal7slp.tv\\\/2024\\\/#organization\"},\"potentialAction\":[{\"@type\":\"SearchAction\",\"target\":{\"@type\":\"EntryPoint\",\"urlTemplate\":\"https:\\\/\\\/canal7slp.tv\\\/2024\\\/?s={search_term_string}\"},\"query-input\":{\"@type\":\"PropertyValueSpecification\",\"valueRequired\":true,\"valueName\":\"search_term_string\"}}],\"inLanguage\":\"es\"},{\"@type\":\"Organization\",\"@id\":\"https:\\\/\\\/canal7slp.tv\\\/2024\\\/#organization\",\"name\":\"Noticieros Canal 7\",\"url\":\"https:\\\/\\\/canal7slp.tv\\\/2024\\\/\",\"logo\":{\"@type\":\"ImageObject\",\"inLanguage\":\"es\",\"@id\":\"https:\\\/\\\/canal7slp.tv\\\/2024\\\/#\\\/schema\\\/logo\\\/image\\\/\",\"url\":\"https:\\\/\\\/canal7slp.tv\\\/2024\\\/wp-content\\\/uploads\\\/2021\\\/01\\\/logo-noticieros@2x.png\",\"contentUrl\":\"https:\\\/\\\/canal7slp.tv\\\/2024\\\/wp-content\\\/uploads\\\/2021\\\/01\\\/logo-noticieros@2x.png\",\"width\":1017,\"height\":268,\"caption\":\"Noticieros Canal 7\"},\"image\":{\"@id\":\"https:\\\/\\\/canal7slp.tv\\\/2024\\\/#\\\/schema\\\/logo\\\/image\\\/\"},\"sameAs\":[\"https:\\\/\\\/www.facebook.com\\\/noticieroscanal7atencionciudadana\\\/\",\"https:\\\/\\\/x.com\\\/NOTICIEROS7\",\"https:\\\/\\\/www.instagram.com\\\/canal7_slp\",\"https:\\\/\\\/www.youtube.com\\\/channel\\\/UCliiYs-gP3JfJeqdPrNdd5A\"]},{\"@type\":\"Person\",\"@id\":\"https:\\\/\\\/canal7slp.tv\\\/2024\\\/#\\\/schema\\\/person\\\/8ed196a5d61f1300d71d611d9813bae8\",\"name\":\"Edici\u00f3n Web\",\"image\":{\"@type\":\"ImageObject\",\"inLanguage\":\"es\",\"@id\":\"https:\\\/\\\/secure.gravatar.com\\\/avatar\\\/eee448fc3f7164808013b816ba91ac7e43bbe82a70bebac296f8bc6f0addaa1a?s=96&d=mm&r=g\",\"url\":\"https:\\\/\\\/secure.gravatar.com\\\/avatar\\\/eee448fc3f7164808013b816ba91ac7e43bbe82a70bebac296f8bc6f0addaa1a?s=96&d=mm&r=g\",\"contentUrl\":\"https:\\\/\\\/secure.gravatar.com\\\/avatar\\\/eee448fc3f7164808013b816ba91ac7e43bbe82a70bebac296f8bc6f0addaa1a?s=96&d=mm&r=g\",\"caption\":\"Edici\u00f3n Web\"},\"url\":\"https:\\\/\\\/canal7slp.tv\\\/2024\\\/author\\\/edicionweb\\\/\"}]}<\/script>\n<!-- \/ Yoast SEO plugin. -->","yoast_head_json":{"title":"Signan carta compromiso diputados locales electos de MORENA - Canal 7 SLP - 2024","robots":{"index":"index","follow":"follow","max-snippet":"max-snippet:-1","max-image-preview":"max-image-preview:large","max-video-preview":"max-video-preview:-1"},"canonical":"https:\/\/canal7slp.tv\/2024\/signan-carta-compromiso-diputados-locales-electos-de-morena\/","og_locale":"es_ES","og_type":"article","og_title":"Signan carta compromiso diputados locales electos de MORENA - Canal 7 SLP - 2024","og_description":"Afirmaron que se conducir\u00e1n bajo los principios de la 4T y presentaron al pr\u00f3ximo coordinador de su bancada en SLP. SLP.- El Comit\u00e9 Ejecutivo Estatal de MORENA present\u00f3 a sus diputados locales electos as\u00ed como al coordinador de la bancada de este partido, para la pr\u00f3xima legislatura local. Mauricio Rodr\u00edguez, coordinador en San Luis Potos\u00ed de la presidenta electa Claudia Sheinbaum se\u00f1al\u00f3 los criterios por los que fue elegido el coordinador de la bancada morenista. El ahora coordinador de la bancada de MORENA se\u00f1al\u00f3 las directrices por las que este partido trabajar\u00e1 en la Sexag\u00e9sima Cuarta Legislatura. En esta presentaci\u00f3n [&hellip;]","og_url":"https:\/\/canal7slp.tv\/2024\/signan-carta-compromiso-diputados-locales-electos-de-morena\/","og_site_name":"Canal 7 SLP - 2024","article_publisher":"https:\/\/www.facebook.com\/noticieroscanal7atencionciudadana\/","article_published_time":"2024-08-02T03:04:57+00:00","article_modified_time":"2024-08-05T18:54:52+00:00","og_image":[{"width":1280,"height":720,"url":"https:\/\/canal7slp.tv\/2024\/wp-content\/uploads\/2024\/08\/Claudio0DiputadosMorenos.jpg","type":"image\/jpeg"}],"author":"Edici\u00f3n Web","twitter_card":"summary_large_image","twitter_creator":"@NOTICIEROS7","twitter_site":"@NOTICIEROS7","twitter_misc":{"Escrito por":"Edici\u00f3n Web","Tiempo de lectura":"2 minutos"},"schema":{"@context":"https:\/\/schema.org","@graph":[{"@type":"Article","@id":"https:\/\/canal7slp.tv\/2024\/signan-carta-compromiso-diputados-locales-electos-de-morena\/#article","isPartOf":{"@id":"https:\/\/canal7slp.tv\/2024\/signan-carta-compromiso-diputados-locales-electos-de-morena\/"},"author":{"name":"Edici\u00f3n Web","@id":"https:\/\/canal7slp.tv\/2024\/#\/schema\/person\/8ed196a5d61f1300d71d611d9813bae8"},"headline":"Signan carta compromiso diputados locales electos de MORENA","datePublished":"2024-08-02T03:04:57+00:00","dateModified":"2024-08-05T18:54:52+00:00","mainEntityOfPage":{"@id":"https:\/\/canal7slp.tv\/2024\/signan-carta-compromiso-diputados-locales-electos-de-morena\/"},"wordCount":208,"publisher":{"@id":"https:\/\/canal7slp.tv\/2024\/#organization"},"image":{"@id":"https:\/\/canal7slp.tv\/2024\/signan-carta-compromiso-diputados-locales-electos-de-morena\/#primaryimage"},"thumbnailUrl":"https:\/\/canal7slp.tv\/2024\/wp-content\/uploads\/2024\/08\/Claudio0DiputadosMorenos.jpg","articleSection":["DESTACADAS","LOCALES Y REGIONALES"],"inLanguage":"es"},{"@type":"WebPage","@id":"https:\/\/canal7slp.tv\/2024\/signan-carta-compromiso-diputados-locales-electos-de-morena\/","url":"https:\/\/canal7slp.tv\/2024\/signan-carta-compromiso-diputados-locales-electos-de-morena\/","name":"Signan carta compromiso diputados locales electos de MORENA - Canal 7 SLP - 2024","isPartOf":{"@id":"https:\/\/canal7slp.tv\/2024\/#website"},"primaryImageOfPage":{"@id":"https:\/\/canal7slp.tv\/2024\/signan-carta-compromiso-diputados-locales-electos-de-morena\/#primaryimage"},"image":{"@id":"https:\/\/canal7slp.tv\/2024\/signan-carta-compromiso-diputados-locales-electos-de-morena\/#primaryimage"},"thumbnailUrl":"https:\/\/canal7slp.tv\/2024\/wp-content\/uploads\/2024\/08\/Claudio0DiputadosMorenos.jpg","datePublished":"2024-08-02T03:04:57+00:00","dateModified":"2024-08-05T18:54:52+00:00","breadcrumb":{"@id":"https:\/\/canal7slp.tv\/2024\/signan-carta-compromiso-diputados-locales-electos-de-morena\/#breadcrumb"},"inLanguage":"es","potentialAction":[{"@type":"ReadAction","target":["https:\/\/canal7slp.tv\/2024\/signan-carta-compromiso-diputados-locales-electos-de-morena\/"]}]},{"@type":"ImageObject","inLanguage":"es","@id":"https:\/\/canal7slp.tv\/2024\/signan-carta-compromiso-diputados-locales-electos-de-morena\/#primaryimage","url":"https:\/\/canal7slp.tv\/2024\/wp-content\/uploads\/2024\/08\/Claudio0DiputadosMorenos.jpg","contentUrl":"https:\/\/canal7slp.tv\/2024\/wp-content\/uploads\/2024\/08\/Claudio0DiputadosMorenos.jpg","width":1280,"height":720},{"@type":"BreadcrumbList","@id":"https:\/\/canal7slp.tv\/2024\/signan-carta-compromiso-diputados-locales-electos-de-morena\/#breadcrumb","itemListElement":[{"@type":"ListItem","position":1,"name":"Portada","item":"https:\/\/canal7slp.tv\/2024\/"},{"@type":"ListItem","position":2,"name":"Signan carta compromiso diputados locales electos de MORENA"}]},{"@type":"WebSite","@id":"https:\/\/canal7slp.tv\/2024\/#website","url":"https:\/\/canal7slp.tv\/2024\/","name":"N7 - Noticieros Canal 7","description":"Somos Televisi\u00f3n","publisher":{"@id":"https:\/\/canal7slp.tv\/2024\/#organization"},"potentialAction":[{"@type":"SearchAction","target":{"@type":"EntryPoint","urlTemplate":"https:\/\/canal7slp.tv\/2024\/?s={search_term_string}"},"query-input":{"@type":"PropertyValueSpecification","valueRequired":true,"valueName":"search_term_string"}}],"inLanguage":"es"},{"@type":"Organization","@id":"https:\/\/canal7slp.tv\/2024\/#organization","name":"Noticieros Canal 7","url":"https:\/\/canal7slp.tv\/2024\/","logo":{"@type":"ImageObject","inLanguage":"es","@id":"https:\/\/canal7slp.tv\/2024\/#\/schema\/logo\/image\/","url":"https:\/\/canal7slp.tv\/2024\/wp-content\/uploads\/2021\/01\/logo-noticieros@2x.png","contentUrl":"https:\/\/canal7slp.tv\/2024\/wp-content\/uploads\/2021\/01\/logo-noticieros@2x.png","width":1017,"height":268,"caption":"Noticieros Canal 7"},"image":{"@id":"https:\/\/canal7slp.tv\/2024\/#\/schema\/logo\/image\/"},"sameAs":["https:\/\/www.facebook.com\/noticieroscanal7atencionciudadana\/","https:\/\/x.com\/NOTICIEROS7","https:\/\/www.instagram.com\/canal7_slp","https:\/\/www.youtube.com\/channel\/UCliiYs-gP3JfJeqdPrNdd5A"]},{"@type":"Person","@id":"https:\/\/canal7slp.tv\/2024\/#\/schema\/person\/8ed196a5d61f1300d71d611d9813bae8","name":"Edici\u00f3n Web","image":{"@type":"ImageObject","inLanguage":"es","@id":"https:\/\/secure.gravatar.com\/avatar\/eee448fc3f7164808013b816ba91ac7e43bbe82a70bebac296f8bc6f0addaa1a?s=96&d=mm&r=g","url":"https:\/\/secure.gravatar.com\/avatar\/eee448fc3f7164808013b816ba91ac7e43bbe82a70bebac296f8bc6f0addaa1a?s=96&d=mm&r=g","contentUrl":"https:\/\/secure.gravatar.com\/avatar\/eee448fc3f7164808013b816ba91ac7e43bbe82a70bebac296f8bc6f0addaa1a?s=96&d=mm&r=g","caption":"Edici\u00f3n Web"},"url":"https:\/\/canal7slp.tv\/2024\/author\/edicionweb\/"}]}},"_links":{"self":[{"href":"https:\/\/canal7slp.tv\/2024\/wp-json\/wp\/v2\/posts\/138173","targetHints":{"allow":["GET"]}}],"collection":[{"href":"https:\/\/canal7slp.tv\/2024\/wp-json\/wp\/v2\/posts"}],"about":[{"href":"https:\/\/canal7slp.tv\/2024\/wp-json\/wp\/v2\/types\/post"}],"author":[{"embeddable":true,"href":"https:\/\/canal7slp.tv\/2024\/wp-json\/wp\/v2\/users\/2"}],"replies":[{"embeddable":true,"href":"https:\/\/canal7slp.tv\/2024\/wp-json\/wp\/v2\/comments?post=138173"}],"version-history":[{"count":2,"href":"https:\/\/canal7slp.tv\/2024\/wp-json\/wp\/v2\/posts\/138173\/revisions"}],"predecessor-version":[{"id":138218,"href":"https:\/\/canal7slp.tv\/2024\/wp-json\/wp\/v2\/posts\/138173\/revisions\/138218"}],"wp:featuredmedia":[{"embeddable":true,"href":"https:\/\/canal7slp.tv\/2024\/wp-json\/wp\/v2\/media\/138207"}],"wp:attachment":[{"href":"https:\/\/canal7slp.tv\/2024\/wp-json\/wp\/v2\/media?parent=138173"}],"wp:term":[{"taxonomy":"category","embeddable":true,"href":"https:\/\/canal7slp.tv\/2024\/wp-json\/wp\/v2\/categories?post=138173"},{"taxonomy":"post_tag","embeddable":true,"href":"https:\/\/canal7slp.tv\/2024\/wp-json\/wp\/v2\/tags?post=138173"}],"curies":[{"name":"wp","href":"https:\/\/api.w.org\/{rel}","templated":true}]}}