{"id":138008,"date":"2024-07-31T15:25:26","date_gmt":"2024-07-31T21:25:26","guid":{"rendered":"https:\/\/canal7slp.tv\/2024\/?p=138008"},"modified":"2024-07-31T17:15:43","modified_gmt":"2024-07-31T23:15:43","slug":"prepara-claudia-sheinbaum-plan-para-primeros-100-dias-de-gobierno","status":"publish","type":"post","link":"https:\/\/canal7slp.tv\/2024\/prepara-claudia-sheinbaum-plan-para-primeros-100-dias-de-gobierno\/","title":{"rendered":"Prepara Claudia Sheinbaum plan para primeros 100 d\u00edas de gobierno"},"content":{"rendered":"<p style=\"text-align: justify;\">M\u00e9xico.- La presidenta electa, Claudia Sheinbaum Pardo, est\u00e1 preparando su plan de trabajo para los primeros 100 d\u00edas de su administraci\u00f3n. En una reciente conferencia, anunci\u00f3 que la pr\u00f3xima semana se reunir\u00e1 con su gabinete para discutir estrategias y dar instrucciones sobre diversas \u00e1reas de gobierno.<\/p>\n<p style=\"text-align: justify;\">Sheinbaum Pardo ha se\u00f1alado que su enfoque inicial abarcar\u00e1 temas cruciales como salud, bienestar, vivienda y apoyo a personas mayores. Adem\u00e1s, est\u00e1 trabajando en el presupuesto de egresos para 2025, en colaboraci\u00f3n con el secretario de Hacienda, Rogelio Ram\u00edrez de la O.<\/p>\n<p style=\"text-align: justify;\">La mandataria electa tambi\u00e9n planea mantener encuentros con gobernadores de diferentes estados para coordinar proyectos de infraestructura, especialmente aquellos relacionados con la construcci\u00f3n de nuevos trenes de pasajeros. \u00abBuscaremos reunirnos con ellos a partir de la pr\u00f3xima semana\u00bb, coment\u00f3 al llegar a su oficina.<\/p>\n<p style=\"text-align: justify;\">En el marco de su preparaci\u00f3n, Sheinbaum ha estado en contacto con padres de estudiantes desaparecidos de Ayotzinapa, reafirmando su compromiso de no dejar el caso sin atenci\u00f3n y de buscar justicia. Asimismo, ha destacado los avances en las investigaciones que han llevado a la detenci\u00f3n de varios implicados en el caso.<\/p>\n<p style=\"text-align: justify;\">Durante su periodo de transici\u00f3n, la presidenta electa ha enfatizado la importancia de establecer un plan claro que contemple acciones concretas para su gobierno, incluyendo iniciativas en \u00e1reas como la educaci\u00f3n, la econom\u00eda y la atenci\u00f3n a la pobreza.<\/p>\n<p style=\"text-align: justify;\">Con la intenci\u00f3n de comunicar su visi\u00f3n de manera efectiva, Sheinbaum prev\u00e9 realizar anuncios significativos en sus primeros d\u00edas de mandato, buscando establecer un di\u00e1logo abierto con la sociedad y los diferentes sectores del pa\u00eds.<\/p>\n","protected":false},"excerpt":{"rendered":"<p>M\u00e9xico.- La presidenta electa, Claudia Sheinbaum Pardo, est\u00e1 preparando su plan de trabajo para los primeros 100 d\u00edas de su administraci\u00f3n. En una reciente conferencia, anunci\u00f3 que la pr\u00f3xima semana se reunir\u00e1 con su gabinete para discutir estrategias y dar instrucciones sobre diversas \u00e1reas de gobierno. Sheinbaum Pardo ha se\u00f1alado que su enfoque inicial abarcar\u00e1 temas cruciales como salud, bienestar, vivienda y apoyo a personas mayores. Adem\u00e1s, est\u00e1 trabajando en el presupuesto de egresos para 2025, en colaboraci\u00f3n con el secretario de Hacienda, Rogelio Ram\u00edrez de la O. La mandataria electa tambi\u00e9n planea mantener encuentros con gobernadores de diferentes estados [&hellip;]<\/p>\n","protected":false},"author":2,"featured_media":138026,"comment_status":"closed","ping_status":"closed","sticky":false,"template":"","format":"standard","meta":{"_monsterinsights_skip_tracking":false,"_monsterinsights_sitenote_active":false,"_monsterinsights_sitenote_note":"","_monsterinsights_sitenote_category":0,"footnotes":""},"categories":[1],"tags":[],"class_list":["post-138008","post","type-post","status-publish","format-standard","has-post-thumbnail","hentry","category-uncategorized","post--single"],"yoast_head":"<!-- This site is optimized with the Yoast SEO plugin v27.5 - https:\/\/yoast.com\/product\/yoast-seo-wordpress\/ -->\n<title>Prepara Claudia Sheinbaum plan para primeros 100 d\u00edas de gobierno - Canal 7 SLP - 2024<\/title>\n<meta name=\"robots\" content=\"index, follow, max-snippet:-1, max-image-preview:large, max-video-preview:-1\" \/>\n<link rel=\"canonical\" href=\"https:\/\/canal7slp.tv\/2024\/prepara-claudia-sheinbaum-plan-para-primeros-100-dias-de-gobierno\/\" \/>\n<meta property=\"og:locale\" content=\"es_ES\" \/>\n<meta property=\"og:type\" content=\"article\" \/>\n<meta property=\"og:title\" content=\"Prepara Claudia Sheinbaum plan para primeros 100 d\u00edas de gobierno - Canal 7 SLP - 2024\" \/>\n<meta property=\"og:description\" content=\"M\u00e9xico.- La presidenta electa, Claudia Sheinbaum Pardo, est\u00e1 preparando su plan de trabajo para los primeros 100 d\u00edas de su administraci\u00f3n. En una reciente conferencia, anunci\u00f3 que la pr\u00f3xima semana se reunir\u00e1 con su gabinete para discutir estrategias y dar instrucciones sobre diversas \u00e1reas de gobierno. Sheinbaum Pardo ha se\u00f1alado que su enfoque inicial abarcar\u00e1 temas cruciales como salud, bienestar, vivienda y apoyo a personas mayores. Adem\u00e1s, est\u00e1 trabajando en el presupuesto de egresos para 2025, en colaboraci\u00f3n con el secretario de Hacienda, Rogelio Ram\u00edrez de la O. La mandataria electa tambi\u00e9n planea mantener encuentros con gobernadores de diferentes estados [&hellip;]\" \/>\n<meta property=\"og:url\" content=\"https:\/\/canal7slp.tv\/2024\/prepara-claudia-sheinbaum-plan-para-primeros-100-dias-de-gobierno\/\" \/>\n<meta property=\"og:site_name\" content=\"Canal 7 SLP - 2024\" \/>\n<meta property=\"article:publisher\" content=\"https:\/\/www.facebook.com\/noticieroscanal7atencionciudadana\/\" \/>\n<meta property=\"article:published_time\" content=\"2024-07-31T21:25:26+00:00\" \/>\n<meta property=\"article:modified_time\" content=\"2024-07-31T23:15:43+00:00\" \/>\n<meta property=\"og:image\" content=\"https:\/\/canal7slp.tv\/2024\/wp-content\/uploads\/2024\/07\/06-3.jpeg\" \/>\n\t<meta property=\"og:image:width\" content=\"1200\" \/>\n\t<meta property=\"og:image:height\" content=\"800\" \/>\n\t<meta property=\"og:image:type\" content=\"image\/jpeg\" \/>\n<meta name=\"author\" content=\"Edici\u00f3n Web\" \/>\n<meta name=\"twitter:card\" content=\"summary_large_image\" \/>\n<meta name=\"twitter:creator\" content=\"@NOTICIEROS7\" \/>\n<meta name=\"twitter:site\" content=\"@NOTICIEROS7\" \/>\n<meta name=\"twitter:label1\" content=\"Escrito por\" \/>\n\t<meta name=\"twitter:data1\" content=\"Edici\u00f3n Web\" \/>\n\t<meta name=\"twitter:label2\" content=\"Tiempo de lectura\" \/>\n\t<meta name=\"twitter:data2\" content=\"2 minutos\" \/>\n<script type=\"application\/ld+json\" class=\"yoast-schema-graph\">{\"@context\":\"https:\\\/\\\/schema.org\",\"@graph\":[{\"@type\":\"Article\",\"@id\":\"https:\\\/\\\/canal7slp.tv\\\/2024\\\/prepara-claudia-sheinbaum-plan-para-primeros-100-dias-de-gobierno\\\/#article\",\"isPartOf\":{\"@id\":\"https:\\\/\\\/canal7slp.tv\\\/2024\\\/prepara-claudia-sheinbaum-plan-para-primeros-100-dias-de-gobierno\\\/\"},\"author\":{\"name\":\"Edici\u00f3n Web\",\"@id\":\"https:\\\/\\\/canal7slp.tv\\\/2024\\\/#\\\/schema\\\/person\\\/8ed196a5d61f1300d71d611d9813bae8\"},\"headline\":\"Prepara Claudia Sheinbaum plan para primeros 100 d\u00edas de gobierno\",\"datePublished\":\"2024-07-31T21:25:26+00:00\",\"dateModified\":\"2024-07-31T23:15:43+00:00\",\"mainEntityOfPage\":{\"@id\":\"https:\\\/\\\/canal7slp.tv\\\/2024\\\/prepara-claudia-sheinbaum-plan-para-primeros-100-dias-de-gobierno\\\/\"},\"wordCount\":290,\"publisher\":{\"@id\":\"https:\\\/\\\/canal7slp.tv\\\/2024\\\/#organization\"},\"image\":{\"@id\":\"https:\\\/\\\/canal7slp.tv\\\/2024\\\/prepara-claudia-sheinbaum-plan-para-primeros-100-dias-de-gobierno\\\/#primaryimage\"},\"thumbnailUrl\":\"https:\\\/\\\/canal7slp.tv\\\/2024\\\/wp-content\\\/uploads\\\/2024\\\/07\\\/06-3.jpeg\",\"articleSection\":[\"Uncategorized\"],\"inLanguage\":\"es\"},{\"@type\":\"WebPage\",\"@id\":\"https:\\\/\\\/canal7slp.tv\\\/2024\\\/prepara-claudia-sheinbaum-plan-para-primeros-100-dias-de-gobierno\\\/\",\"url\":\"https:\\\/\\\/canal7slp.tv\\\/2024\\\/prepara-claudia-sheinbaum-plan-para-primeros-100-dias-de-gobierno\\\/\",\"name\":\"Prepara Claudia Sheinbaum plan para primeros 100 d\u00edas de gobierno - Canal 7 SLP - 2024\",\"isPartOf\":{\"@id\":\"https:\\\/\\\/canal7slp.tv\\\/2024\\\/#website\"},\"primaryImageOfPage\":{\"@id\":\"https:\\\/\\\/canal7slp.tv\\\/2024\\\/prepara-claudia-sheinbaum-plan-para-primeros-100-dias-de-gobierno\\\/#primaryimage\"},\"image\":{\"@id\":\"https:\\\/\\\/canal7slp.tv\\\/2024\\\/prepara-claudia-sheinbaum-plan-para-primeros-100-dias-de-gobierno\\\/#primaryimage\"},\"thumbnailUrl\":\"https:\\\/\\\/canal7slp.tv\\\/2024\\\/wp-content\\\/uploads\\\/2024\\\/07\\\/06-3.jpeg\",\"datePublished\":\"2024-07-31T21:25:26+00:00\",\"dateModified\":\"2024-07-31T23:15:43+00:00\",\"breadcrumb\":{\"@id\":\"https:\\\/\\\/canal7slp.tv\\\/2024\\\/prepara-claudia-sheinbaum-plan-para-primeros-100-dias-de-gobierno\\\/#breadcrumb\"},\"inLanguage\":\"es\",\"potentialAction\":[{\"@type\":\"ReadAction\",\"target\":[\"https:\\\/\\\/canal7slp.tv\\\/2024\\\/prepara-claudia-sheinbaum-plan-para-primeros-100-dias-de-gobierno\\\/\"]}]},{\"@type\":\"ImageObject\",\"inLanguage\":\"es\",\"@id\":\"https:\\\/\\\/canal7slp.tv\\\/2024\\\/prepara-claudia-sheinbaum-plan-para-primeros-100-dias-de-gobierno\\\/#primaryimage\",\"url\":\"https:\\\/\\\/canal7slp.tv\\\/2024\\\/wp-content\\\/uploads\\\/2024\\\/07\\\/06-3.jpeg\",\"contentUrl\":\"https:\\\/\\\/canal7slp.tv\\\/2024\\\/wp-content\\\/uploads\\\/2024\\\/07\\\/06-3.jpeg\",\"width\":1200,\"height\":800},{\"@type\":\"BreadcrumbList\",\"@id\":\"https:\\\/\\\/canal7slp.tv\\\/2024\\\/prepara-claudia-sheinbaum-plan-para-primeros-100-dias-de-gobierno\\\/#breadcrumb\",\"itemListElement\":[{\"@type\":\"ListItem\",\"position\":1,\"name\":\"Portada\",\"item\":\"https:\\\/\\\/canal7slp.tv\\\/2024\\\/\"},{\"@type\":\"ListItem\",\"position\":2,\"name\":\"Prepara Claudia Sheinbaum plan para primeros 100 d\u00edas de gobierno\"}]},{\"@type\":\"WebSite\",\"@id\":\"https:\\\/\\\/canal7slp.tv\\\/2024\\\/#website\",\"url\":\"https:\\\/\\\/canal7slp.tv\\\/2024\\\/\",\"name\":\"N7 - Noticieros Canal 7\",\"description\":\"Somos Televisi\u00f3n\",\"publisher\":{\"@id\":\"https:\\\/\\\/canal7slp.tv\\\/2024\\\/#organization\"},\"potentialAction\":[{\"@type\":\"SearchAction\",\"target\":{\"@type\":\"EntryPoint\",\"urlTemplate\":\"https:\\\/\\\/canal7slp.tv\\\/2024\\\/?s={search_term_string}\"},\"query-input\":{\"@type\":\"PropertyValueSpecification\",\"valueRequired\":true,\"valueName\":\"search_term_string\"}}],\"inLanguage\":\"es\"},{\"@type\":\"Organization\",\"@id\":\"https:\\\/\\\/canal7slp.tv\\\/2024\\\/#organization\",\"name\":\"Noticieros Canal 7\",\"url\":\"https:\\\/\\\/canal7slp.tv\\\/2024\\\/\",\"logo\":{\"@type\":\"ImageObject\",\"inLanguage\":\"es\",\"@id\":\"https:\\\/\\\/canal7slp.tv\\\/2024\\\/#\\\/schema\\\/logo\\\/image\\\/\",\"url\":\"https:\\\/\\\/canal7slp.tv\\\/2024\\\/wp-content\\\/uploads\\\/2021\\\/01\\\/logo-noticieros@2x.png\",\"contentUrl\":\"https:\\\/\\\/canal7slp.tv\\\/2024\\\/wp-content\\\/uploads\\\/2021\\\/01\\\/logo-noticieros@2x.png\",\"width\":1017,\"height\":268,\"caption\":\"Noticieros Canal 7\"},\"image\":{\"@id\":\"https:\\\/\\\/canal7slp.tv\\\/2024\\\/#\\\/schema\\\/logo\\\/image\\\/\"},\"sameAs\":[\"https:\\\/\\\/www.facebook.com\\\/noticieroscanal7atencionciudadana\\\/\",\"https:\\\/\\\/x.com\\\/NOTICIEROS7\",\"https:\\\/\\\/www.instagram.com\\\/canal7_slp\",\"https:\\\/\\\/www.youtube.com\\\/channel\\\/UCliiYs-gP3JfJeqdPrNdd5A\"]},{\"@type\":\"Person\",\"@id\":\"https:\\\/\\\/canal7slp.tv\\\/2024\\\/#\\\/schema\\\/person\\\/8ed196a5d61f1300d71d611d9813bae8\",\"name\":\"Edici\u00f3n Web\",\"image\":{\"@type\":\"ImageObject\",\"inLanguage\":\"es\",\"@id\":\"https:\\\/\\\/secure.gravatar.com\\\/avatar\\\/eee448fc3f7164808013b816ba91ac7e43bbe82a70bebac296f8bc6f0addaa1a?s=96&d=mm&r=g\",\"url\":\"https:\\\/\\\/secure.gravatar.com\\\/avatar\\\/eee448fc3f7164808013b816ba91ac7e43bbe82a70bebac296f8bc6f0addaa1a?s=96&d=mm&r=g\",\"contentUrl\":\"https:\\\/\\\/secure.gravatar.com\\\/avatar\\\/eee448fc3f7164808013b816ba91ac7e43bbe82a70bebac296f8bc6f0addaa1a?s=96&d=mm&r=g\",\"caption\":\"Edici\u00f3n Web\"},\"url\":\"https:\\\/\\\/canal7slp.tv\\\/2024\\\/author\\\/edicionweb\\\/\"}]}<\/script>\n<!-- \/ Yoast SEO plugin. -->","yoast_head_json":{"title":"Prepara Claudia Sheinbaum plan para primeros 100 d\u00edas de gobierno - Canal 7 SLP - 2024","robots":{"index":"index","follow":"follow","max-snippet":"max-snippet:-1","max-image-preview":"max-image-preview:large","max-video-preview":"max-video-preview:-1"},"canonical":"https:\/\/canal7slp.tv\/2024\/prepara-claudia-sheinbaum-plan-para-primeros-100-dias-de-gobierno\/","og_locale":"es_ES","og_type":"article","og_title":"Prepara Claudia Sheinbaum plan para primeros 100 d\u00edas de gobierno - Canal 7 SLP - 2024","og_description":"M\u00e9xico.- La presidenta electa, Claudia Sheinbaum Pardo, est\u00e1 preparando su plan de trabajo para los primeros 100 d\u00edas de su administraci\u00f3n. En una reciente conferencia, anunci\u00f3 que la pr\u00f3xima semana se reunir\u00e1 con su gabinete para discutir estrategias y dar instrucciones sobre diversas \u00e1reas de gobierno. Sheinbaum Pardo ha se\u00f1alado que su enfoque inicial abarcar\u00e1 temas cruciales como salud, bienestar, vivienda y apoyo a personas mayores. Adem\u00e1s, est\u00e1 trabajando en el presupuesto de egresos para 2025, en colaboraci\u00f3n con el secretario de Hacienda, Rogelio Ram\u00edrez de la O. La mandataria electa tambi\u00e9n planea mantener encuentros con gobernadores de diferentes estados [&hellip;]","og_url":"https:\/\/canal7slp.tv\/2024\/prepara-claudia-sheinbaum-plan-para-primeros-100-dias-de-gobierno\/","og_site_name":"Canal 7 SLP - 2024","article_publisher":"https:\/\/www.facebook.com\/noticieroscanal7atencionciudadana\/","article_published_time":"2024-07-31T21:25:26+00:00","article_modified_time":"2024-07-31T23:15:43+00:00","og_image":[{"width":1200,"height":800,"url":"https:\/\/canal7slp.tv\/2024\/wp-content\/uploads\/2024\/07\/06-3.jpeg","type":"image\/jpeg"}],"author":"Edici\u00f3n Web","twitter_card":"summary_large_image","twitter_creator":"@NOTICIEROS7","twitter_site":"@NOTICIEROS7","twitter_misc":{"Escrito por":"Edici\u00f3n Web","Tiempo de lectura":"2 minutos"},"schema":{"@context":"https:\/\/schema.org","@graph":[{"@type":"Article","@id":"https:\/\/canal7slp.tv\/2024\/prepara-claudia-sheinbaum-plan-para-primeros-100-dias-de-gobierno\/#article","isPartOf":{"@id":"https:\/\/canal7slp.tv\/2024\/prepara-claudia-sheinbaum-plan-para-primeros-100-dias-de-gobierno\/"},"author":{"name":"Edici\u00f3n Web","@id":"https:\/\/canal7slp.tv\/2024\/#\/schema\/person\/8ed196a5d61f1300d71d611d9813bae8"},"headline":"Prepara Claudia Sheinbaum plan para primeros 100 d\u00edas de gobierno","datePublished":"2024-07-31T21:25:26+00:00","dateModified":"2024-07-31T23:15:43+00:00","mainEntityOfPage":{"@id":"https:\/\/canal7slp.tv\/2024\/prepara-claudia-sheinbaum-plan-para-primeros-100-dias-de-gobierno\/"},"wordCount":290,"publisher":{"@id":"https:\/\/canal7slp.tv\/2024\/#organization"},"image":{"@id":"https:\/\/canal7slp.tv\/2024\/prepara-claudia-sheinbaum-plan-para-primeros-100-dias-de-gobierno\/#primaryimage"},"thumbnailUrl":"https:\/\/canal7slp.tv\/2024\/wp-content\/uploads\/2024\/07\/06-3.jpeg","articleSection":["Uncategorized"],"inLanguage":"es"},{"@type":"WebPage","@id":"https:\/\/canal7slp.tv\/2024\/prepara-claudia-sheinbaum-plan-para-primeros-100-dias-de-gobierno\/","url":"https:\/\/canal7slp.tv\/2024\/prepara-claudia-sheinbaum-plan-para-primeros-100-dias-de-gobierno\/","name":"Prepara Claudia Sheinbaum plan para primeros 100 d\u00edas de gobierno - Canal 7 SLP - 2024","isPartOf":{"@id":"https:\/\/canal7slp.tv\/2024\/#website"},"primaryImageOfPage":{"@id":"https:\/\/canal7slp.tv\/2024\/prepara-claudia-sheinbaum-plan-para-primeros-100-dias-de-gobierno\/#primaryimage"},"image":{"@id":"https:\/\/canal7slp.tv\/2024\/prepara-claudia-sheinbaum-plan-para-primeros-100-dias-de-gobierno\/#primaryimage"},"thumbnailUrl":"https:\/\/canal7slp.tv\/2024\/wp-content\/uploads\/2024\/07\/06-3.jpeg","datePublished":"2024-07-31T21:25:26+00:00","dateModified":"2024-07-31T23:15:43+00:00","breadcrumb":{"@id":"https:\/\/canal7slp.tv\/2024\/prepara-claudia-sheinbaum-plan-para-primeros-100-dias-de-gobierno\/#breadcrumb"},"inLanguage":"es","potentialAction":[{"@type":"ReadAction","target":["https:\/\/canal7slp.tv\/2024\/prepara-claudia-sheinbaum-plan-para-primeros-100-dias-de-gobierno\/"]}]},{"@type":"ImageObject","inLanguage":"es","@id":"https:\/\/canal7slp.tv\/2024\/prepara-claudia-sheinbaum-plan-para-primeros-100-dias-de-gobierno\/#primaryimage","url":"https:\/\/canal7slp.tv\/2024\/wp-content\/uploads\/2024\/07\/06-3.jpeg","contentUrl":"https:\/\/canal7slp.tv\/2024\/wp-content\/uploads\/2024\/07\/06-3.jpeg","width":1200,"height":800},{"@type":"BreadcrumbList","@id":"https:\/\/canal7slp.tv\/2024\/prepara-claudia-sheinbaum-plan-para-primeros-100-dias-de-gobierno\/#breadcrumb","itemListElement":[{"@type":"ListItem","position":1,"name":"Portada","item":"https:\/\/canal7slp.tv\/2024\/"},{"@type":"ListItem","position":2,"name":"Prepara Claudia Sheinbaum plan para primeros 100 d\u00edas de gobierno"}]},{"@type":"WebSite","@id":"https:\/\/canal7slp.tv\/2024\/#website","url":"https:\/\/canal7slp.tv\/2024\/","name":"N7 - Noticieros Canal 7","description":"Somos Televisi\u00f3n","publisher":{"@id":"https:\/\/canal7slp.tv\/2024\/#organization"},"potentialAction":[{"@type":"SearchAction","target":{"@type":"EntryPoint","urlTemplate":"https:\/\/canal7slp.tv\/2024\/?s={search_term_string}"},"query-input":{"@type":"PropertyValueSpecification","valueRequired":true,"valueName":"search_term_string"}}],"inLanguage":"es"},{"@type":"Organization","@id":"https:\/\/canal7slp.tv\/2024\/#organization","name":"Noticieros Canal 7","url":"https:\/\/canal7slp.tv\/2024\/","logo":{"@type":"ImageObject","inLanguage":"es","@id":"https:\/\/canal7slp.tv\/2024\/#\/schema\/logo\/image\/","url":"https:\/\/canal7slp.tv\/2024\/wp-content\/uploads\/2021\/01\/logo-noticieros@2x.png","contentUrl":"https:\/\/canal7slp.tv\/2024\/wp-content\/uploads\/2021\/01\/logo-noticieros@2x.png","width":1017,"height":268,"caption":"Noticieros Canal 7"},"image":{"@id":"https:\/\/canal7slp.tv\/2024\/#\/schema\/logo\/image\/"},"sameAs":["https:\/\/www.facebook.com\/noticieroscanal7atencionciudadana\/","https:\/\/x.com\/NOTICIEROS7","https:\/\/www.instagram.com\/canal7_slp","https:\/\/www.youtube.com\/channel\/UCliiYs-gP3JfJeqdPrNdd5A"]},{"@type":"Person","@id":"https:\/\/canal7slp.tv\/2024\/#\/schema\/person\/8ed196a5d61f1300d71d611d9813bae8","name":"Edici\u00f3n Web","image":{"@type":"ImageObject","inLanguage":"es","@id":"https:\/\/secure.gravatar.com\/avatar\/eee448fc3f7164808013b816ba91ac7e43bbe82a70bebac296f8bc6f0addaa1a?s=96&d=mm&r=g","url":"https:\/\/secure.gravatar.com\/avatar\/eee448fc3f7164808013b816ba91ac7e43bbe82a70bebac296f8bc6f0addaa1a?s=96&d=mm&r=g","contentUrl":"https:\/\/secure.gravatar.com\/avatar\/eee448fc3f7164808013b816ba91ac7e43bbe82a70bebac296f8bc6f0addaa1a?s=96&d=mm&r=g","caption":"Edici\u00f3n Web"},"url":"https:\/\/canal7slp.tv\/2024\/author\/edicionweb\/"}]}},"_links":{"self":[{"href":"https:\/\/canal7slp.tv\/2024\/wp-json\/wp\/v2\/posts\/138008","targetHints":{"allow":["GET"]}}],"collection":[{"href":"https:\/\/canal7slp.tv\/2024\/wp-json\/wp\/v2\/posts"}],"about":[{"href":"https:\/\/canal7slp.tv\/2024\/wp-json\/wp\/v2\/types\/post"}],"author":[{"embeddable":true,"href":"https:\/\/canal7slp.tv\/2024\/wp-json\/wp\/v2\/users\/2"}],"replies":[{"embeddable":true,"href":"https:\/\/canal7slp.tv\/2024\/wp-json\/wp\/v2\/comments?post=138008"}],"version-history":[{"count":3,"href":"https:\/\/canal7slp.tv\/2024\/wp-json\/wp\/v2\/posts\/138008\/revisions"}],"predecessor-version":[{"id":138046,"href":"https:\/\/canal7slp.tv\/2024\/wp-json\/wp\/v2\/posts\/138008\/revisions\/138046"}],"wp:featuredmedia":[{"embeddable":true,"href":"https:\/\/canal7slp.tv\/2024\/wp-json\/wp\/v2\/media\/138026"}],"wp:attachment":[{"href":"https:\/\/canal7slp.tv\/2024\/wp-json\/wp\/v2\/media?parent=138008"}],"wp:term":[{"taxonomy":"category","embeddable":true,"href":"https:\/\/canal7slp.tv\/2024\/wp-json\/wp\/v2\/categories?post=138008"},{"taxonomy":"post_tag","embeddable":true,"href":"https:\/\/canal7slp.tv\/2024\/wp-json\/wp\/v2\/tags?post=138008"}],"curies":[{"name":"wp","href":"https:\/\/api.w.org\/{rel}","templated":true}]}}