{"id":136965,"date":"2024-07-19T11:19:38","date_gmt":"2024-07-19T17:19:38","guid":{"rendered":"https:\/\/canal7slp.tv\/2024\/?p=136965"},"modified":"2024-07-19T11:19:38","modified_gmt":"2024-07-19T17:19:38","slug":"cinco-de-agosto-reanudacion-de-actividades-para-docentes-y-administrativos-de-la-uaslp","status":"publish","type":"post","link":"https:\/\/canal7slp.tv\/2024\/cinco-de-agosto-reanudacion-de-actividades-para-docentes-y-administrativos-de-la-uaslp\/","title":{"rendered":"Cinco de agosto, reanudaci\u00f3n de actividades para docentes y administrativos de la UASLP"},"content":{"rendered":"<p style=\"text-align: justify;\">SLP.- Del proceso de admisi\u00f3n 2023-2024 al 2024-2025 creci\u00f3 en 200 espacios los admitidos a la Universidad Aut\u00f3noma de San Luis Potos\u00ed se\u00f1al\u00f3 la titular de la Secretar\u00eda de Servicios Escolares, Claudia Elena Gonz\u00e1lez Acevedo.<\/p>\n<p style=\"text-align: justify;\">\u201cTen\u00edamos en el proceso anterior como 200 a menos y ahorita estamos para la parte que aprueba el Consejo Directivo Universitario de 7 mil 631\u201d.<\/p>\n<p style=\"text-align: justify;\">Habl\u00f3 sobre las facultades en las que aument\u00f3 el cupo.<\/p>\n<p style=\"text-align: justify;\">\u201cTenemos en la sede de psicolog\u00eda que es de Tamazunchale (\u2026) ingenier\u00eda aument\u00f3 una peque\u00f1a cantidad (\u2026) Contadur\u00eda y Administraci\u00f3n que tambi\u00e9n pudieran estar aumentando (&#8230;) la de Comunicaci\u00f3n aument\u00f3 tambi\u00e9n\u201d.<\/p>\n<p style=\"text-align: justify;\">Al momento, el proceso de nuevo ingreso se encuentra en el reacomodo.<\/p>\n<p style=\"text-align: justify;\">\u201cLa semana pasada fue todo lo que fue la parte de inscripciones para los estudiantes de nuevo ingreso de los que estudiaron aprobado y esta ha sido reacomodos\u201d.<\/p>\n<p style=\"text-align: justify;\">Invit\u00f3 a los estudiantes a ser parte del mismo.<\/p>\n<p style=\"text-align: justify;\">\u201cPodamos decir a los muchachos que si pueden estar considerando unas de las opciones de aquellas que tenemos todav\u00eda alg\u00fan cupo (\u2026) en zona oriente, Ciencias Sociales y Humanidades, en Ciencias de la Informaci\u00f3n (\u2026) pero en Salinas y Matehuala s\u00ed tenemos capacidad (\u2026) de Matehuala ser\u00edan Ingenier\u00eda Minerales, Ingenier\u00eda de Energ\u00edas Renovables, Ingenier\u00eda Qu\u00edmica, Ingeniero Mec\u00e1nico-Administrador, Ingeniero Mecatr\u00f3nico (\u2026) Licenciado en Enfermer\u00eda ten\u00eda todav\u00eda 11 lugares y Licenciado en Mercadotecnia (\u2026) en altiplano oeste es Ingeniero en Tecnolog\u00edas, Computacionales, Licenciatura en Administraci\u00f3n y Licenciatura en Ingenier\u00eda Agro Industrial\u201d.<\/p>\n<p style=\"text-align: justify;\">Despu\u00e9s del periodo vacacional, los maestros y personal administrativo regresan a actividades el 05 de agosto, mientras que alumnos el d\u00eda 12 del mismo mes.<\/p>\n<p>Por: Juan Carlos Contreras<\/p>\n","protected":false},"excerpt":{"rendered":"<p>SLP.- Del proceso de admisi\u00f3n 2023-2024 al 2024-2025 creci\u00f3 en 200 espacios los admitidos a la Universidad Aut\u00f3noma de San Luis Potos\u00ed se\u00f1al\u00f3 la titular de la Secretar\u00eda de Servicios Escolares, Claudia Elena Gonz\u00e1lez Acevedo. \u201cTen\u00edamos en el proceso anterior como 200 a menos y ahorita estamos para la parte que aprueba el Consejo Directivo Universitario de 7 mil 631\u201d. Habl\u00f3 sobre las facultades en las que aument\u00f3 el cupo. \u201cTenemos en la sede de psicolog\u00eda que es de Tamazunchale (\u2026) ingenier\u00eda aument\u00f3 una peque\u00f1a cantidad (\u2026) Contadur\u00eda y Administraci\u00f3n que tambi\u00e9n pudieran estar aumentando (&#8230;) la de Comunicaci\u00f3n aument\u00f3 [&hellip;]<\/p>\n","protected":false},"author":2,"featured_media":136983,"comment_status":"closed","ping_status":"closed","sticky":false,"template":"","format":"video","meta":{"_monsterinsights_skip_tracking":false,"_monsterinsights_sitenote_active":false,"_monsterinsights_sitenote_note":"","_monsterinsights_sitenote_category":0,"footnotes":""},"categories":[5,45],"tags":[],"class_list":["post-136965","post","type-post","status-publish","format-video","has-post-thumbnail","hentry","category-destacadas","category-localesyregionales","post_format-post-format-video","post--single"],"yoast_head":"<!-- This site is optimized with the Yoast SEO plugin v27.5 - https:\/\/yoast.com\/product\/yoast-seo-wordpress\/ -->\n<title>Cinco de agosto, reanudaci\u00f3n de actividades para docentes y administrativos de la UASLP - Canal 7 SLP - 2024<\/title>\n<meta name=\"robots\" content=\"index, follow, max-snippet:-1, max-image-preview:large, max-video-preview:-1\" \/>\n<link rel=\"canonical\" href=\"https:\/\/canal7slp.tv\/2024\/cinco-de-agosto-reanudacion-de-actividades-para-docentes-y-administrativos-de-la-uaslp\/\" \/>\n<meta property=\"og:locale\" content=\"es_ES\" \/>\n<meta property=\"og:type\" content=\"article\" \/>\n<meta property=\"og:title\" content=\"Cinco de agosto, reanudaci\u00f3n de actividades para docentes y administrativos de la UASLP - Canal 7 SLP - 2024\" \/>\n<meta property=\"og:description\" content=\"SLP.- Del proceso de admisi\u00f3n 2023-2024 al 2024-2025 creci\u00f3 en 200 espacios los admitidos a la Universidad Aut\u00f3noma de San Luis Potos\u00ed se\u00f1al\u00f3 la titular de la Secretar\u00eda de Servicios Escolares, Claudia Elena Gonz\u00e1lez Acevedo. \u201cTen\u00edamos en el proceso anterior como 200 a menos y ahorita estamos para la parte que aprueba el Consejo Directivo Universitario de 7 mil 631\u201d. Habl\u00f3 sobre las facultades en las que aument\u00f3 el cupo. \u201cTenemos en la sede de psicolog\u00eda que es de Tamazunchale (\u2026) ingenier\u00eda aument\u00f3 una peque\u00f1a cantidad (\u2026) Contadur\u00eda y Administraci\u00f3n que tambi\u00e9n pudieran estar aumentando (&#8230;) la de Comunicaci\u00f3n aument\u00f3 [&hellip;]\" \/>\n<meta property=\"og:url\" content=\"https:\/\/canal7slp.tv\/2024\/cinco-de-agosto-reanudacion-de-actividades-para-docentes-y-administrativos-de-la-uaslp\/\" \/>\n<meta property=\"og:site_name\" content=\"Canal 7 SLP - 2024\" \/>\n<meta property=\"article:publisher\" content=\"https:\/\/www.facebook.com\/noticieroscanal7atencionciudadana\/\" \/>\n<meta property=\"article:published_time\" content=\"2024-07-19T17:19:38+00:00\" \/>\n<meta property=\"og:image\" content=\"https:\/\/canal7slp.tv\/2024\/wp-content\/uploads\/2024\/07\/Poky0UASLPProceso.jpg\" \/>\n\t<meta property=\"og:image:width\" content=\"1280\" \/>\n\t<meta property=\"og:image:height\" content=\"720\" \/>\n\t<meta property=\"og:image:type\" content=\"image\/jpeg\" \/>\n<meta name=\"author\" content=\"Edici\u00f3n Web\" \/>\n<meta name=\"twitter:card\" content=\"summary_large_image\" \/>\n<meta name=\"twitter:creator\" content=\"@NOTICIEROS7\" \/>\n<meta name=\"twitter:site\" content=\"@NOTICIEROS7\" \/>\n<meta name=\"twitter:label1\" content=\"Escrito por\" \/>\n\t<meta name=\"twitter:data1\" content=\"Edici\u00f3n Web\" \/>\n\t<meta name=\"twitter:label2\" content=\"Tiempo de lectura\" \/>\n\t<meta name=\"twitter:data2\" content=\"2 minutos\" \/>\n<script type=\"application\/ld+json\" class=\"yoast-schema-graph\">{\"@context\":\"https:\\\/\\\/schema.org\",\"@graph\":[{\"@type\":\"Article\",\"@id\":\"https:\\\/\\\/canal7slp.tv\\\/2024\\\/cinco-de-agosto-reanudacion-de-actividades-para-docentes-y-administrativos-de-la-uaslp\\\/#article\",\"isPartOf\":{\"@id\":\"https:\\\/\\\/canal7slp.tv\\\/2024\\\/cinco-de-agosto-reanudacion-de-actividades-para-docentes-y-administrativos-de-la-uaslp\\\/\"},\"author\":{\"name\":\"Edici\u00f3n Web\",\"@id\":\"https:\\\/\\\/canal7slp.tv\\\/2024\\\/#\\\/schema\\\/person\\\/8ed196a5d61f1300d71d611d9813bae8\"},\"headline\":\"Cinco de agosto, reanudaci\u00f3n de actividades para docentes y administrativos de la UASLP\",\"datePublished\":\"2024-07-19T17:19:38+00:00\",\"mainEntityOfPage\":{\"@id\":\"https:\\\/\\\/canal7slp.tv\\\/2024\\\/cinco-de-agosto-reanudacion-de-actividades-para-docentes-y-administrativos-de-la-uaslp\\\/\"},\"wordCount\":301,\"publisher\":{\"@id\":\"https:\\\/\\\/canal7slp.tv\\\/2024\\\/#organization\"},\"image\":{\"@id\":\"https:\\\/\\\/canal7slp.tv\\\/2024\\\/cinco-de-agosto-reanudacion-de-actividades-para-docentes-y-administrativos-de-la-uaslp\\\/#primaryimage\"},\"thumbnailUrl\":\"https:\\\/\\\/canal7slp.tv\\\/2024\\\/wp-content\\\/uploads\\\/2024\\\/07\\\/Poky0UASLPProceso.jpg\",\"articleSection\":[\"DESTACADAS\",\"LOCALES Y REGIONALES\"],\"inLanguage\":\"es\"},{\"@type\":\"WebPage\",\"@id\":\"https:\\\/\\\/canal7slp.tv\\\/2024\\\/cinco-de-agosto-reanudacion-de-actividades-para-docentes-y-administrativos-de-la-uaslp\\\/\",\"url\":\"https:\\\/\\\/canal7slp.tv\\\/2024\\\/cinco-de-agosto-reanudacion-de-actividades-para-docentes-y-administrativos-de-la-uaslp\\\/\",\"name\":\"Cinco de agosto, reanudaci\u00f3n de actividades para docentes y administrativos de la UASLP - Canal 7 SLP - 2024\",\"isPartOf\":{\"@id\":\"https:\\\/\\\/canal7slp.tv\\\/2024\\\/#website\"},\"primaryImageOfPage\":{\"@id\":\"https:\\\/\\\/canal7slp.tv\\\/2024\\\/cinco-de-agosto-reanudacion-de-actividades-para-docentes-y-administrativos-de-la-uaslp\\\/#primaryimage\"},\"image\":{\"@id\":\"https:\\\/\\\/canal7slp.tv\\\/2024\\\/cinco-de-agosto-reanudacion-de-actividades-para-docentes-y-administrativos-de-la-uaslp\\\/#primaryimage\"},\"thumbnailUrl\":\"https:\\\/\\\/canal7slp.tv\\\/2024\\\/wp-content\\\/uploads\\\/2024\\\/07\\\/Poky0UASLPProceso.jpg\",\"datePublished\":\"2024-07-19T17:19:38+00:00\",\"breadcrumb\":{\"@id\":\"https:\\\/\\\/canal7slp.tv\\\/2024\\\/cinco-de-agosto-reanudacion-de-actividades-para-docentes-y-administrativos-de-la-uaslp\\\/#breadcrumb\"},\"inLanguage\":\"es\",\"potentialAction\":[{\"@type\":\"ReadAction\",\"target\":[\"https:\\\/\\\/canal7slp.tv\\\/2024\\\/cinco-de-agosto-reanudacion-de-actividades-para-docentes-y-administrativos-de-la-uaslp\\\/\"]}]},{\"@type\":\"ImageObject\",\"inLanguage\":\"es\",\"@id\":\"https:\\\/\\\/canal7slp.tv\\\/2024\\\/cinco-de-agosto-reanudacion-de-actividades-para-docentes-y-administrativos-de-la-uaslp\\\/#primaryimage\",\"url\":\"https:\\\/\\\/canal7slp.tv\\\/2024\\\/wp-content\\\/uploads\\\/2024\\\/07\\\/Poky0UASLPProceso.jpg\",\"contentUrl\":\"https:\\\/\\\/canal7slp.tv\\\/2024\\\/wp-content\\\/uploads\\\/2024\\\/07\\\/Poky0UASLPProceso.jpg\",\"width\":1280,\"height\":720},{\"@type\":\"BreadcrumbList\",\"@id\":\"https:\\\/\\\/canal7slp.tv\\\/2024\\\/cinco-de-agosto-reanudacion-de-actividades-para-docentes-y-administrativos-de-la-uaslp\\\/#breadcrumb\",\"itemListElement\":[{\"@type\":\"ListItem\",\"position\":1,\"name\":\"Portada\",\"item\":\"https:\\\/\\\/canal7slp.tv\\\/2024\\\/\"},{\"@type\":\"ListItem\",\"position\":2,\"name\":\"Cinco de agosto, reanudaci\u00f3n de actividades para docentes y administrativos de la UASLP\"}]},{\"@type\":\"WebSite\",\"@id\":\"https:\\\/\\\/canal7slp.tv\\\/2024\\\/#website\",\"url\":\"https:\\\/\\\/canal7slp.tv\\\/2024\\\/\",\"name\":\"N7 - Noticieros Canal 7\",\"description\":\"Somos Televisi\u00f3n\",\"publisher\":{\"@id\":\"https:\\\/\\\/canal7slp.tv\\\/2024\\\/#organization\"},\"potentialAction\":[{\"@type\":\"SearchAction\",\"target\":{\"@type\":\"EntryPoint\",\"urlTemplate\":\"https:\\\/\\\/canal7slp.tv\\\/2024\\\/?s={search_term_string}\"},\"query-input\":{\"@type\":\"PropertyValueSpecification\",\"valueRequired\":true,\"valueName\":\"search_term_string\"}}],\"inLanguage\":\"es\"},{\"@type\":\"Organization\",\"@id\":\"https:\\\/\\\/canal7slp.tv\\\/2024\\\/#organization\",\"name\":\"Noticieros Canal 7\",\"url\":\"https:\\\/\\\/canal7slp.tv\\\/2024\\\/\",\"logo\":{\"@type\":\"ImageObject\",\"inLanguage\":\"es\",\"@id\":\"https:\\\/\\\/canal7slp.tv\\\/2024\\\/#\\\/schema\\\/logo\\\/image\\\/\",\"url\":\"https:\\\/\\\/canal7slp.tv\\\/2024\\\/wp-content\\\/uploads\\\/2021\\\/01\\\/logo-noticieros@2x.png\",\"contentUrl\":\"https:\\\/\\\/canal7slp.tv\\\/2024\\\/wp-content\\\/uploads\\\/2021\\\/01\\\/logo-noticieros@2x.png\",\"width\":1017,\"height\":268,\"caption\":\"Noticieros Canal 7\"},\"image\":{\"@id\":\"https:\\\/\\\/canal7slp.tv\\\/2024\\\/#\\\/schema\\\/logo\\\/image\\\/\"},\"sameAs\":[\"https:\\\/\\\/www.facebook.com\\\/noticieroscanal7atencionciudadana\\\/\",\"https:\\\/\\\/x.com\\\/NOTICIEROS7\",\"https:\\\/\\\/www.instagram.com\\\/canal7_slp\",\"https:\\\/\\\/www.youtube.com\\\/channel\\\/UCliiYs-gP3JfJeqdPrNdd5A\"]},{\"@type\":\"Person\",\"@id\":\"https:\\\/\\\/canal7slp.tv\\\/2024\\\/#\\\/schema\\\/person\\\/8ed196a5d61f1300d71d611d9813bae8\",\"name\":\"Edici\u00f3n Web\",\"image\":{\"@type\":\"ImageObject\",\"inLanguage\":\"es\",\"@id\":\"https:\\\/\\\/secure.gravatar.com\\\/avatar\\\/eee448fc3f7164808013b816ba91ac7e43bbe82a70bebac296f8bc6f0addaa1a?s=96&d=mm&r=g\",\"url\":\"https:\\\/\\\/secure.gravatar.com\\\/avatar\\\/eee448fc3f7164808013b816ba91ac7e43bbe82a70bebac296f8bc6f0addaa1a?s=96&d=mm&r=g\",\"contentUrl\":\"https:\\\/\\\/secure.gravatar.com\\\/avatar\\\/eee448fc3f7164808013b816ba91ac7e43bbe82a70bebac296f8bc6f0addaa1a?s=96&d=mm&r=g\",\"caption\":\"Edici\u00f3n Web\"},\"url\":\"https:\\\/\\\/canal7slp.tv\\\/2024\\\/author\\\/edicionweb\\\/\"}]}<\/script>\n<!-- \/ Yoast SEO plugin. -->","yoast_head_json":{"title":"Cinco de agosto, reanudaci\u00f3n de actividades para docentes y administrativos de la UASLP - Canal 7 SLP - 2024","robots":{"index":"index","follow":"follow","max-snippet":"max-snippet:-1","max-image-preview":"max-image-preview:large","max-video-preview":"max-video-preview:-1"},"canonical":"https:\/\/canal7slp.tv\/2024\/cinco-de-agosto-reanudacion-de-actividades-para-docentes-y-administrativos-de-la-uaslp\/","og_locale":"es_ES","og_type":"article","og_title":"Cinco de agosto, reanudaci\u00f3n de actividades para docentes y administrativos de la UASLP - Canal 7 SLP - 2024","og_description":"SLP.- Del proceso de admisi\u00f3n 2023-2024 al 2024-2025 creci\u00f3 en 200 espacios los admitidos a la Universidad Aut\u00f3noma de San Luis Potos\u00ed se\u00f1al\u00f3 la titular de la Secretar\u00eda de Servicios Escolares, Claudia Elena Gonz\u00e1lez Acevedo. \u201cTen\u00edamos en el proceso anterior como 200 a menos y ahorita estamos para la parte que aprueba el Consejo Directivo Universitario de 7 mil 631\u201d. Habl\u00f3 sobre las facultades en las que aument\u00f3 el cupo. \u201cTenemos en la sede de psicolog\u00eda que es de Tamazunchale (\u2026) ingenier\u00eda aument\u00f3 una peque\u00f1a cantidad (\u2026) Contadur\u00eda y Administraci\u00f3n que tambi\u00e9n pudieran estar aumentando (&#8230;) la de Comunicaci\u00f3n aument\u00f3 [&hellip;]","og_url":"https:\/\/canal7slp.tv\/2024\/cinco-de-agosto-reanudacion-de-actividades-para-docentes-y-administrativos-de-la-uaslp\/","og_site_name":"Canal 7 SLP - 2024","article_publisher":"https:\/\/www.facebook.com\/noticieroscanal7atencionciudadana\/","article_published_time":"2024-07-19T17:19:38+00:00","og_image":[{"width":1280,"height":720,"url":"https:\/\/canal7slp.tv\/2024\/wp-content\/uploads\/2024\/07\/Poky0UASLPProceso.jpg","type":"image\/jpeg"}],"author":"Edici\u00f3n Web","twitter_card":"summary_large_image","twitter_creator":"@NOTICIEROS7","twitter_site":"@NOTICIEROS7","twitter_misc":{"Escrito por":"Edici\u00f3n Web","Tiempo de lectura":"2 minutos"},"schema":{"@context":"https:\/\/schema.org","@graph":[{"@type":"Article","@id":"https:\/\/canal7slp.tv\/2024\/cinco-de-agosto-reanudacion-de-actividades-para-docentes-y-administrativos-de-la-uaslp\/#article","isPartOf":{"@id":"https:\/\/canal7slp.tv\/2024\/cinco-de-agosto-reanudacion-de-actividades-para-docentes-y-administrativos-de-la-uaslp\/"},"author":{"name":"Edici\u00f3n Web","@id":"https:\/\/canal7slp.tv\/2024\/#\/schema\/person\/8ed196a5d61f1300d71d611d9813bae8"},"headline":"Cinco de agosto, reanudaci\u00f3n de actividades para docentes y administrativos de la UASLP","datePublished":"2024-07-19T17:19:38+00:00","mainEntityOfPage":{"@id":"https:\/\/canal7slp.tv\/2024\/cinco-de-agosto-reanudacion-de-actividades-para-docentes-y-administrativos-de-la-uaslp\/"},"wordCount":301,"publisher":{"@id":"https:\/\/canal7slp.tv\/2024\/#organization"},"image":{"@id":"https:\/\/canal7slp.tv\/2024\/cinco-de-agosto-reanudacion-de-actividades-para-docentes-y-administrativos-de-la-uaslp\/#primaryimage"},"thumbnailUrl":"https:\/\/canal7slp.tv\/2024\/wp-content\/uploads\/2024\/07\/Poky0UASLPProceso.jpg","articleSection":["DESTACADAS","LOCALES Y REGIONALES"],"inLanguage":"es"},{"@type":"WebPage","@id":"https:\/\/canal7slp.tv\/2024\/cinco-de-agosto-reanudacion-de-actividades-para-docentes-y-administrativos-de-la-uaslp\/","url":"https:\/\/canal7slp.tv\/2024\/cinco-de-agosto-reanudacion-de-actividades-para-docentes-y-administrativos-de-la-uaslp\/","name":"Cinco de agosto, reanudaci\u00f3n de actividades para docentes y administrativos de la UASLP - Canal 7 SLP - 2024","isPartOf":{"@id":"https:\/\/canal7slp.tv\/2024\/#website"},"primaryImageOfPage":{"@id":"https:\/\/canal7slp.tv\/2024\/cinco-de-agosto-reanudacion-de-actividades-para-docentes-y-administrativos-de-la-uaslp\/#primaryimage"},"image":{"@id":"https:\/\/canal7slp.tv\/2024\/cinco-de-agosto-reanudacion-de-actividades-para-docentes-y-administrativos-de-la-uaslp\/#primaryimage"},"thumbnailUrl":"https:\/\/canal7slp.tv\/2024\/wp-content\/uploads\/2024\/07\/Poky0UASLPProceso.jpg","datePublished":"2024-07-19T17:19:38+00:00","breadcrumb":{"@id":"https:\/\/canal7slp.tv\/2024\/cinco-de-agosto-reanudacion-de-actividades-para-docentes-y-administrativos-de-la-uaslp\/#breadcrumb"},"inLanguage":"es","potentialAction":[{"@type":"ReadAction","target":["https:\/\/canal7slp.tv\/2024\/cinco-de-agosto-reanudacion-de-actividades-para-docentes-y-administrativos-de-la-uaslp\/"]}]},{"@type":"ImageObject","inLanguage":"es","@id":"https:\/\/canal7slp.tv\/2024\/cinco-de-agosto-reanudacion-de-actividades-para-docentes-y-administrativos-de-la-uaslp\/#primaryimage","url":"https:\/\/canal7slp.tv\/2024\/wp-content\/uploads\/2024\/07\/Poky0UASLPProceso.jpg","contentUrl":"https:\/\/canal7slp.tv\/2024\/wp-content\/uploads\/2024\/07\/Poky0UASLPProceso.jpg","width":1280,"height":720},{"@type":"BreadcrumbList","@id":"https:\/\/canal7slp.tv\/2024\/cinco-de-agosto-reanudacion-de-actividades-para-docentes-y-administrativos-de-la-uaslp\/#breadcrumb","itemListElement":[{"@type":"ListItem","position":1,"name":"Portada","item":"https:\/\/canal7slp.tv\/2024\/"},{"@type":"ListItem","position":2,"name":"Cinco de agosto, reanudaci\u00f3n de actividades para docentes y administrativos de la UASLP"}]},{"@type":"WebSite","@id":"https:\/\/canal7slp.tv\/2024\/#website","url":"https:\/\/canal7slp.tv\/2024\/","name":"N7 - Noticieros Canal 7","description":"Somos Televisi\u00f3n","publisher":{"@id":"https:\/\/canal7slp.tv\/2024\/#organization"},"potentialAction":[{"@type":"SearchAction","target":{"@type":"EntryPoint","urlTemplate":"https:\/\/canal7slp.tv\/2024\/?s={search_term_string}"},"query-input":{"@type":"PropertyValueSpecification","valueRequired":true,"valueName":"search_term_string"}}],"inLanguage":"es"},{"@type":"Organization","@id":"https:\/\/canal7slp.tv\/2024\/#organization","name":"Noticieros Canal 7","url":"https:\/\/canal7slp.tv\/2024\/","logo":{"@type":"ImageObject","inLanguage":"es","@id":"https:\/\/canal7slp.tv\/2024\/#\/schema\/logo\/image\/","url":"https:\/\/canal7slp.tv\/2024\/wp-content\/uploads\/2021\/01\/logo-noticieros@2x.png","contentUrl":"https:\/\/canal7slp.tv\/2024\/wp-content\/uploads\/2021\/01\/logo-noticieros@2x.png","width":1017,"height":268,"caption":"Noticieros Canal 7"},"image":{"@id":"https:\/\/canal7slp.tv\/2024\/#\/schema\/logo\/image\/"},"sameAs":["https:\/\/www.facebook.com\/noticieroscanal7atencionciudadana\/","https:\/\/x.com\/NOTICIEROS7","https:\/\/www.instagram.com\/canal7_slp","https:\/\/www.youtube.com\/channel\/UCliiYs-gP3JfJeqdPrNdd5A"]},{"@type":"Person","@id":"https:\/\/canal7slp.tv\/2024\/#\/schema\/person\/8ed196a5d61f1300d71d611d9813bae8","name":"Edici\u00f3n Web","image":{"@type":"ImageObject","inLanguage":"es","@id":"https:\/\/secure.gravatar.com\/avatar\/eee448fc3f7164808013b816ba91ac7e43bbe82a70bebac296f8bc6f0addaa1a?s=96&d=mm&r=g","url":"https:\/\/secure.gravatar.com\/avatar\/eee448fc3f7164808013b816ba91ac7e43bbe82a70bebac296f8bc6f0addaa1a?s=96&d=mm&r=g","contentUrl":"https:\/\/secure.gravatar.com\/avatar\/eee448fc3f7164808013b816ba91ac7e43bbe82a70bebac296f8bc6f0addaa1a?s=96&d=mm&r=g","caption":"Edici\u00f3n Web"},"url":"https:\/\/canal7slp.tv\/2024\/author\/edicionweb\/"}]}},"_links":{"self":[{"href":"https:\/\/canal7slp.tv\/2024\/wp-json\/wp\/v2\/posts\/136965","targetHints":{"allow":["GET"]}}],"collection":[{"href":"https:\/\/canal7slp.tv\/2024\/wp-json\/wp\/v2\/posts"}],"about":[{"href":"https:\/\/canal7slp.tv\/2024\/wp-json\/wp\/v2\/types\/post"}],"author":[{"embeddable":true,"href":"https:\/\/canal7slp.tv\/2024\/wp-json\/wp\/v2\/users\/2"}],"replies":[{"embeddable":true,"href":"https:\/\/canal7slp.tv\/2024\/wp-json\/wp\/v2\/comments?post=136965"}],"version-history":[{"count":2,"href":"https:\/\/canal7slp.tv\/2024\/wp-json\/wp\/v2\/posts\/136965\/revisions"}],"predecessor-version":[{"id":137000,"href":"https:\/\/canal7slp.tv\/2024\/wp-json\/wp\/v2\/posts\/136965\/revisions\/137000"}],"wp:featuredmedia":[{"embeddable":true,"href":"https:\/\/canal7slp.tv\/2024\/wp-json\/wp\/v2\/media\/136983"}],"wp:attachment":[{"href":"https:\/\/canal7slp.tv\/2024\/wp-json\/wp\/v2\/media?parent=136965"}],"wp:term":[{"taxonomy":"category","embeddable":true,"href":"https:\/\/canal7slp.tv\/2024\/wp-json\/wp\/v2\/categories?post=136965"},{"taxonomy":"post_tag","embeddable":true,"href":"https:\/\/canal7slp.tv\/2024\/wp-json\/wp\/v2\/tags?post=136965"}],"curies":[{"name":"wp","href":"https:\/\/api.w.org\/{rel}","templated":true}]}}