{"id":99063,"date":"2023-06-21T14:01:50","date_gmt":"2023-06-21T20:01:50","guid":{"rendered":"https:\/\/canal7slp.tv\/2023\/?p=99063"},"modified":"2023-06-21T14:01:50","modified_gmt":"2023-06-21T20:01:50","slug":"con-gran-actuacion-valentina-lomas-en-la-serie-mundial-de-patinaje-artistico-2023","status":"publish","type":"post","link":"https:\/\/canal7slp.tv\/2023\/con-gran-actuacion-valentina-lomas-en-la-serie-mundial-de-patinaje-artistico-2023\/","title":{"rendered":"Con gran actuaci\u00f3n Valentina Lomas en la Serie Mundial de Patinaje Art\u00edstico 2023"},"content":{"rendered":"<p style=\"text-align: justify;\">SLP.- La patinadora potosina Valentina Lomas, tuvo una hist\u00f3rica participaci\u00f3n dentro de la Serie Mundial de Patinaje Art\u00edstico 2023, que desarrollo en San Juan, Argentina, en donde obtuvo una medalla de plata.<\/p>\n<p style=\"text-align: justify;\">Valentina Lomas regreso de su participaci\u00f3n en los Juegos Nacionales CONADE, en donde obtuvo dos medalla de oro, y ahora alcanza una medalla de plata para M\u00e9xico en la Serie Mundial 2023 de Patinaje Art\u00edstico.<\/p>\n<p style=\"text-align: justify;\">Valentina Lomas tom\u00f3 parte dentro de la categor\u00eda Junior World Class de la Serie Mundial de Patinaje Art\u00edstico 2023, en donde el sitio de honor fue para la italiana Federica Pizzingrilli con calificaci\u00f3n de 124.36 puntos, segundo para la potosina Valentina Lomas con 111.20 y tercero para la argentina Valentina Longo que obtuvo una calificaci\u00f3n de 108.17 puntos.<\/p>\n","protected":false},"excerpt":{"rendered":"<p>SLP.- La patinadora potosina Valentina Lomas, tuvo una hist\u00f3rica participaci\u00f3n dentro de la Serie Mundial de Patinaje Art\u00edstico 2023, que desarrollo en San Juan, Argentina, en donde obtuvo una medalla de plata. Valentina Lomas regreso de su participaci\u00f3n en los Juegos Nacionales CONADE, en donde obtuvo dos medalla de oro, y ahora alcanza una medalla de plata para M\u00e9xico en la Serie Mundial 2023 de Patinaje Art\u00edstico. Valentina Lomas tom\u00f3 parte dentro de la categor\u00eda Junior World Class de la Serie Mundial de Patinaje Art\u00edstico 2023, en donde el sitio de honor fue para la italiana Federica Pizzingrilli con calificaci\u00f3n [&hellip;]<\/p>\n","protected":false},"author":2,"featured_media":99067,"comment_status":"closed","ping_status":"closed","sticky":false,"template":"","format":"video","meta":{"footnotes":""},"categories":[7,5],"tags":[],"class_list":["post-99063","post","type-post","status-publish","format-video","has-post-thumbnail","hentry","category-deportes","category-destacadas","post_format-post-format-video","post--single"],"yoast_head":"<!-- This site is optimized with the Yoast SEO plugin v27.4 - https:\/\/yoast.com\/product\/yoast-seo-wordpress\/ -->\n<title>Con gran actuaci\u00f3n Valentina Lomas en la Serie Mundial de Patinaje Art\u00edstico 2023 - Canal 7 SLP - 2023<\/title>\n<meta name=\"robots\" content=\"index, follow, max-snippet:-1, max-image-preview:large, max-video-preview:-1\" \/>\n<link rel=\"canonical\" href=\"https:\/\/canal7slp.tv\/2023\/con-gran-actuacion-valentina-lomas-en-la-serie-mundial-de-patinaje-artistico-2023\/\" \/>\n<meta property=\"og:locale\" content=\"es_ES\" \/>\n<meta property=\"og:type\" content=\"article\" \/>\n<meta property=\"og:title\" content=\"Con gran actuaci\u00f3n Valentina Lomas en la Serie Mundial de Patinaje Art\u00edstico 2023 - Canal 7 SLP - 2023\" \/>\n<meta property=\"og:description\" content=\"SLP.- La patinadora potosina Valentina Lomas, tuvo una hist\u00f3rica participaci\u00f3n dentro de la Serie Mundial de Patinaje Art\u00edstico 2023, que desarrollo en San Juan, Argentina, en donde obtuvo una medalla de plata. Valentina Lomas regreso de su participaci\u00f3n en los Juegos Nacionales CONADE, en donde obtuvo dos medalla de oro, y ahora alcanza una medalla de plata para M\u00e9xico en la Serie Mundial 2023 de Patinaje Art\u00edstico. Valentina Lomas tom\u00f3 parte dentro de la categor\u00eda Junior World Class de la Serie Mundial de Patinaje Art\u00edstico 2023, en donde el sitio de honor fue para la italiana Federica Pizzingrilli con calificaci\u00f3n [&hellip;]\" \/>\n<meta property=\"og:url\" content=\"https:\/\/canal7slp.tv\/2023\/con-gran-actuacion-valentina-lomas-en-la-serie-mundial-de-patinaje-artistico-2023\/\" \/>\n<meta property=\"og:site_name\" content=\"Canal 7 SLP - 2023\" \/>\n<meta property=\"article:publisher\" content=\"https:\/\/www.facebook.com\/noticieroscanalsiete\" \/>\n<meta property=\"article:published_time\" content=\"2023-06-21T20:01:50+00:00\" \/>\n<meta property=\"og:image\" content=\"https:\/\/canal7slp.tv\/2023\/wp-content\/uploads\/2023\/06\/Froi01Patinaje.jpg\" \/>\n\t<meta property=\"og:image:width\" content=\"1280\" \/>\n\t<meta property=\"og:image:height\" content=\"720\" \/>\n\t<meta property=\"og:image:type\" content=\"image\/jpeg\" \/>\n<meta name=\"author\" content=\"Edici\u00f3n Web\" \/>\n<meta name=\"twitter:card\" content=\"summary_large_image\" \/>\n<meta name=\"twitter:creator\" content=\"@NOTICIEROS7\" \/>\n<meta name=\"twitter:site\" content=\"@NOTICIEROS7\" \/>\n<meta name=\"twitter:label1\" content=\"Escrito por\" \/>\n\t<meta name=\"twitter:data1\" content=\"Edici\u00f3n Web\" \/>\n\t<meta name=\"twitter:label2\" content=\"Tiempo de lectura\" \/>\n\t<meta name=\"twitter:data2\" content=\"1 minuto\" \/>\n<script type=\"application\/ld+json\" class=\"yoast-schema-graph\">{\"@context\":\"https:\\\/\\\/schema.org\",\"@graph\":[{\"@type\":\"Article\",\"@id\":\"https:\\\/\\\/canal7slp.tv\\\/2023\\\/con-gran-actuacion-valentina-lomas-en-la-serie-mundial-de-patinaje-artistico-2023\\\/#article\",\"isPartOf\":{\"@id\":\"https:\\\/\\\/canal7slp.tv\\\/2023\\\/con-gran-actuacion-valentina-lomas-en-la-serie-mundial-de-patinaje-artistico-2023\\\/\"},\"author\":{\"name\":\"Edici\u00f3n Web\",\"@id\":\"https:\\\/\\\/canal7slp.tv\\\/2023\\\/#\\\/schema\\\/person\\\/639c424e3584069003b11ae813915da6\"},\"headline\":\"Con gran actuaci\u00f3n Valentina Lomas en la Serie Mundial de Patinaje Art\u00edstico 2023\",\"datePublished\":\"2023-06-21T20:01:50+00:00\",\"mainEntityOfPage\":{\"@id\":\"https:\\\/\\\/canal7slp.tv\\\/2023\\\/con-gran-actuacion-valentina-lomas-en-la-serie-mundial-de-patinaje-artistico-2023\\\/\"},\"wordCount\":144,\"publisher\":{\"@id\":\"https:\\\/\\\/canal7slp.tv\\\/2023\\\/#organization\"},\"image\":{\"@id\":\"https:\\\/\\\/canal7slp.tv\\\/2023\\\/con-gran-actuacion-valentina-lomas-en-la-serie-mundial-de-patinaje-artistico-2023\\\/#primaryimage\"},\"thumbnailUrl\":\"https:\\\/\\\/canal7slp.tv\\\/2023\\\/wp-content\\\/uploads\\\/2023\\\/06\\\/Froi01Patinaje.jpg\",\"articleSection\":[\"DEPORTES\",\"DESTACADAS\"],\"inLanguage\":\"es\"},{\"@type\":\"WebPage\",\"@id\":\"https:\\\/\\\/canal7slp.tv\\\/2023\\\/con-gran-actuacion-valentina-lomas-en-la-serie-mundial-de-patinaje-artistico-2023\\\/\",\"url\":\"https:\\\/\\\/canal7slp.tv\\\/2023\\\/con-gran-actuacion-valentina-lomas-en-la-serie-mundial-de-patinaje-artistico-2023\\\/\",\"name\":\"Con gran actuaci\u00f3n Valentina Lomas en la Serie Mundial de Patinaje Art\u00edstico 2023 - Canal 7 SLP - 2023\",\"isPartOf\":{\"@id\":\"https:\\\/\\\/canal7slp.tv\\\/2023\\\/#website\"},\"primaryImageOfPage\":{\"@id\":\"https:\\\/\\\/canal7slp.tv\\\/2023\\\/con-gran-actuacion-valentina-lomas-en-la-serie-mundial-de-patinaje-artistico-2023\\\/#primaryimage\"},\"image\":{\"@id\":\"https:\\\/\\\/canal7slp.tv\\\/2023\\\/con-gran-actuacion-valentina-lomas-en-la-serie-mundial-de-patinaje-artistico-2023\\\/#primaryimage\"},\"thumbnailUrl\":\"https:\\\/\\\/canal7slp.tv\\\/2023\\\/wp-content\\\/uploads\\\/2023\\\/06\\\/Froi01Patinaje.jpg\",\"datePublished\":\"2023-06-21T20:01:50+00:00\",\"breadcrumb\":{\"@id\":\"https:\\\/\\\/canal7slp.tv\\\/2023\\\/con-gran-actuacion-valentina-lomas-en-la-serie-mundial-de-patinaje-artistico-2023\\\/#breadcrumb\"},\"inLanguage\":\"es\",\"potentialAction\":[{\"@type\":\"ReadAction\",\"target\":[\"https:\\\/\\\/canal7slp.tv\\\/2023\\\/con-gran-actuacion-valentina-lomas-en-la-serie-mundial-de-patinaje-artistico-2023\\\/\"]}]},{\"@type\":\"ImageObject\",\"inLanguage\":\"es\",\"@id\":\"https:\\\/\\\/canal7slp.tv\\\/2023\\\/con-gran-actuacion-valentina-lomas-en-la-serie-mundial-de-patinaje-artistico-2023\\\/#primaryimage\",\"url\":\"https:\\\/\\\/canal7slp.tv\\\/2023\\\/wp-content\\\/uploads\\\/2023\\\/06\\\/Froi01Patinaje.jpg\",\"contentUrl\":\"https:\\\/\\\/canal7slp.tv\\\/2023\\\/wp-content\\\/uploads\\\/2023\\\/06\\\/Froi01Patinaje.jpg\",\"width\":1280,\"height\":720},{\"@type\":\"BreadcrumbList\",\"@id\":\"https:\\\/\\\/canal7slp.tv\\\/2023\\\/con-gran-actuacion-valentina-lomas-en-la-serie-mundial-de-patinaje-artistico-2023\\\/#breadcrumb\",\"itemListElement\":[{\"@type\":\"ListItem\",\"position\":1,\"name\":\"Portada\",\"item\":\"https:\\\/\\\/canal7slp.tv\\\/2023\\\/\"},{\"@type\":\"ListItem\",\"position\":2,\"name\":\"Con gran actuaci\u00f3n Valentina Lomas en la Serie Mundial de Patinaje Art\u00edstico 2023\"}]},{\"@type\":\"WebSite\",\"@id\":\"https:\\\/\\\/canal7slp.tv\\\/2023\\\/#website\",\"url\":\"https:\\\/\\\/canal7slp.tv\\\/2023\\\/\",\"name\":\"N7 - Noticieros Canal 7\",\"description\":\"Somos Televisi\u00f3n\",\"publisher\":{\"@id\":\"https:\\\/\\\/canal7slp.tv\\\/2023\\\/#organization\"},\"potentialAction\":[{\"@type\":\"SearchAction\",\"target\":{\"@type\":\"EntryPoint\",\"urlTemplate\":\"https:\\\/\\\/canal7slp.tv\\\/2023\\\/?s={search_term_string}\"},\"query-input\":{\"@type\":\"PropertyValueSpecification\",\"valueRequired\":true,\"valueName\":\"search_term_string\"}}],\"inLanguage\":\"es\"},{\"@type\":\"Organization\",\"@id\":\"https:\\\/\\\/canal7slp.tv\\\/2023\\\/#organization\",\"name\":\"Noticieros Canal 7\",\"url\":\"https:\\\/\\\/canal7slp.tv\\\/2023\\\/\",\"logo\":{\"@type\":\"ImageObject\",\"inLanguage\":\"es\",\"@id\":\"https:\\\/\\\/canal7slp.tv\\\/2023\\\/#\\\/schema\\\/logo\\\/image\\\/\",\"url\":\"https:\\\/\\\/canal7slp.tv\\\/2023\\\/wp-content\\\/uploads\\\/2021\\\/01\\\/logo-noticieros@2x.png\",\"contentUrl\":\"https:\\\/\\\/canal7slp.tv\\\/2023\\\/wp-content\\\/uploads\\\/2021\\\/01\\\/logo-noticieros@2x.png\",\"width\":1017,\"height\":268,\"caption\":\"Noticieros Canal 7\"},\"image\":{\"@id\":\"https:\\\/\\\/canal7slp.tv\\\/2023\\\/#\\\/schema\\\/logo\\\/image\\\/\"},\"sameAs\":[\"https:\\\/\\\/www.facebook.com\\\/noticieroscanalsiete\",\"https:\\\/\\\/x.com\\\/NOTICIEROS7\",\"https:\\\/\\\/www.instagram.com\\\/canal7_slp\",\"https:\\\/\\\/www.youtube.com\\\/channel\\\/UCliiYs-gP3JfJeqdPrNdd5A\"]},{\"@type\":\"Person\",\"@id\":\"https:\\\/\\\/canal7slp.tv\\\/2023\\\/#\\\/schema\\\/person\\\/639c424e3584069003b11ae813915da6\",\"name\":\"Edici\u00f3n Web\",\"image\":{\"@type\":\"ImageObject\",\"inLanguage\":\"es\",\"@id\":\"https:\\\/\\\/secure.gravatar.com\\\/avatar\\\/eee448fc3f7164808013b816ba91ac7e43bbe82a70bebac296f8bc6f0addaa1a?s=96&d=mm&r=g\",\"url\":\"https:\\\/\\\/secure.gravatar.com\\\/avatar\\\/eee448fc3f7164808013b816ba91ac7e43bbe82a70bebac296f8bc6f0addaa1a?s=96&d=mm&r=g\",\"contentUrl\":\"https:\\\/\\\/secure.gravatar.com\\\/avatar\\\/eee448fc3f7164808013b816ba91ac7e43bbe82a70bebac296f8bc6f0addaa1a?s=96&d=mm&r=g\",\"caption\":\"Edici\u00f3n Web\"},\"url\":\"https:\\\/\\\/canal7slp.tv\\\/2023\\\/author\\\/edicionweb\\\/\"}]}<\/script>\n<!-- \/ Yoast SEO plugin. -->","yoast_head_json":{"title":"Con gran actuaci\u00f3n Valentina Lomas en la Serie Mundial de Patinaje Art\u00edstico 2023 - Canal 7 SLP - 2023","robots":{"index":"index","follow":"follow","max-snippet":"max-snippet:-1","max-image-preview":"max-image-preview:large","max-video-preview":"max-video-preview:-1"},"canonical":"https:\/\/canal7slp.tv\/2023\/con-gran-actuacion-valentina-lomas-en-la-serie-mundial-de-patinaje-artistico-2023\/","og_locale":"es_ES","og_type":"article","og_title":"Con gran actuaci\u00f3n Valentina Lomas en la Serie Mundial de Patinaje Art\u00edstico 2023 - Canal 7 SLP - 2023","og_description":"SLP.- La patinadora potosina Valentina Lomas, tuvo una hist\u00f3rica participaci\u00f3n dentro de la Serie Mundial de Patinaje Art\u00edstico 2023, que desarrollo en San Juan, Argentina, en donde obtuvo una medalla de plata. Valentina Lomas regreso de su participaci\u00f3n en los Juegos Nacionales CONADE, en donde obtuvo dos medalla de oro, y ahora alcanza una medalla de plata para M\u00e9xico en la Serie Mundial 2023 de Patinaje Art\u00edstico. Valentina Lomas tom\u00f3 parte dentro de la categor\u00eda Junior World Class de la Serie Mundial de Patinaje Art\u00edstico 2023, en donde el sitio de honor fue para la italiana Federica Pizzingrilli con calificaci\u00f3n [&hellip;]","og_url":"https:\/\/canal7slp.tv\/2023\/con-gran-actuacion-valentina-lomas-en-la-serie-mundial-de-patinaje-artistico-2023\/","og_site_name":"Canal 7 SLP - 2023","article_publisher":"https:\/\/www.facebook.com\/noticieroscanalsiete","article_published_time":"2023-06-21T20:01:50+00:00","og_image":[{"width":1280,"height":720,"url":"https:\/\/canal7slp.tv\/2023\/wp-content\/uploads\/2023\/06\/Froi01Patinaje.jpg","type":"image\/jpeg"}],"author":"Edici\u00f3n Web","twitter_card":"summary_large_image","twitter_creator":"@NOTICIEROS7","twitter_site":"@NOTICIEROS7","twitter_misc":{"Escrito por":"Edici\u00f3n Web","Tiempo de lectura":"1 minuto"},"schema":{"@context":"https:\/\/schema.org","@graph":[{"@type":"Article","@id":"https:\/\/canal7slp.tv\/2023\/con-gran-actuacion-valentina-lomas-en-la-serie-mundial-de-patinaje-artistico-2023\/#article","isPartOf":{"@id":"https:\/\/canal7slp.tv\/2023\/con-gran-actuacion-valentina-lomas-en-la-serie-mundial-de-patinaje-artistico-2023\/"},"author":{"name":"Edici\u00f3n Web","@id":"https:\/\/canal7slp.tv\/2023\/#\/schema\/person\/639c424e3584069003b11ae813915da6"},"headline":"Con gran actuaci\u00f3n Valentina Lomas en la Serie Mundial de Patinaje Art\u00edstico 2023","datePublished":"2023-06-21T20:01:50+00:00","mainEntityOfPage":{"@id":"https:\/\/canal7slp.tv\/2023\/con-gran-actuacion-valentina-lomas-en-la-serie-mundial-de-patinaje-artistico-2023\/"},"wordCount":144,"publisher":{"@id":"https:\/\/canal7slp.tv\/2023\/#organization"},"image":{"@id":"https:\/\/canal7slp.tv\/2023\/con-gran-actuacion-valentina-lomas-en-la-serie-mundial-de-patinaje-artistico-2023\/#primaryimage"},"thumbnailUrl":"https:\/\/canal7slp.tv\/2023\/wp-content\/uploads\/2023\/06\/Froi01Patinaje.jpg","articleSection":["DEPORTES","DESTACADAS"],"inLanguage":"es"},{"@type":"WebPage","@id":"https:\/\/canal7slp.tv\/2023\/con-gran-actuacion-valentina-lomas-en-la-serie-mundial-de-patinaje-artistico-2023\/","url":"https:\/\/canal7slp.tv\/2023\/con-gran-actuacion-valentina-lomas-en-la-serie-mundial-de-patinaje-artistico-2023\/","name":"Con gran actuaci\u00f3n Valentina Lomas en la Serie Mundial de Patinaje Art\u00edstico 2023 - Canal 7 SLP - 2023","isPartOf":{"@id":"https:\/\/canal7slp.tv\/2023\/#website"},"primaryImageOfPage":{"@id":"https:\/\/canal7slp.tv\/2023\/con-gran-actuacion-valentina-lomas-en-la-serie-mundial-de-patinaje-artistico-2023\/#primaryimage"},"image":{"@id":"https:\/\/canal7slp.tv\/2023\/con-gran-actuacion-valentina-lomas-en-la-serie-mundial-de-patinaje-artistico-2023\/#primaryimage"},"thumbnailUrl":"https:\/\/canal7slp.tv\/2023\/wp-content\/uploads\/2023\/06\/Froi01Patinaje.jpg","datePublished":"2023-06-21T20:01:50+00:00","breadcrumb":{"@id":"https:\/\/canal7slp.tv\/2023\/con-gran-actuacion-valentina-lomas-en-la-serie-mundial-de-patinaje-artistico-2023\/#breadcrumb"},"inLanguage":"es","potentialAction":[{"@type":"ReadAction","target":["https:\/\/canal7slp.tv\/2023\/con-gran-actuacion-valentina-lomas-en-la-serie-mundial-de-patinaje-artistico-2023\/"]}]},{"@type":"ImageObject","inLanguage":"es","@id":"https:\/\/canal7slp.tv\/2023\/con-gran-actuacion-valentina-lomas-en-la-serie-mundial-de-patinaje-artistico-2023\/#primaryimage","url":"https:\/\/canal7slp.tv\/2023\/wp-content\/uploads\/2023\/06\/Froi01Patinaje.jpg","contentUrl":"https:\/\/canal7slp.tv\/2023\/wp-content\/uploads\/2023\/06\/Froi01Patinaje.jpg","width":1280,"height":720},{"@type":"BreadcrumbList","@id":"https:\/\/canal7slp.tv\/2023\/con-gran-actuacion-valentina-lomas-en-la-serie-mundial-de-patinaje-artistico-2023\/#breadcrumb","itemListElement":[{"@type":"ListItem","position":1,"name":"Portada","item":"https:\/\/canal7slp.tv\/2023\/"},{"@type":"ListItem","position":2,"name":"Con gran actuaci\u00f3n Valentina Lomas en la Serie Mundial de Patinaje Art\u00edstico 2023"}]},{"@type":"WebSite","@id":"https:\/\/canal7slp.tv\/2023\/#website","url":"https:\/\/canal7slp.tv\/2023\/","name":"N7 - Noticieros Canal 7","description":"Somos Televisi\u00f3n","publisher":{"@id":"https:\/\/canal7slp.tv\/2023\/#organization"},"potentialAction":[{"@type":"SearchAction","target":{"@type":"EntryPoint","urlTemplate":"https:\/\/canal7slp.tv\/2023\/?s={search_term_string}"},"query-input":{"@type":"PropertyValueSpecification","valueRequired":true,"valueName":"search_term_string"}}],"inLanguage":"es"},{"@type":"Organization","@id":"https:\/\/canal7slp.tv\/2023\/#organization","name":"Noticieros Canal 7","url":"https:\/\/canal7slp.tv\/2023\/","logo":{"@type":"ImageObject","inLanguage":"es","@id":"https:\/\/canal7slp.tv\/2023\/#\/schema\/logo\/image\/","url":"https:\/\/canal7slp.tv\/2023\/wp-content\/uploads\/2021\/01\/logo-noticieros@2x.png","contentUrl":"https:\/\/canal7slp.tv\/2023\/wp-content\/uploads\/2021\/01\/logo-noticieros@2x.png","width":1017,"height":268,"caption":"Noticieros Canal 7"},"image":{"@id":"https:\/\/canal7slp.tv\/2023\/#\/schema\/logo\/image\/"},"sameAs":["https:\/\/www.facebook.com\/noticieroscanalsiete","https:\/\/x.com\/NOTICIEROS7","https:\/\/www.instagram.com\/canal7_slp","https:\/\/www.youtube.com\/channel\/UCliiYs-gP3JfJeqdPrNdd5A"]},{"@type":"Person","@id":"https:\/\/canal7slp.tv\/2023\/#\/schema\/person\/639c424e3584069003b11ae813915da6","name":"Edici\u00f3n Web","image":{"@type":"ImageObject","inLanguage":"es","@id":"https:\/\/secure.gravatar.com\/avatar\/eee448fc3f7164808013b816ba91ac7e43bbe82a70bebac296f8bc6f0addaa1a?s=96&d=mm&r=g","url":"https:\/\/secure.gravatar.com\/avatar\/eee448fc3f7164808013b816ba91ac7e43bbe82a70bebac296f8bc6f0addaa1a?s=96&d=mm&r=g","contentUrl":"https:\/\/secure.gravatar.com\/avatar\/eee448fc3f7164808013b816ba91ac7e43bbe82a70bebac296f8bc6f0addaa1a?s=96&d=mm&r=g","caption":"Edici\u00f3n Web"},"url":"https:\/\/canal7slp.tv\/2023\/author\/edicionweb\/"}]}},"_links":{"self":[{"href":"https:\/\/canal7slp.tv\/2023\/wp-json\/wp\/v2\/posts\/99063","targetHints":{"allow":["GET"]}}],"collection":[{"href":"https:\/\/canal7slp.tv\/2023\/wp-json\/wp\/v2\/posts"}],"about":[{"href":"https:\/\/canal7slp.tv\/2023\/wp-json\/wp\/v2\/types\/post"}],"author":[{"embeddable":true,"href":"https:\/\/canal7slp.tv\/2023\/wp-json\/wp\/v2\/users\/2"}],"replies":[{"embeddable":true,"href":"https:\/\/canal7slp.tv\/2023\/wp-json\/wp\/v2\/comments?post=99063"}],"version-history":[{"count":2,"href":"https:\/\/canal7slp.tv\/2023\/wp-json\/wp\/v2\/posts\/99063\/revisions"}],"predecessor-version":[{"id":99068,"href":"https:\/\/canal7slp.tv\/2023\/wp-json\/wp\/v2\/posts\/99063\/revisions\/99068"}],"wp:featuredmedia":[{"embeddable":true,"href":"https:\/\/canal7slp.tv\/2023\/wp-json\/wp\/v2\/media\/99067"}],"wp:attachment":[{"href":"https:\/\/canal7slp.tv\/2023\/wp-json\/wp\/v2\/media?parent=99063"}],"wp:term":[{"taxonomy":"category","embeddable":true,"href":"https:\/\/canal7slp.tv\/2023\/wp-json\/wp\/v2\/categories?post=99063"},{"taxonomy":"post_tag","embeddable":true,"href":"https:\/\/canal7slp.tv\/2023\/wp-json\/wp\/v2\/tags?post=99063"}],"curies":[{"name":"wp","href":"https:\/\/api.w.org\/{rel}","templated":true}]}}