{"id":98899,"date":"2023-06-19T19:52:50","date_gmt":"2023-06-20T01:52:50","guid":{"rendered":"https:\/\/canal7slp.tv\/2023\/?p=98899"},"modified":"2023-06-19T19:52:50","modified_gmt":"2023-06-20T01:52:50","slug":"pese-el-principio-de-paridad-aun-se-visibilizan-casos-de-violencia-politica-de-genero","status":"publish","type":"post","link":"https:\/\/canal7slp.tv\/2023\/pese-el-principio-de-paridad-aun-se-visibilizan-casos-de-violencia-politica-de-genero\/","title":{"rendered":"Pese el principio de paridad, a\u00fan se visibilizan casos de violencia pol\u00edtica de g\u00e9nero"},"content":{"rendered":"<p style=\"text-align: justify;\">SLP.- El Observatorio de Participaci\u00f3n Pol\u00edticas de las Mujeres en el estado de San Luis Potos\u00ed llevo a cabo una conferencia denominada \u201cRetos y avances en la participaci\u00f3n pol\u00edtica de las mujeres, a 100 a\u00f1os del reconocimiento del derecho al voto en San Luis Potos\u00ed\u201d<\/p>\n<p style=\"text-align: justify;\">La ponencia estuvo a cargo de la maestra Dania Paola Ravel Cuevas consejera del Instituto Nacional Electoral misma que se llev\u00f3 a cabo en la Facultad de Derecho de la Universidad Aut\u00f3noma de San Luis Potos\u00ed.<\/p>\n<p style=\"text-align: justify;\">Antes de su disertaci\u00f3n la magistrada del Tribunal Estatal Electoral Denisse Porras Guerrero dio un informe sobre el n\u00famero de mujeres que en San Luis Potos\u00ed, ocuparon cargos de elecci\u00f3n popular derivado de las \u00faltimas elecciones en el estado.<\/p>\n<p style=\"text-align: justify;\">Se\u00f1al\u00f3 que en el Congreso del Estado hay 13 diputadas, 17 presidentas municipales, 25 s\u00edndicas y 236 regidoras y que a\u00fan as\u00ed, se siguen visibilizando formas de violencia pol\u00edtica de g\u00e9nero.<\/p>\n<p style=\"text-align: justify;\">En su ponencia, la consejera nacional del INE Dania Paola Ravel dijo que a nivel mundial M\u00e9xico se ha posicionado en cuanto a la participaci\u00f3n de las mujeres en la pol\u00edtica.<\/p>\n<p style=\"text-align: justify;\">Sin embargo, al dar datos sobre los gobiernos estatales la consejera nacional del INE afirm\u00f3 que en San Luis Potos\u00ed no se esta cumpliendo totalmente en lo relativo a la paridad de g\u00e9nero, para ocupar cargos dentro del gabinete estatal.<\/p>\n<p style=\"text-align: justify;\">Paola Ravel Cuevas record\u00f3 que fue en el a\u00f1o de 1955 cuando en San Luis Potos\u00ed las mujeres ejercieron su derecho a votar y que de esta fecha en adelante, se ha buscado siempre la inclusi\u00f3n de las mujeres en la vida pol\u00edtica del pa\u00eds.<\/p>\n<p>Por: Claudio Ibarra<\/p>\n","protected":false},"excerpt":{"rendered":"<p>SLP.- El Observatorio de Participaci\u00f3n Pol\u00edticas de las Mujeres en el estado de San Luis Potos\u00ed llevo a cabo una conferencia denominada \u201cRetos y avances en la participaci\u00f3n pol\u00edtica de las mujeres, a 100 a\u00f1os del reconocimiento del derecho al voto en San Luis Potos\u00ed\u201d La ponencia estuvo a cargo de la maestra Dania Paola Ravel Cuevas consejera del Instituto Nacional Electoral misma que se llev\u00f3 a cabo en la Facultad de Derecho de la Universidad Aut\u00f3noma de San Luis Potos\u00ed. Antes de su disertaci\u00f3n la magistrada del Tribunal Estatal Electoral Denisse Porras Guerrero dio un informe sobre el n\u00famero [&hellip;]<\/p>\n","protected":false},"author":2,"featured_media":98920,"comment_status":"closed","ping_status":"closed","sticky":false,"template":"","format":"video","meta":{"footnotes":""},"categories":[5,45],"tags":[],"class_list":["post-98899","post","type-post","status-publish","format-video","has-post-thumbnail","hentry","category-destacadas","category-localesyregionales","post_format-post-format-video","post--single"],"yoast_head":"<!-- This site is optimized with the Yoast SEO plugin v27.4 - https:\/\/yoast.com\/product\/yoast-seo-wordpress\/ -->\n<title>Pese el principio de paridad, a\u00fan se visibilizan casos de violencia pol\u00edtica de g\u00e9nero - Canal 7 SLP - 2023<\/title>\n<meta name=\"robots\" content=\"index, follow, max-snippet:-1, max-image-preview:large, max-video-preview:-1\" \/>\n<link rel=\"canonical\" href=\"https:\/\/canal7slp.tv\/2023\/pese-el-principio-de-paridad-aun-se-visibilizan-casos-de-violencia-politica-de-genero\/\" \/>\n<meta property=\"og:locale\" content=\"es_ES\" \/>\n<meta property=\"og:type\" content=\"article\" \/>\n<meta property=\"og:title\" content=\"Pese el principio de paridad, a\u00fan se visibilizan casos de violencia pol\u00edtica de g\u00e9nero - Canal 7 SLP - 2023\" \/>\n<meta property=\"og:description\" content=\"SLP.- El Observatorio de Participaci\u00f3n Pol\u00edticas de las Mujeres en el estado de San Luis Potos\u00ed llevo a cabo una conferencia denominada \u201cRetos y avances en la participaci\u00f3n pol\u00edtica de las mujeres, a 100 a\u00f1os del reconocimiento del derecho al voto en San Luis Potos\u00ed\u201d La ponencia estuvo a cargo de la maestra Dania Paola Ravel Cuevas consejera del Instituto Nacional Electoral misma que se llev\u00f3 a cabo en la Facultad de Derecho de la Universidad Aut\u00f3noma de San Luis Potos\u00ed. Antes de su disertaci\u00f3n la magistrada del Tribunal Estatal Electoral Denisse Porras Guerrero dio un informe sobre el n\u00famero [&hellip;]\" \/>\n<meta property=\"og:url\" content=\"https:\/\/canal7slp.tv\/2023\/pese-el-principio-de-paridad-aun-se-visibilizan-casos-de-violencia-politica-de-genero\/\" \/>\n<meta property=\"og:site_name\" content=\"Canal 7 SLP - 2023\" \/>\n<meta property=\"article:publisher\" content=\"https:\/\/www.facebook.com\/noticieroscanalsiete\" \/>\n<meta property=\"article:published_time\" content=\"2023-06-20T01:52:50+00:00\" \/>\n<meta property=\"og:image\" content=\"https:\/\/canal7slp.tv\/2023\/wp-content\/uploads\/2023\/06\/Claudio02Conversatorio.jpg\" \/>\n\t<meta property=\"og:image:width\" content=\"1280\" \/>\n\t<meta property=\"og:image:height\" content=\"720\" \/>\n\t<meta property=\"og:image:type\" content=\"image\/jpeg\" \/>\n<meta name=\"author\" content=\"Edici\u00f3n Web\" \/>\n<meta name=\"twitter:card\" content=\"summary_large_image\" \/>\n<meta name=\"twitter:creator\" content=\"@NOTICIEROS7\" \/>\n<meta name=\"twitter:site\" content=\"@NOTICIEROS7\" \/>\n<meta name=\"twitter:label1\" content=\"Escrito por\" \/>\n\t<meta name=\"twitter:data1\" content=\"Edici\u00f3n Web\" \/>\n\t<meta name=\"twitter:label2\" content=\"Tiempo de lectura\" \/>\n\t<meta name=\"twitter:data2\" content=\"2 minutos\" \/>\n<script type=\"application\/ld+json\" class=\"yoast-schema-graph\">{\"@context\":\"https:\\\/\\\/schema.org\",\"@graph\":[{\"@type\":\"Article\",\"@id\":\"https:\\\/\\\/canal7slp.tv\\\/2023\\\/pese-el-principio-de-paridad-aun-se-visibilizan-casos-de-violencia-politica-de-genero\\\/#article\",\"isPartOf\":{\"@id\":\"https:\\\/\\\/canal7slp.tv\\\/2023\\\/pese-el-principio-de-paridad-aun-se-visibilizan-casos-de-violencia-politica-de-genero\\\/\"},\"author\":{\"name\":\"Edici\u00f3n Web\",\"@id\":\"https:\\\/\\\/canal7slp.tv\\\/2023\\\/#\\\/schema\\\/person\\\/639c424e3584069003b11ae813915da6\"},\"headline\":\"Pese el principio de paridad, a\u00fan se visibilizan casos de violencia pol\u00edtica de g\u00e9nero\",\"datePublished\":\"2023-06-20T01:52:50+00:00\",\"mainEntityOfPage\":{\"@id\":\"https:\\\/\\\/canal7slp.tv\\\/2023\\\/pese-el-principio-de-paridad-aun-se-visibilizan-casos-de-violencia-politica-de-genero\\\/\"},\"wordCount\":304,\"publisher\":{\"@id\":\"https:\\\/\\\/canal7slp.tv\\\/2023\\\/#organization\"},\"image\":{\"@id\":\"https:\\\/\\\/canal7slp.tv\\\/2023\\\/pese-el-principio-de-paridad-aun-se-visibilizan-casos-de-violencia-politica-de-genero\\\/#primaryimage\"},\"thumbnailUrl\":\"https:\\\/\\\/canal7slp.tv\\\/2023\\\/wp-content\\\/uploads\\\/2023\\\/06\\\/Claudio02Conversatorio.jpg\",\"articleSection\":[\"DESTACADAS\",\"LOCALES Y REGIONALES\"],\"inLanguage\":\"es\"},{\"@type\":\"WebPage\",\"@id\":\"https:\\\/\\\/canal7slp.tv\\\/2023\\\/pese-el-principio-de-paridad-aun-se-visibilizan-casos-de-violencia-politica-de-genero\\\/\",\"url\":\"https:\\\/\\\/canal7slp.tv\\\/2023\\\/pese-el-principio-de-paridad-aun-se-visibilizan-casos-de-violencia-politica-de-genero\\\/\",\"name\":\"Pese el principio de paridad, a\u00fan se visibilizan casos de violencia pol\u00edtica de g\u00e9nero - Canal 7 SLP - 2023\",\"isPartOf\":{\"@id\":\"https:\\\/\\\/canal7slp.tv\\\/2023\\\/#website\"},\"primaryImageOfPage\":{\"@id\":\"https:\\\/\\\/canal7slp.tv\\\/2023\\\/pese-el-principio-de-paridad-aun-se-visibilizan-casos-de-violencia-politica-de-genero\\\/#primaryimage\"},\"image\":{\"@id\":\"https:\\\/\\\/canal7slp.tv\\\/2023\\\/pese-el-principio-de-paridad-aun-se-visibilizan-casos-de-violencia-politica-de-genero\\\/#primaryimage\"},\"thumbnailUrl\":\"https:\\\/\\\/canal7slp.tv\\\/2023\\\/wp-content\\\/uploads\\\/2023\\\/06\\\/Claudio02Conversatorio.jpg\",\"datePublished\":\"2023-06-20T01:52:50+00:00\",\"breadcrumb\":{\"@id\":\"https:\\\/\\\/canal7slp.tv\\\/2023\\\/pese-el-principio-de-paridad-aun-se-visibilizan-casos-de-violencia-politica-de-genero\\\/#breadcrumb\"},\"inLanguage\":\"es\",\"potentialAction\":[{\"@type\":\"ReadAction\",\"target\":[\"https:\\\/\\\/canal7slp.tv\\\/2023\\\/pese-el-principio-de-paridad-aun-se-visibilizan-casos-de-violencia-politica-de-genero\\\/\"]}]},{\"@type\":\"ImageObject\",\"inLanguage\":\"es\",\"@id\":\"https:\\\/\\\/canal7slp.tv\\\/2023\\\/pese-el-principio-de-paridad-aun-se-visibilizan-casos-de-violencia-politica-de-genero\\\/#primaryimage\",\"url\":\"https:\\\/\\\/canal7slp.tv\\\/2023\\\/wp-content\\\/uploads\\\/2023\\\/06\\\/Claudio02Conversatorio.jpg\",\"contentUrl\":\"https:\\\/\\\/canal7slp.tv\\\/2023\\\/wp-content\\\/uploads\\\/2023\\\/06\\\/Claudio02Conversatorio.jpg\",\"width\":1280,\"height\":720},{\"@type\":\"BreadcrumbList\",\"@id\":\"https:\\\/\\\/canal7slp.tv\\\/2023\\\/pese-el-principio-de-paridad-aun-se-visibilizan-casos-de-violencia-politica-de-genero\\\/#breadcrumb\",\"itemListElement\":[{\"@type\":\"ListItem\",\"position\":1,\"name\":\"Portada\",\"item\":\"https:\\\/\\\/canal7slp.tv\\\/2023\\\/\"},{\"@type\":\"ListItem\",\"position\":2,\"name\":\"Pese el principio de paridad, a\u00fan se visibilizan casos de violencia pol\u00edtica de g\u00e9nero\"}]},{\"@type\":\"WebSite\",\"@id\":\"https:\\\/\\\/canal7slp.tv\\\/2023\\\/#website\",\"url\":\"https:\\\/\\\/canal7slp.tv\\\/2023\\\/\",\"name\":\"N7 - Noticieros Canal 7\",\"description\":\"Somos Televisi\u00f3n\",\"publisher\":{\"@id\":\"https:\\\/\\\/canal7slp.tv\\\/2023\\\/#organization\"},\"potentialAction\":[{\"@type\":\"SearchAction\",\"target\":{\"@type\":\"EntryPoint\",\"urlTemplate\":\"https:\\\/\\\/canal7slp.tv\\\/2023\\\/?s={search_term_string}\"},\"query-input\":{\"@type\":\"PropertyValueSpecification\",\"valueRequired\":true,\"valueName\":\"search_term_string\"}}],\"inLanguage\":\"es\"},{\"@type\":\"Organization\",\"@id\":\"https:\\\/\\\/canal7slp.tv\\\/2023\\\/#organization\",\"name\":\"Noticieros Canal 7\",\"url\":\"https:\\\/\\\/canal7slp.tv\\\/2023\\\/\",\"logo\":{\"@type\":\"ImageObject\",\"inLanguage\":\"es\",\"@id\":\"https:\\\/\\\/canal7slp.tv\\\/2023\\\/#\\\/schema\\\/logo\\\/image\\\/\",\"url\":\"https:\\\/\\\/canal7slp.tv\\\/2023\\\/wp-content\\\/uploads\\\/2021\\\/01\\\/logo-noticieros@2x.png\",\"contentUrl\":\"https:\\\/\\\/canal7slp.tv\\\/2023\\\/wp-content\\\/uploads\\\/2021\\\/01\\\/logo-noticieros@2x.png\",\"width\":1017,\"height\":268,\"caption\":\"Noticieros Canal 7\"},\"image\":{\"@id\":\"https:\\\/\\\/canal7slp.tv\\\/2023\\\/#\\\/schema\\\/logo\\\/image\\\/\"},\"sameAs\":[\"https:\\\/\\\/www.facebook.com\\\/noticieroscanalsiete\",\"https:\\\/\\\/x.com\\\/NOTICIEROS7\",\"https:\\\/\\\/www.instagram.com\\\/canal7_slp\",\"https:\\\/\\\/www.youtube.com\\\/channel\\\/UCliiYs-gP3JfJeqdPrNdd5A\"]},{\"@type\":\"Person\",\"@id\":\"https:\\\/\\\/canal7slp.tv\\\/2023\\\/#\\\/schema\\\/person\\\/639c424e3584069003b11ae813915da6\",\"name\":\"Edici\u00f3n Web\",\"image\":{\"@type\":\"ImageObject\",\"inLanguage\":\"es\",\"@id\":\"https:\\\/\\\/secure.gravatar.com\\\/avatar\\\/eee448fc3f7164808013b816ba91ac7e43bbe82a70bebac296f8bc6f0addaa1a?s=96&d=mm&r=g\",\"url\":\"https:\\\/\\\/secure.gravatar.com\\\/avatar\\\/eee448fc3f7164808013b816ba91ac7e43bbe82a70bebac296f8bc6f0addaa1a?s=96&d=mm&r=g\",\"contentUrl\":\"https:\\\/\\\/secure.gravatar.com\\\/avatar\\\/eee448fc3f7164808013b816ba91ac7e43bbe82a70bebac296f8bc6f0addaa1a?s=96&d=mm&r=g\",\"caption\":\"Edici\u00f3n Web\"},\"url\":\"https:\\\/\\\/canal7slp.tv\\\/2023\\\/author\\\/edicionweb\\\/\"}]}<\/script>\n<!-- \/ Yoast SEO plugin. -->","yoast_head_json":{"title":"Pese el principio de paridad, a\u00fan se visibilizan casos de violencia pol\u00edtica de g\u00e9nero - Canal 7 SLP - 2023","robots":{"index":"index","follow":"follow","max-snippet":"max-snippet:-1","max-image-preview":"max-image-preview:large","max-video-preview":"max-video-preview:-1"},"canonical":"https:\/\/canal7slp.tv\/2023\/pese-el-principio-de-paridad-aun-se-visibilizan-casos-de-violencia-politica-de-genero\/","og_locale":"es_ES","og_type":"article","og_title":"Pese el principio de paridad, a\u00fan se visibilizan casos de violencia pol\u00edtica de g\u00e9nero - Canal 7 SLP - 2023","og_description":"SLP.- El Observatorio de Participaci\u00f3n Pol\u00edticas de las Mujeres en el estado de San Luis Potos\u00ed llevo a cabo una conferencia denominada \u201cRetos y avances en la participaci\u00f3n pol\u00edtica de las mujeres, a 100 a\u00f1os del reconocimiento del derecho al voto en San Luis Potos\u00ed\u201d La ponencia estuvo a cargo de la maestra Dania Paola Ravel Cuevas consejera del Instituto Nacional Electoral misma que se llev\u00f3 a cabo en la Facultad de Derecho de la Universidad Aut\u00f3noma de San Luis Potos\u00ed. Antes de su disertaci\u00f3n la magistrada del Tribunal Estatal Electoral Denisse Porras Guerrero dio un informe sobre el n\u00famero [&hellip;]","og_url":"https:\/\/canal7slp.tv\/2023\/pese-el-principio-de-paridad-aun-se-visibilizan-casos-de-violencia-politica-de-genero\/","og_site_name":"Canal 7 SLP - 2023","article_publisher":"https:\/\/www.facebook.com\/noticieroscanalsiete","article_published_time":"2023-06-20T01:52:50+00:00","og_image":[{"width":1280,"height":720,"url":"https:\/\/canal7slp.tv\/2023\/wp-content\/uploads\/2023\/06\/Claudio02Conversatorio.jpg","type":"image\/jpeg"}],"author":"Edici\u00f3n Web","twitter_card":"summary_large_image","twitter_creator":"@NOTICIEROS7","twitter_site":"@NOTICIEROS7","twitter_misc":{"Escrito por":"Edici\u00f3n Web","Tiempo de lectura":"2 minutos"},"schema":{"@context":"https:\/\/schema.org","@graph":[{"@type":"Article","@id":"https:\/\/canal7slp.tv\/2023\/pese-el-principio-de-paridad-aun-se-visibilizan-casos-de-violencia-politica-de-genero\/#article","isPartOf":{"@id":"https:\/\/canal7slp.tv\/2023\/pese-el-principio-de-paridad-aun-se-visibilizan-casos-de-violencia-politica-de-genero\/"},"author":{"name":"Edici\u00f3n Web","@id":"https:\/\/canal7slp.tv\/2023\/#\/schema\/person\/639c424e3584069003b11ae813915da6"},"headline":"Pese el principio de paridad, a\u00fan se visibilizan casos de violencia pol\u00edtica de g\u00e9nero","datePublished":"2023-06-20T01:52:50+00:00","mainEntityOfPage":{"@id":"https:\/\/canal7slp.tv\/2023\/pese-el-principio-de-paridad-aun-se-visibilizan-casos-de-violencia-politica-de-genero\/"},"wordCount":304,"publisher":{"@id":"https:\/\/canal7slp.tv\/2023\/#organization"},"image":{"@id":"https:\/\/canal7slp.tv\/2023\/pese-el-principio-de-paridad-aun-se-visibilizan-casos-de-violencia-politica-de-genero\/#primaryimage"},"thumbnailUrl":"https:\/\/canal7slp.tv\/2023\/wp-content\/uploads\/2023\/06\/Claudio02Conversatorio.jpg","articleSection":["DESTACADAS","LOCALES Y REGIONALES"],"inLanguage":"es"},{"@type":"WebPage","@id":"https:\/\/canal7slp.tv\/2023\/pese-el-principio-de-paridad-aun-se-visibilizan-casos-de-violencia-politica-de-genero\/","url":"https:\/\/canal7slp.tv\/2023\/pese-el-principio-de-paridad-aun-se-visibilizan-casos-de-violencia-politica-de-genero\/","name":"Pese el principio de paridad, a\u00fan se visibilizan casos de violencia pol\u00edtica de g\u00e9nero - Canal 7 SLP - 2023","isPartOf":{"@id":"https:\/\/canal7slp.tv\/2023\/#website"},"primaryImageOfPage":{"@id":"https:\/\/canal7slp.tv\/2023\/pese-el-principio-de-paridad-aun-se-visibilizan-casos-de-violencia-politica-de-genero\/#primaryimage"},"image":{"@id":"https:\/\/canal7slp.tv\/2023\/pese-el-principio-de-paridad-aun-se-visibilizan-casos-de-violencia-politica-de-genero\/#primaryimage"},"thumbnailUrl":"https:\/\/canal7slp.tv\/2023\/wp-content\/uploads\/2023\/06\/Claudio02Conversatorio.jpg","datePublished":"2023-06-20T01:52:50+00:00","breadcrumb":{"@id":"https:\/\/canal7slp.tv\/2023\/pese-el-principio-de-paridad-aun-se-visibilizan-casos-de-violencia-politica-de-genero\/#breadcrumb"},"inLanguage":"es","potentialAction":[{"@type":"ReadAction","target":["https:\/\/canal7slp.tv\/2023\/pese-el-principio-de-paridad-aun-se-visibilizan-casos-de-violencia-politica-de-genero\/"]}]},{"@type":"ImageObject","inLanguage":"es","@id":"https:\/\/canal7slp.tv\/2023\/pese-el-principio-de-paridad-aun-se-visibilizan-casos-de-violencia-politica-de-genero\/#primaryimage","url":"https:\/\/canal7slp.tv\/2023\/wp-content\/uploads\/2023\/06\/Claudio02Conversatorio.jpg","contentUrl":"https:\/\/canal7slp.tv\/2023\/wp-content\/uploads\/2023\/06\/Claudio02Conversatorio.jpg","width":1280,"height":720},{"@type":"BreadcrumbList","@id":"https:\/\/canal7slp.tv\/2023\/pese-el-principio-de-paridad-aun-se-visibilizan-casos-de-violencia-politica-de-genero\/#breadcrumb","itemListElement":[{"@type":"ListItem","position":1,"name":"Portada","item":"https:\/\/canal7slp.tv\/2023\/"},{"@type":"ListItem","position":2,"name":"Pese el principio de paridad, a\u00fan se visibilizan casos de violencia pol\u00edtica de g\u00e9nero"}]},{"@type":"WebSite","@id":"https:\/\/canal7slp.tv\/2023\/#website","url":"https:\/\/canal7slp.tv\/2023\/","name":"N7 - Noticieros Canal 7","description":"Somos Televisi\u00f3n","publisher":{"@id":"https:\/\/canal7slp.tv\/2023\/#organization"},"potentialAction":[{"@type":"SearchAction","target":{"@type":"EntryPoint","urlTemplate":"https:\/\/canal7slp.tv\/2023\/?s={search_term_string}"},"query-input":{"@type":"PropertyValueSpecification","valueRequired":true,"valueName":"search_term_string"}}],"inLanguage":"es"},{"@type":"Organization","@id":"https:\/\/canal7slp.tv\/2023\/#organization","name":"Noticieros Canal 7","url":"https:\/\/canal7slp.tv\/2023\/","logo":{"@type":"ImageObject","inLanguage":"es","@id":"https:\/\/canal7slp.tv\/2023\/#\/schema\/logo\/image\/","url":"https:\/\/canal7slp.tv\/2023\/wp-content\/uploads\/2021\/01\/logo-noticieros@2x.png","contentUrl":"https:\/\/canal7slp.tv\/2023\/wp-content\/uploads\/2021\/01\/logo-noticieros@2x.png","width":1017,"height":268,"caption":"Noticieros Canal 7"},"image":{"@id":"https:\/\/canal7slp.tv\/2023\/#\/schema\/logo\/image\/"},"sameAs":["https:\/\/www.facebook.com\/noticieroscanalsiete","https:\/\/x.com\/NOTICIEROS7","https:\/\/www.instagram.com\/canal7_slp","https:\/\/www.youtube.com\/channel\/UCliiYs-gP3JfJeqdPrNdd5A"]},{"@type":"Person","@id":"https:\/\/canal7slp.tv\/2023\/#\/schema\/person\/639c424e3584069003b11ae813915da6","name":"Edici\u00f3n Web","image":{"@type":"ImageObject","inLanguage":"es","@id":"https:\/\/secure.gravatar.com\/avatar\/eee448fc3f7164808013b816ba91ac7e43bbe82a70bebac296f8bc6f0addaa1a?s=96&d=mm&r=g","url":"https:\/\/secure.gravatar.com\/avatar\/eee448fc3f7164808013b816ba91ac7e43bbe82a70bebac296f8bc6f0addaa1a?s=96&d=mm&r=g","contentUrl":"https:\/\/secure.gravatar.com\/avatar\/eee448fc3f7164808013b816ba91ac7e43bbe82a70bebac296f8bc6f0addaa1a?s=96&d=mm&r=g","caption":"Edici\u00f3n Web"},"url":"https:\/\/canal7slp.tv\/2023\/author\/edicionweb\/"}]}},"_links":{"self":[{"href":"https:\/\/canal7slp.tv\/2023\/wp-json\/wp\/v2\/posts\/98899","targetHints":{"allow":["GET"]}}],"collection":[{"href":"https:\/\/canal7slp.tv\/2023\/wp-json\/wp\/v2\/posts"}],"about":[{"href":"https:\/\/canal7slp.tv\/2023\/wp-json\/wp\/v2\/types\/post"}],"author":[{"embeddable":true,"href":"https:\/\/canal7slp.tv\/2023\/wp-json\/wp\/v2\/users\/2"}],"replies":[{"embeddable":true,"href":"https:\/\/canal7slp.tv\/2023\/wp-json\/wp\/v2\/comments?post=98899"}],"version-history":[{"count":2,"href":"https:\/\/canal7slp.tv\/2023\/wp-json\/wp\/v2\/posts\/98899\/revisions"}],"predecessor-version":[{"id":98921,"href":"https:\/\/canal7slp.tv\/2023\/wp-json\/wp\/v2\/posts\/98899\/revisions\/98921"}],"wp:featuredmedia":[{"embeddable":true,"href":"https:\/\/canal7slp.tv\/2023\/wp-json\/wp\/v2\/media\/98920"}],"wp:attachment":[{"href":"https:\/\/canal7slp.tv\/2023\/wp-json\/wp\/v2\/media?parent=98899"}],"wp:term":[{"taxonomy":"category","embeddable":true,"href":"https:\/\/canal7slp.tv\/2023\/wp-json\/wp\/v2\/categories?post=98899"},{"taxonomy":"post_tag","embeddable":true,"href":"https:\/\/canal7slp.tv\/2023\/wp-json\/wp\/v2\/tags?post=98899"}],"curies":[{"name":"wp","href":"https:\/\/api.w.org\/{rel}","templated":true}]}}