{"id":98894,"date":"2023-06-19T19:40:12","date_gmt":"2023-06-20T01:40:12","guid":{"rendered":"https:\/\/canal7slp.tv\/2023\/?p=98894"},"modified":"2023-06-19T19:40:12","modified_gmt":"2023-06-20T01:40:12","slug":"cadena-comercial-cubre-reparacion-del-dano-a-familia-de-cesar-gerardo-queda-pendiente-senalamiento-de-pregunta-negligencia","status":"publish","type":"post","link":"https:\/\/canal7slp.tv\/2023\/cadena-comercial-cubre-reparacion-del-dano-a-familia-de-cesar-gerardo-queda-pendiente-senalamiento-de-pregunta-negligencia\/","title":{"rendered":"Cadena comercial cubre reparaci\u00f3n del da\u00f1o a familia de C\u00e9sar Gerardo; queda pendiente se\u00f1alamiento de pregunta negligencia"},"content":{"rendered":"<p style=\"text-align: justify;\">SLP.- Durante la primera semana del mes de junio, C\u00e9sar Gerardo Medina, joven de 21 a\u00f1os perdi\u00f3 la vida al caer del segundo piso de un local comercial ubicado en la zona centro, sitio donde \u00e9l laboraba.<\/p>\n<p style=\"text-align: justify;\">Este d\u00eda 19 de junio, la prima del finado Gerardo, habl\u00f3 al respecto del arreglo al que se lleg\u00f3 despu\u00e9s de mucha presi\u00f3n contra la empresa en cuesti\u00f3n y apoyo del gobierno estatal.<\/p>\n<p style=\"text-align: justify;\">\u201cLograron localizar a la empresa, la verdad hicieron una labor muy grande; lograron localizar el empresa, hablarles de la situaci\u00f3n en que se encontraba porque aqu\u00ed en San Luis no se pod\u00eda llegar a algo, tuvieron que llegar a M\u00e9xico\u201d.<\/p>\n<p style=\"text-align: justify;\">La familiar extern\u00f3 que se tuvo una reuni\u00f3n entre los due\u00f1os de la empresa y la madre del joven fallecido.<\/p>\n<p style=\"text-align: justify;\">\u201cEllos lograron que pues la empresa le pagara a mi t\u00eda lo que es la reparaci\u00f3n del da\u00f1o, que se destituyera pues a las personas estas que estuviera cargo del accidente de Gerardo\u201d.<br \/>\nAdem\u00e1s del pago a la madre, se mult\u00f3 a otra de las sucursales de la misma tienda por denuncias de trabajadores, se pagaron liquidaciones a otros trabajadores familiares de Gerardo y se aplicaron sanciones monetarias.<\/p>\n<p style=\"text-align: justify;\">Otro de los aspecto que se espera resuelvan, es la presunta negligencias m\u00e9dica que se dio en el IMSS.<\/p>\n<p style=\"text-align: justify;\">\u201cYa nos acercamos a la Comisi\u00f3n Nacional de Derechos Humanos para que se les pueda hacer la investigaci\u00f3n debida, para que se vea que pues si Gerardo sufri\u00f3 una negligencia desde las seis de la tarde que dijeron que le van a operar, hasta el d\u00eda siguiente a las 12 que fue el t\u00e9rmino de que Gerardo gracias a eso perdi\u00f3 la vida y tuvo muerte cerebral\u201d.<\/p>\n<p style=\"text-align: justify;\">Cesar Gerardo adem\u00e1s de trabajar, estudiaba arquitectura y realizaba productos musicales en su tiempo libre.<\/p>\n<p>Por: Juan Carlos Contreras<\/p>\n","protected":false},"excerpt":{"rendered":"<p>SLP.- Durante la primera semana del mes de junio, C\u00e9sar Gerardo Medina, joven de 21 a\u00f1os perdi\u00f3 la vida al caer del segundo piso de un local comercial ubicado en la zona centro, sitio donde \u00e9l laboraba. Este d\u00eda 19 de junio, la prima del finado Gerardo, habl\u00f3 al respecto del arreglo al que se lleg\u00f3 despu\u00e9s de mucha presi\u00f3n contra la empresa en cuesti\u00f3n y apoyo del gobierno estatal. \u201cLograron localizar a la empresa, la verdad hicieron una labor muy grande; lograron localizar el empresa, hablarles de la situaci\u00f3n en que se encontraba porque aqu\u00ed en San Luis no [&hellip;]<\/p>\n","protected":false},"author":2,"featured_media":98916,"comment_status":"closed","ping_status":"closed","sticky":false,"template":"","format":"video","meta":{"footnotes":""},"categories":[5,45],"tags":[],"class_list":["post-98894","post","type-post","status-publish","format-video","has-post-thumbnail","hentry","category-destacadas","category-localesyregionales","post_format-post-format-video","post--single"],"yoast_head":"<!-- This site is optimized with the Yoast SEO plugin v27.4 - https:\/\/yoast.com\/product\/yoast-seo-wordpress\/ -->\n<title>Cadena comercial cubre reparaci\u00f3n del da\u00f1o a familia de C\u00e9sar Gerardo; queda pendiente se\u00f1alamiento de pregunta negligencia - Canal 7 SLP - 2023<\/title>\n<meta name=\"robots\" content=\"index, follow, max-snippet:-1, max-image-preview:large, max-video-preview:-1\" \/>\n<link rel=\"canonical\" href=\"https:\/\/canal7slp.tv\/2023\/cadena-comercial-cubre-reparacion-del-dano-a-familia-de-cesar-gerardo-queda-pendiente-senalamiento-de-pregunta-negligencia\/\" \/>\n<meta property=\"og:locale\" content=\"es_ES\" \/>\n<meta property=\"og:type\" content=\"article\" \/>\n<meta property=\"og:title\" content=\"Cadena comercial cubre reparaci\u00f3n del da\u00f1o a familia de C\u00e9sar Gerardo; queda pendiente se\u00f1alamiento de pregunta negligencia - Canal 7 SLP - 2023\" \/>\n<meta property=\"og:description\" content=\"SLP.- Durante la primera semana del mes de junio, C\u00e9sar Gerardo Medina, joven de 21 a\u00f1os perdi\u00f3 la vida al caer del segundo piso de un local comercial ubicado en la zona centro, sitio donde \u00e9l laboraba. Este d\u00eda 19 de junio, la prima del finado Gerardo, habl\u00f3 al respecto del arreglo al que se lleg\u00f3 despu\u00e9s de mucha presi\u00f3n contra la empresa en cuesti\u00f3n y apoyo del gobierno estatal. \u201cLograron localizar a la empresa, la verdad hicieron una labor muy grande; lograron localizar el empresa, hablarles de la situaci\u00f3n en que se encontraba porque aqu\u00ed en San Luis no [&hellip;]\" \/>\n<meta property=\"og:url\" content=\"https:\/\/canal7slp.tv\/2023\/cadena-comercial-cubre-reparacion-del-dano-a-familia-de-cesar-gerardo-queda-pendiente-senalamiento-de-pregunta-negligencia\/\" \/>\n<meta property=\"og:site_name\" content=\"Canal 7 SLP - 2023\" \/>\n<meta property=\"article:publisher\" content=\"https:\/\/www.facebook.com\/noticieroscanalsiete\" \/>\n<meta property=\"article:published_time\" content=\"2023-06-20T01:40:12+00:00\" \/>\n<meta property=\"og:image\" content=\"https:\/\/canal7slp.tv\/2023\/wp-content\/uploads\/2023\/06\/Poky02Gerardo.jpg\" \/>\n\t<meta property=\"og:image:width\" content=\"1280\" \/>\n\t<meta property=\"og:image:height\" content=\"720\" \/>\n\t<meta property=\"og:image:type\" content=\"image\/jpeg\" \/>\n<meta name=\"author\" content=\"Edici\u00f3n Web\" \/>\n<meta name=\"twitter:card\" content=\"summary_large_image\" \/>\n<meta name=\"twitter:creator\" content=\"@NOTICIEROS7\" \/>\n<meta name=\"twitter:site\" content=\"@NOTICIEROS7\" \/>\n<meta name=\"twitter:label1\" content=\"Escrito por\" \/>\n\t<meta name=\"twitter:data1\" content=\"Edici\u00f3n Web\" \/>\n\t<meta name=\"twitter:label2\" content=\"Tiempo de lectura\" \/>\n\t<meta name=\"twitter:data2\" content=\"2 minutos\" \/>\n<script type=\"application\/ld+json\" class=\"yoast-schema-graph\">{\"@context\":\"https:\\\/\\\/schema.org\",\"@graph\":[{\"@type\":\"Article\",\"@id\":\"https:\\\/\\\/canal7slp.tv\\\/2023\\\/cadena-comercial-cubre-reparacion-del-dano-a-familia-de-cesar-gerardo-queda-pendiente-senalamiento-de-pregunta-negligencia\\\/#article\",\"isPartOf\":{\"@id\":\"https:\\\/\\\/canal7slp.tv\\\/2023\\\/cadena-comercial-cubre-reparacion-del-dano-a-familia-de-cesar-gerardo-queda-pendiente-senalamiento-de-pregunta-negligencia\\\/\"},\"author\":{\"name\":\"Edici\u00f3n Web\",\"@id\":\"https:\\\/\\\/canal7slp.tv\\\/2023\\\/#\\\/schema\\\/person\\\/639c424e3584069003b11ae813915da6\"},\"headline\":\"Cadena comercial cubre reparaci\u00f3n del da\u00f1o a familia de C\u00e9sar Gerardo; queda pendiente se\u00f1alamiento de pregunta negligencia\",\"datePublished\":\"2023-06-20T01:40:12+00:00\",\"mainEntityOfPage\":{\"@id\":\"https:\\\/\\\/canal7slp.tv\\\/2023\\\/cadena-comercial-cubre-reparacion-del-dano-a-familia-de-cesar-gerardo-queda-pendiente-senalamiento-de-pregunta-negligencia\\\/\"},\"wordCount\":343,\"publisher\":{\"@id\":\"https:\\\/\\\/canal7slp.tv\\\/2023\\\/#organization\"},\"image\":{\"@id\":\"https:\\\/\\\/canal7slp.tv\\\/2023\\\/cadena-comercial-cubre-reparacion-del-dano-a-familia-de-cesar-gerardo-queda-pendiente-senalamiento-de-pregunta-negligencia\\\/#primaryimage\"},\"thumbnailUrl\":\"https:\\\/\\\/canal7slp.tv\\\/2023\\\/wp-content\\\/uploads\\\/2023\\\/06\\\/Poky02Gerardo.jpg\",\"articleSection\":[\"DESTACADAS\",\"LOCALES Y REGIONALES\"],\"inLanguage\":\"es\"},{\"@type\":\"WebPage\",\"@id\":\"https:\\\/\\\/canal7slp.tv\\\/2023\\\/cadena-comercial-cubre-reparacion-del-dano-a-familia-de-cesar-gerardo-queda-pendiente-senalamiento-de-pregunta-negligencia\\\/\",\"url\":\"https:\\\/\\\/canal7slp.tv\\\/2023\\\/cadena-comercial-cubre-reparacion-del-dano-a-familia-de-cesar-gerardo-queda-pendiente-senalamiento-de-pregunta-negligencia\\\/\",\"name\":\"Cadena comercial cubre reparaci\u00f3n del da\u00f1o a familia de C\u00e9sar Gerardo; queda pendiente se\u00f1alamiento de pregunta negligencia - Canal 7 SLP - 2023\",\"isPartOf\":{\"@id\":\"https:\\\/\\\/canal7slp.tv\\\/2023\\\/#website\"},\"primaryImageOfPage\":{\"@id\":\"https:\\\/\\\/canal7slp.tv\\\/2023\\\/cadena-comercial-cubre-reparacion-del-dano-a-familia-de-cesar-gerardo-queda-pendiente-senalamiento-de-pregunta-negligencia\\\/#primaryimage\"},\"image\":{\"@id\":\"https:\\\/\\\/canal7slp.tv\\\/2023\\\/cadena-comercial-cubre-reparacion-del-dano-a-familia-de-cesar-gerardo-queda-pendiente-senalamiento-de-pregunta-negligencia\\\/#primaryimage\"},\"thumbnailUrl\":\"https:\\\/\\\/canal7slp.tv\\\/2023\\\/wp-content\\\/uploads\\\/2023\\\/06\\\/Poky02Gerardo.jpg\",\"datePublished\":\"2023-06-20T01:40:12+00:00\",\"breadcrumb\":{\"@id\":\"https:\\\/\\\/canal7slp.tv\\\/2023\\\/cadena-comercial-cubre-reparacion-del-dano-a-familia-de-cesar-gerardo-queda-pendiente-senalamiento-de-pregunta-negligencia\\\/#breadcrumb\"},\"inLanguage\":\"es\",\"potentialAction\":[{\"@type\":\"ReadAction\",\"target\":[\"https:\\\/\\\/canal7slp.tv\\\/2023\\\/cadena-comercial-cubre-reparacion-del-dano-a-familia-de-cesar-gerardo-queda-pendiente-senalamiento-de-pregunta-negligencia\\\/\"]}]},{\"@type\":\"ImageObject\",\"inLanguage\":\"es\",\"@id\":\"https:\\\/\\\/canal7slp.tv\\\/2023\\\/cadena-comercial-cubre-reparacion-del-dano-a-familia-de-cesar-gerardo-queda-pendiente-senalamiento-de-pregunta-negligencia\\\/#primaryimage\",\"url\":\"https:\\\/\\\/canal7slp.tv\\\/2023\\\/wp-content\\\/uploads\\\/2023\\\/06\\\/Poky02Gerardo.jpg\",\"contentUrl\":\"https:\\\/\\\/canal7slp.tv\\\/2023\\\/wp-content\\\/uploads\\\/2023\\\/06\\\/Poky02Gerardo.jpg\",\"width\":1280,\"height\":720},{\"@type\":\"BreadcrumbList\",\"@id\":\"https:\\\/\\\/canal7slp.tv\\\/2023\\\/cadena-comercial-cubre-reparacion-del-dano-a-familia-de-cesar-gerardo-queda-pendiente-senalamiento-de-pregunta-negligencia\\\/#breadcrumb\",\"itemListElement\":[{\"@type\":\"ListItem\",\"position\":1,\"name\":\"Portada\",\"item\":\"https:\\\/\\\/canal7slp.tv\\\/2023\\\/\"},{\"@type\":\"ListItem\",\"position\":2,\"name\":\"Cadena comercial cubre reparaci\u00f3n del da\u00f1o a familia de C\u00e9sar Gerardo; queda pendiente se\u00f1alamiento de pregunta negligencia\"}]},{\"@type\":\"WebSite\",\"@id\":\"https:\\\/\\\/canal7slp.tv\\\/2023\\\/#website\",\"url\":\"https:\\\/\\\/canal7slp.tv\\\/2023\\\/\",\"name\":\"N7 - Noticieros Canal 7\",\"description\":\"Somos Televisi\u00f3n\",\"publisher\":{\"@id\":\"https:\\\/\\\/canal7slp.tv\\\/2023\\\/#organization\"},\"potentialAction\":[{\"@type\":\"SearchAction\",\"target\":{\"@type\":\"EntryPoint\",\"urlTemplate\":\"https:\\\/\\\/canal7slp.tv\\\/2023\\\/?s={search_term_string}\"},\"query-input\":{\"@type\":\"PropertyValueSpecification\",\"valueRequired\":true,\"valueName\":\"search_term_string\"}}],\"inLanguage\":\"es\"},{\"@type\":\"Organization\",\"@id\":\"https:\\\/\\\/canal7slp.tv\\\/2023\\\/#organization\",\"name\":\"Noticieros Canal 7\",\"url\":\"https:\\\/\\\/canal7slp.tv\\\/2023\\\/\",\"logo\":{\"@type\":\"ImageObject\",\"inLanguage\":\"es\",\"@id\":\"https:\\\/\\\/canal7slp.tv\\\/2023\\\/#\\\/schema\\\/logo\\\/image\\\/\",\"url\":\"https:\\\/\\\/canal7slp.tv\\\/2023\\\/wp-content\\\/uploads\\\/2021\\\/01\\\/logo-noticieros@2x.png\",\"contentUrl\":\"https:\\\/\\\/canal7slp.tv\\\/2023\\\/wp-content\\\/uploads\\\/2021\\\/01\\\/logo-noticieros@2x.png\",\"width\":1017,\"height\":268,\"caption\":\"Noticieros Canal 7\"},\"image\":{\"@id\":\"https:\\\/\\\/canal7slp.tv\\\/2023\\\/#\\\/schema\\\/logo\\\/image\\\/\"},\"sameAs\":[\"https:\\\/\\\/www.facebook.com\\\/noticieroscanalsiete\",\"https:\\\/\\\/x.com\\\/NOTICIEROS7\",\"https:\\\/\\\/www.instagram.com\\\/canal7_slp\",\"https:\\\/\\\/www.youtube.com\\\/channel\\\/UCliiYs-gP3JfJeqdPrNdd5A\"]},{\"@type\":\"Person\",\"@id\":\"https:\\\/\\\/canal7slp.tv\\\/2023\\\/#\\\/schema\\\/person\\\/639c424e3584069003b11ae813915da6\",\"name\":\"Edici\u00f3n Web\",\"image\":{\"@type\":\"ImageObject\",\"inLanguage\":\"es\",\"@id\":\"https:\\\/\\\/secure.gravatar.com\\\/avatar\\\/eee448fc3f7164808013b816ba91ac7e43bbe82a70bebac296f8bc6f0addaa1a?s=96&d=mm&r=g\",\"url\":\"https:\\\/\\\/secure.gravatar.com\\\/avatar\\\/eee448fc3f7164808013b816ba91ac7e43bbe82a70bebac296f8bc6f0addaa1a?s=96&d=mm&r=g\",\"contentUrl\":\"https:\\\/\\\/secure.gravatar.com\\\/avatar\\\/eee448fc3f7164808013b816ba91ac7e43bbe82a70bebac296f8bc6f0addaa1a?s=96&d=mm&r=g\",\"caption\":\"Edici\u00f3n Web\"},\"url\":\"https:\\\/\\\/canal7slp.tv\\\/2023\\\/author\\\/edicionweb\\\/\"}]}<\/script>\n<!-- \/ Yoast SEO plugin. -->","yoast_head_json":{"title":"Cadena comercial cubre reparaci\u00f3n del da\u00f1o a familia de C\u00e9sar Gerardo; queda pendiente se\u00f1alamiento de pregunta negligencia - Canal 7 SLP - 2023","robots":{"index":"index","follow":"follow","max-snippet":"max-snippet:-1","max-image-preview":"max-image-preview:large","max-video-preview":"max-video-preview:-1"},"canonical":"https:\/\/canal7slp.tv\/2023\/cadena-comercial-cubre-reparacion-del-dano-a-familia-de-cesar-gerardo-queda-pendiente-senalamiento-de-pregunta-negligencia\/","og_locale":"es_ES","og_type":"article","og_title":"Cadena comercial cubre reparaci\u00f3n del da\u00f1o a familia de C\u00e9sar Gerardo; queda pendiente se\u00f1alamiento de pregunta negligencia - Canal 7 SLP - 2023","og_description":"SLP.- Durante la primera semana del mes de junio, C\u00e9sar Gerardo Medina, joven de 21 a\u00f1os perdi\u00f3 la vida al caer del segundo piso de un local comercial ubicado en la zona centro, sitio donde \u00e9l laboraba. Este d\u00eda 19 de junio, la prima del finado Gerardo, habl\u00f3 al respecto del arreglo al que se lleg\u00f3 despu\u00e9s de mucha presi\u00f3n contra la empresa en cuesti\u00f3n y apoyo del gobierno estatal. \u201cLograron localizar a la empresa, la verdad hicieron una labor muy grande; lograron localizar el empresa, hablarles de la situaci\u00f3n en que se encontraba porque aqu\u00ed en San Luis no [&hellip;]","og_url":"https:\/\/canal7slp.tv\/2023\/cadena-comercial-cubre-reparacion-del-dano-a-familia-de-cesar-gerardo-queda-pendiente-senalamiento-de-pregunta-negligencia\/","og_site_name":"Canal 7 SLP - 2023","article_publisher":"https:\/\/www.facebook.com\/noticieroscanalsiete","article_published_time":"2023-06-20T01:40:12+00:00","og_image":[{"width":1280,"height":720,"url":"https:\/\/canal7slp.tv\/2023\/wp-content\/uploads\/2023\/06\/Poky02Gerardo.jpg","type":"image\/jpeg"}],"author":"Edici\u00f3n Web","twitter_card":"summary_large_image","twitter_creator":"@NOTICIEROS7","twitter_site":"@NOTICIEROS7","twitter_misc":{"Escrito por":"Edici\u00f3n Web","Tiempo de lectura":"2 minutos"},"schema":{"@context":"https:\/\/schema.org","@graph":[{"@type":"Article","@id":"https:\/\/canal7slp.tv\/2023\/cadena-comercial-cubre-reparacion-del-dano-a-familia-de-cesar-gerardo-queda-pendiente-senalamiento-de-pregunta-negligencia\/#article","isPartOf":{"@id":"https:\/\/canal7slp.tv\/2023\/cadena-comercial-cubre-reparacion-del-dano-a-familia-de-cesar-gerardo-queda-pendiente-senalamiento-de-pregunta-negligencia\/"},"author":{"name":"Edici\u00f3n Web","@id":"https:\/\/canal7slp.tv\/2023\/#\/schema\/person\/639c424e3584069003b11ae813915da6"},"headline":"Cadena comercial cubre reparaci\u00f3n del da\u00f1o a familia de C\u00e9sar Gerardo; queda pendiente se\u00f1alamiento de pregunta negligencia","datePublished":"2023-06-20T01:40:12+00:00","mainEntityOfPage":{"@id":"https:\/\/canal7slp.tv\/2023\/cadena-comercial-cubre-reparacion-del-dano-a-familia-de-cesar-gerardo-queda-pendiente-senalamiento-de-pregunta-negligencia\/"},"wordCount":343,"publisher":{"@id":"https:\/\/canal7slp.tv\/2023\/#organization"},"image":{"@id":"https:\/\/canal7slp.tv\/2023\/cadena-comercial-cubre-reparacion-del-dano-a-familia-de-cesar-gerardo-queda-pendiente-senalamiento-de-pregunta-negligencia\/#primaryimage"},"thumbnailUrl":"https:\/\/canal7slp.tv\/2023\/wp-content\/uploads\/2023\/06\/Poky02Gerardo.jpg","articleSection":["DESTACADAS","LOCALES Y REGIONALES"],"inLanguage":"es"},{"@type":"WebPage","@id":"https:\/\/canal7slp.tv\/2023\/cadena-comercial-cubre-reparacion-del-dano-a-familia-de-cesar-gerardo-queda-pendiente-senalamiento-de-pregunta-negligencia\/","url":"https:\/\/canal7slp.tv\/2023\/cadena-comercial-cubre-reparacion-del-dano-a-familia-de-cesar-gerardo-queda-pendiente-senalamiento-de-pregunta-negligencia\/","name":"Cadena comercial cubre reparaci\u00f3n del da\u00f1o a familia de C\u00e9sar Gerardo; queda pendiente se\u00f1alamiento de pregunta negligencia - Canal 7 SLP - 2023","isPartOf":{"@id":"https:\/\/canal7slp.tv\/2023\/#website"},"primaryImageOfPage":{"@id":"https:\/\/canal7slp.tv\/2023\/cadena-comercial-cubre-reparacion-del-dano-a-familia-de-cesar-gerardo-queda-pendiente-senalamiento-de-pregunta-negligencia\/#primaryimage"},"image":{"@id":"https:\/\/canal7slp.tv\/2023\/cadena-comercial-cubre-reparacion-del-dano-a-familia-de-cesar-gerardo-queda-pendiente-senalamiento-de-pregunta-negligencia\/#primaryimage"},"thumbnailUrl":"https:\/\/canal7slp.tv\/2023\/wp-content\/uploads\/2023\/06\/Poky02Gerardo.jpg","datePublished":"2023-06-20T01:40:12+00:00","breadcrumb":{"@id":"https:\/\/canal7slp.tv\/2023\/cadena-comercial-cubre-reparacion-del-dano-a-familia-de-cesar-gerardo-queda-pendiente-senalamiento-de-pregunta-negligencia\/#breadcrumb"},"inLanguage":"es","potentialAction":[{"@type":"ReadAction","target":["https:\/\/canal7slp.tv\/2023\/cadena-comercial-cubre-reparacion-del-dano-a-familia-de-cesar-gerardo-queda-pendiente-senalamiento-de-pregunta-negligencia\/"]}]},{"@type":"ImageObject","inLanguage":"es","@id":"https:\/\/canal7slp.tv\/2023\/cadena-comercial-cubre-reparacion-del-dano-a-familia-de-cesar-gerardo-queda-pendiente-senalamiento-de-pregunta-negligencia\/#primaryimage","url":"https:\/\/canal7slp.tv\/2023\/wp-content\/uploads\/2023\/06\/Poky02Gerardo.jpg","contentUrl":"https:\/\/canal7slp.tv\/2023\/wp-content\/uploads\/2023\/06\/Poky02Gerardo.jpg","width":1280,"height":720},{"@type":"BreadcrumbList","@id":"https:\/\/canal7slp.tv\/2023\/cadena-comercial-cubre-reparacion-del-dano-a-familia-de-cesar-gerardo-queda-pendiente-senalamiento-de-pregunta-negligencia\/#breadcrumb","itemListElement":[{"@type":"ListItem","position":1,"name":"Portada","item":"https:\/\/canal7slp.tv\/2023\/"},{"@type":"ListItem","position":2,"name":"Cadena comercial cubre reparaci\u00f3n del da\u00f1o a familia de C\u00e9sar Gerardo; queda pendiente se\u00f1alamiento de pregunta negligencia"}]},{"@type":"WebSite","@id":"https:\/\/canal7slp.tv\/2023\/#website","url":"https:\/\/canal7slp.tv\/2023\/","name":"N7 - Noticieros Canal 7","description":"Somos Televisi\u00f3n","publisher":{"@id":"https:\/\/canal7slp.tv\/2023\/#organization"},"potentialAction":[{"@type":"SearchAction","target":{"@type":"EntryPoint","urlTemplate":"https:\/\/canal7slp.tv\/2023\/?s={search_term_string}"},"query-input":{"@type":"PropertyValueSpecification","valueRequired":true,"valueName":"search_term_string"}}],"inLanguage":"es"},{"@type":"Organization","@id":"https:\/\/canal7slp.tv\/2023\/#organization","name":"Noticieros Canal 7","url":"https:\/\/canal7slp.tv\/2023\/","logo":{"@type":"ImageObject","inLanguage":"es","@id":"https:\/\/canal7slp.tv\/2023\/#\/schema\/logo\/image\/","url":"https:\/\/canal7slp.tv\/2023\/wp-content\/uploads\/2021\/01\/logo-noticieros@2x.png","contentUrl":"https:\/\/canal7slp.tv\/2023\/wp-content\/uploads\/2021\/01\/logo-noticieros@2x.png","width":1017,"height":268,"caption":"Noticieros Canal 7"},"image":{"@id":"https:\/\/canal7slp.tv\/2023\/#\/schema\/logo\/image\/"},"sameAs":["https:\/\/www.facebook.com\/noticieroscanalsiete","https:\/\/x.com\/NOTICIEROS7","https:\/\/www.instagram.com\/canal7_slp","https:\/\/www.youtube.com\/channel\/UCliiYs-gP3JfJeqdPrNdd5A"]},{"@type":"Person","@id":"https:\/\/canal7slp.tv\/2023\/#\/schema\/person\/639c424e3584069003b11ae813915da6","name":"Edici\u00f3n Web","image":{"@type":"ImageObject","inLanguage":"es","@id":"https:\/\/secure.gravatar.com\/avatar\/eee448fc3f7164808013b816ba91ac7e43bbe82a70bebac296f8bc6f0addaa1a?s=96&d=mm&r=g","url":"https:\/\/secure.gravatar.com\/avatar\/eee448fc3f7164808013b816ba91ac7e43bbe82a70bebac296f8bc6f0addaa1a?s=96&d=mm&r=g","contentUrl":"https:\/\/secure.gravatar.com\/avatar\/eee448fc3f7164808013b816ba91ac7e43bbe82a70bebac296f8bc6f0addaa1a?s=96&d=mm&r=g","caption":"Edici\u00f3n Web"},"url":"https:\/\/canal7slp.tv\/2023\/author\/edicionweb\/"}]}},"_links":{"self":[{"href":"https:\/\/canal7slp.tv\/2023\/wp-json\/wp\/v2\/posts\/98894","targetHints":{"allow":["GET"]}}],"collection":[{"href":"https:\/\/canal7slp.tv\/2023\/wp-json\/wp\/v2\/posts"}],"about":[{"href":"https:\/\/canal7slp.tv\/2023\/wp-json\/wp\/v2\/types\/post"}],"author":[{"embeddable":true,"href":"https:\/\/canal7slp.tv\/2023\/wp-json\/wp\/v2\/users\/2"}],"replies":[{"embeddable":true,"href":"https:\/\/canal7slp.tv\/2023\/wp-json\/wp\/v2\/comments?post=98894"}],"version-history":[{"count":2,"href":"https:\/\/canal7slp.tv\/2023\/wp-json\/wp\/v2\/posts\/98894\/revisions"}],"predecessor-version":[{"id":98917,"href":"https:\/\/canal7slp.tv\/2023\/wp-json\/wp\/v2\/posts\/98894\/revisions\/98917"}],"wp:featuredmedia":[{"embeddable":true,"href":"https:\/\/canal7slp.tv\/2023\/wp-json\/wp\/v2\/media\/98916"}],"wp:attachment":[{"href":"https:\/\/canal7slp.tv\/2023\/wp-json\/wp\/v2\/media?parent=98894"}],"wp:term":[{"taxonomy":"category","embeddable":true,"href":"https:\/\/canal7slp.tv\/2023\/wp-json\/wp\/v2\/categories?post=98894"},{"taxonomy":"post_tag","embeddable":true,"href":"https:\/\/canal7slp.tv\/2023\/wp-json\/wp\/v2\/tags?post=98894"}],"curies":[{"name":"wp","href":"https:\/\/api.w.org\/{rel}","templated":true}]}}