{"id":98884,"date":"2023-06-19T16:48:32","date_gmt":"2023-06-19T22:48:32","guid":{"rendered":"https:\/\/canal7slp.tv\/2023\/?p=98884"},"modified":"2023-06-19T16:48:32","modified_gmt":"2023-06-19T22:48:32","slug":"confirman-dos-muertes-en-la-huasteca-potosina-por-altas-temperaturas","status":"publish","type":"post","link":"https:\/\/canal7slp.tv\/2023\/confirman-dos-muertes-en-la-huasteca-potosina-por-altas-temperaturas\/","title":{"rendered":"Confirman dos muertes en la Huasteca Potosina por altas temperaturas"},"content":{"rendered":"<p style=\"text-align: justify;\">SLP.- El gobernador del estado, Jos\u00e9 Ricardo Gallardo Cardona, confirm\u00f3 la muerte de dos personas en la Huasteca Potosina por las altas temperaturas que se est\u00e1n registrando en aquellas regiones.<\/p>\n<p style=\"text-align: justify;\">\u00abTuvimos dos personas fallecidas en la Huasteca Potosina por calor, por temas de golpes de calor y la Secretar\u00eda de Salud va a emitir un comunicado, yo creo que seguramente hoy o ma\u00f1ana lo tendremos para tener ya medidas en ese sentido\u00bb, dijo.<\/p>\n<p style=\"text-align: justify;\">Seg\u00fan menciona, los n\u00fameros altos que se presentan en cuanto a la situaci\u00f3n climatol\u00f3gica ya han superado los de a\u00f1os anteriores.<\/p>\n<p style=\"text-align: justify;\">\u00abLos golpes de calor en la Huasteca y en la Zona Media ya est\u00e1n superando el hist\u00f3rico, yo por eso habl\u00e9 de que ya se movi\u00f3 una hora las clases, lo que queda del mes es una hora menos de clase, los salones en la Huasteca y en la Zona Media no se aguantan por mucho ventilador que tengan\u00bb, coment\u00f3.<\/p>\n<p style=\"text-align: justify;\">En ese sentido, Gallardo Cardona se\u00f1al\u00f3 que las temperaturas extremas que se viven en el territorio, est\u00e1n relacionadas con el cambio clim\u00e1tico.<\/p>\n<p style=\"text-align: justify;\">\u00abTenemos que tratar de cuidar a los ni\u00f1os de una manera distinta a c\u00f3mo se ha venido llevando, pero esto no nos lleva a m\u00e1s que el cambio clim\u00e1tico es una realidad y todo mundo habla del cambio clim\u00e1tico, pero no le hemos puesto la importancia\u00bb, agreg\u00f3.<\/p>\n<p style=\"text-align: justify;\">Y prosigui\u00f3: \u00abEstamos viviendo unas cosas extremadamente altas, calores muy altos que en la historia de San Luis Potos\u00ed no se ve\u00edan, ni modo que no reconozcan que en a\u00f1os anteriores no sufr\u00edan el calor que est\u00e1n sufriendo&#8230; Y ahora esp\u00e9rense en diciembre lo que vamos a ver con los fr\u00edos extremos, va a ser la otra cara de la moneda\u00bb.<\/p>\n<p style=\"text-align: justify;\">De tal manera, asegur\u00f3 que desde su administraci\u00f3n se trabajar\u00e1 en impactar de manera positiva en el ambiente y reducir en San Luis Potos\u00ed la contaminaci\u00f3n.<\/p>\n<p style=\"text-align: justify;\">\u00abTenemos que trabajar con el cambio clim\u00e1tico, hacer m\u00e1s por el mundo, hacer m\u00e1s por el pa\u00eds, hacer m\u00e1s por el estado porque esto nos est\u00e1 llevando a los extremos\u00bb, culmin\u00f3.<\/p>\n<p>Por: Jos\u00e9 Luis V\u00e1zquez<\/p>\n","protected":false},"excerpt":{"rendered":"<p>SLP.- El gobernador del estado, Jos\u00e9 Ricardo Gallardo Cardona, confirm\u00f3 la muerte de dos personas en la Huasteca Potosina por las altas temperaturas que se est\u00e1n registrando en aquellas regiones. \u00abTuvimos dos personas fallecidas en la Huasteca Potosina por calor, por temas de golpes de calor y la Secretar\u00eda de Salud va a emitir un comunicado, yo creo que seguramente hoy o ma\u00f1ana lo tendremos para tener ya medidas en ese sentido\u00bb, dijo. Seg\u00fan menciona, los n\u00fameros altos que se presentan en cuanto a la situaci\u00f3n climatol\u00f3gica ya han superado los de a\u00f1os anteriores. \u00abLos golpes de calor en la [&hellip;]<\/p>\n","protected":false},"author":2,"featured_media":98892,"comment_status":"closed","ping_status":"closed","sticky":false,"template":"","format":"video","meta":{"footnotes":""},"categories":[5,510,45],"tags":[],"class_list":["post-98884","post","type-post","status-publish","format-video","has-post-thumbnail","hentry","category-destacadas","category-gobedoslp","category-localesyregionales","post_format-post-format-video","post--single"],"yoast_head":"<!-- This site is optimized with the Yoast SEO plugin v27.4 - https:\/\/yoast.com\/product\/yoast-seo-wordpress\/ -->\n<title>Confirman dos muertes en la Huasteca Potosina por altas temperaturas - Canal 7 SLP - 2023<\/title>\n<meta name=\"robots\" content=\"index, follow, max-snippet:-1, max-image-preview:large, max-video-preview:-1\" \/>\n<link rel=\"canonical\" href=\"https:\/\/canal7slp.tv\/2023\/confirman-dos-muertes-en-la-huasteca-potosina-por-altas-temperaturas\/\" \/>\n<meta property=\"og:locale\" content=\"es_ES\" \/>\n<meta property=\"og:type\" content=\"article\" \/>\n<meta property=\"og:title\" content=\"Confirman dos muertes en la Huasteca Potosina por altas temperaturas - Canal 7 SLP - 2023\" \/>\n<meta property=\"og:description\" content=\"SLP.- El gobernador del estado, Jos\u00e9 Ricardo Gallardo Cardona, confirm\u00f3 la muerte de dos personas en la Huasteca Potosina por las altas temperaturas que se est\u00e1n registrando en aquellas regiones. \u00abTuvimos dos personas fallecidas en la Huasteca Potosina por calor, por temas de golpes de calor y la Secretar\u00eda de Salud va a emitir un comunicado, yo creo que seguramente hoy o ma\u00f1ana lo tendremos para tener ya medidas en ese sentido\u00bb, dijo. Seg\u00fan menciona, los n\u00fameros altos que se presentan en cuanto a la situaci\u00f3n climatol\u00f3gica ya han superado los de a\u00f1os anteriores. \u00abLos golpes de calor en la [&hellip;]\" \/>\n<meta property=\"og:url\" content=\"https:\/\/canal7slp.tv\/2023\/confirman-dos-muertes-en-la-huasteca-potosina-por-altas-temperaturas\/\" \/>\n<meta property=\"og:site_name\" content=\"Canal 7 SLP - 2023\" \/>\n<meta property=\"article:publisher\" content=\"https:\/\/www.facebook.com\/noticieroscanalsiete\" \/>\n<meta property=\"article:published_time\" content=\"2023-06-19T22:48:32+00:00\" \/>\n<meta property=\"og:image\" content=\"https:\/\/canal7slp.tv\/2023\/wp-content\/uploads\/2023\/06\/Vazquez01Muertes.jpg\" \/>\n\t<meta property=\"og:image:width\" content=\"1280\" \/>\n\t<meta property=\"og:image:height\" content=\"720\" \/>\n\t<meta property=\"og:image:type\" content=\"image\/jpeg\" \/>\n<meta name=\"author\" content=\"Edici\u00f3n Web\" \/>\n<meta name=\"twitter:card\" content=\"summary_large_image\" \/>\n<meta name=\"twitter:creator\" content=\"@NOTICIEROS7\" \/>\n<meta name=\"twitter:site\" content=\"@NOTICIEROS7\" \/>\n<meta name=\"twitter:label1\" content=\"Escrito por\" \/>\n\t<meta name=\"twitter:data1\" content=\"Edici\u00f3n Web\" \/>\n\t<meta name=\"twitter:label2\" content=\"Tiempo de lectura\" \/>\n\t<meta name=\"twitter:data2\" content=\"2 minutos\" \/>\n<script type=\"application\/ld+json\" class=\"yoast-schema-graph\">{\"@context\":\"https:\\\/\\\/schema.org\",\"@graph\":[{\"@type\":\"Article\",\"@id\":\"https:\\\/\\\/canal7slp.tv\\\/2023\\\/confirman-dos-muertes-en-la-huasteca-potosina-por-altas-temperaturas\\\/#article\",\"isPartOf\":{\"@id\":\"https:\\\/\\\/canal7slp.tv\\\/2023\\\/confirman-dos-muertes-en-la-huasteca-potosina-por-altas-temperaturas\\\/\"},\"author\":{\"name\":\"Edici\u00f3n Web\",\"@id\":\"https:\\\/\\\/canal7slp.tv\\\/2023\\\/#\\\/schema\\\/person\\\/639c424e3584069003b11ae813915da6\"},\"headline\":\"Confirman dos muertes en la Huasteca Potosina por altas temperaturas\",\"datePublished\":\"2023-06-19T22:48:32+00:00\",\"mainEntityOfPage\":{\"@id\":\"https:\\\/\\\/canal7slp.tv\\\/2023\\\/confirman-dos-muertes-en-la-huasteca-potosina-por-altas-temperaturas\\\/\"},\"wordCount\":388,\"publisher\":{\"@id\":\"https:\\\/\\\/canal7slp.tv\\\/2023\\\/#organization\"},\"image\":{\"@id\":\"https:\\\/\\\/canal7slp.tv\\\/2023\\\/confirman-dos-muertes-en-la-huasteca-potosina-por-altas-temperaturas\\\/#primaryimage\"},\"thumbnailUrl\":\"https:\\\/\\\/canal7slp.tv\\\/2023\\\/wp-content\\\/uploads\\\/2023\\\/06\\\/Vazquez01Muertes.jpg\",\"articleSection\":[\"DESTACADAS\",\"GOBEDOSLP\",\"LOCALES Y REGIONALES\"],\"inLanguage\":\"es\"},{\"@type\":\"WebPage\",\"@id\":\"https:\\\/\\\/canal7slp.tv\\\/2023\\\/confirman-dos-muertes-en-la-huasteca-potosina-por-altas-temperaturas\\\/\",\"url\":\"https:\\\/\\\/canal7slp.tv\\\/2023\\\/confirman-dos-muertes-en-la-huasteca-potosina-por-altas-temperaturas\\\/\",\"name\":\"Confirman dos muertes en la Huasteca Potosina por altas temperaturas - Canal 7 SLP - 2023\",\"isPartOf\":{\"@id\":\"https:\\\/\\\/canal7slp.tv\\\/2023\\\/#website\"},\"primaryImageOfPage\":{\"@id\":\"https:\\\/\\\/canal7slp.tv\\\/2023\\\/confirman-dos-muertes-en-la-huasteca-potosina-por-altas-temperaturas\\\/#primaryimage\"},\"image\":{\"@id\":\"https:\\\/\\\/canal7slp.tv\\\/2023\\\/confirman-dos-muertes-en-la-huasteca-potosina-por-altas-temperaturas\\\/#primaryimage\"},\"thumbnailUrl\":\"https:\\\/\\\/canal7slp.tv\\\/2023\\\/wp-content\\\/uploads\\\/2023\\\/06\\\/Vazquez01Muertes.jpg\",\"datePublished\":\"2023-06-19T22:48:32+00:00\",\"breadcrumb\":{\"@id\":\"https:\\\/\\\/canal7slp.tv\\\/2023\\\/confirman-dos-muertes-en-la-huasteca-potosina-por-altas-temperaturas\\\/#breadcrumb\"},\"inLanguage\":\"es\",\"potentialAction\":[{\"@type\":\"ReadAction\",\"target\":[\"https:\\\/\\\/canal7slp.tv\\\/2023\\\/confirman-dos-muertes-en-la-huasteca-potosina-por-altas-temperaturas\\\/\"]}]},{\"@type\":\"ImageObject\",\"inLanguage\":\"es\",\"@id\":\"https:\\\/\\\/canal7slp.tv\\\/2023\\\/confirman-dos-muertes-en-la-huasteca-potosina-por-altas-temperaturas\\\/#primaryimage\",\"url\":\"https:\\\/\\\/canal7slp.tv\\\/2023\\\/wp-content\\\/uploads\\\/2023\\\/06\\\/Vazquez01Muertes.jpg\",\"contentUrl\":\"https:\\\/\\\/canal7slp.tv\\\/2023\\\/wp-content\\\/uploads\\\/2023\\\/06\\\/Vazquez01Muertes.jpg\",\"width\":1280,\"height\":720},{\"@type\":\"BreadcrumbList\",\"@id\":\"https:\\\/\\\/canal7slp.tv\\\/2023\\\/confirman-dos-muertes-en-la-huasteca-potosina-por-altas-temperaturas\\\/#breadcrumb\",\"itemListElement\":[{\"@type\":\"ListItem\",\"position\":1,\"name\":\"Portada\",\"item\":\"https:\\\/\\\/canal7slp.tv\\\/2023\\\/\"},{\"@type\":\"ListItem\",\"position\":2,\"name\":\"Confirman dos muertes en la Huasteca Potosina por altas temperaturas\"}]},{\"@type\":\"WebSite\",\"@id\":\"https:\\\/\\\/canal7slp.tv\\\/2023\\\/#website\",\"url\":\"https:\\\/\\\/canal7slp.tv\\\/2023\\\/\",\"name\":\"N7 - Noticieros Canal 7\",\"description\":\"Somos Televisi\u00f3n\",\"publisher\":{\"@id\":\"https:\\\/\\\/canal7slp.tv\\\/2023\\\/#organization\"},\"potentialAction\":[{\"@type\":\"SearchAction\",\"target\":{\"@type\":\"EntryPoint\",\"urlTemplate\":\"https:\\\/\\\/canal7slp.tv\\\/2023\\\/?s={search_term_string}\"},\"query-input\":{\"@type\":\"PropertyValueSpecification\",\"valueRequired\":true,\"valueName\":\"search_term_string\"}}],\"inLanguage\":\"es\"},{\"@type\":\"Organization\",\"@id\":\"https:\\\/\\\/canal7slp.tv\\\/2023\\\/#organization\",\"name\":\"Noticieros Canal 7\",\"url\":\"https:\\\/\\\/canal7slp.tv\\\/2023\\\/\",\"logo\":{\"@type\":\"ImageObject\",\"inLanguage\":\"es\",\"@id\":\"https:\\\/\\\/canal7slp.tv\\\/2023\\\/#\\\/schema\\\/logo\\\/image\\\/\",\"url\":\"https:\\\/\\\/canal7slp.tv\\\/2023\\\/wp-content\\\/uploads\\\/2021\\\/01\\\/logo-noticieros@2x.png\",\"contentUrl\":\"https:\\\/\\\/canal7slp.tv\\\/2023\\\/wp-content\\\/uploads\\\/2021\\\/01\\\/logo-noticieros@2x.png\",\"width\":1017,\"height\":268,\"caption\":\"Noticieros Canal 7\"},\"image\":{\"@id\":\"https:\\\/\\\/canal7slp.tv\\\/2023\\\/#\\\/schema\\\/logo\\\/image\\\/\"},\"sameAs\":[\"https:\\\/\\\/www.facebook.com\\\/noticieroscanalsiete\",\"https:\\\/\\\/x.com\\\/NOTICIEROS7\",\"https:\\\/\\\/www.instagram.com\\\/canal7_slp\",\"https:\\\/\\\/www.youtube.com\\\/channel\\\/UCliiYs-gP3JfJeqdPrNdd5A\"]},{\"@type\":\"Person\",\"@id\":\"https:\\\/\\\/canal7slp.tv\\\/2023\\\/#\\\/schema\\\/person\\\/639c424e3584069003b11ae813915da6\",\"name\":\"Edici\u00f3n Web\",\"image\":{\"@type\":\"ImageObject\",\"inLanguage\":\"es\",\"@id\":\"https:\\\/\\\/secure.gravatar.com\\\/avatar\\\/eee448fc3f7164808013b816ba91ac7e43bbe82a70bebac296f8bc6f0addaa1a?s=96&d=mm&r=g\",\"url\":\"https:\\\/\\\/secure.gravatar.com\\\/avatar\\\/eee448fc3f7164808013b816ba91ac7e43bbe82a70bebac296f8bc6f0addaa1a?s=96&d=mm&r=g\",\"contentUrl\":\"https:\\\/\\\/secure.gravatar.com\\\/avatar\\\/eee448fc3f7164808013b816ba91ac7e43bbe82a70bebac296f8bc6f0addaa1a?s=96&d=mm&r=g\",\"caption\":\"Edici\u00f3n Web\"},\"url\":\"https:\\\/\\\/canal7slp.tv\\\/2023\\\/author\\\/edicionweb\\\/\"}]}<\/script>\n<!-- \/ Yoast SEO plugin. -->","yoast_head_json":{"title":"Confirman dos muertes en la Huasteca Potosina por altas temperaturas - Canal 7 SLP - 2023","robots":{"index":"index","follow":"follow","max-snippet":"max-snippet:-1","max-image-preview":"max-image-preview:large","max-video-preview":"max-video-preview:-1"},"canonical":"https:\/\/canal7slp.tv\/2023\/confirman-dos-muertes-en-la-huasteca-potosina-por-altas-temperaturas\/","og_locale":"es_ES","og_type":"article","og_title":"Confirman dos muertes en la Huasteca Potosina por altas temperaturas - Canal 7 SLP - 2023","og_description":"SLP.- El gobernador del estado, Jos\u00e9 Ricardo Gallardo Cardona, confirm\u00f3 la muerte de dos personas en la Huasteca Potosina por las altas temperaturas que se est\u00e1n registrando en aquellas regiones. \u00abTuvimos dos personas fallecidas en la Huasteca Potosina por calor, por temas de golpes de calor y la Secretar\u00eda de Salud va a emitir un comunicado, yo creo que seguramente hoy o ma\u00f1ana lo tendremos para tener ya medidas en ese sentido\u00bb, dijo. Seg\u00fan menciona, los n\u00fameros altos que se presentan en cuanto a la situaci\u00f3n climatol\u00f3gica ya han superado los de a\u00f1os anteriores. \u00abLos golpes de calor en la [&hellip;]","og_url":"https:\/\/canal7slp.tv\/2023\/confirman-dos-muertes-en-la-huasteca-potosina-por-altas-temperaturas\/","og_site_name":"Canal 7 SLP - 2023","article_publisher":"https:\/\/www.facebook.com\/noticieroscanalsiete","article_published_time":"2023-06-19T22:48:32+00:00","og_image":[{"width":1280,"height":720,"url":"https:\/\/canal7slp.tv\/2023\/wp-content\/uploads\/2023\/06\/Vazquez01Muertes.jpg","type":"image\/jpeg"}],"author":"Edici\u00f3n Web","twitter_card":"summary_large_image","twitter_creator":"@NOTICIEROS7","twitter_site":"@NOTICIEROS7","twitter_misc":{"Escrito por":"Edici\u00f3n Web","Tiempo de lectura":"2 minutos"},"schema":{"@context":"https:\/\/schema.org","@graph":[{"@type":"Article","@id":"https:\/\/canal7slp.tv\/2023\/confirman-dos-muertes-en-la-huasteca-potosina-por-altas-temperaturas\/#article","isPartOf":{"@id":"https:\/\/canal7slp.tv\/2023\/confirman-dos-muertes-en-la-huasteca-potosina-por-altas-temperaturas\/"},"author":{"name":"Edici\u00f3n Web","@id":"https:\/\/canal7slp.tv\/2023\/#\/schema\/person\/639c424e3584069003b11ae813915da6"},"headline":"Confirman dos muertes en la Huasteca Potosina por altas temperaturas","datePublished":"2023-06-19T22:48:32+00:00","mainEntityOfPage":{"@id":"https:\/\/canal7slp.tv\/2023\/confirman-dos-muertes-en-la-huasteca-potosina-por-altas-temperaturas\/"},"wordCount":388,"publisher":{"@id":"https:\/\/canal7slp.tv\/2023\/#organization"},"image":{"@id":"https:\/\/canal7slp.tv\/2023\/confirman-dos-muertes-en-la-huasteca-potosina-por-altas-temperaturas\/#primaryimage"},"thumbnailUrl":"https:\/\/canal7slp.tv\/2023\/wp-content\/uploads\/2023\/06\/Vazquez01Muertes.jpg","articleSection":["DESTACADAS","GOBEDOSLP","LOCALES Y REGIONALES"],"inLanguage":"es"},{"@type":"WebPage","@id":"https:\/\/canal7slp.tv\/2023\/confirman-dos-muertes-en-la-huasteca-potosina-por-altas-temperaturas\/","url":"https:\/\/canal7slp.tv\/2023\/confirman-dos-muertes-en-la-huasteca-potosina-por-altas-temperaturas\/","name":"Confirman dos muertes en la Huasteca Potosina por altas temperaturas - Canal 7 SLP - 2023","isPartOf":{"@id":"https:\/\/canal7slp.tv\/2023\/#website"},"primaryImageOfPage":{"@id":"https:\/\/canal7slp.tv\/2023\/confirman-dos-muertes-en-la-huasteca-potosina-por-altas-temperaturas\/#primaryimage"},"image":{"@id":"https:\/\/canal7slp.tv\/2023\/confirman-dos-muertes-en-la-huasteca-potosina-por-altas-temperaturas\/#primaryimage"},"thumbnailUrl":"https:\/\/canal7slp.tv\/2023\/wp-content\/uploads\/2023\/06\/Vazquez01Muertes.jpg","datePublished":"2023-06-19T22:48:32+00:00","breadcrumb":{"@id":"https:\/\/canal7slp.tv\/2023\/confirman-dos-muertes-en-la-huasteca-potosina-por-altas-temperaturas\/#breadcrumb"},"inLanguage":"es","potentialAction":[{"@type":"ReadAction","target":["https:\/\/canal7slp.tv\/2023\/confirman-dos-muertes-en-la-huasteca-potosina-por-altas-temperaturas\/"]}]},{"@type":"ImageObject","inLanguage":"es","@id":"https:\/\/canal7slp.tv\/2023\/confirman-dos-muertes-en-la-huasteca-potosina-por-altas-temperaturas\/#primaryimage","url":"https:\/\/canal7slp.tv\/2023\/wp-content\/uploads\/2023\/06\/Vazquez01Muertes.jpg","contentUrl":"https:\/\/canal7slp.tv\/2023\/wp-content\/uploads\/2023\/06\/Vazquez01Muertes.jpg","width":1280,"height":720},{"@type":"BreadcrumbList","@id":"https:\/\/canal7slp.tv\/2023\/confirman-dos-muertes-en-la-huasteca-potosina-por-altas-temperaturas\/#breadcrumb","itemListElement":[{"@type":"ListItem","position":1,"name":"Portada","item":"https:\/\/canal7slp.tv\/2023\/"},{"@type":"ListItem","position":2,"name":"Confirman dos muertes en la Huasteca Potosina por altas temperaturas"}]},{"@type":"WebSite","@id":"https:\/\/canal7slp.tv\/2023\/#website","url":"https:\/\/canal7slp.tv\/2023\/","name":"N7 - Noticieros Canal 7","description":"Somos Televisi\u00f3n","publisher":{"@id":"https:\/\/canal7slp.tv\/2023\/#organization"},"potentialAction":[{"@type":"SearchAction","target":{"@type":"EntryPoint","urlTemplate":"https:\/\/canal7slp.tv\/2023\/?s={search_term_string}"},"query-input":{"@type":"PropertyValueSpecification","valueRequired":true,"valueName":"search_term_string"}}],"inLanguage":"es"},{"@type":"Organization","@id":"https:\/\/canal7slp.tv\/2023\/#organization","name":"Noticieros Canal 7","url":"https:\/\/canal7slp.tv\/2023\/","logo":{"@type":"ImageObject","inLanguage":"es","@id":"https:\/\/canal7slp.tv\/2023\/#\/schema\/logo\/image\/","url":"https:\/\/canal7slp.tv\/2023\/wp-content\/uploads\/2021\/01\/logo-noticieros@2x.png","contentUrl":"https:\/\/canal7slp.tv\/2023\/wp-content\/uploads\/2021\/01\/logo-noticieros@2x.png","width":1017,"height":268,"caption":"Noticieros Canal 7"},"image":{"@id":"https:\/\/canal7slp.tv\/2023\/#\/schema\/logo\/image\/"},"sameAs":["https:\/\/www.facebook.com\/noticieroscanalsiete","https:\/\/x.com\/NOTICIEROS7","https:\/\/www.instagram.com\/canal7_slp","https:\/\/www.youtube.com\/channel\/UCliiYs-gP3JfJeqdPrNdd5A"]},{"@type":"Person","@id":"https:\/\/canal7slp.tv\/2023\/#\/schema\/person\/639c424e3584069003b11ae813915da6","name":"Edici\u00f3n Web","image":{"@type":"ImageObject","inLanguage":"es","@id":"https:\/\/secure.gravatar.com\/avatar\/eee448fc3f7164808013b816ba91ac7e43bbe82a70bebac296f8bc6f0addaa1a?s=96&d=mm&r=g","url":"https:\/\/secure.gravatar.com\/avatar\/eee448fc3f7164808013b816ba91ac7e43bbe82a70bebac296f8bc6f0addaa1a?s=96&d=mm&r=g","contentUrl":"https:\/\/secure.gravatar.com\/avatar\/eee448fc3f7164808013b816ba91ac7e43bbe82a70bebac296f8bc6f0addaa1a?s=96&d=mm&r=g","caption":"Edici\u00f3n Web"},"url":"https:\/\/canal7slp.tv\/2023\/author\/edicionweb\/"}]}},"_links":{"self":[{"href":"https:\/\/canal7slp.tv\/2023\/wp-json\/wp\/v2\/posts\/98884","targetHints":{"allow":["GET"]}}],"collection":[{"href":"https:\/\/canal7slp.tv\/2023\/wp-json\/wp\/v2\/posts"}],"about":[{"href":"https:\/\/canal7slp.tv\/2023\/wp-json\/wp\/v2\/types\/post"}],"author":[{"embeddable":true,"href":"https:\/\/canal7slp.tv\/2023\/wp-json\/wp\/v2\/users\/2"}],"replies":[{"embeddable":true,"href":"https:\/\/canal7slp.tv\/2023\/wp-json\/wp\/v2\/comments?post=98884"}],"version-history":[{"count":2,"href":"https:\/\/canal7slp.tv\/2023\/wp-json\/wp\/v2\/posts\/98884\/revisions"}],"predecessor-version":[{"id":98891,"href":"https:\/\/canal7slp.tv\/2023\/wp-json\/wp\/v2\/posts\/98884\/revisions\/98891"}],"wp:featuredmedia":[{"embeddable":true,"href":"https:\/\/canal7slp.tv\/2023\/wp-json\/wp\/v2\/media\/98892"}],"wp:attachment":[{"href":"https:\/\/canal7slp.tv\/2023\/wp-json\/wp\/v2\/media?parent=98884"}],"wp:term":[{"taxonomy":"category","embeddable":true,"href":"https:\/\/canal7slp.tv\/2023\/wp-json\/wp\/v2\/categories?post=98884"},{"taxonomy":"post_tag","embeddable":true,"href":"https:\/\/canal7slp.tv\/2023\/wp-json\/wp\/v2\/tags?post=98884"}],"curies":[{"name":"wp","href":"https:\/\/api.w.org\/{rel}","templated":true}]}}