{"id":98854,"date":"2023-06-19T15:34:08","date_gmt":"2023-06-19T21:34:08","guid":{"rendered":"https:\/\/canal7slp.tv\/2023\/?p=98854"},"modified":"2023-06-19T15:34:08","modified_gmt":"2023-06-19T21:34:08","slug":"fitch-ratings-ratifica-calificacion-crediticia-de-bbb-para-mexico","status":"publish","type":"post","link":"https:\/\/canal7slp.tv\/2023\/fitch-ratings-ratifica-calificacion-crediticia-de-bbb-para-mexico\/","title":{"rendered":"Fitch Ratings ratifica calificaci\u00f3n crediticia de \u201cBBB\u201d para M\u00e9xico"},"content":{"rendered":"<p style=\"text-align: justify;\">Nueva York.- Fitch Ratings ha confirmado la calificaci\u00f3n crediticia de M\u00e9xico en \u00abBBB-\u00ab, respaldada por un marco de pol\u00edtica macroecon\u00f3mica prudente, finanzas externas estables y una deuda gubernamental\/PIB estable en niveles por debajo de la mediana &#8216;BBB&#8217;.<\/p>\n<p style=\"text-align: justify;\">Sin embargo, la calificaci\u00f3n est\u00e1 restringida por indicadores de gobernanza d\u00e9biles, un desempe\u00f1o de crecimiento a largo plazo moderado, una intervenci\u00f3n de micropol\u00edtica que afecta las perspectivas de inversi\u00f3n y los posibles pasivos contingentes de Pemex.<\/p>\n<p style=\"text-align: justify;\">La perspectiva estable est\u00e1 respaldada por finanzas p\u00fablicas estables y la prioridad otorgada por los formuladores de pol\u00edticas a la estabilidad macroecon\u00f3mica, a pesar de los desaf\u00edos de las perspectivas de crecimiento econ\u00f3mico moderado.<\/p>\n<p style=\"text-align: justify;\">El subsecretario de Hacienda, Gabriel Yorio, destac\u00f3 que la calificaci\u00f3n de Fitch para M\u00e9xico confirma la solidez econ\u00f3mica del pa\u00eds y que ya son cuatro las agencias que ratifican la calificaci\u00f3n crediticia del pa\u00eds en lo que va del a\u00f1o.<\/p>\n","protected":false},"excerpt":{"rendered":"<p>Nueva York.- Fitch Ratings ha confirmado la calificaci\u00f3n crediticia de M\u00e9xico en \u00abBBB-\u00ab, respaldada por un marco de pol\u00edtica macroecon\u00f3mica prudente, finanzas externas estables y una deuda gubernamental\/PIB estable en niveles por debajo de la mediana &#8216;BBB&#8217;. Sin embargo, la calificaci\u00f3n est\u00e1 restringida por indicadores de gobernanza d\u00e9biles, un desempe\u00f1o de crecimiento a largo plazo moderado, una intervenci\u00f3n de micropol\u00edtica que afecta las perspectivas de inversi\u00f3n y los posibles pasivos contingentes de Pemex. La perspectiva estable est\u00e1 respaldada por finanzas p\u00fablicas estables y la prioridad otorgada por los formuladores de pol\u00edticas a la estabilidad macroecon\u00f3mica, a pesar de los desaf\u00edos [&hellip;]<\/p>\n","protected":false},"author":2,"featured_media":98865,"comment_status":"closed","ping_status":"closed","sticky":false,"template":"","format":"standard","meta":{"footnotes":""},"categories":[40,46],"tags":[],"class_list":["post-98854","post","type-post","status-publish","format-standard","has-post-thumbnail","hentry","category-economia","category-nacional","post--single"],"yoast_head":"<!-- This site is optimized with the Yoast SEO plugin v27.4 - https:\/\/yoast.com\/product\/yoast-seo-wordpress\/ -->\n<title>Fitch Ratings ratifica calificaci\u00f3n crediticia de \u201cBBB\u201d para M\u00e9xico - Canal 7 SLP - 2023<\/title>\n<meta name=\"robots\" content=\"index, follow, max-snippet:-1, max-image-preview:large, max-video-preview:-1\" \/>\n<link rel=\"canonical\" href=\"https:\/\/canal7slp.tv\/2023\/fitch-ratings-ratifica-calificacion-crediticia-de-bbb-para-mexico\/\" \/>\n<meta property=\"og:locale\" content=\"es_ES\" \/>\n<meta property=\"og:type\" content=\"article\" \/>\n<meta property=\"og:title\" content=\"Fitch Ratings ratifica calificaci\u00f3n crediticia de \u201cBBB\u201d para M\u00e9xico - Canal 7 SLP - 2023\" \/>\n<meta property=\"og:description\" content=\"Nueva York.- Fitch Ratings ha confirmado la calificaci\u00f3n crediticia de M\u00e9xico en \u00abBBB-\u00ab, respaldada por un marco de pol\u00edtica macroecon\u00f3mica prudente, finanzas externas estables y una deuda gubernamental\/PIB estable en niveles por debajo de la mediana &#8216;BBB&#8217;. Sin embargo, la calificaci\u00f3n est\u00e1 restringida por indicadores de gobernanza d\u00e9biles, un desempe\u00f1o de crecimiento a largo plazo moderado, una intervenci\u00f3n de micropol\u00edtica que afecta las perspectivas de inversi\u00f3n y los posibles pasivos contingentes de Pemex. La perspectiva estable est\u00e1 respaldada por finanzas p\u00fablicas estables y la prioridad otorgada por los formuladores de pol\u00edticas a la estabilidad macroecon\u00f3mica, a pesar de los desaf\u00edos [&hellip;]\" \/>\n<meta property=\"og:url\" content=\"https:\/\/canal7slp.tv\/2023\/fitch-ratings-ratifica-calificacion-crediticia-de-bbb-para-mexico\/\" \/>\n<meta property=\"og:site_name\" content=\"Canal 7 SLP - 2023\" \/>\n<meta property=\"article:publisher\" content=\"https:\/\/www.facebook.com\/noticieroscanalsiete\" \/>\n<meta property=\"article:published_time\" content=\"2023-06-19T21:34:08+00:00\" \/>\n<meta property=\"og:image\" content=\"https:\/\/canal7slp.tv\/2023\/wp-content\/uploads\/2023\/06\/04-16.jpg\" \/>\n\t<meta property=\"og:image:width\" content=\"680\" \/>\n\t<meta property=\"og:image:height\" content=\"406\" \/>\n\t<meta property=\"og:image:type\" content=\"image\/jpeg\" \/>\n<meta name=\"author\" content=\"Edici\u00f3n Web\" \/>\n<meta name=\"twitter:card\" content=\"summary_large_image\" \/>\n<meta name=\"twitter:creator\" content=\"@NOTICIEROS7\" \/>\n<meta name=\"twitter:site\" content=\"@NOTICIEROS7\" \/>\n<meta name=\"twitter:label1\" content=\"Escrito por\" \/>\n\t<meta name=\"twitter:data1\" content=\"Edici\u00f3n Web\" \/>\n\t<meta name=\"twitter:label2\" content=\"Tiempo de lectura\" \/>\n\t<meta name=\"twitter:data2\" content=\"1 minuto\" \/>\n<script type=\"application\/ld+json\" class=\"yoast-schema-graph\">{\"@context\":\"https:\\\/\\\/schema.org\",\"@graph\":[{\"@type\":\"Article\",\"@id\":\"https:\\\/\\\/canal7slp.tv\\\/2023\\\/fitch-ratings-ratifica-calificacion-crediticia-de-bbb-para-mexico\\\/#article\",\"isPartOf\":{\"@id\":\"https:\\\/\\\/canal7slp.tv\\\/2023\\\/fitch-ratings-ratifica-calificacion-crediticia-de-bbb-para-mexico\\\/\"},\"author\":{\"name\":\"Edici\u00f3n Web\",\"@id\":\"https:\\\/\\\/canal7slp.tv\\\/2023\\\/#\\\/schema\\\/person\\\/639c424e3584069003b11ae813915da6\"},\"headline\":\"Fitch Ratings ratifica calificaci\u00f3n crediticia de \u201cBBB\u201d para M\u00e9xico\",\"datePublished\":\"2023-06-19T21:34:08+00:00\",\"mainEntityOfPage\":{\"@id\":\"https:\\\/\\\/canal7slp.tv\\\/2023\\\/fitch-ratings-ratifica-calificacion-crediticia-de-bbb-para-mexico\\\/\"},\"wordCount\":182,\"publisher\":{\"@id\":\"https:\\\/\\\/canal7slp.tv\\\/2023\\\/#organization\"},\"image\":{\"@id\":\"https:\\\/\\\/canal7slp.tv\\\/2023\\\/fitch-ratings-ratifica-calificacion-crediticia-de-bbb-para-mexico\\\/#primaryimage\"},\"thumbnailUrl\":\"https:\\\/\\\/canal7slp.tv\\\/2023\\\/wp-content\\\/uploads\\\/2023\\\/06\\\/04-16.jpg\",\"articleSection\":[\"ECONOM\u00cdA\",\"NACIONALES\"],\"inLanguage\":\"es\"},{\"@type\":\"WebPage\",\"@id\":\"https:\\\/\\\/canal7slp.tv\\\/2023\\\/fitch-ratings-ratifica-calificacion-crediticia-de-bbb-para-mexico\\\/\",\"url\":\"https:\\\/\\\/canal7slp.tv\\\/2023\\\/fitch-ratings-ratifica-calificacion-crediticia-de-bbb-para-mexico\\\/\",\"name\":\"Fitch Ratings ratifica calificaci\u00f3n crediticia de \u201cBBB\u201d para M\u00e9xico - Canal 7 SLP - 2023\",\"isPartOf\":{\"@id\":\"https:\\\/\\\/canal7slp.tv\\\/2023\\\/#website\"},\"primaryImageOfPage\":{\"@id\":\"https:\\\/\\\/canal7slp.tv\\\/2023\\\/fitch-ratings-ratifica-calificacion-crediticia-de-bbb-para-mexico\\\/#primaryimage\"},\"image\":{\"@id\":\"https:\\\/\\\/canal7slp.tv\\\/2023\\\/fitch-ratings-ratifica-calificacion-crediticia-de-bbb-para-mexico\\\/#primaryimage\"},\"thumbnailUrl\":\"https:\\\/\\\/canal7slp.tv\\\/2023\\\/wp-content\\\/uploads\\\/2023\\\/06\\\/04-16.jpg\",\"datePublished\":\"2023-06-19T21:34:08+00:00\",\"breadcrumb\":{\"@id\":\"https:\\\/\\\/canal7slp.tv\\\/2023\\\/fitch-ratings-ratifica-calificacion-crediticia-de-bbb-para-mexico\\\/#breadcrumb\"},\"inLanguage\":\"es\",\"potentialAction\":[{\"@type\":\"ReadAction\",\"target\":[\"https:\\\/\\\/canal7slp.tv\\\/2023\\\/fitch-ratings-ratifica-calificacion-crediticia-de-bbb-para-mexico\\\/\"]}]},{\"@type\":\"ImageObject\",\"inLanguage\":\"es\",\"@id\":\"https:\\\/\\\/canal7slp.tv\\\/2023\\\/fitch-ratings-ratifica-calificacion-crediticia-de-bbb-para-mexico\\\/#primaryimage\",\"url\":\"https:\\\/\\\/canal7slp.tv\\\/2023\\\/wp-content\\\/uploads\\\/2023\\\/06\\\/04-16.jpg\",\"contentUrl\":\"https:\\\/\\\/canal7slp.tv\\\/2023\\\/wp-content\\\/uploads\\\/2023\\\/06\\\/04-16.jpg\",\"width\":680,\"height\":406},{\"@type\":\"BreadcrumbList\",\"@id\":\"https:\\\/\\\/canal7slp.tv\\\/2023\\\/fitch-ratings-ratifica-calificacion-crediticia-de-bbb-para-mexico\\\/#breadcrumb\",\"itemListElement\":[{\"@type\":\"ListItem\",\"position\":1,\"name\":\"Portada\",\"item\":\"https:\\\/\\\/canal7slp.tv\\\/2023\\\/\"},{\"@type\":\"ListItem\",\"position\":2,\"name\":\"Fitch Ratings ratifica calificaci\u00f3n crediticia de \u201cBBB\u201d para M\u00e9xico\"}]},{\"@type\":\"WebSite\",\"@id\":\"https:\\\/\\\/canal7slp.tv\\\/2023\\\/#website\",\"url\":\"https:\\\/\\\/canal7slp.tv\\\/2023\\\/\",\"name\":\"N7 - Noticieros Canal 7\",\"description\":\"Somos Televisi\u00f3n\",\"publisher\":{\"@id\":\"https:\\\/\\\/canal7slp.tv\\\/2023\\\/#organization\"},\"potentialAction\":[{\"@type\":\"SearchAction\",\"target\":{\"@type\":\"EntryPoint\",\"urlTemplate\":\"https:\\\/\\\/canal7slp.tv\\\/2023\\\/?s={search_term_string}\"},\"query-input\":{\"@type\":\"PropertyValueSpecification\",\"valueRequired\":true,\"valueName\":\"search_term_string\"}}],\"inLanguage\":\"es\"},{\"@type\":\"Organization\",\"@id\":\"https:\\\/\\\/canal7slp.tv\\\/2023\\\/#organization\",\"name\":\"Noticieros Canal 7\",\"url\":\"https:\\\/\\\/canal7slp.tv\\\/2023\\\/\",\"logo\":{\"@type\":\"ImageObject\",\"inLanguage\":\"es\",\"@id\":\"https:\\\/\\\/canal7slp.tv\\\/2023\\\/#\\\/schema\\\/logo\\\/image\\\/\",\"url\":\"https:\\\/\\\/canal7slp.tv\\\/2023\\\/wp-content\\\/uploads\\\/2021\\\/01\\\/logo-noticieros@2x.png\",\"contentUrl\":\"https:\\\/\\\/canal7slp.tv\\\/2023\\\/wp-content\\\/uploads\\\/2021\\\/01\\\/logo-noticieros@2x.png\",\"width\":1017,\"height\":268,\"caption\":\"Noticieros Canal 7\"},\"image\":{\"@id\":\"https:\\\/\\\/canal7slp.tv\\\/2023\\\/#\\\/schema\\\/logo\\\/image\\\/\"},\"sameAs\":[\"https:\\\/\\\/www.facebook.com\\\/noticieroscanalsiete\",\"https:\\\/\\\/x.com\\\/NOTICIEROS7\",\"https:\\\/\\\/www.instagram.com\\\/canal7_slp\",\"https:\\\/\\\/www.youtube.com\\\/channel\\\/UCliiYs-gP3JfJeqdPrNdd5A\"]},{\"@type\":\"Person\",\"@id\":\"https:\\\/\\\/canal7slp.tv\\\/2023\\\/#\\\/schema\\\/person\\\/639c424e3584069003b11ae813915da6\",\"name\":\"Edici\u00f3n Web\",\"image\":{\"@type\":\"ImageObject\",\"inLanguage\":\"es\",\"@id\":\"https:\\\/\\\/secure.gravatar.com\\\/avatar\\\/eee448fc3f7164808013b816ba91ac7e43bbe82a70bebac296f8bc6f0addaa1a?s=96&d=mm&r=g\",\"url\":\"https:\\\/\\\/secure.gravatar.com\\\/avatar\\\/eee448fc3f7164808013b816ba91ac7e43bbe82a70bebac296f8bc6f0addaa1a?s=96&d=mm&r=g\",\"contentUrl\":\"https:\\\/\\\/secure.gravatar.com\\\/avatar\\\/eee448fc3f7164808013b816ba91ac7e43bbe82a70bebac296f8bc6f0addaa1a?s=96&d=mm&r=g\",\"caption\":\"Edici\u00f3n Web\"},\"url\":\"https:\\\/\\\/canal7slp.tv\\\/2023\\\/author\\\/edicionweb\\\/\"}]}<\/script>\n<!-- \/ Yoast SEO plugin. -->","yoast_head_json":{"title":"Fitch Ratings ratifica calificaci\u00f3n crediticia de \u201cBBB\u201d para M\u00e9xico - Canal 7 SLP - 2023","robots":{"index":"index","follow":"follow","max-snippet":"max-snippet:-1","max-image-preview":"max-image-preview:large","max-video-preview":"max-video-preview:-1"},"canonical":"https:\/\/canal7slp.tv\/2023\/fitch-ratings-ratifica-calificacion-crediticia-de-bbb-para-mexico\/","og_locale":"es_ES","og_type":"article","og_title":"Fitch Ratings ratifica calificaci\u00f3n crediticia de \u201cBBB\u201d para M\u00e9xico - Canal 7 SLP - 2023","og_description":"Nueva York.- Fitch Ratings ha confirmado la calificaci\u00f3n crediticia de M\u00e9xico en \u00abBBB-\u00ab, respaldada por un marco de pol\u00edtica macroecon\u00f3mica prudente, finanzas externas estables y una deuda gubernamental\/PIB estable en niveles por debajo de la mediana &#8216;BBB&#8217;. Sin embargo, la calificaci\u00f3n est\u00e1 restringida por indicadores de gobernanza d\u00e9biles, un desempe\u00f1o de crecimiento a largo plazo moderado, una intervenci\u00f3n de micropol\u00edtica que afecta las perspectivas de inversi\u00f3n y los posibles pasivos contingentes de Pemex. La perspectiva estable est\u00e1 respaldada por finanzas p\u00fablicas estables y la prioridad otorgada por los formuladores de pol\u00edticas a la estabilidad macroecon\u00f3mica, a pesar de los desaf\u00edos [&hellip;]","og_url":"https:\/\/canal7slp.tv\/2023\/fitch-ratings-ratifica-calificacion-crediticia-de-bbb-para-mexico\/","og_site_name":"Canal 7 SLP - 2023","article_publisher":"https:\/\/www.facebook.com\/noticieroscanalsiete","article_published_time":"2023-06-19T21:34:08+00:00","og_image":[{"width":680,"height":406,"url":"https:\/\/canal7slp.tv\/2023\/wp-content\/uploads\/2023\/06\/04-16.jpg","type":"image\/jpeg"}],"author":"Edici\u00f3n Web","twitter_card":"summary_large_image","twitter_creator":"@NOTICIEROS7","twitter_site":"@NOTICIEROS7","twitter_misc":{"Escrito por":"Edici\u00f3n Web","Tiempo de lectura":"1 minuto"},"schema":{"@context":"https:\/\/schema.org","@graph":[{"@type":"Article","@id":"https:\/\/canal7slp.tv\/2023\/fitch-ratings-ratifica-calificacion-crediticia-de-bbb-para-mexico\/#article","isPartOf":{"@id":"https:\/\/canal7slp.tv\/2023\/fitch-ratings-ratifica-calificacion-crediticia-de-bbb-para-mexico\/"},"author":{"name":"Edici\u00f3n Web","@id":"https:\/\/canal7slp.tv\/2023\/#\/schema\/person\/639c424e3584069003b11ae813915da6"},"headline":"Fitch Ratings ratifica calificaci\u00f3n crediticia de \u201cBBB\u201d para M\u00e9xico","datePublished":"2023-06-19T21:34:08+00:00","mainEntityOfPage":{"@id":"https:\/\/canal7slp.tv\/2023\/fitch-ratings-ratifica-calificacion-crediticia-de-bbb-para-mexico\/"},"wordCount":182,"publisher":{"@id":"https:\/\/canal7slp.tv\/2023\/#organization"},"image":{"@id":"https:\/\/canal7slp.tv\/2023\/fitch-ratings-ratifica-calificacion-crediticia-de-bbb-para-mexico\/#primaryimage"},"thumbnailUrl":"https:\/\/canal7slp.tv\/2023\/wp-content\/uploads\/2023\/06\/04-16.jpg","articleSection":["ECONOM\u00cdA","NACIONALES"],"inLanguage":"es"},{"@type":"WebPage","@id":"https:\/\/canal7slp.tv\/2023\/fitch-ratings-ratifica-calificacion-crediticia-de-bbb-para-mexico\/","url":"https:\/\/canal7slp.tv\/2023\/fitch-ratings-ratifica-calificacion-crediticia-de-bbb-para-mexico\/","name":"Fitch Ratings ratifica calificaci\u00f3n crediticia de \u201cBBB\u201d para M\u00e9xico - Canal 7 SLP - 2023","isPartOf":{"@id":"https:\/\/canal7slp.tv\/2023\/#website"},"primaryImageOfPage":{"@id":"https:\/\/canal7slp.tv\/2023\/fitch-ratings-ratifica-calificacion-crediticia-de-bbb-para-mexico\/#primaryimage"},"image":{"@id":"https:\/\/canal7slp.tv\/2023\/fitch-ratings-ratifica-calificacion-crediticia-de-bbb-para-mexico\/#primaryimage"},"thumbnailUrl":"https:\/\/canal7slp.tv\/2023\/wp-content\/uploads\/2023\/06\/04-16.jpg","datePublished":"2023-06-19T21:34:08+00:00","breadcrumb":{"@id":"https:\/\/canal7slp.tv\/2023\/fitch-ratings-ratifica-calificacion-crediticia-de-bbb-para-mexico\/#breadcrumb"},"inLanguage":"es","potentialAction":[{"@type":"ReadAction","target":["https:\/\/canal7slp.tv\/2023\/fitch-ratings-ratifica-calificacion-crediticia-de-bbb-para-mexico\/"]}]},{"@type":"ImageObject","inLanguage":"es","@id":"https:\/\/canal7slp.tv\/2023\/fitch-ratings-ratifica-calificacion-crediticia-de-bbb-para-mexico\/#primaryimage","url":"https:\/\/canal7slp.tv\/2023\/wp-content\/uploads\/2023\/06\/04-16.jpg","contentUrl":"https:\/\/canal7slp.tv\/2023\/wp-content\/uploads\/2023\/06\/04-16.jpg","width":680,"height":406},{"@type":"BreadcrumbList","@id":"https:\/\/canal7slp.tv\/2023\/fitch-ratings-ratifica-calificacion-crediticia-de-bbb-para-mexico\/#breadcrumb","itemListElement":[{"@type":"ListItem","position":1,"name":"Portada","item":"https:\/\/canal7slp.tv\/2023\/"},{"@type":"ListItem","position":2,"name":"Fitch Ratings ratifica calificaci\u00f3n crediticia de \u201cBBB\u201d para M\u00e9xico"}]},{"@type":"WebSite","@id":"https:\/\/canal7slp.tv\/2023\/#website","url":"https:\/\/canal7slp.tv\/2023\/","name":"N7 - Noticieros Canal 7","description":"Somos Televisi\u00f3n","publisher":{"@id":"https:\/\/canal7slp.tv\/2023\/#organization"},"potentialAction":[{"@type":"SearchAction","target":{"@type":"EntryPoint","urlTemplate":"https:\/\/canal7slp.tv\/2023\/?s={search_term_string}"},"query-input":{"@type":"PropertyValueSpecification","valueRequired":true,"valueName":"search_term_string"}}],"inLanguage":"es"},{"@type":"Organization","@id":"https:\/\/canal7slp.tv\/2023\/#organization","name":"Noticieros Canal 7","url":"https:\/\/canal7slp.tv\/2023\/","logo":{"@type":"ImageObject","inLanguage":"es","@id":"https:\/\/canal7slp.tv\/2023\/#\/schema\/logo\/image\/","url":"https:\/\/canal7slp.tv\/2023\/wp-content\/uploads\/2021\/01\/logo-noticieros@2x.png","contentUrl":"https:\/\/canal7slp.tv\/2023\/wp-content\/uploads\/2021\/01\/logo-noticieros@2x.png","width":1017,"height":268,"caption":"Noticieros Canal 7"},"image":{"@id":"https:\/\/canal7slp.tv\/2023\/#\/schema\/logo\/image\/"},"sameAs":["https:\/\/www.facebook.com\/noticieroscanalsiete","https:\/\/x.com\/NOTICIEROS7","https:\/\/www.instagram.com\/canal7_slp","https:\/\/www.youtube.com\/channel\/UCliiYs-gP3JfJeqdPrNdd5A"]},{"@type":"Person","@id":"https:\/\/canal7slp.tv\/2023\/#\/schema\/person\/639c424e3584069003b11ae813915da6","name":"Edici\u00f3n Web","image":{"@type":"ImageObject","inLanguage":"es","@id":"https:\/\/secure.gravatar.com\/avatar\/eee448fc3f7164808013b816ba91ac7e43bbe82a70bebac296f8bc6f0addaa1a?s=96&d=mm&r=g","url":"https:\/\/secure.gravatar.com\/avatar\/eee448fc3f7164808013b816ba91ac7e43bbe82a70bebac296f8bc6f0addaa1a?s=96&d=mm&r=g","contentUrl":"https:\/\/secure.gravatar.com\/avatar\/eee448fc3f7164808013b816ba91ac7e43bbe82a70bebac296f8bc6f0addaa1a?s=96&d=mm&r=g","caption":"Edici\u00f3n Web"},"url":"https:\/\/canal7slp.tv\/2023\/author\/edicionweb\/"}]}},"_links":{"self":[{"href":"https:\/\/canal7slp.tv\/2023\/wp-json\/wp\/v2\/posts\/98854","targetHints":{"allow":["GET"]}}],"collection":[{"href":"https:\/\/canal7slp.tv\/2023\/wp-json\/wp\/v2\/posts"}],"about":[{"href":"https:\/\/canal7slp.tv\/2023\/wp-json\/wp\/v2\/types\/post"}],"author":[{"embeddable":true,"href":"https:\/\/canal7slp.tv\/2023\/wp-json\/wp\/v2\/users\/2"}],"replies":[{"embeddable":true,"href":"https:\/\/canal7slp.tv\/2023\/wp-json\/wp\/v2\/comments?post=98854"}],"version-history":[{"count":2,"href":"https:\/\/canal7slp.tv\/2023\/wp-json\/wp\/v2\/posts\/98854\/revisions"}],"predecessor-version":[{"id":98871,"href":"https:\/\/canal7slp.tv\/2023\/wp-json\/wp\/v2\/posts\/98854\/revisions\/98871"}],"wp:featuredmedia":[{"embeddable":true,"href":"https:\/\/canal7slp.tv\/2023\/wp-json\/wp\/v2\/media\/98865"}],"wp:attachment":[{"href":"https:\/\/canal7slp.tv\/2023\/wp-json\/wp\/v2\/media?parent=98854"}],"wp:term":[{"taxonomy":"category","embeddable":true,"href":"https:\/\/canal7slp.tv\/2023\/wp-json\/wp\/v2\/categories?post=98854"},{"taxonomy":"post_tag","embeddable":true,"href":"https:\/\/canal7slp.tv\/2023\/wp-json\/wp\/v2\/tags?post=98854"}],"curies":[{"name":"wp","href":"https:\/\/api.w.org\/{rel}","templated":true}]}}