{"id":98851,"date":"2023-06-19T14:38:29","date_gmt":"2023-06-19T20:38:29","guid":{"rendered":"https:\/\/canal7slp.tv\/2023\/?p=98851"},"modified":"2023-06-19T14:38:29","modified_gmt":"2023-06-19T20:38:29","slug":"tepjf-confirma-medidas-del-ine-contra-las-corcholatas-de-morena","status":"publish","type":"post","link":"https:\/\/canal7slp.tv\/2023\/tepjf-confirma-medidas-del-ine-contra-las-corcholatas-de-morena\/","title":{"rendered":"TEPJF confirma medidas del INE contra las \u201ccorcholatas\u201d de MORENA"},"content":{"rendered":"<p style=\"text-align: justify;\">M\u00e9xico.- El Tribunal Electoral del Poder Judicial de la Federaci\u00f3n (TEPJF) confirm\u00f3 las medidas impuestas por la Comisi\u00f3n de Quejas y Denuncias del Instituto Nacional Electoral (INE) contra las \u00abcorcholatas\u00bb de Morena, las cuales ordenan al partido que conmine a los aspirantes a la presidencia y sus simpatizantes a que se abstengan de promocionales y eventos de cara a la elecci\u00f3n de 2024.<\/p>\n<p style=\"text-align: justify;\">Las denuncias fueron interpuestas por el PRD y el diputado de Movimiento Ciudadano, Jorge \u00c1lvarez M\u00e1ynez, contra Claudia Sheinbaum, Marcelo Ebrard, Ad\u00e1n Augusto L\u00f3pez y Ricardo Monreal por presuntamente posicionarse de manera favorable en el proceso electoral 2024 durante visitas a estados de la rep\u00fablica.<\/p>\n<p style=\"text-align: justify;\">La Comisi\u00f3n de Quejas y Denuncias del INE otorg\u00f3 las medidas cautelares, en su vertiente de tutela preventiva, con el fin de que las personas denunciadas se abstengan de realizar los actos denunciados.<\/p>\n<p style=\"text-align: justify;\">El acuerdo del INE fue confirmado por cuatro votos a favor, con los votos en contra de la magistrada M\u00f3nica Aral\u00ed Soto, Indalfer Infante y Jos\u00e9 Luis Vargas.<\/p>\n<p style=\"text-align: justify;\">La Sala Superior del TEPJF sostuvo que las conductas denunciadas s\u00ed se pueden analizar preliminarmente para determinar si existe alg\u00fan riesgo de da\u00f1o a los principios constitucionales que rigen el proceso electoral.<\/p>\n<p style=\"text-align: justify;\">Adem\u00e1s, confirm\u00f3 que el INE s\u00ed puede valorar las circunstancias que consten en otras quejas para construir un contexto y lograr un estudio integral de las quejas presentadas.<\/p>\n<p style=\"text-align: justify;\">La medida de vincular \u00fanicamente a Morena fue considerada correcta por la Sala Superior, con el fin de evitar la promoci\u00f3n personalizada de posibles aspirantes con el objetivo de obtener la candidatura del partido para el proceso electoral federal siguiente.<\/p>\n","protected":false},"excerpt":{"rendered":"<p>M\u00e9xico.- El Tribunal Electoral del Poder Judicial de la Federaci\u00f3n (TEPJF) confirm\u00f3 las medidas impuestas por la Comisi\u00f3n de Quejas y Denuncias del Instituto Nacional Electoral (INE) contra las \u00abcorcholatas\u00bb de Morena, las cuales ordenan al partido que conmine a los aspirantes a la presidencia y sus simpatizantes a que se abstengan de promocionales y eventos de cara a la elecci\u00f3n de 2024. Las denuncias fueron interpuestas por el PRD y el diputado de Movimiento Ciudadano, Jorge \u00c1lvarez M\u00e1ynez, contra Claudia Sheinbaum, Marcelo Ebrard, Ad\u00e1n Augusto L\u00f3pez y Ricardo Monreal por presuntamente posicionarse de manera favorable en el proceso electoral [&hellip;]<\/p>\n","protected":false},"author":2,"featured_media":98863,"comment_status":"closed","ping_status":"closed","sticky":false,"template":"","format":"standard","meta":{"footnotes":""},"categories":[46],"tags":[],"class_list":["post-98851","post","type-post","status-publish","format-standard","has-post-thumbnail","hentry","category-nacional","post--single"],"yoast_head":"<!-- This site is optimized with the Yoast SEO plugin v27.4 - https:\/\/yoast.com\/product\/yoast-seo-wordpress\/ -->\n<title>TEPJF confirma medidas del INE contra las \u201ccorcholatas\u201d de MORENA - Canal 7 SLP - 2023<\/title>\n<meta name=\"robots\" content=\"index, follow, max-snippet:-1, max-image-preview:large, max-video-preview:-1\" \/>\n<link rel=\"canonical\" href=\"https:\/\/canal7slp.tv\/2023\/tepjf-confirma-medidas-del-ine-contra-las-corcholatas-de-morena\/\" \/>\n<meta property=\"og:locale\" content=\"es_ES\" \/>\n<meta property=\"og:type\" content=\"article\" \/>\n<meta property=\"og:title\" content=\"TEPJF confirma medidas del INE contra las \u201ccorcholatas\u201d de MORENA - Canal 7 SLP - 2023\" \/>\n<meta property=\"og:description\" content=\"M\u00e9xico.- El Tribunal Electoral del Poder Judicial de la Federaci\u00f3n (TEPJF) confirm\u00f3 las medidas impuestas por la Comisi\u00f3n de Quejas y Denuncias del Instituto Nacional Electoral (INE) contra las \u00abcorcholatas\u00bb de Morena, las cuales ordenan al partido que conmine a los aspirantes a la presidencia y sus simpatizantes a que se abstengan de promocionales y eventos de cara a la elecci\u00f3n de 2024. Las denuncias fueron interpuestas por el PRD y el diputado de Movimiento Ciudadano, Jorge \u00c1lvarez M\u00e1ynez, contra Claudia Sheinbaum, Marcelo Ebrard, Ad\u00e1n Augusto L\u00f3pez y Ricardo Monreal por presuntamente posicionarse de manera favorable en el proceso electoral [&hellip;]\" \/>\n<meta property=\"og:url\" content=\"https:\/\/canal7slp.tv\/2023\/tepjf-confirma-medidas-del-ine-contra-las-corcholatas-de-morena\/\" \/>\n<meta property=\"og:site_name\" content=\"Canal 7 SLP - 2023\" \/>\n<meta property=\"article:publisher\" content=\"https:\/\/www.facebook.com\/noticieroscanalsiete\" \/>\n<meta property=\"article:published_time\" content=\"2023-06-19T20:38:29+00:00\" \/>\n<meta property=\"og:image\" content=\"https:\/\/canal7slp.tv\/2023\/wp-content\/uploads\/2023\/06\/02-15.jpg\" \/>\n\t<meta property=\"og:image:width\" content=\"750\" \/>\n\t<meta property=\"og:image:height\" content=\"440\" \/>\n\t<meta property=\"og:image:type\" content=\"image\/jpeg\" \/>\n<meta name=\"author\" content=\"Edici\u00f3n Web\" \/>\n<meta name=\"twitter:card\" content=\"summary_large_image\" \/>\n<meta name=\"twitter:creator\" content=\"@NOTICIEROS7\" \/>\n<meta name=\"twitter:site\" content=\"@NOTICIEROS7\" \/>\n<meta name=\"twitter:label1\" content=\"Escrito por\" \/>\n\t<meta name=\"twitter:data1\" content=\"Edici\u00f3n Web\" \/>\n\t<meta name=\"twitter:label2\" content=\"Tiempo de lectura\" \/>\n\t<meta name=\"twitter:data2\" content=\"2 minutos\" \/>\n<script type=\"application\/ld+json\" class=\"yoast-schema-graph\">{\"@context\":\"https:\\\/\\\/schema.org\",\"@graph\":[{\"@type\":\"Article\",\"@id\":\"https:\\\/\\\/canal7slp.tv\\\/2023\\\/tepjf-confirma-medidas-del-ine-contra-las-corcholatas-de-morena\\\/#article\",\"isPartOf\":{\"@id\":\"https:\\\/\\\/canal7slp.tv\\\/2023\\\/tepjf-confirma-medidas-del-ine-contra-las-corcholatas-de-morena\\\/\"},\"author\":{\"name\":\"Edici\u00f3n Web\",\"@id\":\"https:\\\/\\\/canal7slp.tv\\\/2023\\\/#\\\/schema\\\/person\\\/639c424e3584069003b11ae813915da6\"},\"headline\":\"TEPJF confirma medidas del INE contra las \u201ccorcholatas\u201d de MORENA\",\"datePublished\":\"2023-06-19T20:38:29+00:00\",\"mainEntityOfPage\":{\"@id\":\"https:\\\/\\\/canal7slp.tv\\\/2023\\\/tepjf-confirma-medidas-del-ine-contra-las-corcholatas-de-morena\\\/\"},\"wordCount\":292,\"publisher\":{\"@id\":\"https:\\\/\\\/canal7slp.tv\\\/2023\\\/#organization\"},\"image\":{\"@id\":\"https:\\\/\\\/canal7slp.tv\\\/2023\\\/tepjf-confirma-medidas-del-ine-contra-las-corcholatas-de-morena\\\/#primaryimage\"},\"thumbnailUrl\":\"https:\\\/\\\/canal7slp.tv\\\/2023\\\/wp-content\\\/uploads\\\/2023\\\/06\\\/02-15.jpg\",\"articleSection\":[\"NACIONALES\"],\"inLanguage\":\"es\"},{\"@type\":\"WebPage\",\"@id\":\"https:\\\/\\\/canal7slp.tv\\\/2023\\\/tepjf-confirma-medidas-del-ine-contra-las-corcholatas-de-morena\\\/\",\"url\":\"https:\\\/\\\/canal7slp.tv\\\/2023\\\/tepjf-confirma-medidas-del-ine-contra-las-corcholatas-de-morena\\\/\",\"name\":\"TEPJF confirma medidas del INE contra las \u201ccorcholatas\u201d de MORENA - Canal 7 SLP - 2023\",\"isPartOf\":{\"@id\":\"https:\\\/\\\/canal7slp.tv\\\/2023\\\/#website\"},\"primaryImageOfPage\":{\"@id\":\"https:\\\/\\\/canal7slp.tv\\\/2023\\\/tepjf-confirma-medidas-del-ine-contra-las-corcholatas-de-morena\\\/#primaryimage\"},\"image\":{\"@id\":\"https:\\\/\\\/canal7slp.tv\\\/2023\\\/tepjf-confirma-medidas-del-ine-contra-las-corcholatas-de-morena\\\/#primaryimage\"},\"thumbnailUrl\":\"https:\\\/\\\/canal7slp.tv\\\/2023\\\/wp-content\\\/uploads\\\/2023\\\/06\\\/02-15.jpg\",\"datePublished\":\"2023-06-19T20:38:29+00:00\",\"breadcrumb\":{\"@id\":\"https:\\\/\\\/canal7slp.tv\\\/2023\\\/tepjf-confirma-medidas-del-ine-contra-las-corcholatas-de-morena\\\/#breadcrumb\"},\"inLanguage\":\"es\",\"potentialAction\":[{\"@type\":\"ReadAction\",\"target\":[\"https:\\\/\\\/canal7slp.tv\\\/2023\\\/tepjf-confirma-medidas-del-ine-contra-las-corcholatas-de-morena\\\/\"]}]},{\"@type\":\"ImageObject\",\"inLanguage\":\"es\",\"@id\":\"https:\\\/\\\/canal7slp.tv\\\/2023\\\/tepjf-confirma-medidas-del-ine-contra-las-corcholatas-de-morena\\\/#primaryimage\",\"url\":\"https:\\\/\\\/canal7slp.tv\\\/2023\\\/wp-content\\\/uploads\\\/2023\\\/06\\\/02-15.jpg\",\"contentUrl\":\"https:\\\/\\\/canal7slp.tv\\\/2023\\\/wp-content\\\/uploads\\\/2023\\\/06\\\/02-15.jpg\",\"width\":750,\"height\":440},{\"@type\":\"BreadcrumbList\",\"@id\":\"https:\\\/\\\/canal7slp.tv\\\/2023\\\/tepjf-confirma-medidas-del-ine-contra-las-corcholatas-de-morena\\\/#breadcrumb\",\"itemListElement\":[{\"@type\":\"ListItem\",\"position\":1,\"name\":\"Portada\",\"item\":\"https:\\\/\\\/canal7slp.tv\\\/2023\\\/\"},{\"@type\":\"ListItem\",\"position\":2,\"name\":\"TEPJF confirma medidas del INE contra las \u201ccorcholatas\u201d de MORENA\"}]},{\"@type\":\"WebSite\",\"@id\":\"https:\\\/\\\/canal7slp.tv\\\/2023\\\/#website\",\"url\":\"https:\\\/\\\/canal7slp.tv\\\/2023\\\/\",\"name\":\"N7 - Noticieros Canal 7\",\"description\":\"Somos Televisi\u00f3n\",\"publisher\":{\"@id\":\"https:\\\/\\\/canal7slp.tv\\\/2023\\\/#organization\"},\"potentialAction\":[{\"@type\":\"SearchAction\",\"target\":{\"@type\":\"EntryPoint\",\"urlTemplate\":\"https:\\\/\\\/canal7slp.tv\\\/2023\\\/?s={search_term_string}\"},\"query-input\":{\"@type\":\"PropertyValueSpecification\",\"valueRequired\":true,\"valueName\":\"search_term_string\"}}],\"inLanguage\":\"es\"},{\"@type\":\"Organization\",\"@id\":\"https:\\\/\\\/canal7slp.tv\\\/2023\\\/#organization\",\"name\":\"Noticieros Canal 7\",\"url\":\"https:\\\/\\\/canal7slp.tv\\\/2023\\\/\",\"logo\":{\"@type\":\"ImageObject\",\"inLanguage\":\"es\",\"@id\":\"https:\\\/\\\/canal7slp.tv\\\/2023\\\/#\\\/schema\\\/logo\\\/image\\\/\",\"url\":\"https:\\\/\\\/canal7slp.tv\\\/2023\\\/wp-content\\\/uploads\\\/2021\\\/01\\\/logo-noticieros@2x.png\",\"contentUrl\":\"https:\\\/\\\/canal7slp.tv\\\/2023\\\/wp-content\\\/uploads\\\/2021\\\/01\\\/logo-noticieros@2x.png\",\"width\":1017,\"height\":268,\"caption\":\"Noticieros Canal 7\"},\"image\":{\"@id\":\"https:\\\/\\\/canal7slp.tv\\\/2023\\\/#\\\/schema\\\/logo\\\/image\\\/\"},\"sameAs\":[\"https:\\\/\\\/www.facebook.com\\\/noticieroscanalsiete\",\"https:\\\/\\\/x.com\\\/NOTICIEROS7\",\"https:\\\/\\\/www.instagram.com\\\/canal7_slp\",\"https:\\\/\\\/www.youtube.com\\\/channel\\\/UCliiYs-gP3JfJeqdPrNdd5A\"]},{\"@type\":\"Person\",\"@id\":\"https:\\\/\\\/canal7slp.tv\\\/2023\\\/#\\\/schema\\\/person\\\/639c424e3584069003b11ae813915da6\",\"name\":\"Edici\u00f3n Web\",\"image\":{\"@type\":\"ImageObject\",\"inLanguage\":\"es\",\"@id\":\"https:\\\/\\\/secure.gravatar.com\\\/avatar\\\/eee448fc3f7164808013b816ba91ac7e43bbe82a70bebac296f8bc6f0addaa1a?s=96&d=mm&r=g\",\"url\":\"https:\\\/\\\/secure.gravatar.com\\\/avatar\\\/eee448fc3f7164808013b816ba91ac7e43bbe82a70bebac296f8bc6f0addaa1a?s=96&d=mm&r=g\",\"contentUrl\":\"https:\\\/\\\/secure.gravatar.com\\\/avatar\\\/eee448fc3f7164808013b816ba91ac7e43bbe82a70bebac296f8bc6f0addaa1a?s=96&d=mm&r=g\",\"caption\":\"Edici\u00f3n Web\"},\"url\":\"https:\\\/\\\/canal7slp.tv\\\/2023\\\/author\\\/edicionweb\\\/\"}]}<\/script>\n<!-- \/ Yoast SEO plugin. -->","yoast_head_json":{"title":"TEPJF confirma medidas del INE contra las \u201ccorcholatas\u201d de MORENA - Canal 7 SLP - 2023","robots":{"index":"index","follow":"follow","max-snippet":"max-snippet:-1","max-image-preview":"max-image-preview:large","max-video-preview":"max-video-preview:-1"},"canonical":"https:\/\/canal7slp.tv\/2023\/tepjf-confirma-medidas-del-ine-contra-las-corcholatas-de-morena\/","og_locale":"es_ES","og_type":"article","og_title":"TEPJF confirma medidas del INE contra las \u201ccorcholatas\u201d de MORENA - Canal 7 SLP - 2023","og_description":"M\u00e9xico.- El Tribunal Electoral del Poder Judicial de la Federaci\u00f3n (TEPJF) confirm\u00f3 las medidas impuestas por la Comisi\u00f3n de Quejas y Denuncias del Instituto Nacional Electoral (INE) contra las \u00abcorcholatas\u00bb de Morena, las cuales ordenan al partido que conmine a los aspirantes a la presidencia y sus simpatizantes a que se abstengan de promocionales y eventos de cara a la elecci\u00f3n de 2024. Las denuncias fueron interpuestas por el PRD y el diputado de Movimiento Ciudadano, Jorge \u00c1lvarez M\u00e1ynez, contra Claudia Sheinbaum, Marcelo Ebrard, Ad\u00e1n Augusto L\u00f3pez y Ricardo Monreal por presuntamente posicionarse de manera favorable en el proceso electoral [&hellip;]","og_url":"https:\/\/canal7slp.tv\/2023\/tepjf-confirma-medidas-del-ine-contra-las-corcholatas-de-morena\/","og_site_name":"Canal 7 SLP - 2023","article_publisher":"https:\/\/www.facebook.com\/noticieroscanalsiete","article_published_time":"2023-06-19T20:38:29+00:00","og_image":[{"width":750,"height":440,"url":"https:\/\/canal7slp.tv\/2023\/wp-content\/uploads\/2023\/06\/02-15.jpg","type":"image\/jpeg"}],"author":"Edici\u00f3n Web","twitter_card":"summary_large_image","twitter_creator":"@NOTICIEROS7","twitter_site":"@NOTICIEROS7","twitter_misc":{"Escrito por":"Edici\u00f3n Web","Tiempo de lectura":"2 minutos"},"schema":{"@context":"https:\/\/schema.org","@graph":[{"@type":"Article","@id":"https:\/\/canal7slp.tv\/2023\/tepjf-confirma-medidas-del-ine-contra-las-corcholatas-de-morena\/#article","isPartOf":{"@id":"https:\/\/canal7slp.tv\/2023\/tepjf-confirma-medidas-del-ine-contra-las-corcholatas-de-morena\/"},"author":{"name":"Edici\u00f3n Web","@id":"https:\/\/canal7slp.tv\/2023\/#\/schema\/person\/639c424e3584069003b11ae813915da6"},"headline":"TEPJF confirma medidas del INE contra las \u201ccorcholatas\u201d de MORENA","datePublished":"2023-06-19T20:38:29+00:00","mainEntityOfPage":{"@id":"https:\/\/canal7slp.tv\/2023\/tepjf-confirma-medidas-del-ine-contra-las-corcholatas-de-morena\/"},"wordCount":292,"publisher":{"@id":"https:\/\/canal7slp.tv\/2023\/#organization"},"image":{"@id":"https:\/\/canal7slp.tv\/2023\/tepjf-confirma-medidas-del-ine-contra-las-corcholatas-de-morena\/#primaryimage"},"thumbnailUrl":"https:\/\/canal7slp.tv\/2023\/wp-content\/uploads\/2023\/06\/02-15.jpg","articleSection":["NACIONALES"],"inLanguage":"es"},{"@type":"WebPage","@id":"https:\/\/canal7slp.tv\/2023\/tepjf-confirma-medidas-del-ine-contra-las-corcholatas-de-morena\/","url":"https:\/\/canal7slp.tv\/2023\/tepjf-confirma-medidas-del-ine-contra-las-corcholatas-de-morena\/","name":"TEPJF confirma medidas del INE contra las \u201ccorcholatas\u201d de MORENA - Canal 7 SLP - 2023","isPartOf":{"@id":"https:\/\/canal7slp.tv\/2023\/#website"},"primaryImageOfPage":{"@id":"https:\/\/canal7slp.tv\/2023\/tepjf-confirma-medidas-del-ine-contra-las-corcholatas-de-morena\/#primaryimage"},"image":{"@id":"https:\/\/canal7slp.tv\/2023\/tepjf-confirma-medidas-del-ine-contra-las-corcholatas-de-morena\/#primaryimage"},"thumbnailUrl":"https:\/\/canal7slp.tv\/2023\/wp-content\/uploads\/2023\/06\/02-15.jpg","datePublished":"2023-06-19T20:38:29+00:00","breadcrumb":{"@id":"https:\/\/canal7slp.tv\/2023\/tepjf-confirma-medidas-del-ine-contra-las-corcholatas-de-morena\/#breadcrumb"},"inLanguage":"es","potentialAction":[{"@type":"ReadAction","target":["https:\/\/canal7slp.tv\/2023\/tepjf-confirma-medidas-del-ine-contra-las-corcholatas-de-morena\/"]}]},{"@type":"ImageObject","inLanguage":"es","@id":"https:\/\/canal7slp.tv\/2023\/tepjf-confirma-medidas-del-ine-contra-las-corcholatas-de-morena\/#primaryimage","url":"https:\/\/canal7slp.tv\/2023\/wp-content\/uploads\/2023\/06\/02-15.jpg","contentUrl":"https:\/\/canal7slp.tv\/2023\/wp-content\/uploads\/2023\/06\/02-15.jpg","width":750,"height":440},{"@type":"BreadcrumbList","@id":"https:\/\/canal7slp.tv\/2023\/tepjf-confirma-medidas-del-ine-contra-las-corcholatas-de-morena\/#breadcrumb","itemListElement":[{"@type":"ListItem","position":1,"name":"Portada","item":"https:\/\/canal7slp.tv\/2023\/"},{"@type":"ListItem","position":2,"name":"TEPJF confirma medidas del INE contra las \u201ccorcholatas\u201d de MORENA"}]},{"@type":"WebSite","@id":"https:\/\/canal7slp.tv\/2023\/#website","url":"https:\/\/canal7slp.tv\/2023\/","name":"N7 - Noticieros Canal 7","description":"Somos Televisi\u00f3n","publisher":{"@id":"https:\/\/canal7slp.tv\/2023\/#organization"},"potentialAction":[{"@type":"SearchAction","target":{"@type":"EntryPoint","urlTemplate":"https:\/\/canal7slp.tv\/2023\/?s={search_term_string}"},"query-input":{"@type":"PropertyValueSpecification","valueRequired":true,"valueName":"search_term_string"}}],"inLanguage":"es"},{"@type":"Organization","@id":"https:\/\/canal7slp.tv\/2023\/#organization","name":"Noticieros Canal 7","url":"https:\/\/canal7slp.tv\/2023\/","logo":{"@type":"ImageObject","inLanguage":"es","@id":"https:\/\/canal7slp.tv\/2023\/#\/schema\/logo\/image\/","url":"https:\/\/canal7slp.tv\/2023\/wp-content\/uploads\/2021\/01\/logo-noticieros@2x.png","contentUrl":"https:\/\/canal7slp.tv\/2023\/wp-content\/uploads\/2021\/01\/logo-noticieros@2x.png","width":1017,"height":268,"caption":"Noticieros Canal 7"},"image":{"@id":"https:\/\/canal7slp.tv\/2023\/#\/schema\/logo\/image\/"},"sameAs":["https:\/\/www.facebook.com\/noticieroscanalsiete","https:\/\/x.com\/NOTICIEROS7","https:\/\/www.instagram.com\/canal7_slp","https:\/\/www.youtube.com\/channel\/UCliiYs-gP3JfJeqdPrNdd5A"]},{"@type":"Person","@id":"https:\/\/canal7slp.tv\/2023\/#\/schema\/person\/639c424e3584069003b11ae813915da6","name":"Edici\u00f3n Web","image":{"@type":"ImageObject","inLanguage":"es","@id":"https:\/\/secure.gravatar.com\/avatar\/eee448fc3f7164808013b816ba91ac7e43bbe82a70bebac296f8bc6f0addaa1a?s=96&d=mm&r=g","url":"https:\/\/secure.gravatar.com\/avatar\/eee448fc3f7164808013b816ba91ac7e43bbe82a70bebac296f8bc6f0addaa1a?s=96&d=mm&r=g","contentUrl":"https:\/\/secure.gravatar.com\/avatar\/eee448fc3f7164808013b816ba91ac7e43bbe82a70bebac296f8bc6f0addaa1a?s=96&d=mm&r=g","caption":"Edici\u00f3n Web"},"url":"https:\/\/canal7slp.tv\/2023\/author\/edicionweb\/"}]}},"_links":{"self":[{"href":"https:\/\/canal7slp.tv\/2023\/wp-json\/wp\/v2\/posts\/98851","targetHints":{"allow":["GET"]}}],"collection":[{"href":"https:\/\/canal7slp.tv\/2023\/wp-json\/wp\/v2\/posts"}],"about":[{"href":"https:\/\/canal7slp.tv\/2023\/wp-json\/wp\/v2\/types\/post"}],"author":[{"embeddable":true,"href":"https:\/\/canal7slp.tv\/2023\/wp-json\/wp\/v2\/users\/2"}],"replies":[{"embeddable":true,"href":"https:\/\/canal7slp.tv\/2023\/wp-json\/wp\/v2\/comments?post=98851"}],"version-history":[{"count":2,"href":"https:\/\/canal7slp.tv\/2023\/wp-json\/wp\/v2\/posts\/98851\/revisions"}],"predecessor-version":[{"id":98869,"href":"https:\/\/canal7slp.tv\/2023\/wp-json\/wp\/v2\/posts\/98851\/revisions\/98869"}],"wp:featuredmedia":[{"embeddable":true,"href":"https:\/\/canal7slp.tv\/2023\/wp-json\/wp\/v2\/media\/98863"}],"wp:attachment":[{"href":"https:\/\/canal7slp.tv\/2023\/wp-json\/wp\/v2\/media?parent=98851"}],"wp:term":[{"taxonomy":"category","embeddable":true,"href":"https:\/\/canal7slp.tv\/2023\/wp-json\/wp\/v2\/categories?post=98851"},{"taxonomy":"post_tag","embeddable":true,"href":"https:\/\/canal7slp.tv\/2023\/wp-json\/wp\/v2\/tags?post=98851"}],"curies":[{"name":"wp","href":"https:\/\/api.w.org\/{rel}","templated":true}]}}