{"id":98850,"date":"2023-06-19T14:37:46","date_gmt":"2023-06-19T20:37:46","guid":{"rendered":"https:\/\/canal7slp.tv\/2023\/?p=98850"},"modified":"2023-06-19T14:37:46","modified_gmt":"2023-06-19T20:37:46","slug":"nombran-a-luisa-maria-alcalde-secretaria-de-gobernacion","status":"publish","type":"post","link":"https:\/\/canal7slp.tv\/2023\/nombran-a-luisa-maria-alcalde-secretaria-de-gobernacion\/","title":{"rendered":"Nombran a Luisa Mar\u00eda Alcalde secretaria de Gobernaci\u00f3n"},"content":{"rendered":"<p style=\"text-align: justify;\">M\u00e9xico.- El presidente de M\u00e9xico, Andr\u00e9s Manuel L\u00f3pez Obrador que Luisa Mar\u00eda Alcalde Luj\u00e1n ser\u00e1 la nueva secretaria de Gobernaci\u00f3n, en sustituci\u00f3n de Ad\u00e1n Augusto L\u00f3pez.<\/p>\n<p style=\"text-align: justify;\">El mandatario destac\u00f3 el \u00abrelevo generacional\u00bb con este nuevo cargo para la a\u00fan secretaria del Trabajo.<\/p>\n<p style=\"text-align: justify;\">Se espera que Alcalde asuma el cargo a mitad de semana y se ponga de acuerdo con Alejandro Encinas, encargado de despacho de la Secretar\u00eda de Gobernaci\u00f3n.<\/p>\n<p style=\"text-align: justify;\">Cabe se\u00f1alar que Mar\u00eda Alcalde es abogada y pol\u00edtica, licenciada en Derecho por la Universidad Nacional Aut\u00f3noma de M\u00e9xico (UNAM). Maestra en Pol\u00edtica P\u00fablica por la Universidad de Oxford.<\/p>\n<p style=\"text-align: justify;\">Alcalde Luj\u00e1n fue designada como secretaria del Trabajo y Previsi\u00f3n Social en 2018.<\/p>\n","protected":false},"excerpt":{"rendered":"<p>M\u00e9xico.- El presidente de M\u00e9xico, Andr\u00e9s Manuel L\u00f3pez Obrador que Luisa Mar\u00eda Alcalde Luj\u00e1n ser\u00e1 la nueva secretaria de Gobernaci\u00f3n, en sustituci\u00f3n de Ad\u00e1n Augusto L\u00f3pez. El mandatario destac\u00f3 el \u00abrelevo generacional\u00bb con este nuevo cargo para la a\u00fan secretaria del Trabajo. Se espera que Alcalde asuma el cargo a mitad de semana y se ponga de acuerdo con Alejandro Encinas, encargado de despacho de la Secretar\u00eda de Gobernaci\u00f3n. Cabe se\u00f1alar que Mar\u00eda Alcalde es abogada y pol\u00edtica, licenciada en Derecho por la Universidad Nacional Aut\u00f3noma de M\u00e9xico (UNAM). Maestra en Pol\u00edtica P\u00fablica por la Universidad de Oxford. Alcalde Luj\u00e1n [&hellip;]<\/p>\n","protected":false},"author":2,"featured_media":98862,"comment_status":"closed","ping_status":"closed","sticky":false,"template":"","format":"standard","meta":{"footnotes":""},"categories":[46],"tags":[],"class_list":["post-98850","post","type-post","status-publish","format-standard","has-post-thumbnail","hentry","category-nacional","post--single"],"yoast_head":"<!-- This site is optimized with the Yoast SEO plugin v27.4 - https:\/\/yoast.com\/product\/yoast-seo-wordpress\/ -->\n<title>Nombran a Luisa Mar\u00eda Alcalde secretaria de Gobernaci\u00f3n - Canal 7 SLP - 2023<\/title>\n<meta name=\"robots\" content=\"index, follow, max-snippet:-1, max-image-preview:large, max-video-preview:-1\" \/>\n<link rel=\"canonical\" href=\"https:\/\/canal7slp.tv\/2023\/nombran-a-luisa-maria-alcalde-secretaria-de-gobernacion\/\" \/>\n<meta property=\"og:locale\" content=\"es_ES\" \/>\n<meta property=\"og:type\" content=\"article\" \/>\n<meta property=\"og:title\" content=\"Nombran a Luisa Mar\u00eda Alcalde secretaria de Gobernaci\u00f3n - Canal 7 SLP - 2023\" \/>\n<meta property=\"og:description\" content=\"M\u00e9xico.- El presidente de M\u00e9xico, Andr\u00e9s Manuel L\u00f3pez Obrador que Luisa Mar\u00eda Alcalde Luj\u00e1n ser\u00e1 la nueva secretaria de Gobernaci\u00f3n, en sustituci\u00f3n de Ad\u00e1n Augusto L\u00f3pez. El mandatario destac\u00f3 el \u00abrelevo generacional\u00bb con este nuevo cargo para la a\u00fan secretaria del Trabajo. Se espera que Alcalde asuma el cargo a mitad de semana y se ponga de acuerdo con Alejandro Encinas, encargado de despacho de la Secretar\u00eda de Gobernaci\u00f3n. Cabe se\u00f1alar que Mar\u00eda Alcalde es abogada y pol\u00edtica, licenciada en Derecho por la Universidad Nacional Aut\u00f3noma de M\u00e9xico (UNAM). Maestra en Pol\u00edtica P\u00fablica por la Universidad de Oxford. Alcalde Luj\u00e1n [&hellip;]\" \/>\n<meta property=\"og:url\" content=\"https:\/\/canal7slp.tv\/2023\/nombran-a-luisa-maria-alcalde-secretaria-de-gobernacion\/\" \/>\n<meta property=\"og:site_name\" content=\"Canal 7 SLP - 2023\" \/>\n<meta property=\"article:publisher\" content=\"https:\/\/www.facebook.com\/noticieroscanalsiete\" \/>\n<meta property=\"article:published_time\" content=\"2023-06-19T20:37:46+00:00\" \/>\n<meta property=\"og:image\" content=\"https:\/\/canal7slp.tv\/2023\/wp-content\/uploads\/2023\/06\/01-16.jpg\" \/>\n\t<meta property=\"og:image:width\" content=\"1600\" \/>\n\t<meta property=\"og:image:height\" content=\"1200\" \/>\n\t<meta property=\"og:image:type\" content=\"image\/jpeg\" \/>\n<meta name=\"author\" content=\"Edici\u00f3n Web\" \/>\n<meta name=\"twitter:card\" content=\"summary_large_image\" \/>\n<meta name=\"twitter:creator\" content=\"@NOTICIEROS7\" \/>\n<meta name=\"twitter:site\" content=\"@NOTICIEROS7\" \/>\n<meta name=\"twitter:label1\" content=\"Escrito por\" \/>\n\t<meta name=\"twitter:data1\" content=\"Edici\u00f3n Web\" \/>\n\t<meta name=\"twitter:label2\" content=\"Tiempo de lectura\" \/>\n\t<meta name=\"twitter:data2\" content=\"1 minuto\" \/>\n<script type=\"application\/ld+json\" class=\"yoast-schema-graph\">{\"@context\":\"https:\\\/\\\/schema.org\",\"@graph\":[{\"@type\":\"Article\",\"@id\":\"https:\\\/\\\/canal7slp.tv\\\/2023\\\/nombran-a-luisa-maria-alcalde-secretaria-de-gobernacion\\\/#article\",\"isPartOf\":{\"@id\":\"https:\\\/\\\/canal7slp.tv\\\/2023\\\/nombran-a-luisa-maria-alcalde-secretaria-de-gobernacion\\\/\"},\"author\":{\"name\":\"Edici\u00f3n Web\",\"@id\":\"https:\\\/\\\/canal7slp.tv\\\/2023\\\/#\\\/schema\\\/person\\\/639c424e3584069003b11ae813915da6\"},\"headline\":\"Nombran a Luisa Mar\u00eda Alcalde secretaria de Gobernaci\u00f3n\",\"datePublished\":\"2023-06-19T20:37:46+00:00\",\"mainEntityOfPage\":{\"@id\":\"https:\\\/\\\/canal7slp.tv\\\/2023\\\/nombran-a-luisa-maria-alcalde-secretaria-de-gobernacion\\\/\"},\"wordCount\":143,\"publisher\":{\"@id\":\"https:\\\/\\\/canal7slp.tv\\\/2023\\\/#organization\"},\"image\":{\"@id\":\"https:\\\/\\\/canal7slp.tv\\\/2023\\\/nombran-a-luisa-maria-alcalde-secretaria-de-gobernacion\\\/#primaryimage\"},\"thumbnailUrl\":\"https:\\\/\\\/canal7slp.tv\\\/2023\\\/wp-content\\\/uploads\\\/2023\\\/06\\\/01-16.jpg\",\"articleSection\":[\"NACIONALES\"],\"inLanguage\":\"es\"},{\"@type\":\"WebPage\",\"@id\":\"https:\\\/\\\/canal7slp.tv\\\/2023\\\/nombran-a-luisa-maria-alcalde-secretaria-de-gobernacion\\\/\",\"url\":\"https:\\\/\\\/canal7slp.tv\\\/2023\\\/nombran-a-luisa-maria-alcalde-secretaria-de-gobernacion\\\/\",\"name\":\"Nombran a Luisa Mar\u00eda Alcalde secretaria de Gobernaci\u00f3n - Canal 7 SLP - 2023\",\"isPartOf\":{\"@id\":\"https:\\\/\\\/canal7slp.tv\\\/2023\\\/#website\"},\"primaryImageOfPage\":{\"@id\":\"https:\\\/\\\/canal7slp.tv\\\/2023\\\/nombran-a-luisa-maria-alcalde-secretaria-de-gobernacion\\\/#primaryimage\"},\"image\":{\"@id\":\"https:\\\/\\\/canal7slp.tv\\\/2023\\\/nombran-a-luisa-maria-alcalde-secretaria-de-gobernacion\\\/#primaryimage\"},\"thumbnailUrl\":\"https:\\\/\\\/canal7slp.tv\\\/2023\\\/wp-content\\\/uploads\\\/2023\\\/06\\\/01-16.jpg\",\"datePublished\":\"2023-06-19T20:37:46+00:00\",\"breadcrumb\":{\"@id\":\"https:\\\/\\\/canal7slp.tv\\\/2023\\\/nombran-a-luisa-maria-alcalde-secretaria-de-gobernacion\\\/#breadcrumb\"},\"inLanguage\":\"es\",\"potentialAction\":[{\"@type\":\"ReadAction\",\"target\":[\"https:\\\/\\\/canal7slp.tv\\\/2023\\\/nombran-a-luisa-maria-alcalde-secretaria-de-gobernacion\\\/\"]}]},{\"@type\":\"ImageObject\",\"inLanguage\":\"es\",\"@id\":\"https:\\\/\\\/canal7slp.tv\\\/2023\\\/nombran-a-luisa-maria-alcalde-secretaria-de-gobernacion\\\/#primaryimage\",\"url\":\"https:\\\/\\\/canal7slp.tv\\\/2023\\\/wp-content\\\/uploads\\\/2023\\\/06\\\/01-16.jpg\",\"contentUrl\":\"https:\\\/\\\/canal7slp.tv\\\/2023\\\/wp-content\\\/uploads\\\/2023\\\/06\\\/01-16.jpg\",\"width\":1600,\"height\":1200},{\"@type\":\"BreadcrumbList\",\"@id\":\"https:\\\/\\\/canal7slp.tv\\\/2023\\\/nombran-a-luisa-maria-alcalde-secretaria-de-gobernacion\\\/#breadcrumb\",\"itemListElement\":[{\"@type\":\"ListItem\",\"position\":1,\"name\":\"Portada\",\"item\":\"https:\\\/\\\/canal7slp.tv\\\/2023\\\/\"},{\"@type\":\"ListItem\",\"position\":2,\"name\":\"Nombran a Luisa Mar\u00eda Alcalde secretaria de Gobernaci\u00f3n\"}]},{\"@type\":\"WebSite\",\"@id\":\"https:\\\/\\\/canal7slp.tv\\\/2023\\\/#website\",\"url\":\"https:\\\/\\\/canal7slp.tv\\\/2023\\\/\",\"name\":\"N7 - Noticieros Canal 7\",\"description\":\"Somos Televisi\u00f3n\",\"publisher\":{\"@id\":\"https:\\\/\\\/canal7slp.tv\\\/2023\\\/#organization\"},\"potentialAction\":[{\"@type\":\"SearchAction\",\"target\":{\"@type\":\"EntryPoint\",\"urlTemplate\":\"https:\\\/\\\/canal7slp.tv\\\/2023\\\/?s={search_term_string}\"},\"query-input\":{\"@type\":\"PropertyValueSpecification\",\"valueRequired\":true,\"valueName\":\"search_term_string\"}}],\"inLanguage\":\"es\"},{\"@type\":\"Organization\",\"@id\":\"https:\\\/\\\/canal7slp.tv\\\/2023\\\/#organization\",\"name\":\"Noticieros Canal 7\",\"url\":\"https:\\\/\\\/canal7slp.tv\\\/2023\\\/\",\"logo\":{\"@type\":\"ImageObject\",\"inLanguage\":\"es\",\"@id\":\"https:\\\/\\\/canal7slp.tv\\\/2023\\\/#\\\/schema\\\/logo\\\/image\\\/\",\"url\":\"https:\\\/\\\/canal7slp.tv\\\/2023\\\/wp-content\\\/uploads\\\/2021\\\/01\\\/logo-noticieros@2x.png\",\"contentUrl\":\"https:\\\/\\\/canal7slp.tv\\\/2023\\\/wp-content\\\/uploads\\\/2021\\\/01\\\/logo-noticieros@2x.png\",\"width\":1017,\"height\":268,\"caption\":\"Noticieros Canal 7\"},\"image\":{\"@id\":\"https:\\\/\\\/canal7slp.tv\\\/2023\\\/#\\\/schema\\\/logo\\\/image\\\/\"},\"sameAs\":[\"https:\\\/\\\/www.facebook.com\\\/noticieroscanalsiete\",\"https:\\\/\\\/x.com\\\/NOTICIEROS7\",\"https:\\\/\\\/www.instagram.com\\\/canal7_slp\",\"https:\\\/\\\/www.youtube.com\\\/channel\\\/UCliiYs-gP3JfJeqdPrNdd5A\"]},{\"@type\":\"Person\",\"@id\":\"https:\\\/\\\/canal7slp.tv\\\/2023\\\/#\\\/schema\\\/person\\\/639c424e3584069003b11ae813915da6\",\"name\":\"Edici\u00f3n Web\",\"image\":{\"@type\":\"ImageObject\",\"inLanguage\":\"es\",\"@id\":\"https:\\\/\\\/secure.gravatar.com\\\/avatar\\\/eee448fc3f7164808013b816ba91ac7e43bbe82a70bebac296f8bc6f0addaa1a?s=96&d=mm&r=g\",\"url\":\"https:\\\/\\\/secure.gravatar.com\\\/avatar\\\/eee448fc3f7164808013b816ba91ac7e43bbe82a70bebac296f8bc6f0addaa1a?s=96&d=mm&r=g\",\"contentUrl\":\"https:\\\/\\\/secure.gravatar.com\\\/avatar\\\/eee448fc3f7164808013b816ba91ac7e43bbe82a70bebac296f8bc6f0addaa1a?s=96&d=mm&r=g\",\"caption\":\"Edici\u00f3n Web\"},\"url\":\"https:\\\/\\\/canal7slp.tv\\\/2023\\\/author\\\/edicionweb\\\/\"}]}<\/script>\n<!-- \/ Yoast SEO plugin. -->","yoast_head_json":{"title":"Nombran a Luisa Mar\u00eda Alcalde secretaria de Gobernaci\u00f3n - Canal 7 SLP - 2023","robots":{"index":"index","follow":"follow","max-snippet":"max-snippet:-1","max-image-preview":"max-image-preview:large","max-video-preview":"max-video-preview:-1"},"canonical":"https:\/\/canal7slp.tv\/2023\/nombran-a-luisa-maria-alcalde-secretaria-de-gobernacion\/","og_locale":"es_ES","og_type":"article","og_title":"Nombran a Luisa Mar\u00eda Alcalde secretaria de Gobernaci\u00f3n - Canal 7 SLP - 2023","og_description":"M\u00e9xico.- El presidente de M\u00e9xico, Andr\u00e9s Manuel L\u00f3pez Obrador que Luisa Mar\u00eda Alcalde Luj\u00e1n ser\u00e1 la nueva secretaria de Gobernaci\u00f3n, en sustituci\u00f3n de Ad\u00e1n Augusto L\u00f3pez. El mandatario destac\u00f3 el \u00abrelevo generacional\u00bb con este nuevo cargo para la a\u00fan secretaria del Trabajo. Se espera que Alcalde asuma el cargo a mitad de semana y se ponga de acuerdo con Alejandro Encinas, encargado de despacho de la Secretar\u00eda de Gobernaci\u00f3n. Cabe se\u00f1alar que Mar\u00eda Alcalde es abogada y pol\u00edtica, licenciada en Derecho por la Universidad Nacional Aut\u00f3noma de M\u00e9xico (UNAM). Maestra en Pol\u00edtica P\u00fablica por la Universidad de Oxford. Alcalde Luj\u00e1n [&hellip;]","og_url":"https:\/\/canal7slp.tv\/2023\/nombran-a-luisa-maria-alcalde-secretaria-de-gobernacion\/","og_site_name":"Canal 7 SLP - 2023","article_publisher":"https:\/\/www.facebook.com\/noticieroscanalsiete","article_published_time":"2023-06-19T20:37:46+00:00","og_image":[{"width":1600,"height":1200,"url":"https:\/\/canal7slp.tv\/2023\/wp-content\/uploads\/2023\/06\/01-16.jpg","type":"image\/jpeg"}],"author":"Edici\u00f3n Web","twitter_card":"summary_large_image","twitter_creator":"@NOTICIEROS7","twitter_site":"@NOTICIEROS7","twitter_misc":{"Escrito por":"Edici\u00f3n Web","Tiempo de lectura":"1 minuto"},"schema":{"@context":"https:\/\/schema.org","@graph":[{"@type":"Article","@id":"https:\/\/canal7slp.tv\/2023\/nombran-a-luisa-maria-alcalde-secretaria-de-gobernacion\/#article","isPartOf":{"@id":"https:\/\/canal7slp.tv\/2023\/nombran-a-luisa-maria-alcalde-secretaria-de-gobernacion\/"},"author":{"name":"Edici\u00f3n Web","@id":"https:\/\/canal7slp.tv\/2023\/#\/schema\/person\/639c424e3584069003b11ae813915da6"},"headline":"Nombran a Luisa Mar\u00eda Alcalde secretaria de Gobernaci\u00f3n","datePublished":"2023-06-19T20:37:46+00:00","mainEntityOfPage":{"@id":"https:\/\/canal7slp.tv\/2023\/nombran-a-luisa-maria-alcalde-secretaria-de-gobernacion\/"},"wordCount":143,"publisher":{"@id":"https:\/\/canal7slp.tv\/2023\/#organization"},"image":{"@id":"https:\/\/canal7slp.tv\/2023\/nombran-a-luisa-maria-alcalde-secretaria-de-gobernacion\/#primaryimage"},"thumbnailUrl":"https:\/\/canal7slp.tv\/2023\/wp-content\/uploads\/2023\/06\/01-16.jpg","articleSection":["NACIONALES"],"inLanguage":"es"},{"@type":"WebPage","@id":"https:\/\/canal7slp.tv\/2023\/nombran-a-luisa-maria-alcalde-secretaria-de-gobernacion\/","url":"https:\/\/canal7slp.tv\/2023\/nombran-a-luisa-maria-alcalde-secretaria-de-gobernacion\/","name":"Nombran a Luisa Mar\u00eda Alcalde secretaria de Gobernaci\u00f3n - Canal 7 SLP - 2023","isPartOf":{"@id":"https:\/\/canal7slp.tv\/2023\/#website"},"primaryImageOfPage":{"@id":"https:\/\/canal7slp.tv\/2023\/nombran-a-luisa-maria-alcalde-secretaria-de-gobernacion\/#primaryimage"},"image":{"@id":"https:\/\/canal7slp.tv\/2023\/nombran-a-luisa-maria-alcalde-secretaria-de-gobernacion\/#primaryimage"},"thumbnailUrl":"https:\/\/canal7slp.tv\/2023\/wp-content\/uploads\/2023\/06\/01-16.jpg","datePublished":"2023-06-19T20:37:46+00:00","breadcrumb":{"@id":"https:\/\/canal7slp.tv\/2023\/nombran-a-luisa-maria-alcalde-secretaria-de-gobernacion\/#breadcrumb"},"inLanguage":"es","potentialAction":[{"@type":"ReadAction","target":["https:\/\/canal7slp.tv\/2023\/nombran-a-luisa-maria-alcalde-secretaria-de-gobernacion\/"]}]},{"@type":"ImageObject","inLanguage":"es","@id":"https:\/\/canal7slp.tv\/2023\/nombran-a-luisa-maria-alcalde-secretaria-de-gobernacion\/#primaryimage","url":"https:\/\/canal7slp.tv\/2023\/wp-content\/uploads\/2023\/06\/01-16.jpg","contentUrl":"https:\/\/canal7slp.tv\/2023\/wp-content\/uploads\/2023\/06\/01-16.jpg","width":1600,"height":1200},{"@type":"BreadcrumbList","@id":"https:\/\/canal7slp.tv\/2023\/nombran-a-luisa-maria-alcalde-secretaria-de-gobernacion\/#breadcrumb","itemListElement":[{"@type":"ListItem","position":1,"name":"Portada","item":"https:\/\/canal7slp.tv\/2023\/"},{"@type":"ListItem","position":2,"name":"Nombran a Luisa Mar\u00eda Alcalde secretaria de Gobernaci\u00f3n"}]},{"@type":"WebSite","@id":"https:\/\/canal7slp.tv\/2023\/#website","url":"https:\/\/canal7slp.tv\/2023\/","name":"N7 - Noticieros Canal 7","description":"Somos Televisi\u00f3n","publisher":{"@id":"https:\/\/canal7slp.tv\/2023\/#organization"},"potentialAction":[{"@type":"SearchAction","target":{"@type":"EntryPoint","urlTemplate":"https:\/\/canal7slp.tv\/2023\/?s={search_term_string}"},"query-input":{"@type":"PropertyValueSpecification","valueRequired":true,"valueName":"search_term_string"}}],"inLanguage":"es"},{"@type":"Organization","@id":"https:\/\/canal7slp.tv\/2023\/#organization","name":"Noticieros Canal 7","url":"https:\/\/canal7slp.tv\/2023\/","logo":{"@type":"ImageObject","inLanguage":"es","@id":"https:\/\/canal7slp.tv\/2023\/#\/schema\/logo\/image\/","url":"https:\/\/canal7slp.tv\/2023\/wp-content\/uploads\/2021\/01\/logo-noticieros@2x.png","contentUrl":"https:\/\/canal7slp.tv\/2023\/wp-content\/uploads\/2021\/01\/logo-noticieros@2x.png","width":1017,"height":268,"caption":"Noticieros Canal 7"},"image":{"@id":"https:\/\/canal7slp.tv\/2023\/#\/schema\/logo\/image\/"},"sameAs":["https:\/\/www.facebook.com\/noticieroscanalsiete","https:\/\/x.com\/NOTICIEROS7","https:\/\/www.instagram.com\/canal7_slp","https:\/\/www.youtube.com\/channel\/UCliiYs-gP3JfJeqdPrNdd5A"]},{"@type":"Person","@id":"https:\/\/canal7slp.tv\/2023\/#\/schema\/person\/639c424e3584069003b11ae813915da6","name":"Edici\u00f3n Web","image":{"@type":"ImageObject","inLanguage":"es","@id":"https:\/\/secure.gravatar.com\/avatar\/eee448fc3f7164808013b816ba91ac7e43bbe82a70bebac296f8bc6f0addaa1a?s=96&d=mm&r=g","url":"https:\/\/secure.gravatar.com\/avatar\/eee448fc3f7164808013b816ba91ac7e43bbe82a70bebac296f8bc6f0addaa1a?s=96&d=mm&r=g","contentUrl":"https:\/\/secure.gravatar.com\/avatar\/eee448fc3f7164808013b816ba91ac7e43bbe82a70bebac296f8bc6f0addaa1a?s=96&d=mm&r=g","caption":"Edici\u00f3n Web"},"url":"https:\/\/canal7slp.tv\/2023\/author\/edicionweb\/"}]}},"_links":{"self":[{"href":"https:\/\/canal7slp.tv\/2023\/wp-json\/wp\/v2\/posts\/98850","targetHints":{"allow":["GET"]}}],"collection":[{"href":"https:\/\/canal7slp.tv\/2023\/wp-json\/wp\/v2\/posts"}],"about":[{"href":"https:\/\/canal7slp.tv\/2023\/wp-json\/wp\/v2\/types\/post"}],"author":[{"embeddable":true,"href":"https:\/\/canal7slp.tv\/2023\/wp-json\/wp\/v2\/users\/2"}],"replies":[{"embeddable":true,"href":"https:\/\/canal7slp.tv\/2023\/wp-json\/wp\/v2\/comments?post=98850"}],"version-history":[{"count":3,"href":"https:\/\/canal7slp.tv\/2023\/wp-json\/wp\/v2\/posts\/98850\/revisions"}],"predecessor-version":[{"id":98874,"href":"https:\/\/canal7slp.tv\/2023\/wp-json\/wp\/v2\/posts\/98850\/revisions\/98874"}],"wp:featuredmedia":[{"embeddable":true,"href":"https:\/\/canal7slp.tv\/2023\/wp-json\/wp\/v2\/media\/98862"}],"wp:attachment":[{"href":"https:\/\/canal7slp.tv\/2023\/wp-json\/wp\/v2\/media?parent=98850"}],"wp:term":[{"taxonomy":"category","embeddable":true,"href":"https:\/\/canal7slp.tv\/2023\/wp-json\/wp\/v2\/categories?post=98850"},{"taxonomy":"post_tag","embeddable":true,"href":"https:\/\/canal7slp.tv\/2023\/wp-json\/wp\/v2\/tags?post=98850"}],"curies":[{"name":"wp","href":"https:\/\/api.w.org\/{rel}","templated":true}]}}