{"id":98826,"date":"2023-06-19T12:24:08","date_gmt":"2023-06-19T18:24:08","guid":{"rendered":"https:\/\/canal7slp.tv\/2023\/?p=98826"},"modified":"2023-06-19T12:24:08","modified_gmt":"2023-06-19T18:24:08","slug":"senala-coordinador-de-mc-en-matehuala-falta-de-comunicacion-con-la-dirigencia-estatal","status":"publish","type":"post","link":"https:\/\/canal7slp.tv\/2023\/senala-coordinador-de-mc-en-matehuala-falta-de-comunicacion-con-la-dirigencia-estatal\/","title":{"rendered":"Se\u00f1ala Coordinador de MC en Matehuala, falta de comunicaci\u00f3n con la dirigencia estatal"},"content":{"rendered":"<p style=\"text-align: justify;\">Matehuala.-\u00a0En entrevista para Noticieros Canal Siete, el Coordinador Municipal de Movimiento Ciudadano en Matehuala, Jos\u00e9 \u00c1ngel Guti\u00e9rrez \u00c1lvarez, asegur\u00f3 que la falta de comunicaci\u00f3n con la actual dirigencia estatal, ha creado una desuni\u00f3n dentro del partido.<\/p>\n<p style=\"text-align: justify;\">\u00abCreo que en el proceso cuando estuvo Eugenio Govea, s\u00ed hab\u00eda cierta cohesi\u00f3n porque nos manten\u00edamos en comunicaci\u00f3n, pero creo que ahora que la coordinaci\u00f3n estatal est\u00e1 tan mezclada de tantas personas, con sus ideas, con lo que t\u00fa quieras, creo que eso no nos ha permitido tener una cohesi\u00f3n real o decir estos somos los que ya est\u00e1bamos ustedes vienen a agregarse al trabajo, no a decir nosotros llegamos ustedes h\u00e1ganse a un lado\u00bb, dijo.<\/p>\n<p style=\"text-align: justify;\">Para el coordinador municipal, se deben buscar los canales necesarios para comenzar a sumar, \u00abseguir abriendo las puertas para que todos nos integremos en una verdadera cohesi\u00f3n que nos permita enfrentar lo que viene, sino nos van a agarrar con los dedos en la puerta y eso no no nos va a permitir hacer absolutamente nada\u00bb.<\/p>\n<p style=\"text-align: justify;\">Al ser cuestionado sobre si Movimiento Ciudadano se estaba quedando atr\u00e1s con respecto a los otros partidos pol\u00edticos, coment\u00f3 al respecto, \u00abcreo que nos falta el trabajar, el tener la directriz de decir tenemos que hacer esto, pero ya que venga directamente de lo estatal porque de ah\u00ed dependemos para que baje lo municipal, que nos digan as\u00ed no las vamos a jugar para el 2024, es tiempo de definiciones, estamos a medio a\u00f1o para que termine este a\u00f1o y que inicie formalmente en diciembre el movimiento de la campa\u00f1a la Presidencia de la Rep\u00fablica y nosotros no podemos quedarnos del lado como sucedi\u00f3 en el Estado de M\u00e9xico o en Coahuila que al final de cuentas, nos quedamos como espectadores\u00bb.<\/p>\n<p>Por: Jes\u00fas Valencia<\/p>\n","protected":false},"excerpt":{"rendered":"<p>Matehuala.-\u00a0En entrevista para Noticieros Canal Siete, el Coordinador Municipal de Movimiento Ciudadano en Matehuala, Jos\u00e9 \u00c1ngel Guti\u00e9rrez \u00c1lvarez, asegur\u00f3 que la falta de comunicaci\u00f3n con la actual dirigencia estatal, ha creado una desuni\u00f3n dentro del partido. \u00abCreo que en el proceso cuando estuvo Eugenio Govea, s\u00ed hab\u00eda cierta cohesi\u00f3n porque nos manten\u00edamos en comunicaci\u00f3n, pero creo que ahora que la coordinaci\u00f3n estatal est\u00e1 tan mezclada de tantas personas, con sus ideas, con lo que t\u00fa quieras, creo que eso no nos ha permitido tener una cohesi\u00f3n real o decir estos somos los que ya est\u00e1bamos ustedes vienen a agregarse al [&hellip;]<\/p>\n","protected":false},"author":2,"featured_media":98832,"comment_status":"closed","ping_status":"closed","sticky":false,"template":"","format":"video","meta":{"footnotes":""},"categories":[5,43],"tags":[],"class_list":["post-98826","post","type-post","status-publish","format-video","has-post-thumbnail","hentry","category-destacadas","category-interior","post_format-post-format-video","post--single"],"yoast_head":"<!-- This site is optimized with the Yoast SEO plugin v27.4 - https:\/\/yoast.com\/product\/yoast-seo-wordpress\/ -->\n<title>Se\u00f1ala Coordinador de MC en Matehuala, falta de comunicaci\u00f3n con la dirigencia estatal - Canal 7 SLP - 2023<\/title>\n<meta name=\"robots\" content=\"index, follow, max-snippet:-1, max-image-preview:large, max-video-preview:-1\" \/>\n<link rel=\"canonical\" href=\"https:\/\/canal7slp.tv\/2023\/senala-coordinador-de-mc-en-matehuala-falta-de-comunicacion-con-la-dirigencia-estatal\/\" \/>\n<meta property=\"og:locale\" content=\"es_ES\" \/>\n<meta property=\"og:type\" content=\"article\" \/>\n<meta property=\"og:title\" content=\"Se\u00f1ala Coordinador de MC en Matehuala, falta de comunicaci\u00f3n con la dirigencia estatal - Canal 7 SLP - 2023\" \/>\n<meta property=\"og:description\" content=\"Matehuala.-\u00a0En entrevista para Noticieros Canal Siete, el Coordinador Municipal de Movimiento Ciudadano en Matehuala, Jos\u00e9 \u00c1ngel Guti\u00e9rrez \u00c1lvarez, asegur\u00f3 que la falta de comunicaci\u00f3n con la actual dirigencia estatal, ha creado una desuni\u00f3n dentro del partido. \u00abCreo que en el proceso cuando estuvo Eugenio Govea, s\u00ed hab\u00eda cierta cohesi\u00f3n porque nos manten\u00edamos en comunicaci\u00f3n, pero creo que ahora que la coordinaci\u00f3n estatal est\u00e1 tan mezclada de tantas personas, con sus ideas, con lo que t\u00fa quieras, creo que eso no nos ha permitido tener una cohesi\u00f3n real o decir estos somos los que ya est\u00e1bamos ustedes vienen a agregarse al [&hellip;]\" \/>\n<meta property=\"og:url\" content=\"https:\/\/canal7slp.tv\/2023\/senala-coordinador-de-mc-en-matehuala-falta-de-comunicacion-con-la-dirigencia-estatal\/\" \/>\n<meta property=\"og:site_name\" content=\"Canal 7 SLP - 2023\" \/>\n<meta property=\"article:publisher\" content=\"https:\/\/www.facebook.com\/noticieroscanalsiete\" \/>\n<meta property=\"article:published_time\" content=\"2023-06-19T18:24:08+00:00\" \/>\n<meta property=\"og:image\" content=\"https:\/\/canal7slp.tv\/2023\/wp-content\/uploads\/2023\/06\/Valencia02Comunicacion.jpg\" \/>\n\t<meta property=\"og:image:width\" content=\"640\" \/>\n\t<meta property=\"og:image:height\" content=\"368\" \/>\n\t<meta property=\"og:image:type\" content=\"image\/jpeg\" \/>\n<meta name=\"author\" content=\"Edici\u00f3n Web\" \/>\n<meta name=\"twitter:card\" content=\"summary_large_image\" \/>\n<meta name=\"twitter:creator\" content=\"@NOTICIEROS7\" \/>\n<meta name=\"twitter:site\" content=\"@NOTICIEROS7\" \/>\n<meta name=\"twitter:label1\" content=\"Escrito por\" \/>\n\t<meta name=\"twitter:data1\" content=\"Edici\u00f3n Web\" \/>\n\t<meta name=\"twitter:label2\" content=\"Tiempo de lectura\" \/>\n\t<meta name=\"twitter:data2\" content=\"2 minutos\" \/>\n<script type=\"application\/ld+json\" class=\"yoast-schema-graph\">{\"@context\":\"https:\\\/\\\/schema.org\",\"@graph\":[{\"@type\":\"Article\",\"@id\":\"https:\\\/\\\/canal7slp.tv\\\/2023\\\/senala-coordinador-de-mc-en-matehuala-falta-de-comunicacion-con-la-dirigencia-estatal\\\/#article\",\"isPartOf\":{\"@id\":\"https:\\\/\\\/canal7slp.tv\\\/2023\\\/senala-coordinador-de-mc-en-matehuala-falta-de-comunicacion-con-la-dirigencia-estatal\\\/\"},\"author\":{\"name\":\"Edici\u00f3n Web\",\"@id\":\"https:\\\/\\\/canal7slp.tv\\\/2023\\\/#\\\/schema\\\/person\\\/639c424e3584069003b11ae813915da6\"},\"headline\":\"Se\u00f1ala Coordinador de MC en Matehuala, falta de comunicaci\u00f3n con la dirigencia estatal\",\"datePublished\":\"2023-06-19T18:24:08+00:00\",\"mainEntityOfPage\":{\"@id\":\"https:\\\/\\\/canal7slp.tv\\\/2023\\\/senala-coordinador-de-mc-en-matehuala-falta-de-comunicacion-con-la-dirigencia-estatal\\\/\"},\"wordCount\":328,\"publisher\":{\"@id\":\"https:\\\/\\\/canal7slp.tv\\\/2023\\\/#organization\"},\"image\":{\"@id\":\"https:\\\/\\\/canal7slp.tv\\\/2023\\\/senala-coordinador-de-mc-en-matehuala-falta-de-comunicacion-con-la-dirigencia-estatal\\\/#primaryimage\"},\"thumbnailUrl\":\"https:\\\/\\\/canal7slp.tv\\\/2023\\\/wp-content\\\/uploads\\\/2023\\\/06\\\/Valencia02Comunicacion.jpg\",\"articleSection\":[\"DESTACADAS\",\"INTERIOR DEL ESTADO\"],\"inLanguage\":\"es\"},{\"@type\":\"WebPage\",\"@id\":\"https:\\\/\\\/canal7slp.tv\\\/2023\\\/senala-coordinador-de-mc-en-matehuala-falta-de-comunicacion-con-la-dirigencia-estatal\\\/\",\"url\":\"https:\\\/\\\/canal7slp.tv\\\/2023\\\/senala-coordinador-de-mc-en-matehuala-falta-de-comunicacion-con-la-dirigencia-estatal\\\/\",\"name\":\"Se\u00f1ala Coordinador de MC en Matehuala, falta de comunicaci\u00f3n con la dirigencia estatal - Canal 7 SLP - 2023\",\"isPartOf\":{\"@id\":\"https:\\\/\\\/canal7slp.tv\\\/2023\\\/#website\"},\"primaryImageOfPage\":{\"@id\":\"https:\\\/\\\/canal7slp.tv\\\/2023\\\/senala-coordinador-de-mc-en-matehuala-falta-de-comunicacion-con-la-dirigencia-estatal\\\/#primaryimage\"},\"image\":{\"@id\":\"https:\\\/\\\/canal7slp.tv\\\/2023\\\/senala-coordinador-de-mc-en-matehuala-falta-de-comunicacion-con-la-dirigencia-estatal\\\/#primaryimage\"},\"thumbnailUrl\":\"https:\\\/\\\/canal7slp.tv\\\/2023\\\/wp-content\\\/uploads\\\/2023\\\/06\\\/Valencia02Comunicacion.jpg\",\"datePublished\":\"2023-06-19T18:24:08+00:00\",\"breadcrumb\":{\"@id\":\"https:\\\/\\\/canal7slp.tv\\\/2023\\\/senala-coordinador-de-mc-en-matehuala-falta-de-comunicacion-con-la-dirigencia-estatal\\\/#breadcrumb\"},\"inLanguage\":\"es\",\"potentialAction\":[{\"@type\":\"ReadAction\",\"target\":[\"https:\\\/\\\/canal7slp.tv\\\/2023\\\/senala-coordinador-de-mc-en-matehuala-falta-de-comunicacion-con-la-dirigencia-estatal\\\/\"]}]},{\"@type\":\"ImageObject\",\"inLanguage\":\"es\",\"@id\":\"https:\\\/\\\/canal7slp.tv\\\/2023\\\/senala-coordinador-de-mc-en-matehuala-falta-de-comunicacion-con-la-dirigencia-estatal\\\/#primaryimage\",\"url\":\"https:\\\/\\\/canal7slp.tv\\\/2023\\\/wp-content\\\/uploads\\\/2023\\\/06\\\/Valencia02Comunicacion.jpg\",\"contentUrl\":\"https:\\\/\\\/canal7slp.tv\\\/2023\\\/wp-content\\\/uploads\\\/2023\\\/06\\\/Valencia02Comunicacion.jpg\",\"width\":640,\"height\":368},{\"@type\":\"BreadcrumbList\",\"@id\":\"https:\\\/\\\/canal7slp.tv\\\/2023\\\/senala-coordinador-de-mc-en-matehuala-falta-de-comunicacion-con-la-dirigencia-estatal\\\/#breadcrumb\",\"itemListElement\":[{\"@type\":\"ListItem\",\"position\":1,\"name\":\"Portada\",\"item\":\"https:\\\/\\\/canal7slp.tv\\\/2023\\\/\"},{\"@type\":\"ListItem\",\"position\":2,\"name\":\"Se\u00f1ala Coordinador de MC en Matehuala, falta de comunicaci\u00f3n con la dirigencia estatal\"}]},{\"@type\":\"WebSite\",\"@id\":\"https:\\\/\\\/canal7slp.tv\\\/2023\\\/#website\",\"url\":\"https:\\\/\\\/canal7slp.tv\\\/2023\\\/\",\"name\":\"N7 - Noticieros Canal 7\",\"description\":\"Somos Televisi\u00f3n\",\"publisher\":{\"@id\":\"https:\\\/\\\/canal7slp.tv\\\/2023\\\/#organization\"},\"potentialAction\":[{\"@type\":\"SearchAction\",\"target\":{\"@type\":\"EntryPoint\",\"urlTemplate\":\"https:\\\/\\\/canal7slp.tv\\\/2023\\\/?s={search_term_string}\"},\"query-input\":{\"@type\":\"PropertyValueSpecification\",\"valueRequired\":true,\"valueName\":\"search_term_string\"}}],\"inLanguage\":\"es\"},{\"@type\":\"Organization\",\"@id\":\"https:\\\/\\\/canal7slp.tv\\\/2023\\\/#organization\",\"name\":\"Noticieros Canal 7\",\"url\":\"https:\\\/\\\/canal7slp.tv\\\/2023\\\/\",\"logo\":{\"@type\":\"ImageObject\",\"inLanguage\":\"es\",\"@id\":\"https:\\\/\\\/canal7slp.tv\\\/2023\\\/#\\\/schema\\\/logo\\\/image\\\/\",\"url\":\"https:\\\/\\\/canal7slp.tv\\\/2023\\\/wp-content\\\/uploads\\\/2021\\\/01\\\/logo-noticieros@2x.png\",\"contentUrl\":\"https:\\\/\\\/canal7slp.tv\\\/2023\\\/wp-content\\\/uploads\\\/2021\\\/01\\\/logo-noticieros@2x.png\",\"width\":1017,\"height\":268,\"caption\":\"Noticieros Canal 7\"},\"image\":{\"@id\":\"https:\\\/\\\/canal7slp.tv\\\/2023\\\/#\\\/schema\\\/logo\\\/image\\\/\"},\"sameAs\":[\"https:\\\/\\\/www.facebook.com\\\/noticieroscanalsiete\",\"https:\\\/\\\/x.com\\\/NOTICIEROS7\",\"https:\\\/\\\/www.instagram.com\\\/canal7_slp\",\"https:\\\/\\\/www.youtube.com\\\/channel\\\/UCliiYs-gP3JfJeqdPrNdd5A\"]},{\"@type\":\"Person\",\"@id\":\"https:\\\/\\\/canal7slp.tv\\\/2023\\\/#\\\/schema\\\/person\\\/639c424e3584069003b11ae813915da6\",\"name\":\"Edici\u00f3n Web\",\"image\":{\"@type\":\"ImageObject\",\"inLanguage\":\"es\",\"@id\":\"https:\\\/\\\/secure.gravatar.com\\\/avatar\\\/eee448fc3f7164808013b816ba91ac7e43bbe82a70bebac296f8bc6f0addaa1a?s=96&d=mm&r=g\",\"url\":\"https:\\\/\\\/secure.gravatar.com\\\/avatar\\\/eee448fc3f7164808013b816ba91ac7e43bbe82a70bebac296f8bc6f0addaa1a?s=96&d=mm&r=g\",\"contentUrl\":\"https:\\\/\\\/secure.gravatar.com\\\/avatar\\\/eee448fc3f7164808013b816ba91ac7e43bbe82a70bebac296f8bc6f0addaa1a?s=96&d=mm&r=g\",\"caption\":\"Edici\u00f3n Web\"},\"url\":\"https:\\\/\\\/canal7slp.tv\\\/2023\\\/author\\\/edicionweb\\\/\"}]}<\/script>\n<!-- \/ Yoast SEO plugin. -->","yoast_head_json":{"title":"Se\u00f1ala Coordinador de MC en Matehuala, falta de comunicaci\u00f3n con la dirigencia estatal - Canal 7 SLP - 2023","robots":{"index":"index","follow":"follow","max-snippet":"max-snippet:-1","max-image-preview":"max-image-preview:large","max-video-preview":"max-video-preview:-1"},"canonical":"https:\/\/canal7slp.tv\/2023\/senala-coordinador-de-mc-en-matehuala-falta-de-comunicacion-con-la-dirigencia-estatal\/","og_locale":"es_ES","og_type":"article","og_title":"Se\u00f1ala Coordinador de MC en Matehuala, falta de comunicaci\u00f3n con la dirigencia estatal - Canal 7 SLP - 2023","og_description":"Matehuala.-\u00a0En entrevista para Noticieros Canal Siete, el Coordinador Municipal de Movimiento Ciudadano en Matehuala, Jos\u00e9 \u00c1ngel Guti\u00e9rrez \u00c1lvarez, asegur\u00f3 que la falta de comunicaci\u00f3n con la actual dirigencia estatal, ha creado una desuni\u00f3n dentro del partido. \u00abCreo que en el proceso cuando estuvo Eugenio Govea, s\u00ed hab\u00eda cierta cohesi\u00f3n porque nos manten\u00edamos en comunicaci\u00f3n, pero creo que ahora que la coordinaci\u00f3n estatal est\u00e1 tan mezclada de tantas personas, con sus ideas, con lo que t\u00fa quieras, creo que eso no nos ha permitido tener una cohesi\u00f3n real o decir estos somos los que ya est\u00e1bamos ustedes vienen a agregarse al [&hellip;]","og_url":"https:\/\/canal7slp.tv\/2023\/senala-coordinador-de-mc-en-matehuala-falta-de-comunicacion-con-la-dirigencia-estatal\/","og_site_name":"Canal 7 SLP - 2023","article_publisher":"https:\/\/www.facebook.com\/noticieroscanalsiete","article_published_time":"2023-06-19T18:24:08+00:00","og_image":[{"width":640,"height":368,"url":"https:\/\/canal7slp.tv\/2023\/wp-content\/uploads\/2023\/06\/Valencia02Comunicacion.jpg","type":"image\/jpeg"}],"author":"Edici\u00f3n Web","twitter_card":"summary_large_image","twitter_creator":"@NOTICIEROS7","twitter_site":"@NOTICIEROS7","twitter_misc":{"Escrito por":"Edici\u00f3n Web","Tiempo de lectura":"2 minutos"},"schema":{"@context":"https:\/\/schema.org","@graph":[{"@type":"Article","@id":"https:\/\/canal7slp.tv\/2023\/senala-coordinador-de-mc-en-matehuala-falta-de-comunicacion-con-la-dirigencia-estatal\/#article","isPartOf":{"@id":"https:\/\/canal7slp.tv\/2023\/senala-coordinador-de-mc-en-matehuala-falta-de-comunicacion-con-la-dirigencia-estatal\/"},"author":{"name":"Edici\u00f3n Web","@id":"https:\/\/canal7slp.tv\/2023\/#\/schema\/person\/639c424e3584069003b11ae813915da6"},"headline":"Se\u00f1ala Coordinador de MC en Matehuala, falta de comunicaci\u00f3n con la dirigencia estatal","datePublished":"2023-06-19T18:24:08+00:00","mainEntityOfPage":{"@id":"https:\/\/canal7slp.tv\/2023\/senala-coordinador-de-mc-en-matehuala-falta-de-comunicacion-con-la-dirigencia-estatal\/"},"wordCount":328,"publisher":{"@id":"https:\/\/canal7slp.tv\/2023\/#organization"},"image":{"@id":"https:\/\/canal7slp.tv\/2023\/senala-coordinador-de-mc-en-matehuala-falta-de-comunicacion-con-la-dirigencia-estatal\/#primaryimage"},"thumbnailUrl":"https:\/\/canal7slp.tv\/2023\/wp-content\/uploads\/2023\/06\/Valencia02Comunicacion.jpg","articleSection":["DESTACADAS","INTERIOR DEL ESTADO"],"inLanguage":"es"},{"@type":"WebPage","@id":"https:\/\/canal7slp.tv\/2023\/senala-coordinador-de-mc-en-matehuala-falta-de-comunicacion-con-la-dirigencia-estatal\/","url":"https:\/\/canal7slp.tv\/2023\/senala-coordinador-de-mc-en-matehuala-falta-de-comunicacion-con-la-dirigencia-estatal\/","name":"Se\u00f1ala Coordinador de MC en Matehuala, falta de comunicaci\u00f3n con la dirigencia estatal - Canal 7 SLP - 2023","isPartOf":{"@id":"https:\/\/canal7slp.tv\/2023\/#website"},"primaryImageOfPage":{"@id":"https:\/\/canal7slp.tv\/2023\/senala-coordinador-de-mc-en-matehuala-falta-de-comunicacion-con-la-dirigencia-estatal\/#primaryimage"},"image":{"@id":"https:\/\/canal7slp.tv\/2023\/senala-coordinador-de-mc-en-matehuala-falta-de-comunicacion-con-la-dirigencia-estatal\/#primaryimage"},"thumbnailUrl":"https:\/\/canal7slp.tv\/2023\/wp-content\/uploads\/2023\/06\/Valencia02Comunicacion.jpg","datePublished":"2023-06-19T18:24:08+00:00","breadcrumb":{"@id":"https:\/\/canal7slp.tv\/2023\/senala-coordinador-de-mc-en-matehuala-falta-de-comunicacion-con-la-dirigencia-estatal\/#breadcrumb"},"inLanguage":"es","potentialAction":[{"@type":"ReadAction","target":["https:\/\/canal7slp.tv\/2023\/senala-coordinador-de-mc-en-matehuala-falta-de-comunicacion-con-la-dirigencia-estatal\/"]}]},{"@type":"ImageObject","inLanguage":"es","@id":"https:\/\/canal7slp.tv\/2023\/senala-coordinador-de-mc-en-matehuala-falta-de-comunicacion-con-la-dirigencia-estatal\/#primaryimage","url":"https:\/\/canal7slp.tv\/2023\/wp-content\/uploads\/2023\/06\/Valencia02Comunicacion.jpg","contentUrl":"https:\/\/canal7slp.tv\/2023\/wp-content\/uploads\/2023\/06\/Valencia02Comunicacion.jpg","width":640,"height":368},{"@type":"BreadcrumbList","@id":"https:\/\/canal7slp.tv\/2023\/senala-coordinador-de-mc-en-matehuala-falta-de-comunicacion-con-la-dirigencia-estatal\/#breadcrumb","itemListElement":[{"@type":"ListItem","position":1,"name":"Portada","item":"https:\/\/canal7slp.tv\/2023\/"},{"@type":"ListItem","position":2,"name":"Se\u00f1ala Coordinador de MC en Matehuala, falta de comunicaci\u00f3n con la dirigencia estatal"}]},{"@type":"WebSite","@id":"https:\/\/canal7slp.tv\/2023\/#website","url":"https:\/\/canal7slp.tv\/2023\/","name":"N7 - Noticieros Canal 7","description":"Somos Televisi\u00f3n","publisher":{"@id":"https:\/\/canal7slp.tv\/2023\/#organization"},"potentialAction":[{"@type":"SearchAction","target":{"@type":"EntryPoint","urlTemplate":"https:\/\/canal7slp.tv\/2023\/?s={search_term_string}"},"query-input":{"@type":"PropertyValueSpecification","valueRequired":true,"valueName":"search_term_string"}}],"inLanguage":"es"},{"@type":"Organization","@id":"https:\/\/canal7slp.tv\/2023\/#organization","name":"Noticieros Canal 7","url":"https:\/\/canal7slp.tv\/2023\/","logo":{"@type":"ImageObject","inLanguage":"es","@id":"https:\/\/canal7slp.tv\/2023\/#\/schema\/logo\/image\/","url":"https:\/\/canal7slp.tv\/2023\/wp-content\/uploads\/2021\/01\/logo-noticieros@2x.png","contentUrl":"https:\/\/canal7slp.tv\/2023\/wp-content\/uploads\/2021\/01\/logo-noticieros@2x.png","width":1017,"height":268,"caption":"Noticieros Canal 7"},"image":{"@id":"https:\/\/canal7slp.tv\/2023\/#\/schema\/logo\/image\/"},"sameAs":["https:\/\/www.facebook.com\/noticieroscanalsiete","https:\/\/x.com\/NOTICIEROS7","https:\/\/www.instagram.com\/canal7_slp","https:\/\/www.youtube.com\/channel\/UCliiYs-gP3JfJeqdPrNdd5A"]},{"@type":"Person","@id":"https:\/\/canal7slp.tv\/2023\/#\/schema\/person\/639c424e3584069003b11ae813915da6","name":"Edici\u00f3n Web","image":{"@type":"ImageObject","inLanguage":"es","@id":"https:\/\/secure.gravatar.com\/avatar\/eee448fc3f7164808013b816ba91ac7e43bbe82a70bebac296f8bc6f0addaa1a?s=96&d=mm&r=g","url":"https:\/\/secure.gravatar.com\/avatar\/eee448fc3f7164808013b816ba91ac7e43bbe82a70bebac296f8bc6f0addaa1a?s=96&d=mm&r=g","contentUrl":"https:\/\/secure.gravatar.com\/avatar\/eee448fc3f7164808013b816ba91ac7e43bbe82a70bebac296f8bc6f0addaa1a?s=96&d=mm&r=g","caption":"Edici\u00f3n Web"},"url":"https:\/\/canal7slp.tv\/2023\/author\/edicionweb\/"}]}},"_links":{"self":[{"href":"https:\/\/canal7slp.tv\/2023\/wp-json\/wp\/v2\/posts\/98826","targetHints":{"allow":["GET"]}}],"collection":[{"href":"https:\/\/canal7slp.tv\/2023\/wp-json\/wp\/v2\/posts"}],"about":[{"href":"https:\/\/canal7slp.tv\/2023\/wp-json\/wp\/v2\/types\/post"}],"author":[{"embeddable":true,"href":"https:\/\/canal7slp.tv\/2023\/wp-json\/wp\/v2\/users\/2"}],"replies":[{"embeddable":true,"href":"https:\/\/canal7slp.tv\/2023\/wp-json\/wp\/v2\/comments?post=98826"}],"version-history":[{"count":2,"href":"https:\/\/canal7slp.tv\/2023\/wp-json\/wp\/v2\/posts\/98826\/revisions"}],"predecessor-version":[{"id":98833,"href":"https:\/\/canal7slp.tv\/2023\/wp-json\/wp\/v2\/posts\/98826\/revisions\/98833"}],"wp:featuredmedia":[{"embeddable":true,"href":"https:\/\/canal7slp.tv\/2023\/wp-json\/wp\/v2\/media\/98832"}],"wp:attachment":[{"href":"https:\/\/canal7slp.tv\/2023\/wp-json\/wp\/v2\/media?parent=98826"}],"wp:term":[{"taxonomy":"category","embeddable":true,"href":"https:\/\/canal7slp.tv\/2023\/wp-json\/wp\/v2\/categories?post=98826"},{"taxonomy":"post_tag","embeddable":true,"href":"https:\/\/canal7slp.tv\/2023\/wp-json\/wp\/v2\/tags?post=98826"}],"curies":[{"name":"wp","href":"https:\/\/api.w.org\/{rel}","templated":true}]}}