{"id":98825,"date":"2023-06-19T12:18:28","date_gmt":"2023-06-19T18:18:28","guid":{"rendered":"https:\/\/canal7slp.tv\/2023\/?p=98825"},"modified":"2023-06-19T12:18:28","modified_gmt":"2023-06-19T18:18:28","slug":"matehuala-punto-estrategico-de-desarrollo-industrial-jose-luis-fernandez","status":"publish","type":"post","link":"https:\/\/canal7slp.tv\/2023\/matehuala-punto-estrategico-de-desarrollo-industrial-jose-luis-fernandez\/","title":{"rendered":"Matehuala, punto estrat\u00e9gico de desarrollo industrial: Jos\u00e9 Luis Fern\u00e1ndez"},"content":{"rendered":"<p style=\"text-align: justify;\">Matehuala.-\u00a0En entrevista para Noticieros Canal Siete, el diputado local, Jos\u00e9 Luis Fern\u00e1ndez, asegur\u00f3 que mantienen grandes expectativas con respecto al desarrollo econ\u00f3mico del estado potosino.<\/p>\n<p style=\"text-align: justify;\">*En la capital del estado se han anunciado inversiones mucho muy importantes, tambi\u00e9n escuchamos el anuncio de que con la llegada de algunas armadoras tambi\u00e9n muy grandes al Estado de Nuevo Le\u00f3n, Matehuala es un centro estrat\u00e9gico para generar una explosi\u00f3n en materia industrial, nosotros desde el Congreso del Estado, hemos reafirmado y estamos listos para apoyar que estas inversiones puedan aterrizar no solo en la capital, sino en todas las regiones del estado y Matehuala vemos que con su cercan\u00eda con la capital potosina, Coahuila y Nuevo Le\u00f3n, pueden ser un buen foco de desarrollo\u00bb, dijo.<\/p>\n<p style=\"text-align: justify;\">El diputado reafirm\u00f3 que el Congreso deber\u00e1 ser un aliado para las inversiones, \u00ablo que tengamos que hacer nosotros desde el congreso del estado estamos listos para apoyar en materia de bases legales y de decretos necesarios para poder lograr que las inversiones puedan crecer en esta regi\u00f3n\u00bb.<\/p>\n<p style=\"text-align: justify;\">Al final, Jos\u00e9 Luis Fern\u00e1ndez, se mostr\u00f3 optimista ante las pr\u00f3ximas inversiones que pudieran aterrizar en el estado, \u00abpues venimos de mucho atraso, de tiempos que se hizo poco en muchas materias, sobre todo en la de seguridad p\u00fablica pero en atraer inversiones tambi\u00e9n estuvo no muy afortunado en los \u00faltimos a\u00f1os, pero veo con mucho optimismo que el Gobernador del Estado est\u00e1 trabajando de una manera incansable, con un ritmo muy importante y pues el objetivo es ganarle tiempo al tiempo, regresar a San Luis, al estado, al lugar que le corresponde, debe ser el m\u00e1s importante en el centro del pa\u00eds y uno de los m\u00e1s importantes de la Rep\u00fablica\u00bb.<\/p>\n<p>Por: Jes\u00fas Valencia<\/p>\n","protected":false},"excerpt":{"rendered":"<p>Matehuala.-\u00a0En entrevista para Noticieros Canal Siete, el diputado local, Jos\u00e9 Luis Fern\u00e1ndez, asegur\u00f3 que mantienen grandes expectativas con respecto al desarrollo econ\u00f3mico del estado potosino. *En la capital del estado se han anunciado inversiones mucho muy importantes, tambi\u00e9n escuchamos el anuncio de que con la llegada de algunas armadoras tambi\u00e9n muy grandes al Estado de Nuevo Le\u00f3n, Matehuala es un centro estrat\u00e9gico para generar una explosi\u00f3n en materia industrial, nosotros desde el Congreso del Estado, hemos reafirmado y estamos listos para apoyar que estas inversiones puedan aterrizar no solo en la capital, sino en todas las regiones del estado y [&hellip;]<\/p>\n","protected":false},"author":2,"featured_media":98830,"comment_status":"closed","ping_status":"closed","sticky":false,"template":"","format":"video","meta":{"footnotes":""},"categories":[5,43],"tags":[],"class_list":["post-98825","post","type-post","status-publish","format-video","has-post-thumbnail","hentry","category-destacadas","category-interior","post_format-post-format-video","post--single"],"yoast_head":"<!-- This site is optimized with the Yoast SEO plugin v27.4 - https:\/\/yoast.com\/product\/yoast-seo-wordpress\/ -->\n<title>Matehuala, punto estrat\u00e9gico de desarrollo industrial: Jos\u00e9 Luis Fern\u00e1ndez - Canal 7 SLP - 2023<\/title>\n<meta name=\"robots\" content=\"index, follow, max-snippet:-1, max-image-preview:large, max-video-preview:-1\" \/>\n<link rel=\"canonical\" href=\"https:\/\/canal7slp.tv\/2023\/matehuala-punto-estrategico-de-desarrollo-industrial-jose-luis-fernandez\/\" \/>\n<meta property=\"og:locale\" content=\"es_ES\" \/>\n<meta property=\"og:type\" content=\"article\" \/>\n<meta property=\"og:title\" content=\"Matehuala, punto estrat\u00e9gico de desarrollo industrial: Jos\u00e9 Luis Fern\u00e1ndez - Canal 7 SLP - 2023\" \/>\n<meta property=\"og:description\" content=\"Matehuala.-\u00a0En entrevista para Noticieros Canal Siete, el diputado local, Jos\u00e9 Luis Fern\u00e1ndez, asegur\u00f3 que mantienen grandes expectativas con respecto al desarrollo econ\u00f3mico del estado potosino. *En la capital del estado se han anunciado inversiones mucho muy importantes, tambi\u00e9n escuchamos el anuncio de que con la llegada de algunas armadoras tambi\u00e9n muy grandes al Estado de Nuevo Le\u00f3n, Matehuala es un centro estrat\u00e9gico para generar una explosi\u00f3n en materia industrial, nosotros desde el Congreso del Estado, hemos reafirmado y estamos listos para apoyar que estas inversiones puedan aterrizar no solo en la capital, sino en todas las regiones del estado y [&hellip;]\" \/>\n<meta property=\"og:url\" content=\"https:\/\/canal7slp.tv\/2023\/matehuala-punto-estrategico-de-desarrollo-industrial-jose-luis-fernandez\/\" \/>\n<meta property=\"og:site_name\" content=\"Canal 7 SLP - 2023\" \/>\n<meta property=\"article:publisher\" content=\"https:\/\/www.facebook.com\/noticieroscanalsiete\" \/>\n<meta property=\"article:published_time\" content=\"2023-06-19T18:18:28+00:00\" \/>\n<meta property=\"og:image\" content=\"https:\/\/canal7slp.tv\/2023\/wp-content\/uploads\/2023\/06\/Valencia01Matehuala.jpg\" \/>\n\t<meta property=\"og:image:width\" content=\"640\" \/>\n\t<meta property=\"og:image:height\" content=\"368\" \/>\n\t<meta property=\"og:image:type\" content=\"image\/jpeg\" \/>\n<meta name=\"author\" content=\"Edici\u00f3n Web\" \/>\n<meta name=\"twitter:card\" content=\"summary_large_image\" \/>\n<meta name=\"twitter:creator\" content=\"@NOTICIEROS7\" \/>\n<meta name=\"twitter:site\" content=\"@NOTICIEROS7\" \/>\n<meta name=\"twitter:label1\" content=\"Escrito por\" \/>\n\t<meta name=\"twitter:data1\" content=\"Edici\u00f3n Web\" \/>\n\t<meta name=\"twitter:label2\" content=\"Tiempo de lectura\" \/>\n\t<meta name=\"twitter:data2\" content=\"2 minutos\" \/>\n<script type=\"application\/ld+json\" class=\"yoast-schema-graph\">{\"@context\":\"https:\\\/\\\/schema.org\",\"@graph\":[{\"@type\":\"Article\",\"@id\":\"https:\\\/\\\/canal7slp.tv\\\/2023\\\/matehuala-punto-estrategico-de-desarrollo-industrial-jose-luis-fernandez\\\/#article\",\"isPartOf\":{\"@id\":\"https:\\\/\\\/canal7slp.tv\\\/2023\\\/matehuala-punto-estrategico-de-desarrollo-industrial-jose-luis-fernandez\\\/\"},\"author\":{\"name\":\"Edici\u00f3n Web\",\"@id\":\"https:\\\/\\\/canal7slp.tv\\\/2023\\\/#\\\/schema\\\/person\\\/639c424e3584069003b11ae813915da6\"},\"headline\":\"Matehuala, punto estrat\u00e9gico de desarrollo industrial: Jos\u00e9 Luis Fern\u00e1ndez\",\"datePublished\":\"2023-06-19T18:18:28+00:00\",\"mainEntityOfPage\":{\"@id\":\"https:\\\/\\\/canal7slp.tv\\\/2023\\\/matehuala-punto-estrategico-de-desarrollo-industrial-jose-luis-fernandez\\\/\"},\"wordCount\":318,\"publisher\":{\"@id\":\"https:\\\/\\\/canal7slp.tv\\\/2023\\\/#organization\"},\"image\":{\"@id\":\"https:\\\/\\\/canal7slp.tv\\\/2023\\\/matehuala-punto-estrategico-de-desarrollo-industrial-jose-luis-fernandez\\\/#primaryimage\"},\"thumbnailUrl\":\"https:\\\/\\\/canal7slp.tv\\\/2023\\\/wp-content\\\/uploads\\\/2023\\\/06\\\/Valencia01Matehuala.jpg\",\"articleSection\":[\"DESTACADAS\",\"INTERIOR DEL ESTADO\"],\"inLanguage\":\"es\"},{\"@type\":\"WebPage\",\"@id\":\"https:\\\/\\\/canal7slp.tv\\\/2023\\\/matehuala-punto-estrategico-de-desarrollo-industrial-jose-luis-fernandez\\\/\",\"url\":\"https:\\\/\\\/canal7slp.tv\\\/2023\\\/matehuala-punto-estrategico-de-desarrollo-industrial-jose-luis-fernandez\\\/\",\"name\":\"Matehuala, punto estrat\u00e9gico de desarrollo industrial: Jos\u00e9 Luis Fern\u00e1ndez - Canal 7 SLP - 2023\",\"isPartOf\":{\"@id\":\"https:\\\/\\\/canal7slp.tv\\\/2023\\\/#website\"},\"primaryImageOfPage\":{\"@id\":\"https:\\\/\\\/canal7slp.tv\\\/2023\\\/matehuala-punto-estrategico-de-desarrollo-industrial-jose-luis-fernandez\\\/#primaryimage\"},\"image\":{\"@id\":\"https:\\\/\\\/canal7slp.tv\\\/2023\\\/matehuala-punto-estrategico-de-desarrollo-industrial-jose-luis-fernandez\\\/#primaryimage\"},\"thumbnailUrl\":\"https:\\\/\\\/canal7slp.tv\\\/2023\\\/wp-content\\\/uploads\\\/2023\\\/06\\\/Valencia01Matehuala.jpg\",\"datePublished\":\"2023-06-19T18:18:28+00:00\",\"breadcrumb\":{\"@id\":\"https:\\\/\\\/canal7slp.tv\\\/2023\\\/matehuala-punto-estrategico-de-desarrollo-industrial-jose-luis-fernandez\\\/#breadcrumb\"},\"inLanguage\":\"es\",\"potentialAction\":[{\"@type\":\"ReadAction\",\"target\":[\"https:\\\/\\\/canal7slp.tv\\\/2023\\\/matehuala-punto-estrategico-de-desarrollo-industrial-jose-luis-fernandez\\\/\"]}]},{\"@type\":\"ImageObject\",\"inLanguage\":\"es\",\"@id\":\"https:\\\/\\\/canal7slp.tv\\\/2023\\\/matehuala-punto-estrategico-de-desarrollo-industrial-jose-luis-fernandez\\\/#primaryimage\",\"url\":\"https:\\\/\\\/canal7slp.tv\\\/2023\\\/wp-content\\\/uploads\\\/2023\\\/06\\\/Valencia01Matehuala.jpg\",\"contentUrl\":\"https:\\\/\\\/canal7slp.tv\\\/2023\\\/wp-content\\\/uploads\\\/2023\\\/06\\\/Valencia01Matehuala.jpg\",\"width\":640,\"height\":368},{\"@type\":\"BreadcrumbList\",\"@id\":\"https:\\\/\\\/canal7slp.tv\\\/2023\\\/matehuala-punto-estrategico-de-desarrollo-industrial-jose-luis-fernandez\\\/#breadcrumb\",\"itemListElement\":[{\"@type\":\"ListItem\",\"position\":1,\"name\":\"Portada\",\"item\":\"https:\\\/\\\/canal7slp.tv\\\/2023\\\/\"},{\"@type\":\"ListItem\",\"position\":2,\"name\":\"Matehuala, punto estrat\u00e9gico de desarrollo industrial: Jos\u00e9 Luis Fern\u00e1ndez\"}]},{\"@type\":\"WebSite\",\"@id\":\"https:\\\/\\\/canal7slp.tv\\\/2023\\\/#website\",\"url\":\"https:\\\/\\\/canal7slp.tv\\\/2023\\\/\",\"name\":\"N7 - Noticieros Canal 7\",\"description\":\"Somos Televisi\u00f3n\",\"publisher\":{\"@id\":\"https:\\\/\\\/canal7slp.tv\\\/2023\\\/#organization\"},\"potentialAction\":[{\"@type\":\"SearchAction\",\"target\":{\"@type\":\"EntryPoint\",\"urlTemplate\":\"https:\\\/\\\/canal7slp.tv\\\/2023\\\/?s={search_term_string}\"},\"query-input\":{\"@type\":\"PropertyValueSpecification\",\"valueRequired\":true,\"valueName\":\"search_term_string\"}}],\"inLanguage\":\"es\"},{\"@type\":\"Organization\",\"@id\":\"https:\\\/\\\/canal7slp.tv\\\/2023\\\/#organization\",\"name\":\"Noticieros Canal 7\",\"url\":\"https:\\\/\\\/canal7slp.tv\\\/2023\\\/\",\"logo\":{\"@type\":\"ImageObject\",\"inLanguage\":\"es\",\"@id\":\"https:\\\/\\\/canal7slp.tv\\\/2023\\\/#\\\/schema\\\/logo\\\/image\\\/\",\"url\":\"https:\\\/\\\/canal7slp.tv\\\/2023\\\/wp-content\\\/uploads\\\/2021\\\/01\\\/logo-noticieros@2x.png\",\"contentUrl\":\"https:\\\/\\\/canal7slp.tv\\\/2023\\\/wp-content\\\/uploads\\\/2021\\\/01\\\/logo-noticieros@2x.png\",\"width\":1017,\"height\":268,\"caption\":\"Noticieros Canal 7\"},\"image\":{\"@id\":\"https:\\\/\\\/canal7slp.tv\\\/2023\\\/#\\\/schema\\\/logo\\\/image\\\/\"},\"sameAs\":[\"https:\\\/\\\/www.facebook.com\\\/noticieroscanalsiete\",\"https:\\\/\\\/x.com\\\/NOTICIEROS7\",\"https:\\\/\\\/www.instagram.com\\\/canal7_slp\",\"https:\\\/\\\/www.youtube.com\\\/channel\\\/UCliiYs-gP3JfJeqdPrNdd5A\"]},{\"@type\":\"Person\",\"@id\":\"https:\\\/\\\/canal7slp.tv\\\/2023\\\/#\\\/schema\\\/person\\\/639c424e3584069003b11ae813915da6\",\"name\":\"Edici\u00f3n Web\",\"image\":{\"@type\":\"ImageObject\",\"inLanguage\":\"es\",\"@id\":\"https:\\\/\\\/secure.gravatar.com\\\/avatar\\\/eee448fc3f7164808013b816ba91ac7e43bbe82a70bebac296f8bc6f0addaa1a?s=96&d=mm&r=g\",\"url\":\"https:\\\/\\\/secure.gravatar.com\\\/avatar\\\/eee448fc3f7164808013b816ba91ac7e43bbe82a70bebac296f8bc6f0addaa1a?s=96&d=mm&r=g\",\"contentUrl\":\"https:\\\/\\\/secure.gravatar.com\\\/avatar\\\/eee448fc3f7164808013b816ba91ac7e43bbe82a70bebac296f8bc6f0addaa1a?s=96&d=mm&r=g\",\"caption\":\"Edici\u00f3n Web\"},\"url\":\"https:\\\/\\\/canal7slp.tv\\\/2023\\\/author\\\/edicionweb\\\/\"}]}<\/script>\n<!-- \/ Yoast SEO plugin. -->","yoast_head_json":{"title":"Matehuala, punto estrat\u00e9gico de desarrollo industrial: Jos\u00e9 Luis Fern\u00e1ndez - Canal 7 SLP - 2023","robots":{"index":"index","follow":"follow","max-snippet":"max-snippet:-1","max-image-preview":"max-image-preview:large","max-video-preview":"max-video-preview:-1"},"canonical":"https:\/\/canal7slp.tv\/2023\/matehuala-punto-estrategico-de-desarrollo-industrial-jose-luis-fernandez\/","og_locale":"es_ES","og_type":"article","og_title":"Matehuala, punto estrat\u00e9gico de desarrollo industrial: Jos\u00e9 Luis Fern\u00e1ndez - Canal 7 SLP - 2023","og_description":"Matehuala.-\u00a0En entrevista para Noticieros Canal Siete, el diputado local, Jos\u00e9 Luis Fern\u00e1ndez, asegur\u00f3 que mantienen grandes expectativas con respecto al desarrollo econ\u00f3mico del estado potosino. *En la capital del estado se han anunciado inversiones mucho muy importantes, tambi\u00e9n escuchamos el anuncio de que con la llegada de algunas armadoras tambi\u00e9n muy grandes al Estado de Nuevo Le\u00f3n, Matehuala es un centro estrat\u00e9gico para generar una explosi\u00f3n en materia industrial, nosotros desde el Congreso del Estado, hemos reafirmado y estamos listos para apoyar que estas inversiones puedan aterrizar no solo en la capital, sino en todas las regiones del estado y [&hellip;]","og_url":"https:\/\/canal7slp.tv\/2023\/matehuala-punto-estrategico-de-desarrollo-industrial-jose-luis-fernandez\/","og_site_name":"Canal 7 SLP - 2023","article_publisher":"https:\/\/www.facebook.com\/noticieroscanalsiete","article_published_time":"2023-06-19T18:18:28+00:00","og_image":[{"width":640,"height":368,"url":"https:\/\/canal7slp.tv\/2023\/wp-content\/uploads\/2023\/06\/Valencia01Matehuala.jpg","type":"image\/jpeg"}],"author":"Edici\u00f3n Web","twitter_card":"summary_large_image","twitter_creator":"@NOTICIEROS7","twitter_site":"@NOTICIEROS7","twitter_misc":{"Escrito por":"Edici\u00f3n Web","Tiempo de lectura":"2 minutos"},"schema":{"@context":"https:\/\/schema.org","@graph":[{"@type":"Article","@id":"https:\/\/canal7slp.tv\/2023\/matehuala-punto-estrategico-de-desarrollo-industrial-jose-luis-fernandez\/#article","isPartOf":{"@id":"https:\/\/canal7slp.tv\/2023\/matehuala-punto-estrategico-de-desarrollo-industrial-jose-luis-fernandez\/"},"author":{"name":"Edici\u00f3n Web","@id":"https:\/\/canal7slp.tv\/2023\/#\/schema\/person\/639c424e3584069003b11ae813915da6"},"headline":"Matehuala, punto estrat\u00e9gico de desarrollo industrial: Jos\u00e9 Luis Fern\u00e1ndez","datePublished":"2023-06-19T18:18:28+00:00","mainEntityOfPage":{"@id":"https:\/\/canal7slp.tv\/2023\/matehuala-punto-estrategico-de-desarrollo-industrial-jose-luis-fernandez\/"},"wordCount":318,"publisher":{"@id":"https:\/\/canal7slp.tv\/2023\/#organization"},"image":{"@id":"https:\/\/canal7slp.tv\/2023\/matehuala-punto-estrategico-de-desarrollo-industrial-jose-luis-fernandez\/#primaryimage"},"thumbnailUrl":"https:\/\/canal7slp.tv\/2023\/wp-content\/uploads\/2023\/06\/Valencia01Matehuala.jpg","articleSection":["DESTACADAS","INTERIOR DEL ESTADO"],"inLanguage":"es"},{"@type":"WebPage","@id":"https:\/\/canal7slp.tv\/2023\/matehuala-punto-estrategico-de-desarrollo-industrial-jose-luis-fernandez\/","url":"https:\/\/canal7slp.tv\/2023\/matehuala-punto-estrategico-de-desarrollo-industrial-jose-luis-fernandez\/","name":"Matehuala, punto estrat\u00e9gico de desarrollo industrial: Jos\u00e9 Luis Fern\u00e1ndez - Canal 7 SLP - 2023","isPartOf":{"@id":"https:\/\/canal7slp.tv\/2023\/#website"},"primaryImageOfPage":{"@id":"https:\/\/canal7slp.tv\/2023\/matehuala-punto-estrategico-de-desarrollo-industrial-jose-luis-fernandez\/#primaryimage"},"image":{"@id":"https:\/\/canal7slp.tv\/2023\/matehuala-punto-estrategico-de-desarrollo-industrial-jose-luis-fernandez\/#primaryimage"},"thumbnailUrl":"https:\/\/canal7slp.tv\/2023\/wp-content\/uploads\/2023\/06\/Valencia01Matehuala.jpg","datePublished":"2023-06-19T18:18:28+00:00","breadcrumb":{"@id":"https:\/\/canal7slp.tv\/2023\/matehuala-punto-estrategico-de-desarrollo-industrial-jose-luis-fernandez\/#breadcrumb"},"inLanguage":"es","potentialAction":[{"@type":"ReadAction","target":["https:\/\/canal7slp.tv\/2023\/matehuala-punto-estrategico-de-desarrollo-industrial-jose-luis-fernandez\/"]}]},{"@type":"ImageObject","inLanguage":"es","@id":"https:\/\/canal7slp.tv\/2023\/matehuala-punto-estrategico-de-desarrollo-industrial-jose-luis-fernandez\/#primaryimage","url":"https:\/\/canal7slp.tv\/2023\/wp-content\/uploads\/2023\/06\/Valencia01Matehuala.jpg","contentUrl":"https:\/\/canal7slp.tv\/2023\/wp-content\/uploads\/2023\/06\/Valencia01Matehuala.jpg","width":640,"height":368},{"@type":"BreadcrumbList","@id":"https:\/\/canal7slp.tv\/2023\/matehuala-punto-estrategico-de-desarrollo-industrial-jose-luis-fernandez\/#breadcrumb","itemListElement":[{"@type":"ListItem","position":1,"name":"Portada","item":"https:\/\/canal7slp.tv\/2023\/"},{"@type":"ListItem","position":2,"name":"Matehuala, punto estrat\u00e9gico de desarrollo industrial: Jos\u00e9 Luis Fern\u00e1ndez"}]},{"@type":"WebSite","@id":"https:\/\/canal7slp.tv\/2023\/#website","url":"https:\/\/canal7slp.tv\/2023\/","name":"N7 - Noticieros Canal 7","description":"Somos Televisi\u00f3n","publisher":{"@id":"https:\/\/canal7slp.tv\/2023\/#organization"},"potentialAction":[{"@type":"SearchAction","target":{"@type":"EntryPoint","urlTemplate":"https:\/\/canal7slp.tv\/2023\/?s={search_term_string}"},"query-input":{"@type":"PropertyValueSpecification","valueRequired":true,"valueName":"search_term_string"}}],"inLanguage":"es"},{"@type":"Organization","@id":"https:\/\/canal7slp.tv\/2023\/#organization","name":"Noticieros Canal 7","url":"https:\/\/canal7slp.tv\/2023\/","logo":{"@type":"ImageObject","inLanguage":"es","@id":"https:\/\/canal7slp.tv\/2023\/#\/schema\/logo\/image\/","url":"https:\/\/canal7slp.tv\/2023\/wp-content\/uploads\/2021\/01\/logo-noticieros@2x.png","contentUrl":"https:\/\/canal7slp.tv\/2023\/wp-content\/uploads\/2021\/01\/logo-noticieros@2x.png","width":1017,"height":268,"caption":"Noticieros Canal 7"},"image":{"@id":"https:\/\/canal7slp.tv\/2023\/#\/schema\/logo\/image\/"},"sameAs":["https:\/\/www.facebook.com\/noticieroscanalsiete","https:\/\/x.com\/NOTICIEROS7","https:\/\/www.instagram.com\/canal7_slp","https:\/\/www.youtube.com\/channel\/UCliiYs-gP3JfJeqdPrNdd5A"]},{"@type":"Person","@id":"https:\/\/canal7slp.tv\/2023\/#\/schema\/person\/639c424e3584069003b11ae813915da6","name":"Edici\u00f3n Web","image":{"@type":"ImageObject","inLanguage":"es","@id":"https:\/\/secure.gravatar.com\/avatar\/eee448fc3f7164808013b816ba91ac7e43bbe82a70bebac296f8bc6f0addaa1a?s=96&d=mm&r=g","url":"https:\/\/secure.gravatar.com\/avatar\/eee448fc3f7164808013b816ba91ac7e43bbe82a70bebac296f8bc6f0addaa1a?s=96&d=mm&r=g","contentUrl":"https:\/\/secure.gravatar.com\/avatar\/eee448fc3f7164808013b816ba91ac7e43bbe82a70bebac296f8bc6f0addaa1a?s=96&d=mm&r=g","caption":"Edici\u00f3n Web"},"url":"https:\/\/canal7slp.tv\/2023\/author\/edicionweb\/"}]}},"_links":{"self":[{"href":"https:\/\/canal7slp.tv\/2023\/wp-json\/wp\/v2\/posts\/98825","targetHints":{"allow":["GET"]}}],"collection":[{"href":"https:\/\/canal7slp.tv\/2023\/wp-json\/wp\/v2\/posts"}],"about":[{"href":"https:\/\/canal7slp.tv\/2023\/wp-json\/wp\/v2\/types\/post"}],"author":[{"embeddable":true,"href":"https:\/\/canal7slp.tv\/2023\/wp-json\/wp\/v2\/users\/2"}],"replies":[{"embeddable":true,"href":"https:\/\/canal7slp.tv\/2023\/wp-json\/wp\/v2\/comments?post=98825"}],"version-history":[{"count":2,"href":"https:\/\/canal7slp.tv\/2023\/wp-json\/wp\/v2\/posts\/98825\/revisions"}],"predecessor-version":[{"id":98831,"href":"https:\/\/canal7slp.tv\/2023\/wp-json\/wp\/v2\/posts\/98825\/revisions\/98831"}],"wp:featuredmedia":[{"embeddable":true,"href":"https:\/\/canal7slp.tv\/2023\/wp-json\/wp\/v2\/media\/98830"}],"wp:attachment":[{"href":"https:\/\/canal7slp.tv\/2023\/wp-json\/wp\/v2\/media?parent=98825"}],"wp:term":[{"taxonomy":"category","embeddable":true,"href":"https:\/\/canal7slp.tv\/2023\/wp-json\/wp\/v2\/categories?post=98825"},{"taxonomy":"post_tag","embeddable":true,"href":"https:\/\/canal7slp.tv\/2023\/wp-json\/wp\/v2\/tags?post=98825"}],"curies":[{"name":"wp","href":"https:\/\/api.w.org\/{rel}","templated":true}]}}