{"id":98821,"date":"2023-06-19T12:11:23","date_gmt":"2023-06-19T18:11:23","guid":{"rendered":"https:\/\/canal7slp.tv\/2023\/?p=98821"},"modified":"2023-06-19T12:11:23","modified_gmt":"2023-06-19T18:11:23","slug":"miles-marcharon-por-los-derechos-de-la-comunidad-lgbtiq-en-slp-y-para-que-cesen-los-crimenes-de-odio","status":"publish","type":"post","link":"https:\/\/canal7slp.tv\/2023\/miles-marcharon-por-los-derechos-de-la-comunidad-lgbtiq-en-slp-y-para-que-cesen-los-crimenes-de-odio\/","title":{"rendered":"Miles marcharon por los derechos de la comunidad LGBTIQ+ en SLP y para que cesen los cr\u00edmenes de odio"},"content":{"rendered":"<p style=\"text-align: justify;\">SLP.-\u00a0Ser uno mismo, amar abiertamente, acceder a derechos de forma igualitaria y romper prejuicios.<\/p>\n<p style=\"text-align: justify;\">De ello trat\u00f3 la 12a. Marcha de la diversidad y el orgullo LGBTIQ+ realizada en San Luis Potos\u00ed este fin de semana.<\/p>\n<p style=\"text-align: justify;\">Con carros aleg\u00f3ricos, banderas de arcoiris, m\u00fasica y baile se dio cita la comunidad en el parque Morales.<\/p>\n<p style=\"text-align: justify;\">Impresionantes atuendos y pancartas con mensajes ligados a la inclusi\u00f3n se observaron en la movilizaci\u00f3n llena de colores -durante la cual, comerciantes hicieron su agosto, con la distribuci\u00f3n de diademas, coronas, pulseras, playeras y sinf\u00edn de art\u00edculos-.<\/p>\n<p style=\"text-align: justify;\">J\u00f3venes realizaron coreografias y parejas expresaron su amor.<br \/>\nEl contingente avanz\u00f3 por la emblem\u00e1tica avenida Venustiano Carranza.<\/p>\n<p style=\"text-align: justify;\">A\u00f1os y a\u00f1os de lucha contra la discriminaci\u00f3n se plasmaron en el evento que reuni\u00f3 generaciones.<\/p>\n<p style=\"text-align: justify;\">Perfiles que han tenido clara su identidad, se asumen y se han construido; en medio de la batalla en una sociedad heteronormada con la convicci\u00f3n de frenar los cr\u00edmenes de odio.<\/p>\n<p style=\"text-align: justify;\">En el marco de la protesta, se implement\u00f3 un operativo vial y de seguridad.<\/p>\n<p style=\"text-align: justify;\">Quienes integraron el contingente avanzaron con firmeza para seguir abriendo el camino y que la juventud pueda vivir otra realidad; mientras desde las aceras la gente les esperaba con muestras de apoyo, toma de fotos y a la expectativa.<\/p>\n<p style=\"text-align: justify;\">Desde las terrazas y balcones de m\u00faltiples negocios y restaurantes los presentes se volvieron espectadores.<\/p>\n<p style=\"text-align: justify;\">Algunos con banderas y la intenci\u00f3n de sumarse a la pugna por la diversidad.<\/p>\n<p style=\"text-align: justify;\">Miles de personas, un mar de gente se desplaz\u00f3 en la capital potosina e ingres\u00f3 al Centro Hist\u00f3rico para reivindicar los derechos.<\/p>\n<p style=\"text-align: justify;\">Este universo multicolor fue ejemplo de respeto y libertad. Tambi\u00e9n de visibilidad, con la clara se\u00f1al a la autoridad de lo que falta por hacer a trav\u00e9s de pol\u00edticas p\u00fablicas y presupuesto.<\/p>\n<p style=\"text-align: justify;\">El contingente tuvo como punto de cierre la Plaza de los Fundadores, donde se llev\u00f3 a cabo una presentaci\u00f3n y acto oficial; sin que familias enteras dejaran de llegar para unirse a una causa de justicia.<\/p>\n<p style=\"text-align: justify;\">Por: Paulina Rodr\u00edguez<\/p>\n","protected":false},"excerpt":{"rendered":"<p>SLP.-\u00a0Ser uno mismo, amar abiertamente, acceder a derechos de forma igualitaria y romper prejuicios. De ello trat\u00f3 la 12a. Marcha de la diversidad y el orgullo LGBTIQ+ realizada en San Luis Potos\u00ed este fin de semana. Con carros aleg\u00f3ricos, banderas de arcoiris, m\u00fasica y baile se dio cita la comunidad en el parque Morales. Impresionantes atuendos y pancartas con mensajes ligados a la inclusi\u00f3n se observaron en la movilizaci\u00f3n llena de colores -durante la cual, comerciantes hicieron su agosto, con la distribuci\u00f3n de diademas, coronas, pulseras, playeras y sinf\u00edn de art\u00edculos-. J\u00f3venes realizaron coreografias y parejas expresaron su amor. El [&hellip;]<\/p>\n","protected":false},"author":2,"featured_media":98824,"comment_status":"closed","ping_status":"closed","sticky":false,"template":"","format":"video","meta":{"footnotes":""},"categories":[5,45],"tags":[],"class_list":["post-98821","post","type-post","status-publish","format-video","has-post-thumbnail","hentry","category-destacadas","category-localesyregionales","post_format-post-format-video","post--single"],"yoast_head":"<!-- This site is optimized with the Yoast SEO plugin v27.4 - https:\/\/yoast.com\/product\/yoast-seo-wordpress\/ -->\n<title>Miles marcharon por los derechos de la comunidad LGBTIQ+ en SLP y para que cesen los cr\u00edmenes de odio - Canal 7 SLP - 2023<\/title>\n<meta name=\"robots\" content=\"index, follow, max-snippet:-1, max-image-preview:large, max-video-preview:-1\" \/>\n<link rel=\"canonical\" href=\"https:\/\/canal7slp.tv\/2023\/miles-marcharon-por-los-derechos-de-la-comunidad-lgbtiq-en-slp-y-para-que-cesen-los-crimenes-de-odio\/\" \/>\n<meta property=\"og:locale\" content=\"es_ES\" \/>\n<meta property=\"og:type\" content=\"article\" \/>\n<meta property=\"og:title\" content=\"Miles marcharon por los derechos de la comunidad LGBTIQ+ en SLP y para que cesen los cr\u00edmenes de odio - Canal 7 SLP - 2023\" \/>\n<meta property=\"og:description\" content=\"SLP.-\u00a0Ser uno mismo, amar abiertamente, acceder a derechos de forma igualitaria y romper prejuicios. De ello trat\u00f3 la 12a. Marcha de la diversidad y el orgullo LGBTIQ+ realizada en San Luis Potos\u00ed este fin de semana. Con carros aleg\u00f3ricos, banderas de arcoiris, m\u00fasica y baile se dio cita la comunidad en el parque Morales. Impresionantes atuendos y pancartas con mensajes ligados a la inclusi\u00f3n se observaron en la movilizaci\u00f3n llena de colores -durante la cual, comerciantes hicieron su agosto, con la distribuci\u00f3n de diademas, coronas, pulseras, playeras y sinf\u00edn de art\u00edculos-. J\u00f3venes realizaron coreografias y parejas expresaron su amor. El [&hellip;]\" \/>\n<meta property=\"og:url\" content=\"https:\/\/canal7slp.tv\/2023\/miles-marcharon-por-los-derechos-de-la-comunidad-lgbtiq-en-slp-y-para-que-cesen-los-crimenes-de-odio\/\" \/>\n<meta property=\"og:site_name\" content=\"Canal 7 SLP - 2023\" \/>\n<meta property=\"article:publisher\" content=\"https:\/\/www.facebook.com\/noticieroscanalsiete\" \/>\n<meta property=\"article:published_time\" content=\"2023-06-19T18:11:23+00:00\" \/>\n<meta property=\"og:image\" content=\"https:\/\/canal7slp.tv\/2023\/wp-content\/uploads\/2023\/06\/Pau0Marcha.jpg\" \/>\n\t<meta property=\"og:image:width\" content=\"1280\" \/>\n\t<meta property=\"og:image:height\" content=\"720\" \/>\n\t<meta property=\"og:image:type\" content=\"image\/jpeg\" \/>\n<meta name=\"author\" content=\"Edici\u00f3n Web\" \/>\n<meta name=\"twitter:card\" content=\"summary_large_image\" \/>\n<meta name=\"twitter:creator\" content=\"@NOTICIEROS7\" \/>\n<meta name=\"twitter:site\" content=\"@NOTICIEROS7\" \/>\n<meta name=\"twitter:label1\" content=\"Escrito por\" \/>\n\t<meta name=\"twitter:data1\" content=\"Edici\u00f3n Web\" \/>\n\t<meta name=\"twitter:label2\" content=\"Tiempo de lectura\" \/>\n\t<meta name=\"twitter:data2\" content=\"2 minutos\" \/>\n<script type=\"application\/ld+json\" class=\"yoast-schema-graph\">{\"@context\":\"https:\\\/\\\/schema.org\",\"@graph\":[{\"@type\":\"Article\",\"@id\":\"https:\\\/\\\/canal7slp.tv\\\/2023\\\/miles-marcharon-por-los-derechos-de-la-comunidad-lgbtiq-en-slp-y-para-que-cesen-los-crimenes-de-odio\\\/#article\",\"isPartOf\":{\"@id\":\"https:\\\/\\\/canal7slp.tv\\\/2023\\\/miles-marcharon-por-los-derechos-de-la-comunidad-lgbtiq-en-slp-y-para-que-cesen-los-crimenes-de-odio\\\/\"},\"author\":{\"name\":\"Edici\u00f3n Web\",\"@id\":\"https:\\\/\\\/canal7slp.tv\\\/2023\\\/#\\\/schema\\\/person\\\/639c424e3584069003b11ae813915da6\"},\"headline\":\"Miles marcharon por los derechos de la comunidad LGBTIQ+ en SLP y para que cesen los cr\u00edmenes de odio\",\"datePublished\":\"2023-06-19T18:11:23+00:00\",\"mainEntityOfPage\":{\"@id\":\"https:\\\/\\\/canal7slp.tv\\\/2023\\\/miles-marcharon-por-los-derechos-de-la-comunidad-lgbtiq-en-slp-y-para-que-cesen-los-crimenes-de-odio\\\/\"},\"wordCount\":376,\"publisher\":{\"@id\":\"https:\\\/\\\/canal7slp.tv\\\/2023\\\/#organization\"},\"image\":{\"@id\":\"https:\\\/\\\/canal7slp.tv\\\/2023\\\/miles-marcharon-por-los-derechos-de-la-comunidad-lgbtiq-en-slp-y-para-que-cesen-los-crimenes-de-odio\\\/#primaryimage\"},\"thumbnailUrl\":\"https:\\\/\\\/canal7slp.tv\\\/2023\\\/wp-content\\\/uploads\\\/2023\\\/06\\\/Pau0Marcha.jpg\",\"articleSection\":[\"DESTACADAS\",\"LOCALES Y REGIONALES\"],\"inLanguage\":\"es\"},{\"@type\":\"WebPage\",\"@id\":\"https:\\\/\\\/canal7slp.tv\\\/2023\\\/miles-marcharon-por-los-derechos-de-la-comunidad-lgbtiq-en-slp-y-para-que-cesen-los-crimenes-de-odio\\\/\",\"url\":\"https:\\\/\\\/canal7slp.tv\\\/2023\\\/miles-marcharon-por-los-derechos-de-la-comunidad-lgbtiq-en-slp-y-para-que-cesen-los-crimenes-de-odio\\\/\",\"name\":\"Miles marcharon por los derechos de la comunidad LGBTIQ+ en SLP y para que cesen los cr\u00edmenes de odio - Canal 7 SLP - 2023\",\"isPartOf\":{\"@id\":\"https:\\\/\\\/canal7slp.tv\\\/2023\\\/#website\"},\"primaryImageOfPage\":{\"@id\":\"https:\\\/\\\/canal7slp.tv\\\/2023\\\/miles-marcharon-por-los-derechos-de-la-comunidad-lgbtiq-en-slp-y-para-que-cesen-los-crimenes-de-odio\\\/#primaryimage\"},\"image\":{\"@id\":\"https:\\\/\\\/canal7slp.tv\\\/2023\\\/miles-marcharon-por-los-derechos-de-la-comunidad-lgbtiq-en-slp-y-para-que-cesen-los-crimenes-de-odio\\\/#primaryimage\"},\"thumbnailUrl\":\"https:\\\/\\\/canal7slp.tv\\\/2023\\\/wp-content\\\/uploads\\\/2023\\\/06\\\/Pau0Marcha.jpg\",\"datePublished\":\"2023-06-19T18:11:23+00:00\",\"breadcrumb\":{\"@id\":\"https:\\\/\\\/canal7slp.tv\\\/2023\\\/miles-marcharon-por-los-derechos-de-la-comunidad-lgbtiq-en-slp-y-para-que-cesen-los-crimenes-de-odio\\\/#breadcrumb\"},\"inLanguage\":\"es\",\"potentialAction\":[{\"@type\":\"ReadAction\",\"target\":[\"https:\\\/\\\/canal7slp.tv\\\/2023\\\/miles-marcharon-por-los-derechos-de-la-comunidad-lgbtiq-en-slp-y-para-que-cesen-los-crimenes-de-odio\\\/\"]}]},{\"@type\":\"ImageObject\",\"inLanguage\":\"es\",\"@id\":\"https:\\\/\\\/canal7slp.tv\\\/2023\\\/miles-marcharon-por-los-derechos-de-la-comunidad-lgbtiq-en-slp-y-para-que-cesen-los-crimenes-de-odio\\\/#primaryimage\",\"url\":\"https:\\\/\\\/canal7slp.tv\\\/2023\\\/wp-content\\\/uploads\\\/2023\\\/06\\\/Pau0Marcha.jpg\",\"contentUrl\":\"https:\\\/\\\/canal7slp.tv\\\/2023\\\/wp-content\\\/uploads\\\/2023\\\/06\\\/Pau0Marcha.jpg\",\"width\":1280,\"height\":720},{\"@type\":\"BreadcrumbList\",\"@id\":\"https:\\\/\\\/canal7slp.tv\\\/2023\\\/miles-marcharon-por-los-derechos-de-la-comunidad-lgbtiq-en-slp-y-para-que-cesen-los-crimenes-de-odio\\\/#breadcrumb\",\"itemListElement\":[{\"@type\":\"ListItem\",\"position\":1,\"name\":\"Portada\",\"item\":\"https:\\\/\\\/canal7slp.tv\\\/2023\\\/\"},{\"@type\":\"ListItem\",\"position\":2,\"name\":\"Miles marcharon por los derechos de la comunidad LGBTIQ+ en SLP y para que cesen los cr\u00edmenes de odio\"}]},{\"@type\":\"WebSite\",\"@id\":\"https:\\\/\\\/canal7slp.tv\\\/2023\\\/#website\",\"url\":\"https:\\\/\\\/canal7slp.tv\\\/2023\\\/\",\"name\":\"N7 - Noticieros Canal 7\",\"description\":\"Somos Televisi\u00f3n\",\"publisher\":{\"@id\":\"https:\\\/\\\/canal7slp.tv\\\/2023\\\/#organization\"},\"potentialAction\":[{\"@type\":\"SearchAction\",\"target\":{\"@type\":\"EntryPoint\",\"urlTemplate\":\"https:\\\/\\\/canal7slp.tv\\\/2023\\\/?s={search_term_string}\"},\"query-input\":{\"@type\":\"PropertyValueSpecification\",\"valueRequired\":true,\"valueName\":\"search_term_string\"}}],\"inLanguage\":\"es\"},{\"@type\":\"Organization\",\"@id\":\"https:\\\/\\\/canal7slp.tv\\\/2023\\\/#organization\",\"name\":\"Noticieros Canal 7\",\"url\":\"https:\\\/\\\/canal7slp.tv\\\/2023\\\/\",\"logo\":{\"@type\":\"ImageObject\",\"inLanguage\":\"es\",\"@id\":\"https:\\\/\\\/canal7slp.tv\\\/2023\\\/#\\\/schema\\\/logo\\\/image\\\/\",\"url\":\"https:\\\/\\\/canal7slp.tv\\\/2023\\\/wp-content\\\/uploads\\\/2021\\\/01\\\/logo-noticieros@2x.png\",\"contentUrl\":\"https:\\\/\\\/canal7slp.tv\\\/2023\\\/wp-content\\\/uploads\\\/2021\\\/01\\\/logo-noticieros@2x.png\",\"width\":1017,\"height\":268,\"caption\":\"Noticieros Canal 7\"},\"image\":{\"@id\":\"https:\\\/\\\/canal7slp.tv\\\/2023\\\/#\\\/schema\\\/logo\\\/image\\\/\"},\"sameAs\":[\"https:\\\/\\\/www.facebook.com\\\/noticieroscanalsiete\",\"https:\\\/\\\/x.com\\\/NOTICIEROS7\",\"https:\\\/\\\/www.instagram.com\\\/canal7_slp\",\"https:\\\/\\\/www.youtube.com\\\/channel\\\/UCliiYs-gP3JfJeqdPrNdd5A\"]},{\"@type\":\"Person\",\"@id\":\"https:\\\/\\\/canal7slp.tv\\\/2023\\\/#\\\/schema\\\/person\\\/639c424e3584069003b11ae813915da6\",\"name\":\"Edici\u00f3n Web\",\"image\":{\"@type\":\"ImageObject\",\"inLanguage\":\"es\",\"@id\":\"https:\\\/\\\/secure.gravatar.com\\\/avatar\\\/eee448fc3f7164808013b816ba91ac7e43bbe82a70bebac296f8bc6f0addaa1a?s=96&d=mm&r=g\",\"url\":\"https:\\\/\\\/secure.gravatar.com\\\/avatar\\\/eee448fc3f7164808013b816ba91ac7e43bbe82a70bebac296f8bc6f0addaa1a?s=96&d=mm&r=g\",\"contentUrl\":\"https:\\\/\\\/secure.gravatar.com\\\/avatar\\\/eee448fc3f7164808013b816ba91ac7e43bbe82a70bebac296f8bc6f0addaa1a?s=96&d=mm&r=g\",\"caption\":\"Edici\u00f3n Web\"},\"url\":\"https:\\\/\\\/canal7slp.tv\\\/2023\\\/author\\\/edicionweb\\\/\"}]}<\/script>\n<!-- \/ Yoast SEO plugin. -->","yoast_head_json":{"title":"Miles marcharon por los derechos de la comunidad LGBTIQ+ en SLP y para que cesen los cr\u00edmenes de odio - Canal 7 SLP - 2023","robots":{"index":"index","follow":"follow","max-snippet":"max-snippet:-1","max-image-preview":"max-image-preview:large","max-video-preview":"max-video-preview:-1"},"canonical":"https:\/\/canal7slp.tv\/2023\/miles-marcharon-por-los-derechos-de-la-comunidad-lgbtiq-en-slp-y-para-que-cesen-los-crimenes-de-odio\/","og_locale":"es_ES","og_type":"article","og_title":"Miles marcharon por los derechos de la comunidad LGBTIQ+ en SLP y para que cesen los cr\u00edmenes de odio - Canal 7 SLP - 2023","og_description":"SLP.-\u00a0Ser uno mismo, amar abiertamente, acceder a derechos de forma igualitaria y romper prejuicios. De ello trat\u00f3 la 12a. Marcha de la diversidad y el orgullo LGBTIQ+ realizada en San Luis Potos\u00ed este fin de semana. Con carros aleg\u00f3ricos, banderas de arcoiris, m\u00fasica y baile se dio cita la comunidad en el parque Morales. Impresionantes atuendos y pancartas con mensajes ligados a la inclusi\u00f3n se observaron en la movilizaci\u00f3n llena de colores -durante la cual, comerciantes hicieron su agosto, con la distribuci\u00f3n de diademas, coronas, pulseras, playeras y sinf\u00edn de art\u00edculos-. J\u00f3venes realizaron coreografias y parejas expresaron su amor. El [&hellip;]","og_url":"https:\/\/canal7slp.tv\/2023\/miles-marcharon-por-los-derechos-de-la-comunidad-lgbtiq-en-slp-y-para-que-cesen-los-crimenes-de-odio\/","og_site_name":"Canal 7 SLP - 2023","article_publisher":"https:\/\/www.facebook.com\/noticieroscanalsiete","article_published_time":"2023-06-19T18:11:23+00:00","og_image":[{"width":1280,"height":720,"url":"https:\/\/canal7slp.tv\/2023\/wp-content\/uploads\/2023\/06\/Pau0Marcha.jpg","type":"image\/jpeg"}],"author":"Edici\u00f3n Web","twitter_card":"summary_large_image","twitter_creator":"@NOTICIEROS7","twitter_site":"@NOTICIEROS7","twitter_misc":{"Escrito por":"Edici\u00f3n Web","Tiempo de lectura":"2 minutos"},"schema":{"@context":"https:\/\/schema.org","@graph":[{"@type":"Article","@id":"https:\/\/canal7slp.tv\/2023\/miles-marcharon-por-los-derechos-de-la-comunidad-lgbtiq-en-slp-y-para-que-cesen-los-crimenes-de-odio\/#article","isPartOf":{"@id":"https:\/\/canal7slp.tv\/2023\/miles-marcharon-por-los-derechos-de-la-comunidad-lgbtiq-en-slp-y-para-que-cesen-los-crimenes-de-odio\/"},"author":{"name":"Edici\u00f3n Web","@id":"https:\/\/canal7slp.tv\/2023\/#\/schema\/person\/639c424e3584069003b11ae813915da6"},"headline":"Miles marcharon por los derechos de la comunidad LGBTIQ+ en SLP y para que cesen los cr\u00edmenes de odio","datePublished":"2023-06-19T18:11:23+00:00","mainEntityOfPage":{"@id":"https:\/\/canal7slp.tv\/2023\/miles-marcharon-por-los-derechos-de-la-comunidad-lgbtiq-en-slp-y-para-que-cesen-los-crimenes-de-odio\/"},"wordCount":376,"publisher":{"@id":"https:\/\/canal7slp.tv\/2023\/#organization"},"image":{"@id":"https:\/\/canal7slp.tv\/2023\/miles-marcharon-por-los-derechos-de-la-comunidad-lgbtiq-en-slp-y-para-que-cesen-los-crimenes-de-odio\/#primaryimage"},"thumbnailUrl":"https:\/\/canal7slp.tv\/2023\/wp-content\/uploads\/2023\/06\/Pau0Marcha.jpg","articleSection":["DESTACADAS","LOCALES Y REGIONALES"],"inLanguage":"es"},{"@type":"WebPage","@id":"https:\/\/canal7slp.tv\/2023\/miles-marcharon-por-los-derechos-de-la-comunidad-lgbtiq-en-slp-y-para-que-cesen-los-crimenes-de-odio\/","url":"https:\/\/canal7slp.tv\/2023\/miles-marcharon-por-los-derechos-de-la-comunidad-lgbtiq-en-slp-y-para-que-cesen-los-crimenes-de-odio\/","name":"Miles marcharon por los derechos de la comunidad LGBTIQ+ en SLP y para que cesen los cr\u00edmenes de odio - Canal 7 SLP - 2023","isPartOf":{"@id":"https:\/\/canal7slp.tv\/2023\/#website"},"primaryImageOfPage":{"@id":"https:\/\/canal7slp.tv\/2023\/miles-marcharon-por-los-derechos-de-la-comunidad-lgbtiq-en-slp-y-para-que-cesen-los-crimenes-de-odio\/#primaryimage"},"image":{"@id":"https:\/\/canal7slp.tv\/2023\/miles-marcharon-por-los-derechos-de-la-comunidad-lgbtiq-en-slp-y-para-que-cesen-los-crimenes-de-odio\/#primaryimage"},"thumbnailUrl":"https:\/\/canal7slp.tv\/2023\/wp-content\/uploads\/2023\/06\/Pau0Marcha.jpg","datePublished":"2023-06-19T18:11:23+00:00","breadcrumb":{"@id":"https:\/\/canal7slp.tv\/2023\/miles-marcharon-por-los-derechos-de-la-comunidad-lgbtiq-en-slp-y-para-que-cesen-los-crimenes-de-odio\/#breadcrumb"},"inLanguage":"es","potentialAction":[{"@type":"ReadAction","target":["https:\/\/canal7slp.tv\/2023\/miles-marcharon-por-los-derechos-de-la-comunidad-lgbtiq-en-slp-y-para-que-cesen-los-crimenes-de-odio\/"]}]},{"@type":"ImageObject","inLanguage":"es","@id":"https:\/\/canal7slp.tv\/2023\/miles-marcharon-por-los-derechos-de-la-comunidad-lgbtiq-en-slp-y-para-que-cesen-los-crimenes-de-odio\/#primaryimage","url":"https:\/\/canal7slp.tv\/2023\/wp-content\/uploads\/2023\/06\/Pau0Marcha.jpg","contentUrl":"https:\/\/canal7slp.tv\/2023\/wp-content\/uploads\/2023\/06\/Pau0Marcha.jpg","width":1280,"height":720},{"@type":"BreadcrumbList","@id":"https:\/\/canal7slp.tv\/2023\/miles-marcharon-por-los-derechos-de-la-comunidad-lgbtiq-en-slp-y-para-que-cesen-los-crimenes-de-odio\/#breadcrumb","itemListElement":[{"@type":"ListItem","position":1,"name":"Portada","item":"https:\/\/canal7slp.tv\/2023\/"},{"@type":"ListItem","position":2,"name":"Miles marcharon por los derechos de la comunidad LGBTIQ+ en SLP y para que cesen los cr\u00edmenes de odio"}]},{"@type":"WebSite","@id":"https:\/\/canal7slp.tv\/2023\/#website","url":"https:\/\/canal7slp.tv\/2023\/","name":"N7 - Noticieros Canal 7","description":"Somos Televisi\u00f3n","publisher":{"@id":"https:\/\/canal7slp.tv\/2023\/#organization"},"potentialAction":[{"@type":"SearchAction","target":{"@type":"EntryPoint","urlTemplate":"https:\/\/canal7slp.tv\/2023\/?s={search_term_string}"},"query-input":{"@type":"PropertyValueSpecification","valueRequired":true,"valueName":"search_term_string"}}],"inLanguage":"es"},{"@type":"Organization","@id":"https:\/\/canal7slp.tv\/2023\/#organization","name":"Noticieros Canal 7","url":"https:\/\/canal7slp.tv\/2023\/","logo":{"@type":"ImageObject","inLanguage":"es","@id":"https:\/\/canal7slp.tv\/2023\/#\/schema\/logo\/image\/","url":"https:\/\/canal7slp.tv\/2023\/wp-content\/uploads\/2021\/01\/logo-noticieros@2x.png","contentUrl":"https:\/\/canal7slp.tv\/2023\/wp-content\/uploads\/2021\/01\/logo-noticieros@2x.png","width":1017,"height":268,"caption":"Noticieros Canal 7"},"image":{"@id":"https:\/\/canal7slp.tv\/2023\/#\/schema\/logo\/image\/"},"sameAs":["https:\/\/www.facebook.com\/noticieroscanalsiete","https:\/\/x.com\/NOTICIEROS7","https:\/\/www.instagram.com\/canal7_slp","https:\/\/www.youtube.com\/channel\/UCliiYs-gP3JfJeqdPrNdd5A"]},{"@type":"Person","@id":"https:\/\/canal7slp.tv\/2023\/#\/schema\/person\/639c424e3584069003b11ae813915da6","name":"Edici\u00f3n Web","image":{"@type":"ImageObject","inLanguage":"es","@id":"https:\/\/secure.gravatar.com\/avatar\/eee448fc3f7164808013b816ba91ac7e43bbe82a70bebac296f8bc6f0addaa1a?s=96&d=mm&r=g","url":"https:\/\/secure.gravatar.com\/avatar\/eee448fc3f7164808013b816ba91ac7e43bbe82a70bebac296f8bc6f0addaa1a?s=96&d=mm&r=g","contentUrl":"https:\/\/secure.gravatar.com\/avatar\/eee448fc3f7164808013b816ba91ac7e43bbe82a70bebac296f8bc6f0addaa1a?s=96&d=mm&r=g","caption":"Edici\u00f3n Web"},"url":"https:\/\/canal7slp.tv\/2023\/author\/edicionweb\/"}]}},"_links":{"self":[{"href":"https:\/\/canal7slp.tv\/2023\/wp-json\/wp\/v2\/posts\/98821","targetHints":{"allow":["GET"]}}],"collection":[{"href":"https:\/\/canal7slp.tv\/2023\/wp-json\/wp\/v2\/posts"}],"about":[{"href":"https:\/\/canal7slp.tv\/2023\/wp-json\/wp\/v2\/types\/post"}],"author":[{"embeddable":true,"href":"https:\/\/canal7slp.tv\/2023\/wp-json\/wp\/v2\/users\/2"}],"replies":[{"embeddable":true,"href":"https:\/\/canal7slp.tv\/2023\/wp-json\/wp\/v2\/comments?post=98821"}],"version-history":[{"count":1,"href":"https:\/\/canal7slp.tv\/2023\/wp-json\/wp\/v2\/posts\/98821\/revisions"}],"predecessor-version":[{"id":98822,"href":"https:\/\/canal7slp.tv\/2023\/wp-json\/wp\/v2\/posts\/98821\/revisions\/98822"}],"wp:featuredmedia":[{"embeddable":true,"href":"https:\/\/canal7slp.tv\/2023\/wp-json\/wp\/v2\/media\/98824"}],"wp:attachment":[{"href":"https:\/\/canal7slp.tv\/2023\/wp-json\/wp\/v2\/media?parent=98821"}],"wp:term":[{"taxonomy":"category","embeddable":true,"href":"https:\/\/canal7slp.tv\/2023\/wp-json\/wp\/v2\/categories?post=98821"},{"taxonomy":"post_tag","embeddable":true,"href":"https:\/\/canal7slp.tv\/2023\/wp-json\/wp\/v2\/tags?post=98821"}],"curies":[{"name":"wp","href":"https:\/\/api.w.org\/{rel}","templated":true}]}}