{"id":98814,"date":"2023-06-19T09:04:24","date_gmt":"2023-06-19T15:04:24","guid":{"rendered":"https:\/\/canal7slp.tv\/2023\/?p=98814"},"modified":"2023-06-19T09:04:24","modified_gmt":"2023-06-19T15:04:24","slug":"por-obras-cierran-circulacion-en-avenida-san-pedro","status":"publish","type":"post","link":"https:\/\/canal7slp.tv\/2023\/por-obras-cierran-circulacion-en-avenida-san-pedro\/","title":{"rendered":"Por obras, cierran circulaci\u00f3n en Avenida San Pedro"},"content":{"rendered":"<div style=\"text-align: justify;\">SLP.-\u00a0Debido a la realizaci\u00f3n de obras de infraestructura urbana, partir de este lunes 19 de junio de 2023 y durante los pr\u00f3ximos d\u00edas, se llevar\u00e1 a cabo el cierre total en ambos sentidos de la avenida San Pedro, desde la calle San Patricio de la colonia Villas de San Francisco, hasta Perif\u00e9rico Oriente.<\/div>\n<div style=\"text-align: justify;\"><\/div>\n<div style=\"text-align: justify;\">La suspensi\u00f3n del trafico comenz\u00f3 desde las 07:00 horas y su reintegraci\u00f3n vial se dar\u00e1 a conocer en su momento por medios oficiales del Ayuntamiento Soledense.<\/div>\n<div style=\"text-align: justify;\"><\/div>\n<div style=\"text-align: justify;\">En el lugar se contar\u00e1 con oficiales de tr\u00e1nsito en carretera Matehuala, avenida Libertad y avenida Valent\u00edn Amador, con el objetivo de facilitar la circulaci\u00f3n vial del lugar.<\/div>\n","protected":false},"excerpt":{"rendered":"<p>SLP.-\u00a0Debido a la realizaci\u00f3n de obras de infraestructura urbana, partir de este lunes 19 de junio de 2023 y durante los pr\u00f3ximos d\u00edas, se llevar\u00e1 a cabo el cierre total en ambos sentidos de la avenida San Pedro, desde la calle San Patricio de la colonia Villas de San Francisco, hasta Perif\u00e9rico Oriente. La suspensi\u00f3n del trafico comenz\u00f3 desde las 07:00 horas y su reintegraci\u00f3n vial se dar\u00e1 a conocer en su momento por medios oficiales del Ayuntamiento Soledense. En el lugar se contar\u00e1 con oficiales de tr\u00e1nsito en carretera Matehuala, avenida Libertad y avenida Valent\u00edn Amador, con el objetivo [&hellip;]<\/p>\n","protected":false},"author":2,"featured_media":98815,"comment_status":"closed","ping_status":"closed","sticky":false,"template":"","format":"standard","meta":{"footnotes":""},"categories":[45],"tags":[],"class_list":["post-98814","post","type-post","status-publish","format-standard","has-post-thumbnail","hentry","category-localesyregionales","post--single"],"yoast_head":"<!-- This site is optimized with the Yoast SEO plugin v27.4 - https:\/\/yoast.com\/product\/yoast-seo-wordpress\/ -->\n<title>Por obras, cierran circulaci\u00f3n en Avenida San Pedro - Canal 7 SLP - 2023<\/title>\n<meta name=\"robots\" content=\"index, follow, max-snippet:-1, max-image-preview:large, max-video-preview:-1\" \/>\n<link rel=\"canonical\" href=\"https:\/\/canal7slp.tv\/2023\/por-obras-cierran-circulacion-en-avenida-san-pedro\/\" \/>\n<meta property=\"og:locale\" content=\"es_ES\" \/>\n<meta property=\"og:type\" content=\"article\" \/>\n<meta property=\"og:title\" content=\"Por obras, cierran circulaci\u00f3n en Avenida San Pedro - Canal 7 SLP - 2023\" \/>\n<meta property=\"og:description\" content=\"SLP.-\u00a0Debido a la realizaci\u00f3n de obras de infraestructura urbana, partir de este lunes 19 de junio de 2023 y durante los pr\u00f3ximos d\u00edas, se llevar\u00e1 a cabo el cierre total en ambos sentidos de la avenida San Pedro, desde la calle San Patricio de la colonia Villas de San Francisco, hasta Perif\u00e9rico Oriente. La suspensi\u00f3n del trafico comenz\u00f3 desde las 07:00 horas y su reintegraci\u00f3n vial se dar\u00e1 a conocer en su momento por medios oficiales del Ayuntamiento Soledense. En el lugar se contar\u00e1 con oficiales de tr\u00e1nsito en carretera Matehuala, avenida Libertad y avenida Valent\u00edn Amador, con el objetivo [&hellip;]\" \/>\n<meta property=\"og:url\" content=\"https:\/\/canal7slp.tv\/2023\/por-obras-cierran-circulacion-en-avenida-san-pedro\/\" \/>\n<meta property=\"og:site_name\" content=\"Canal 7 SLP - 2023\" \/>\n<meta property=\"article:publisher\" content=\"https:\/\/www.facebook.com\/noticieroscanalsiete\" \/>\n<meta property=\"article:published_time\" content=\"2023-06-19T15:04:24+00:00\" \/>\n<meta property=\"og:image\" content=\"https:\/\/canal7slp.tv\/2023\/wp-content\/uploads\/2023\/06\/Vialidad01.jpg\" \/>\n\t<meta property=\"og:image:width\" content=\"1280\" \/>\n\t<meta property=\"og:image:height\" content=\"462\" \/>\n\t<meta property=\"og:image:type\" content=\"image\/jpeg\" \/>\n<meta name=\"author\" content=\"Edici\u00f3n Web\" \/>\n<meta name=\"twitter:card\" content=\"summary_large_image\" \/>\n<meta name=\"twitter:creator\" content=\"@NOTICIEROS7\" \/>\n<meta name=\"twitter:site\" content=\"@NOTICIEROS7\" \/>\n<meta name=\"twitter:label1\" content=\"Escrito por\" \/>\n\t<meta name=\"twitter:data1\" content=\"Edici\u00f3n Web\" \/>\n\t<meta name=\"twitter:label2\" content=\"Tiempo de lectura\" \/>\n\t<meta name=\"twitter:data2\" content=\"1 minuto\" \/>\n<script type=\"application\/ld+json\" class=\"yoast-schema-graph\">{\"@context\":\"https:\\\/\\\/schema.org\",\"@graph\":[{\"@type\":\"Article\",\"@id\":\"https:\\\/\\\/canal7slp.tv\\\/2023\\\/por-obras-cierran-circulacion-en-avenida-san-pedro\\\/#article\",\"isPartOf\":{\"@id\":\"https:\\\/\\\/canal7slp.tv\\\/2023\\\/por-obras-cierran-circulacion-en-avenida-san-pedro\\\/\"},\"author\":{\"name\":\"Edici\u00f3n Web\",\"@id\":\"https:\\\/\\\/canal7slp.tv\\\/2023\\\/#\\\/schema\\\/person\\\/639c424e3584069003b11ae813915da6\"},\"headline\":\"Por obras, cierran circulaci\u00f3n en Avenida San Pedro\",\"datePublished\":\"2023-06-19T15:04:24+00:00\",\"mainEntityOfPage\":{\"@id\":\"https:\\\/\\\/canal7slp.tv\\\/2023\\\/por-obras-cierran-circulacion-en-avenida-san-pedro\\\/\"},\"wordCount\":124,\"publisher\":{\"@id\":\"https:\\\/\\\/canal7slp.tv\\\/2023\\\/#organization\"},\"image\":{\"@id\":\"https:\\\/\\\/canal7slp.tv\\\/2023\\\/por-obras-cierran-circulacion-en-avenida-san-pedro\\\/#primaryimage\"},\"thumbnailUrl\":\"https:\\\/\\\/canal7slp.tv\\\/2023\\\/wp-content\\\/uploads\\\/2023\\\/06\\\/Vialidad01.jpg\",\"articleSection\":[\"LOCALES Y REGIONALES\"],\"inLanguage\":\"es\"},{\"@type\":\"WebPage\",\"@id\":\"https:\\\/\\\/canal7slp.tv\\\/2023\\\/por-obras-cierran-circulacion-en-avenida-san-pedro\\\/\",\"url\":\"https:\\\/\\\/canal7slp.tv\\\/2023\\\/por-obras-cierran-circulacion-en-avenida-san-pedro\\\/\",\"name\":\"Por obras, cierran circulaci\u00f3n en Avenida San Pedro - Canal 7 SLP - 2023\",\"isPartOf\":{\"@id\":\"https:\\\/\\\/canal7slp.tv\\\/2023\\\/#website\"},\"primaryImageOfPage\":{\"@id\":\"https:\\\/\\\/canal7slp.tv\\\/2023\\\/por-obras-cierran-circulacion-en-avenida-san-pedro\\\/#primaryimage\"},\"image\":{\"@id\":\"https:\\\/\\\/canal7slp.tv\\\/2023\\\/por-obras-cierran-circulacion-en-avenida-san-pedro\\\/#primaryimage\"},\"thumbnailUrl\":\"https:\\\/\\\/canal7slp.tv\\\/2023\\\/wp-content\\\/uploads\\\/2023\\\/06\\\/Vialidad01.jpg\",\"datePublished\":\"2023-06-19T15:04:24+00:00\",\"breadcrumb\":{\"@id\":\"https:\\\/\\\/canal7slp.tv\\\/2023\\\/por-obras-cierran-circulacion-en-avenida-san-pedro\\\/#breadcrumb\"},\"inLanguage\":\"es\",\"potentialAction\":[{\"@type\":\"ReadAction\",\"target\":[\"https:\\\/\\\/canal7slp.tv\\\/2023\\\/por-obras-cierran-circulacion-en-avenida-san-pedro\\\/\"]}]},{\"@type\":\"ImageObject\",\"inLanguage\":\"es\",\"@id\":\"https:\\\/\\\/canal7slp.tv\\\/2023\\\/por-obras-cierran-circulacion-en-avenida-san-pedro\\\/#primaryimage\",\"url\":\"https:\\\/\\\/canal7slp.tv\\\/2023\\\/wp-content\\\/uploads\\\/2023\\\/06\\\/Vialidad01.jpg\",\"contentUrl\":\"https:\\\/\\\/canal7slp.tv\\\/2023\\\/wp-content\\\/uploads\\\/2023\\\/06\\\/Vialidad01.jpg\",\"width\":1280,\"height\":462},{\"@type\":\"BreadcrumbList\",\"@id\":\"https:\\\/\\\/canal7slp.tv\\\/2023\\\/por-obras-cierran-circulacion-en-avenida-san-pedro\\\/#breadcrumb\",\"itemListElement\":[{\"@type\":\"ListItem\",\"position\":1,\"name\":\"Portada\",\"item\":\"https:\\\/\\\/canal7slp.tv\\\/2023\\\/\"},{\"@type\":\"ListItem\",\"position\":2,\"name\":\"Por obras, cierran circulaci\u00f3n en Avenida San Pedro\"}]},{\"@type\":\"WebSite\",\"@id\":\"https:\\\/\\\/canal7slp.tv\\\/2023\\\/#website\",\"url\":\"https:\\\/\\\/canal7slp.tv\\\/2023\\\/\",\"name\":\"N7 - Noticieros Canal 7\",\"description\":\"Somos Televisi\u00f3n\",\"publisher\":{\"@id\":\"https:\\\/\\\/canal7slp.tv\\\/2023\\\/#organization\"},\"potentialAction\":[{\"@type\":\"SearchAction\",\"target\":{\"@type\":\"EntryPoint\",\"urlTemplate\":\"https:\\\/\\\/canal7slp.tv\\\/2023\\\/?s={search_term_string}\"},\"query-input\":{\"@type\":\"PropertyValueSpecification\",\"valueRequired\":true,\"valueName\":\"search_term_string\"}}],\"inLanguage\":\"es\"},{\"@type\":\"Organization\",\"@id\":\"https:\\\/\\\/canal7slp.tv\\\/2023\\\/#organization\",\"name\":\"Noticieros Canal 7\",\"url\":\"https:\\\/\\\/canal7slp.tv\\\/2023\\\/\",\"logo\":{\"@type\":\"ImageObject\",\"inLanguage\":\"es\",\"@id\":\"https:\\\/\\\/canal7slp.tv\\\/2023\\\/#\\\/schema\\\/logo\\\/image\\\/\",\"url\":\"https:\\\/\\\/canal7slp.tv\\\/2023\\\/wp-content\\\/uploads\\\/2021\\\/01\\\/logo-noticieros@2x.png\",\"contentUrl\":\"https:\\\/\\\/canal7slp.tv\\\/2023\\\/wp-content\\\/uploads\\\/2021\\\/01\\\/logo-noticieros@2x.png\",\"width\":1017,\"height\":268,\"caption\":\"Noticieros Canal 7\"},\"image\":{\"@id\":\"https:\\\/\\\/canal7slp.tv\\\/2023\\\/#\\\/schema\\\/logo\\\/image\\\/\"},\"sameAs\":[\"https:\\\/\\\/www.facebook.com\\\/noticieroscanalsiete\",\"https:\\\/\\\/x.com\\\/NOTICIEROS7\",\"https:\\\/\\\/www.instagram.com\\\/canal7_slp\",\"https:\\\/\\\/www.youtube.com\\\/channel\\\/UCliiYs-gP3JfJeqdPrNdd5A\"]},{\"@type\":\"Person\",\"@id\":\"https:\\\/\\\/canal7slp.tv\\\/2023\\\/#\\\/schema\\\/person\\\/639c424e3584069003b11ae813915da6\",\"name\":\"Edici\u00f3n Web\",\"image\":{\"@type\":\"ImageObject\",\"inLanguage\":\"es\",\"@id\":\"https:\\\/\\\/secure.gravatar.com\\\/avatar\\\/eee448fc3f7164808013b816ba91ac7e43bbe82a70bebac296f8bc6f0addaa1a?s=96&d=mm&r=g\",\"url\":\"https:\\\/\\\/secure.gravatar.com\\\/avatar\\\/eee448fc3f7164808013b816ba91ac7e43bbe82a70bebac296f8bc6f0addaa1a?s=96&d=mm&r=g\",\"contentUrl\":\"https:\\\/\\\/secure.gravatar.com\\\/avatar\\\/eee448fc3f7164808013b816ba91ac7e43bbe82a70bebac296f8bc6f0addaa1a?s=96&d=mm&r=g\",\"caption\":\"Edici\u00f3n Web\"},\"url\":\"https:\\\/\\\/canal7slp.tv\\\/2023\\\/author\\\/edicionweb\\\/\"}]}<\/script>\n<!-- \/ Yoast SEO plugin. -->","yoast_head_json":{"title":"Por obras, cierran circulaci\u00f3n en Avenida San Pedro - Canal 7 SLP - 2023","robots":{"index":"index","follow":"follow","max-snippet":"max-snippet:-1","max-image-preview":"max-image-preview:large","max-video-preview":"max-video-preview:-1"},"canonical":"https:\/\/canal7slp.tv\/2023\/por-obras-cierran-circulacion-en-avenida-san-pedro\/","og_locale":"es_ES","og_type":"article","og_title":"Por obras, cierran circulaci\u00f3n en Avenida San Pedro - Canal 7 SLP - 2023","og_description":"SLP.-\u00a0Debido a la realizaci\u00f3n de obras de infraestructura urbana, partir de este lunes 19 de junio de 2023 y durante los pr\u00f3ximos d\u00edas, se llevar\u00e1 a cabo el cierre total en ambos sentidos de la avenida San Pedro, desde la calle San Patricio de la colonia Villas de San Francisco, hasta Perif\u00e9rico Oriente. La suspensi\u00f3n del trafico comenz\u00f3 desde las 07:00 horas y su reintegraci\u00f3n vial se dar\u00e1 a conocer en su momento por medios oficiales del Ayuntamiento Soledense. En el lugar se contar\u00e1 con oficiales de tr\u00e1nsito en carretera Matehuala, avenida Libertad y avenida Valent\u00edn Amador, con el objetivo [&hellip;]","og_url":"https:\/\/canal7slp.tv\/2023\/por-obras-cierran-circulacion-en-avenida-san-pedro\/","og_site_name":"Canal 7 SLP - 2023","article_publisher":"https:\/\/www.facebook.com\/noticieroscanalsiete","article_published_time":"2023-06-19T15:04:24+00:00","og_image":[{"width":1280,"height":462,"url":"https:\/\/canal7slp.tv\/2023\/wp-content\/uploads\/2023\/06\/Vialidad01.jpg","type":"image\/jpeg"}],"author":"Edici\u00f3n Web","twitter_card":"summary_large_image","twitter_creator":"@NOTICIEROS7","twitter_site":"@NOTICIEROS7","twitter_misc":{"Escrito por":"Edici\u00f3n Web","Tiempo de lectura":"1 minuto"},"schema":{"@context":"https:\/\/schema.org","@graph":[{"@type":"Article","@id":"https:\/\/canal7slp.tv\/2023\/por-obras-cierran-circulacion-en-avenida-san-pedro\/#article","isPartOf":{"@id":"https:\/\/canal7slp.tv\/2023\/por-obras-cierran-circulacion-en-avenida-san-pedro\/"},"author":{"name":"Edici\u00f3n Web","@id":"https:\/\/canal7slp.tv\/2023\/#\/schema\/person\/639c424e3584069003b11ae813915da6"},"headline":"Por obras, cierran circulaci\u00f3n en Avenida San Pedro","datePublished":"2023-06-19T15:04:24+00:00","mainEntityOfPage":{"@id":"https:\/\/canal7slp.tv\/2023\/por-obras-cierran-circulacion-en-avenida-san-pedro\/"},"wordCount":124,"publisher":{"@id":"https:\/\/canal7slp.tv\/2023\/#organization"},"image":{"@id":"https:\/\/canal7slp.tv\/2023\/por-obras-cierran-circulacion-en-avenida-san-pedro\/#primaryimage"},"thumbnailUrl":"https:\/\/canal7slp.tv\/2023\/wp-content\/uploads\/2023\/06\/Vialidad01.jpg","articleSection":["LOCALES Y REGIONALES"],"inLanguage":"es"},{"@type":"WebPage","@id":"https:\/\/canal7slp.tv\/2023\/por-obras-cierran-circulacion-en-avenida-san-pedro\/","url":"https:\/\/canal7slp.tv\/2023\/por-obras-cierran-circulacion-en-avenida-san-pedro\/","name":"Por obras, cierran circulaci\u00f3n en Avenida San Pedro - Canal 7 SLP - 2023","isPartOf":{"@id":"https:\/\/canal7slp.tv\/2023\/#website"},"primaryImageOfPage":{"@id":"https:\/\/canal7slp.tv\/2023\/por-obras-cierran-circulacion-en-avenida-san-pedro\/#primaryimage"},"image":{"@id":"https:\/\/canal7slp.tv\/2023\/por-obras-cierran-circulacion-en-avenida-san-pedro\/#primaryimage"},"thumbnailUrl":"https:\/\/canal7slp.tv\/2023\/wp-content\/uploads\/2023\/06\/Vialidad01.jpg","datePublished":"2023-06-19T15:04:24+00:00","breadcrumb":{"@id":"https:\/\/canal7slp.tv\/2023\/por-obras-cierran-circulacion-en-avenida-san-pedro\/#breadcrumb"},"inLanguage":"es","potentialAction":[{"@type":"ReadAction","target":["https:\/\/canal7slp.tv\/2023\/por-obras-cierran-circulacion-en-avenida-san-pedro\/"]}]},{"@type":"ImageObject","inLanguage":"es","@id":"https:\/\/canal7slp.tv\/2023\/por-obras-cierran-circulacion-en-avenida-san-pedro\/#primaryimage","url":"https:\/\/canal7slp.tv\/2023\/wp-content\/uploads\/2023\/06\/Vialidad01.jpg","contentUrl":"https:\/\/canal7slp.tv\/2023\/wp-content\/uploads\/2023\/06\/Vialidad01.jpg","width":1280,"height":462},{"@type":"BreadcrumbList","@id":"https:\/\/canal7slp.tv\/2023\/por-obras-cierran-circulacion-en-avenida-san-pedro\/#breadcrumb","itemListElement":[{"@type":"ListItem","position":1,"name":"Portada","item":"https:\/\/canal7slp.tv\/2023\/"},{"@type":"ListItem","position":2,"name":"Por obras, cierran circulaci\u00f3n en Avenida San Pedro"}]},{"@type":"WebSite","@id":"https:\/\/canal7slp.tv\/2023\/#website","url":"https:\/\/canal7slp.tv\/2023\/","name":"N7 - Noticieros Canal 7","description":"Somos Televisi\u00f3n","publisher":{"@id":"https:\/\/canal7slp.tv\/2023\/#organization"},"potentialAction":[{"@type":"SearchAction","target":{"@type":"EntryPoint","urlTemplate":"https:\/\/canal7slp.tv\/2023\/?s={search_term_string}"},"query-input":{"@type":"PropertyValueSpecification","valueRequired":true,"valueName":"search_term_string"}}],"inLanguage":"es"},{"@type":"Organization","@id":"https:\/\/canal7slp.tv\/2023\/#organization","name":"Noticieros Canal 7","url":"https:\/\/canal7slp.tv\/2023\/","logo":{"@type":"ImageObject","inLanguage":"es","@id":"https:\/\/canal7slp.tv\/2023\/#\/schema\/logo\/image\/","url":"https:\/\/canal7slp.tv\/2023\/wp-content\/uploads\/2021\/01\/logo-noticieros@2x.png","contentUrl":"https:\/\/canal7slp.tv\/2023\/wp-content\/uploads\/2021\/01\/logo-noticieros@2x.png","width":1017,"height":268,"caption":"Noticieros Canal 7"},"image":{"@id":"https:\/\/canal7slp.tv\/2023\/#\/schema\/logo\/image\/"},"sameAs":["https:\/\/www.facebook.com\/noticieroscanalsiete","https:\/\/x.com\/NOTICIEROS7","https:\/\/www.instagram.com\/canal7_slp","https:\/\/www.youtube.com\/channel\/UCliiYs-gP3JfJeqdPrNdd5A"]},{"@type":"Person","@id":"https:\/\/canal7slp.tv\/2023\/#\/schema\/person\/639c424e3584069003b11ae813915da6","name":"Edici\u00f3n Web","image":{"@type":"ImageObject","inLanguage":"es","@id":"https:\/\/secure.gravatar.com\/avatar\/eee448fc3f7164808013b816ba91ac7e43bbe82a70bebac296f8bc6f0addaa1a?s=96&d=mm&r=g","url":"https:\/\/secure.gravatar.com\/avatar\/eee448fc3f7164808013b816ba91ac7e43bbe82a70bebac296f8bc6f0addaa1a?s=96&d=mm&r=g","contentUrl":"https:\/\/secure.gravatar.com\/avatar\/eee448fc3f7164808013b816ba91ac7e43bbe82a70bebac296f8bc6f0addaa1a?s=96&d=mm&r=g","caption":"Edici\u00f3n Web"},"url":"https:\/\/canal7slp.tv\/2023\/author\/edicionweb\/"}]}},"_links":{"self":[{"href":"https:\/\/canal7slp.tv\/2023\/wp-json\/wp\/v2\/posts\/98814","targetHints":{"allow":["GET"]}}],"collection":[{"href":"https:\/\/canal7slp.tv\/2023\/wp-json\/wp\/v2\/posts"}],"about":[{"href":"https:\/\/canal7slp.tv\/2023\/wp-json\/wp\/v2\/types\/post"}],"author":[{"embeddable":true,"href":"https:\/\/canal7slp.tv\/2023\/wp-json\/wp\/v2\/users\/2"}],"replies":[{"embeddable":true,"href":"https:\/\/canal7slp.tv\/2023\/wp-json\/wp\/v2\/comments?post=98814"}],"version-history":[{"count":1,"href":"https:\/\/canal7slp.tv\/2023\/wp-json\/wp\/v2\/posts\/98814\/revisions"}],"predecessor-version":[{"id":98816,"href":"https:\/\/canal7slp.tv\/2023\/wp-json\/wp\/v2\/posts\/98814\/revisions\/98816"}],"wp:featuredmedia":[{"embeddable":true,"href":"https:\/\/canal7slp.tv\/2023\/wp-json\/wp\/v2\/media\/98815"}],"wp:attachment":[{"href":"https:\/\/canal7slp.tv\/2023\/wp-json\/wp\/v2\/media?parent=98814"}],"wp:term":[{"taxonomy":"category","embeddable":true,"href":"https:\/\/canal7slp.tv\/2023\/wp-json\/wp\/v2\/categories?post=98814"},{"taxonomy":"post_tag","embeddable":true,"href":"https:\/\/canal7slp.tv\/2023\/wp-json\/wp\/v2\/tags?post=98814"}],"curies":[{"name":"wp","href":"https:\/\/api.w.org\/{rel}","templated":true}]}}