{"id":98405,"date":"2023-06-14T19:02:12","date_gmt":"2023-06-15T01:02:12","guid":{"rendered":"https:\/\/canal7slp.tv\/2023\/?p=98405"},"modified":"2023-06-14T19:02:12","modified_gmt":"2023-06-15T01:02:12","slug":"pide-iglesia-catolica-en-slp-orar-para-que-llueva","status":"publish","type":"post","link":"https:\/\/canal7slp.tv\/2023\/pide-iglesia-catolica-en-slp-orar-para-que-llueva\/","title":{"rendered":"Pide Iglesia Cat\u00f3lica en SLP orar para que llueva"},"content":{"rendered":"<p style=\"text-align: justify;\"><span style=\"font-size: 1.21429rem;\">SLP.- Al hacer un exhorto a la feligres\u00eda para hacer oraci\u00f3n por la lluvia el vocero de la Arquidi\u00f3cesis de San Luis Potos\u00ed Tom\u00e1s Cruz Perales, coment\u00f3 que debido a las altas temperaturas se acord\u00f3 reducir las actividades en algunos templos y oficinas parroquiales para evitar riesgos en la salud, como por ejemplo, golpes de calor.<\/span><\/p>\n<p style=\"text-align: justify;\">En este contexto, el vocero de la Iglesia Potosina dijo estar de acuerdo en una posible modificaci\u00f3n de horarios en las escuelas tambi\u00e9n con el mismo prop\u00f3sito: el de evitar que los estudiantes no se expongan a un posible riesgo que perjudique su salud.<\/p>\n<p style=\"text-align: justify;\">Asimismo, Cruz Perales hizo un llamado a hacer un uso responsable del agua y por ning\u00fan motivo desperdiciarla en tiempo de crisis h\u00eddrica.<\/p>\n<p style=\"text-align: justify;\">En otro tema, el vocero del Arzobispado Potosino se pronunci\u00f3 a favor de las medidas contenidas en la nueva Ley de Deudores Alimentarios, entre ellas, no ocupar cargos p\u00fablicos, al decir que ello obliga a una paternidad responsable.<\/p>\n<p style=\"text-align: justify;\">Por: Claudio Ibarra<\/p>\n","protected":false},"excerpt":{"rendered":"<p>SLP.- Al hacer un exhorto a la feligres\u00eda para hacer oraci\u00f3n por la lluvia el vocero de la Arquidi\u00f3cesis de San Luis Potos\u00ed Tom\u00e1s Cruz Perales, coment\u00f3 que debido a las altas temperaturas se acord\u00f3 reducir las actividades en algunos templos y oficinas parroquiales para evitar riesgos en la salud, como por ejemplo, golpes de calor. En este contexto, el vocero de la Iglesia Potosina dijo estar de acuerdo en una posible modificaci\u00f3n de horarios en las escuelas tambi\u00e9n con el mismo prop\u00f3sito: el de evitar que los estudiantes no se expongan a un posible riesgo que perjudique su salud. [&hellip;]<\/p>\n","protected":false},"author":2,"featured_media":98416,"comment_status":"closed","ping_status":"closed","sticky":false,"template":"","format":"video","meta":{"footnotes":""},"categories":[5,45],"tags":[],"class_list":["post-98405","post","type-post","status-publish","format-video","has-post-thumbnail","hentry","category-destacadas","category-localesyregionales","post_format-post-format-video","post--single"],"yoast_head":"<!-- This site is optimized with the Yoast SEO plugin v27.4 - https:\/\/yoast.com\/product\/yoast-seo-wordpress\/ -->\n<title>Pide Iglesia Cat\u00f3lica en SLP orar para que llueva - Canal 7 SLP - 2023<\/title>\n<meta name=\"robots\" content=\"index, follow, max-snippet:-1, max-image-preview:large, max-video-preview:-1\" \/>\n<link rel=\"canonical\" href=\"https:\/\/canal7slp.tv\/2023\/pide-iglesia-catolica-en-slp-orar-para-que-llueva\/\" \/>\n<meta property=\"og:locale\" content=\"es_ES\" \/>\n<meta property=\"og:type\" content=\"article\" \/>\n<meta property=\"og:title\" content=\"Pide Iglesia Cat\u00f3lica en SLP orar para que llueva - Canal 7 SLP - 2023\" \/>\n<meta property=\"og:description\" content=\"SLP.- Al hacer un exhorto a la feligres\u00eda para hacer oraci\u00f3n por la lluvia el vocero de la Arquidi\u00f3cesis de San Luis Potos\u00ed Tom\u00e1s Cruz Perales, coment\u00f3 que debido a las altas temperaturas se acord\u00f3 reducir las actividades en algunos templos y oficinas parroquiales para evitar riesgos en la salud, como por ejemplo, golpes de calor. En este contexto, el vocero de la Iglesia Potosina dijo estar de acuerdo en una posible modificaci\u00f3n de horarios en las escuelas tambi\u00e9n con el mismo prop\u00f3sito: el de evitar que los estudiantes no se expongan a un posible riesgo que perjudique su salud. [&hellip;]\" \/>\n<meta property=\"og:url\" content=\"https:\/\/canal7slp.tv\/2023\/pide-iglesia-catolica-en-slp-orar-para-que-llueva\/\" \/>\n<meta property=\"og:site_name\" content=\"Canal 7 SLP - 2023\" \/>\n<meta property=\"article:publisher\" content=\"https:\/\/www.facebook.com\/noticieroscanalsiete\" \/>\n<meta property=\"article:published_time\" content=\"2023-06-15T01:02:12+00:00\" \/>\n<meta property=\"og:image\" content=\"https:\/\/canal7slp.tv\/2023\/wp-content\/uploads\/2023\/06\/Claudio0TomasCruz.jpg\" \/>\n\t<meta property=\"og:image:width\" content=\"1280\" \/>\n\t<meta property=\"og:image:height\" content=\"720\" \/>\n\t<meta property=\"og:image:type\" content=\"image\/jpeg\" \/>\n<meta name=\"author\" content=\"Edici\u00f3n Web\" \/>\n<meta name=\"twitter:card\" content=\"summary_large_image\" \/>\n<meta name=\"twitter:creator\" content=\"@NOTICIEROS7\" \/>\n<meta name=\"twitter:site\" content=\"@NOTICIEROS7\" \/>\n<meta name=\"twitter:label1\" content=\"Escrito por\" \/>\n\t<meta name=\"twitter:data1\" content=\"Edici\u00f3n Web\" \/>\n\t<meta name=\"twitter:label2\" content=\"Tiempo de lectura\" \/>\n\t<meta name=\"twitter:data2\" content=\"1 minuto\" \/>\n<script type=\"application\/ld+json\" class=\"yoast-schema-graph\">{\"@context\":\"https:\\\/\\\/schema.org\",\"@graph\":[{\"@type\":\"Article\",\"@id\":\"https:\\\/\\\/canal7slp.tv\\\/2023\\\/pide-iglesia-catolica-en-slp-orar-para-que-llueva\\\/#article\",\"isPartOf\":{\"@id\":\"https:\\\/\\\/canal7slp.tv\\\/2023\\\/pide-iglesia-catolica-en-slp-orar-para-que-llueva\\\/\"},\"author\":{\"name\":\"Edici\u00f3n Web\",\"@id\":\"https:\\\/\\\/canal7slp.tv\\\/2023\\\/#\\\/schema\\\/person\\\/639c424e3584069003b11ae813915da6\"},\"headline\":\"Pide Iglesia Cat\u00f3lica en SLP orar para que llueva\",\"datePublished\":\"2023-06-15T01:02:12+00:00\",\"mainEntityOfPage\":{\"@id\":\"https:\\\/\\\/canal7slp.tv\\\/2023\\\/pide-iglesia-catolica-en-slp-orar-para-que-llueva\\\/\"},\"wordCount\":185,\"publisher\":{\"@id\":\"https:\\\/\\\/canal7slp.tv\\\/2023\\\/#organization\"},\"image\":{\"@id\":\"https:\\\/\\\/canal7slp.tv\\\/2023\\\/pide-iglesia-catolica-en-slp-orar-para-que-llueva\\\/#primaryimage\"},\"thumbnailUrl\":\"https:\\\/\\\/canal7slp.tv\\\/2023\\\/wp-content\\\/uploads\\\/2023\\\/06\\\/Claudio0TomasCruz.jpg\",\"articleSection\":[\"DESTACADAS\",\"LOCALES Y REGIONALES\"],\"inLanguage\":\"es\"},{\"@type\":\"WebPage\",\"@id\":\"https:\\\/\\\/canal7slp.tv\\\/2023\\\/pide-iglesia-catolica-en-slp-orar-para-que-llueva\\\/\",\"url\":\"https:\\\/\\\/canal7slp.tv\\\/2023\\\/pide-iglesia-catolica-en-slp-orar-para-que-llueva\\\/\",\"name\":\"Pide Iglesia Cat\u00f3lica en SLP orar para que llueva - Canal 7 SLP - 2023\",\"isPartOf\":{\"@id\":\"https:\\\/\\\/canal7slp.tv\\\/2023\\\/#website\"},\"primaryImageOfPage\":{\"@id\":\"https:\\\/\\\/canal7slp.tv\\\/2023\\\/pide-iglesia-catolica-en-slp-orar-para-que-llueva\\\/#primaryimage\"},\"image\":{\"@id\":\"https:\\\/\\\/canal7slp.tv\\\/2023\\\/pide-iglesia-catolica-en-slp-orar-para-que-llueva\\\/#primaryimage\"},\"thumbnailUrl\":\"https:\\\/\\\/canal7slp.tv\\\/2023\\\/wp-content\\\/uploads\\\/2023\\\/06\\\/Claudio0TomasCruz.jpg\",\"datePublished\":\"2023-06-15T01:02:12+00:00\",\"breadcrumb\":{\"@id\":\"https:\\\/\\\/canal7slp.tv\\\/2023\\\/pide-iglesia-catolica-en-slp-orar-para-que-llueva\\\/#breadcrumb\"},\"inLanguage\":\"es\",\"potentialAction\":[{\"@type\":\"ReadAction\",\"target\":[\"https:\\\/\\\/canal7slp.tv\\\/2023\\\/pide-iglesia-catolica-en-slp-orar-para-que-llueva\\\/\"]}]},{\"@type\":\"ImageObject\",\"inLanguage\":\"es\",\"@id\":\"https:\\\/\\\/canal7slp.tv\\\/2023\\\/pide-iglesia-catolica-en-slp-orar-para-que-llueva\\\/#primaryimage\",\"url\":\"https:\\\/\\\/canal7slp.tv\\\/2023\\\/wp-content\\\/uploads\\\/2023\\\/06\\\/Claudio0TomasCruz.jpg\",\"contentUrl\":\"https:\\\/\\\/canal7slp.tv\\\/2023\\\/wp-content\\\/uploads\\\/2023\\\/06\\\/Claudio0TomasCruz.jpg\",\"width\":1280,\"height\":720},{\"@type\":\"BreadcrumbList\",\"@id\":\"https:\\\/\\\/canal7slp.tv\\\/2023\\\/pide-iglesia-catolica-en-slp-orar-para-que-llueva\\\/#breadcrumb\",\"itemListElement\":[{\"@type\":\"ListItem\",\"position\":1,\"name\":\"Portada\",\"item\":\"https:\\\/\\\/canal7slp.tv\\\/2023\\\/\"},{\"@type\":\"ListItem\",\"position\":2,\"name\":\"Pide Iglesia Cat\u00f3lica en SLP orar para que llueva\"}]},{\"@type\":\"WebSite\",\"@id\":\"https:\\\/\\\/canal7slp.tv\\\/2023\\\/#website\",\"url\":\"https:\\\/\\\/canal7slp.tv\\\/2023\\\/\",\"name\":\"N7 - Noticieros Canal 7\",\"description\":\"Somos Televisi\u00f3n\",\"publisher\":{\"@id\":\"https:\\\/\\\/canal7slp.tv\\\/2023\\\/#organization\"},\"potentialAction\":[{\"@type\":\"SearchAction\",\"target\":{\"@type\":\"EntryPoint\",\"urlTemplate\":\"https:\\\/\\\/canal7slp.tv\\\/2023\\\/?s={search_term_string}\"},\"query-input\":{\"@type\":\"PropertyValueSpecification\",\"valueRequired\":true,\"valueName\":\"search_term_string\"}}],\"inLanguage\":\"es\"},{\"@type\":\"Organization\",\"@id\":\"https:\\\/\\\/canal7slp.tv\\\/2023\\\/#organization\",\"name\":\"Noticieros Canal 7\",\"url\":\"https:\\\/\\\/canal7slp.tv\\\/2023\\\/\",\"logo\":{\"@type\":\"ImageObject\",\"inLanguage\":\"es\",\"@id\":\"https:\\\/\\\/canal7slp.tv\\\/2023\\\/#\\\/schema\\\/logo\\\/image\\\/\",\"url\":\"https:\\\/\\\/canal7slp.tv\\\/2023\\\/wp-content\\\/uploads\\\/2021\\\/01\\\/logo-noticieros@2x.png\",\"contentUrl\":\"https:\\\/\\\/canal7slp.tv\\\/2023\\\/wp-content\\\/uploads\\\/2021\\\/01\\\/logo-noticieros@2x.png\",\"width\":1017,\"height\":268,\"caption\":\"Noticieros Canal 7\"},\"image\":{\"@id\":\"https:\\\/\\\/canal7slp.tv\\\/2023\\\/#\\\/schema\\\/logo\\\/image\\\/\"},\"sameAs\":[\"https:\\\/\\\/www.facebook.com\\\/noticieroscanalsiete\",\"https:\\\/\\\/x.com\\\/NOTICIEROS7\",\"https:\\\/\\\/www.instagram.com\\\/canal7_slp\",\"https:\\\/\\\/www.youtube.com\\\/channel\\\/UCliiYs-gP3JfJeqdPrNdd5A\"]},{\"@type\":\"Person\",\"@id\":\"https:\\\/\\\/canal7slp.tv\\\/2023\\\/#\\\/schema\\\/person\\\/639c424e3584069003b11ae813915da6\",\"name\":\"Edici\u00f3n Web\",\"image\":{\"@type\":\"ImageObject\",\"inLanguage\":\"es\",\"@id\":\"https:\\\/\\\/secure.gravatar.com\\\/avatar\\\/eee448fc3f7164808013b816ba91ac7e43bbe82a70bebac296f8bc6f0addaa1a?s=96&d=mm&r=g\",\"url\":\"https:\\\/\\\/secure.gravatar.com\\\/avatar\\\/eee448fc3f7164808013b816ba91ac7e43bbe82a70bebac296f8bc6f0addaa1a?s=96&d=mm&r=g\",\"contentUrl\":\"https:\\\/\\\/secure.gravatar.com\\\/avatar\\\/eee448fc3f7164808013b816ba91ac7e43bbe82a70bebac296f8bc6f0addaa1a?s=96&d=mm&r=g\",\"caption\":\"Edici\u00f3n Web\"},\"url\":\"https:\\\/\\\/canal7slp.tv\\\/2023\\\/author\\\/edicionweb\\\/\"}]}<\/script>\n<!-- \/ Yoast SEO plugin. -->","yoast_head_json":{"title":"Pide Iglesia Cat\u00f3lica en SLP orar para que llueva - Canal 7 SLP - 2023","robots":{"index":"index","follow":"follow","max-snippet":"max-snippet:-1","max-image-preview":"max-image-preview:large","max-video-preview":"max-video-preview:-1"},"canonical":"https:\/\/canal7slp.tv\/2023\/pide-iglesia-catolica-en-slp-orar-para-que-llueva\/","og_locale":"es_ES","og_type":"article","og_title":"Pide Iglesia Cat\u00f3lica en SLP orar para que llueva - Canal 7 SLP - 2023","og_description":"SLP.- Al hacer un exhorto a la feligres\u00eda para hacer oraci\u00f3n por la lluvia el vocero de la Arquidi\u00f3cesis de San Luis Potos\u00ed Tom\u00e1s Cruz Perales, coment\u00f3 que debido a las altas temperaturas se acord\u00f3 reducir las actividades en algunos templos y oficinas parroquiales para evitar riesgos en la salud, como por ejemplo, golpes de calor. En este contexto, el vocero de la Iglesia Potosina dijo estar de acuerdo en una posible modificaci\u00f3n de horarios en las escuelas tambi\u00e9n con el mismo prop\u00f3sito: el de evitar que los estudiantes no se expongan a un posible riesgo que perjudique su salud. [&hellip;]","og_url":"https:\/\/canal7slp.tv\/2023\/pide-iglesia-catolica-en-slp-orar-para-que-llueva\/","og_site_name":"Canal 7 SLP - 2023","article_publisher":"https:\/\/www.facebook.com\/noticieroscanalsiete","article_published_time":"2023-06-15T01:02:12+00:00","og_image":[{"width":1280,"height":720,"url":"https:\/\/canal7slp.tv\/2023\/wp-content\/uploads\/2023\/06\/Claudio0TomasCruz.jpg","type":"image\/jpeg"}],"author":"Edici\u00f3n Web","twitter_card":"summary_large_image","twitter_creator":"@NOTICIEROS7","twitter_site":"@NOTICIEROS7","twitter_misc":{"Escrito por":"Edici\u00f3n Web","Tiempo de lectura":"1 minuto"},"schema":{"@context":"https:\/\/schema.org","@graph":[{"@type":"Article","@id":"https:\/\/canal7slp.tv\/2023\/pide-iglesia-catolica-en-slp-orar-para-que-llueva\/#article","isPartOf":{"@id":"https:\/\/canal7slp.tv\/2023\/pide-iglesia-catolica-en-slp-orar-para-que-llueva\/"},"author":{"name":"Edici\u00f3n Web","@id":"https:\/\/canal7slp.tv\/2023\/#\/schema\/person\/639c424e3584069003b11ae813915da6"},"headline":"Pide Iglesia Cat\u00f3lica en SLP orar para que llueva","datePublished":"2023-06-15T01:02:12+00:00","mainEntityOfPage":{"@id":"https:\/\/canal7slp.tv\/2023\/pide-iglesia-catolica-en-slp-orar-para-que-llueva\/"},"wordCount":185,"publisher":{"@id":"https:\/\/canal7slp.tv\/2023\/#organization"},"image":{"@id":"https:\/\/canal7slp.tv\/2023\/pide-iglesia-catolica-en-slp-orar-para-que-llueva\/#primaryimage"},"thumbnailUrl":"https:\/\/canal7slp.tv\/2023\/wp-content\/uploads\/2023\/06\/Claudio0TomasCruz.jpg","articleSection":["DESTACADAS","LOCALES Y REGIONALES"],"inLanguage":"es"},{"@type":"WebPage","@id":"https:\/\/canal7slp.tv\/2023\/pide-iglesia-catolica-en-slp-orar-para-que-llueva\/","url":"https:\/\/canal7slp.tv\/2023\/pide-iglesia-catolica-en-slp-orar-para-que-llueva\/","name":"Pide Iglesia Cat\u00f3lica en SLP orar para que llueva - Canal 7 SLP - 2023","isPartOf":{"@id":"https:\/\/canal7slp.tv\/2023\/#website"},"primaryImageOfPage":{"@id":"https:\/\/canal7slp.tv\/2023\/pide-iglesia-catolica-en-slp-orar-para-que-llueva\/#primaryimage"},"image":{"@id":"https:\/\/canal7slp.tv\/2023\/pide-iglesia-catolica-en-slp-orar-para-que-llueva\/#primaryimage"},"thumbnailUrl":"https:\/\/canal7slp.tv\/2023\/wp-content\/uploads\/2023\/06\/Claudio0TomasCruz.jpg","datePublished":"2023-06-15T01:02:12+00:00","breadcrumb":{"@id":"https:\/\/canal7slp.tv\/2023\/pide-iglesia-catolica-en-slp-orar-para-que-llueva\/#breadcrumb"},"inLanguage":"es","potentialAction":[{"@type":"ReadAction","target":["https:\/\/canal7slp.tv\/2023\/pide-iglesia-catolica-en-slp-orar-para-que-llueva\/"]}]},{"@type":"ImageObject","inLanguage":"es","@id":"https:\/\/canal7slp.tv\/2023\/pide-iglesia-catolica-en-slp-orar-para-que-llueva\/#primaryimage","url":"https:\/\/canal7slp.tv\/2023\/wp-content\/uploads\/2023\/06\/Claudio0TomasCruz.jpg","contentUrl":"https:\/\/canal7slp.tv\/2023\/wp-content\/uploads\/2023\/06\/Claudio0TomasCruz.jpg","width":1280,"height":720},{"@type":"BreadcrumbList","@id":"https:\/\/canal7slp.tv\/2023\/pide-iglesia-catolica-en-slp-orar-para-que-llueva\/#breadcrumb","itemListElement":[{"@type":"ListItem","position":1,"name":"Portada","item":"https:\/\/canal7slp.tv\/2023\/"},{"@type":"ListItem","position":2,"name":"Pide Iglesia Cat\u00f3lica en SLP orar para que llueva"}]},{"@type":"WebSite","@id":"https:\/\/canal7slp.tv\/2023\/#website","url":"https:\/\/canal7slp.tv\/2023\/","name":"N7 - Noticieros Canal 7","description":"Somos Televisi\u00f3n","publisher":{"@id":"https:\/\/canal7slp.tv\/2023\/#organization"},"potentialAction":[{"@type":"SearchAction","target":{"@type":"EntryPoint","urlTemplate":"https:\/\/canal7slp.tv\/2023\/?s={search_term_string}"},"query-input":{"@type":"PropertyValueSpecification","valueRequired":true,"valueName":"search_term_string"}}],"inLanguage":"es"},{"@type":"Organization","@id":"https:\/\/canal7slp.tv\/2023\/#organization","name":"Noticieros Canal 7","url":"https:\/\/canal7slp.tv\/2023\/","logo":{"@type":"ImageObject","inLanguage":"es","@id":"https:\/\/canal7slp.tv\/2023\/#\/schema\/logo\/image\/","url":"https:\/\/canal7slp.tv\/2023\/wp-content\/uploads\/2021\/01\/logo-noticieros@2x.png","contentUrl":"https:\/\/canal7slp.tv\/2023\/wp-content\/uploads\/2021\/01\/logo-noticieros@2x.png","width":1017,"height":268,"caption":"Noticieros Canal 7"},"image":{"@id":"https:\/\/canal7slp.tv\/2023\/#\/schema\/logo\/image\/"},"sameAs":["https:\/\/www.facebook.com\/noticieroscanalsiete","https:\/\/x.com\/NOTICIEROS7","https:\/\/www.instagram.com\/canal7_slp","https:\/\/www.youtube.com\/channel\/UCliiYs-gP3JfJeqdPrNdd5A"]},{"@type":"Person","@id":"https:\/\/canal7slp.tv\/2023\/#\/schema\/person\/639c424e3584069003b11ae813915da6","name":"Edici\u00f3n Web","image":{"@type":"ImageObject","inLanguage":"es","@id":"https:\/\/secure.gravatar.com\/avatar\/eee448fc3f7164808013b816ba91ac7e43bbe82a70bebac296f8bc6f0addaa1a?s=96&d=mm&r=g","url":"https:\/\/secure.gravatar.com\/avatar\/eee448fc3f7164808013b816ba91ac7e43bbe82a70bebac296f8bc6f0addaa1a?s=96&d=mm&r=g","contentUrl":"https:\/\/secure.gravatar.com\/avatar\/eee448fc3f7164808013b816ba91ac7e43bbe82a70bebac296f8bc6f0addaa1a?s=96&d=mm&r=g","caption":"Edici\u00f3n Web"},"url":"https:\/\/canal7slp.tv\/2023\/author\/edicionweb\/"}]}},"_links":{"self":[{"href":"https:\/\/canal7slp.tv\/2023\/wp-json\/wp\/v2\/posts\/98405","targetHints":{"allow":["GET"]}}],"collection":[{"href":"https:\/\/canal7slp.tv\/2023\/wp-json\/wp\/v2\/posts"}],"about":[{"href":"https:\/\/canal7slp.tv\/2023\/wp-json\/wp\/v2\/types\/post"}],"author":[{"embeddable":true,"href":"https:\/\/canal7slp.tv\/2023\/wp-json\/wp\/v2\/users\/2"}],"replies":[{"embeddable":true,"href":"https:\/\/canal7slp.tv\/2023\/wp-json\/wp\/v2\/comments?post=98405"}],"version-history":[{"count":2,"href":"https:\/\/canal7slp.tv\/2023\/wp-json\/wp\/v2\/posts\/98405\/revisions"}],"predecessor-version":[{"id":98444,"href":"https:\/\/canal7slp.tv\/2023\/wp-json\/wp\/v2\/posts\/98405\/revisions\/98444"}],"wp:featuredmedia":[{"embeddable":true,"href":"https:\/\/canal7slp.tv\/2023\/wp-json\/wp\/v2\/media\/98416"}],"wp:attachment":[{"href":"https:\/\/canal7slp.tv\/2023\/wp-json\/wp\/v2\/media?parent=98405"}],"wp:term":[{"taxonomy":"category","embeddable":true,"href":"https:\/\/canal7slp.tv\/2023\/wp-json\/wp\/v2\/categories?post=98405"},{"taxonomy":"post_tag","embeddable":true,"href":"https:\/\/canal7slp.tv\/2023\/wp-json\/wp\/v2\/tags?post=98405"}],"curies":[{"name":"wp","href":"https:\/\/api.w.org\/{rel}","templated":true}]}}