{"id":98402,"date":"2023-06-14T19:18:58","date_gmt":"2023-06-15T01:18:58","guid":{"rendered":"https:\/\/canal7slp.tv\/2023\/?p=98402"},"modified":"2023-06-14T19:18:58","modified_gmt":"2023-06-15T01:18:58","slug":"colocan-ofrenda-floral-y-mensajes-de-despedida-para-cesar-gerardo","status":"publish","type":"post","link":"https:\/\/canal7slp.tv\/2023\/colocan-ofrenda-floral-y-mensajes-de-despedida-para-cesar-gerardo\/","title":{"rendered":"Colocan ofrenda floral y mensajes de despedida, para C\u00e9sar Gerardo"},"content":{"rendered":"<p style=\"text-align: justify;\"><span style=\"font-size: 1.21429rem;\">SLP.- El local comercial de venta de ropa femenina donde perdiera la vida Cesar Gerardo Medina, ubicada en el pasaje Zaragoza del centro hist\u00f3rico en la capital potosina fue decorado con un peque\u00f1o pero significativo altar en su memoria.<\/span><\/p>\n<p style=\"text-align: justify;\">Y es que el pasado d\u00eda cinco de junio, una noticia estremeci\u00f3 a todos los trabajadores de la tienda cuando el estruendo de la ca\u00edda de Cesar Gerardo colaps\u00f3 la labor.<\/p>\n<p style=\"text-align: justify;\">Seg\u00fan testimonios recabados en redes sociales, compa\u00f1eros de Cesar Gerardo aseveraron que el mismo fue enviado a limpiar la parte superior de la tienda.<\/p>\n<p style=\"text-align: justify;\">Para agravar la situaci\u00f3n, se coment\u00f3 por otros colaboradores que el cargo de Cesar Gerardo no ten\u00eda nada que ver con la actividad de limpieza que se le encomend\u00f3 por sus superiores, toda vez que su cargo era como bodeguero.<\/p>\n<p style=\"text-align: justify;\">Se acus\u00f3 tambi\u00e9n al Instituto Mexicano del Seguro Social zona n\u00famero dos de una lenta atenci\u00f3n para retirar la sangre coagulada.<\/p>\n<p style=\"text-align: justify;\">Hoy a algunos d\u00edas del hecho que cobr\u00f3 su vida, los familiares y amigos colocaron la ofrenda que contrasta con la cinta de seguridad en color rojo que bloquea la entrada y los sellos de clausura por parte de la autoridad estatal respectiva.<\/p>\n<p>Por: Juan Carlos Contreras<\/p>\n","protected":false},"excerpt":{"rendered":"<p>SLP.- El local comercial de venta de ropa femenina donde perdiera la vida Cesar Gerardo Medina, ubicada en el pasaje Zaragoza del centro hist\u00f3rico en la capital potosina fue decorado con un peque\u00f1o pero significativo altar en su memoria. Y es que el pasado d\u00eda cinco de junio, una noticia estremeci\u00f3 a todos los trabajadores de la tienda cuando el estruendo de la ca\u00edda de Cesar Gerardo colaps\u00f3 la labor. Seg\u00fan testimonios recabados en redes sociales, compa\u00f1eros de Cesar Gerardo aseveraron que el mismo fue enviado a limpiar la parte superior de la tienda. Para agravar la situaci\u00f3n, se coment\u00f3 [&hellip;]<\/p>\n","protected":false},"author":2,"featured_media":98419,"comment_status":"closed","ping_status":"closed","sticky":false,"template":"","format":"video","meta":{"footnotes":""},"categories":[5,45],"tags":[],"class_list":["post-98402","post","type-post","status-publish","format-video","has-post-thumbnail","hentry","category-destacadas","category-localesyregionales","post_format-post-format-video","post--single"],"yoast_head":"<!-- This site is optimized with the Yoast SEO plugin v27.4 - https:\/\/yoast.com\/product\/yoast-seo-wordpress\/ -->\n<title>Colocan ofrenda floral y mensajes de despedida, para C\u00e9sar Gerardo - Canal 7 SLP - 2023<\/title>\n<meta name=\"robots\" content=\"index, follow, max-snippet:-1, max-image-preview:large, max-video-preview:-1\" \/>\n<link rel=\"canonical\" href=\"https:\/\/canal7slp.tv\/2023\/colocan-ofrenda-floral-y-mensajes-de-despedida-para-cesar-gerardo\/\" \/>\n<meta property=\"og:locale\" content=\"es_ES\" \/>\n<meta property=\"og:type\" content=\"article\" \/>\n<meta property=\"og:title\" content=\"Colocan ofrenda floral y mensajes de despedida, para C\u00e9sar Gerardo - Canal 7 SLP - 2023\" \/>\n<meta property=\"og:description\" content=\"SLP.- El local comercial de venta de ropa femenina donde perdiera la vida Cesar Gerardo Medina, ubicada en el pasaje Zaragoza del centro hist\u00f3rico en la capital potosina fue decorado con un peque\u00f1o pero significativo altar en su memoria. Y es que el pasado d\u00eda cinco de junio, una noticia estremeci\u00f3 a todos los trabajadores de la tienda cuando el estruendo de la ca\u00edda de Cesar Gerardo colaps\u00f3 la labor. Seg\u00fan testimonios recabados en redes sociales, compa\u00f1eros de Cesar Gerardo aseveraron que el mismo fue enviado a limpiar la parte superior de la tienda. Para agravar la situaci\u00f3n, se coment\u00f3 [&hellip;]\" \/>\n<meta property=\"og:url\" content=\"https:\/\/canal7slp.tv\/2023\/colocan-ofrenda-floral-y-mensajes-de-despedida-para-cesar-gerardo\/\" \/>\n<meta property=\"og:site_name\" content=\"Canal 7 SLP - 2023\" \/>\n<meta property=\"article:publisher\" content=\"https:\/\/www.facebook.com\/noticieroscanalsiete\" \/>\n<meta property=\"article:published_time\" content=\"2023-06-15T01:18:58+00:00\" \/>\n<meta property=\"og:image\" content=\"https:\/\/canal7slp.tv\/2023\/wp-content\/uploads\/2023\/06\/Poky0Altar.jpg\" \/>\n\t<meta property=\"og:image:width\" content=\"1280\" \/>\n\t<meta property=\"og:image:height\" content=\"720\" \/>\n\t<meta property=\"og:image:type\" content=\"image\/jpeg\" \/>\n<meta name=\"author\" content=\"Edici\u00f3n Web\" \/>\n<meta name=\"twitter:card\" content=\"summary_large_image\" \/>\n<meta name=\"twitter:creator\" content=\"@NOTICIEROS7\" \/>\n<meta name=\"twitter:site\" content=\"@NOTICIEROS7\" \/>\n<meta name=\"twitter:label1\" content=\"Escrito por\" \/>\n\t<meta name=\"twitter:data1\" content=\"Edici\u00f3n Web\" \/>\n\t<meta name=\"twitter:label2\" content=\"Tiempo de lectura\" \/>\n\t<meta name=\"twitter:data2\" content=\"1 minuto\" \/>\n<script type=\"application\/ld+json\" class=\"yoast-schema-graph\">{\"@context\":\"https:\\\/\\\/schema.org\",\"@graph\":[{\"@type\":\"Article\",\"@id\":\"https:\\\/\\\/canal7slp.tv\\\/2023\\\/colocan-ofrenda-floral-y-mensajes-de-despedida-para-cesar-gerardo\\\/#article\",\"isPartOf\":{\"@id\":\"https:\\\/\\\/canal7slp.tv\\\/2023\\\/colocan-ofrenda-floral-y-mensajes-de-despedida-para-cesar-gerardo\\\/\"},\"author\":{\"name\":\"Edici\u00f3n Web\",\"@id\":\"https:\\\/\\\/canal7slp.tv\\\/2023\\\/#\\\/schema\\\/person\\\/639c424e3584069003b11ae813915da6\"},\"headline\":\"Colocan ofrenda floral y mensajes de despedida, para C\u00e9sar Gerardo\",\"datePublished\":\"2023-06-15T01:18:58+00:00\",\"mainEntityOfPage\":{\"@id\":\"https:\\\/\\\/canal7slp.tv\\\/2023\\\/colocan-ofrenda-floral-y-mensajes-de-despedida-para-cesar-gerardo\\\/\"},\"wordCount\":226,\"publisher\":{\"@id\":\"https:\\\/\\\/canal7slp.tv\\\/2023\\\/#organization\"},\"image\":{\"@id\":\"https:\\\/\\\/canal7slp.tv\\\/2023\\\/colocan-ofrenda-floral-y-mensajes-de-despedida-para-cesar-gerardo\\\/#primaryimage\"},\"thumbnailUrl\":\"https:\\\/\\\/canal7slp.tv\\\/2023\\\/wp-content\\\/uploads\\\/2023\\\/06\\\/Poky0Altar.jpg\",\"articleSection\":[\"DESTACADAS\",\"LOCALES Y REGIONALES\"],\"inLanguage\":\"es\"},{\"@type\":\"WebPage\",\"@id\":\"https:\\\/\\\/canal7slp.tv\\\/2023\\\/colocan-ofrenda-floral-y-mensajes-de-despedida-para-cesar-gerardo\\\/\",\"url\":\"https:\\\/\\\/canal7slp.tv\\\/2023\\\/colocan-ofrenda-floral-y-mensajes-de-despedida-para-cesar-gerardo\\\/\",\"name\":\"Colocan ofrenda floral y mensajes de despedida, para C\u00e9sar Gerardo - Canal 7 SLP - 2023\",\"isPartOf\":{\"@id\":\"https:\\\/\\\/canal7slp.tv\\\/2023\\\/#website\"},\"primaryImageOfPage\":{\"@id\":\"https:\\\/\\\/canal7slp.tv\\\/2023\\\/colocan-ofrenda-floral-y-mensajes-de-despedida-para-cesar-gerardo\\\/#primaryimage\"},\"image\":{\"@id\":\"https:\\\/\\\/canal7slp.tv\\\/2023\\\/colocan-ofrenda-floral-y-mensajes-de-despedida-para-cesar-gerardo\\\/#primaryimage\"},\"thumbnailUrl\":\"https:\\\/\\\/canal7slp.tv\\\/2023\\\/wp-content\\\/uploads\\\/2023\\\/06\\\/Poky0Altar.jpg\",\"datePublished\":\"2023-06-15T01:18:58+00:00\",\"breadcrumb\":{\"@id\":\"https:\\\/\\\/canal7slp.tv\\\/2023\\\/colocan-ofrenda-floral-y-mensajes-de-despedida-para-cesar-gerardo\\\/#breadcrumb\"},\"inLanguage\":\"es\",\"potentialAction\":[{\"@type\":\"ReadAction\",\"target\":[\"https:\\\/\\\/canal7slp.tv\\\/2023\\\/colocan-ofrenda-floral-y-mensajes-de-despedida-para-cesar-gerardo\\\/\"]}]},{\"@type\":\"ImageObject\",\"inLanguage\":\"es\",\"@id\":\"https:\\\/\\\/canal7slp.tv\\\/2023\\\/colocan-ofrenda-floral-y-mensajes-de-despedida-para-cesar-gerardo\\\/#primaryimage\",\"url\":\"https:\\\/\\\/canal7slp.tv\\\/2023\\\/wp-content\\\/uploads\\\/2023\\\/06\\\/Poky0Altar.jpg\",\"contentUrl\":\"https:\\\/\\\/canal7slp.tv\\\/2023\\\/wp-content\\\/uploads\\\/2023\\\/06\\\/Poky0Altar.jpg\",\"width\":1280,\"height\":720},{\"@type\":\"BreadcrumbList\",\"@id\":\"https:\\\/\\\/canal7slp.tv\\\/2023\\\/colocan-ofrenda-floral-y-mensajes-de-despedida-para-cesar-gerardo\\\/#breadcrumb\",\"itemListElement\":[{\"@type\":\"ListItem\",\"position\":1,\"name\":\"Portada\",\"item\":\"https:\\\/\\\/canal7slp.tv\\\/2023\\\/\"},{\"@type\":\"ListItem\",\"position\":2,\"name\":\"Colocan ofrenda floral y mensajes de despedida, para C\u00e9sar Gerardo\"}]},{\"@type\":\"WebSite\",\"@id\":\"https:\\\/\\\/canal7slp.tv\\\/2023\\\/#website\",\"url\":\"https:\\\/\\\/canal7slp.tv\\\/2023\\\/\",\"name\":\"N7 - Noticieros Canal 7\",\"description\":\"Somos Televisi\u00f3n\",\"publisher\":{\"@id\":\"https:\\\/\\\/canal7slp.tv\\\/2023\\\/#organization\"},\"potentialAction\":[{\"@type\":\"SearchAction\",\"target\":{\"@type\":\"EntryPoint\",\"urlTemplate\":\"https:\\\/\\\/canal7slp.tv\\\/2023\\\/?s={search_term_string}\"},\"query-input\":{\"@type\":\"PropertyValueSpecification\",\"valueRequired\":true,\"valueName\":\"search_term_string\"}}],\"inLanguage\":\"es\"},{\"@type\":\"Organization\",\"@id\":\"https:\\\/\\\/canal7slp.tv\\\/2023\\\/#organization\",\"name\":\"Noticieros Canal 7\",\"url\":\"https:\\\/\\\/canal7slp.tv\\\/2023\\\/\",\"logo\":{\"@type\":\"ImageObject\",\"inLanguage\":\"es\",\"@id\":\"https:\\\/\\\/canal7slp.tv\\\/2023\\\/#\\\/schema\\\/logo\\\/image\\\/\",\"url\":\"https:\\\/\\\/canal7slp.tv\\\/2023\\\/wp-content\\\/uploads\\\/2021\\\/01\\\/logo-noticieros@2x.png\",\"contentUrl\":\"https:\\\/\\\/canal7slp.tv\\\/2023\\\/wp-content\\\/uploads\\\/2021\\\/01\\\/logo-noticieros@2x.png\",\"width\":1017,\"height\":268,\"caption\":\"Noticieros Canal 7\"},\"image\":{\"@id\":\"https:\\\/\\\/canal7slp.tv\\\/2023\\\/#\\\/schema\\\/logo\\\/image\\\/\"},\"sameAs\":[\"https:\\\/\\\/www.facebook.com\\\/noticieroscanalsiete\",\"https:\\\/\\\/x.com\\\/NOTICIEROS7\",\"https:\\\/\\\/www.instagram.com\\\/canal7_slp\",\"https:\\\/\\\/www.youtube.com\\\/channel\\\/UCliiYs-gP3JfJeqdPrNdd5A\"]},{\"@type\":\"Person\",\"@id\":\"https:\\\/\\\/canal7slp.tv\\\/2023\\\/#\\\/schema\\\/person\\\/639c424e3584069003b11ae813915da6\",\"name\":\"Edici\u00f3n Web\",\"image\":{\"@type\":\"ImageObject\",\"inLanguage\":\"es\",\"@id\":\"https:\\\/\\\/secure.gravatar.com\\\/avatar\\\/eee448fc3f7164808013b816ba91ac7e43bbe82a70bebac296f8bc6f0addaa1a?s=96&d=mm&r=g\",\"url\":\"https:\\\/\\\/secure.gravatar.com\\\/avatar\\\/eee448fc3f7164808013b816ba91ac7e43bbe82a70bebac296f8bc6f0addaa1a?s=96&d=mm&r=g\",\"contentUrl\":\"https:\\\/\\\/secure.gravatar.com\\\/avatar\\\/eee448fc3f7164808013b816ba91ac7e43bbe82a70bebac296f8bc6f0addaa1a?s=96&d=mm&r=g\",\"caption\":\"Edici\u00f3n Web\"},\"url\":\"https:\\\/\\\/canal7slp.tv\\\/2023\\\/author\\\/edicionweb\\\/\"}]}<\/script>\n<!-- \/ Yoast SEO plugin. -->","yoast_head_json":{"title":"Colocan ofrenda floral y mensajes de despedida, para C\u00e9sar Gerardo - Canal 7 SLP - 2023","robots":{"index":"index","follow":"follow","max-snippet":"max-snippet:-1","max-image-preview":"max-image-preview:large","max-video-preview":"max-video-preview:-1"},"canonical":"https:\/\/canal7slp.tv\/2023\/colocan-ofrenda-floral-y-mensajes-de-despedida-para-cesar-gerardo\/","og_locale":"es_ES","og_type":"article","og_title":"Colocan ofrenda floral y mensajes de despedida, para C\u00e9sar Gerardo - Canal 7 SLP - 2023","og_description":"SLP.- El local comercial de venta de ropa femenina donde perdiera la vida Cesar Gerardo Medina, ubicada en el pasaje Zaragoza del centro hist\u00f3rico en la capital potosina fue decorado con un peque\u00f1o pero significativo altar en su memoria. Y es que el pasado d\u00eda cinco de junio, una noticia estremeci\u00f3 a todos los trabajadores de la tienda cuando el estruendo de la ca\u00edda de Cesar Gerardo colaps\u00f3 la labor. Seg\u00fan testimonios recabados en redes sociales, compa\u00f1eros de Cesar Gerardo aseveraron que el mismo fue enviado a limpiar la parte superior de la tienda. Para agravar la situaci\u00f3n, se coment\u00f3 [&hellip;]","og_url":"https:\/\/canal7slp.tv\/2023\/colocan-ofrenda-floral-y-mensajes-de-despedida-para-cesar-gerardo\/","og_site_name":"Canal 7 SLP - 2023","article_publisher":"https:\/\/www.facebook.com\/noticieroscanalsiete","article_published_time":"2023-06-15T01:18:58+00:00","og_image":[{"width":1280,"height":720,"url":"https:\/\/canal7slp.tv\/2023\/wp-content\/uploads\/2023\/06\/Poky0Altar.jpg","type":"image\/jpeg"}],"author":"Edici\u00f3n Web","twitter_card":"summary_large_image","twitter_creator":"@NOTICIEROS7","twitter_site":"@NOTICIEROS7","twitter_misc":{"Escrito por":"Edici\u00f3n Web","Tiempo de lectura":"1 minuto"},"schema":{"@context":"https:\/\/schema.org","@graph":[{"@type":"Article","@id":"https:\/\/canal7slp.tv\/2023\/colocan-ofrenda-floral-y-mensajes-de-despedida-para-cesar-gerardo\/#article","isPartOf":{"@id":"https:\/\/canal7slp.tv\/2023\/colocan-ofrenda-floral-y-mensajes-de-despedida-para-cesar-gerardo\/"},"author":{"name":"Edici\u00f3n Web","@id":"https:\/\/canal7slp.tv\/2023\/#\/schema\/person\/639c424e3584069003b11ae813915da6"},"headline":"Colocan ofrenda floral y mensajes de despedida, para C\u00e9sar Gerardo","datePublished":"2023-06-15T01:18:58+00:00","mainEntityOfPage":{"@id":"https:\/\/canal7slp.tv\/2023\/colocan-ofrenda-floral-y-mensajes-de-despedida-para-cesar-gerardo\/"},"wordCount":226,"publisher":{"@id":"https:\/\/canal7slp.tv\/2023\/#organization"},"image":{"@id":"https:\/\/canal7slp.tv\/2023\/colocan-ofrenda-floral-y-mensajes-de-despedida-para-cesar-gerardo\/#primaryimage"},"thumbnailUrl":"https:\/\/canal7slp.tv\/2023\/wp-content\/uploads\/2023\/06\/Poky0Altar.jpg","articleSection":["DESTACADAS","LOCALES Y REGIONALES"],"inLanguage":"es"},{"@type":"WebPage","@id":"https:\/\/canal7slp.tv\/2023\/colocan-ofrenda-floral-y-mensajes-de-despedida-para-cesar-gerardo\/","url":"https:\/\/canal7slp.tv\/2023\/colocan-ofrenda-floral-y-mensajes-de-despedida-para-cesar-gerardo\/","name":"Colocan ofrenda floral y mensajes de despedida, para C\u00e9sar Gerardo - Canal 7 SLP - 2023","isPartOf":{"@id":"https:\/\/canal7slp.tv\/2023\/#website"},"primaryImageOfPage":{"@id":"https:\/\/canal7slp.tv\/2023\/colocan-ofrenda-floral-y-mensajes-de-despedida-para-cesar-gerardo\/#primaryimage"},"image":{"@id":"https:\/\/canal7slp.tv\/2023\/colocan-ofrenda-floral-y-mensajes-de-despedida-para-cesar-gerardo\/#primaryimage"},"thumbnailUrl":"https:\/\/canal7slp.tv\/2023\/wp-content\/uploads\/2023\/06\/Poky0Altar.jpg","datePublished":"2023-06-15T01:18:58+00:00","breadcrumb":{"@id":"https:\/\/canal7slp.tv\/2023\/colocan-ofrenda-floral-y-mensajes-de-despedida-para-cesar-gerardo\/#breadcrumb"},"inLanguage":"es","potentialAction":[{"@type":"ReadAction","target":["https:\/\/canal7slp.tv\/2023\/colocan-ofrenda-floral-y-mensajes-de-despedida-para-cesar-gerardo\/"]}]},{"@type":"ImageObject","inLanguage":"es","@id":"https:\/\/canal7slp.tv\/2023\/colocan-ofrenda-floral-y-mensajes-de-despedida-para-cesar-gerardo\/#primaryimage","url":"https:\/\/canal7slp.tv\/2023\/wp-content\/uploads\/2023\/06\/Poky0Altar.jpg","contentUrl":"https:\/\/canal7slp.tv\/2023\/wp-content\/uploads\/2023\/06\/Poky0Altar.jpg","width":1280,"height":720},{"@type":"BreadcrumbList","@id":"https:\/\/canal7slp.tv\/2023\/colocan-ofrenda-floral-y-mensajes-de-despedida-para-cesar-gerardo\/#breadcrumb","itemListElement":[{"@type":"ListItem","position":1,"name":"Portada","item":"https:\/\/canal7slp.tv\/2023\/"},{"@type":"ListItem","position":2,"name":"Colocan ofrenda floral y mensajes de despedida, para C\u00e9sar Gerardo"}]},{"@type":"WebSite","@id":"https:\/\/canal7slp.tv\/2023\/#website","url":"https:\/\/canal7slp.tv\/2023\/","name":"N7 - Noticieros Canal 7","description":"Somos Televisi\u00f3n","publisher":{"@id":"https:\/\/canal7slp.tv\/2023\/#organization"},"potentialAction":[{"@type":"SearchAction","target":{"@type":"EntryPoint","urlTemplate":"https:\/\/canal7slp.tv\/2023\/?s={search_term_string}"},"query-input":{"@type":"PropertyValueSpecification","valueRequired":true,"valueName":"search_term_string"}}],"inLanguage":"es"},{"@type":"Organization","@id":"https:\/\/canal7slp.tv\/2023\/#organization","name":"Noticieros Canal 7","url":"https:\/\/canal7slp.tv\/2023\/","logo":{"@type":"ImageObject","inLanguage":"es","@id":"https:\/\/canal7slp.tv\/2023\/#\/schema\/logo\/image\/","url":"https:\/\/canal7slp.tv\/2023\/wp-content\/uploads\/2021\/01\/logo-noticieros@2x.png","contentUrl":"https:\/\/canal7slp.tv\/2023\/wp-content\/uploads\/2021\/01\/logo-noticieros@2x.png","width":1017,"height":268,"caption":"Noticieros Canal 7"},"image":{"@id":"https:\/\/canal7slp.tv\/2023\/#\/schema\/logo\/image\/"},"sameAs":["https:\/\/www.facebook.com\/noticieroscanalsiete","https:\/\/x.com\/NOTICIEROS7","https:\/\/www.instagram.com\/canal7_slp","https:\/\/www.youtube.com\/channel\/UCliiYs-gP3JfJeqdPrNdd5A"]},{"@type":"Person","@id":"https:\/\/canal7slp.tv\/2023\/#\/schema\/person\/639c424e3584069003b11ae813915da6","name":"Edici\u00f3n Web","image":{"@type":"ImageObject","inLanguage":"es","@id":"https:\/\/secure.gravatar.com\/avatar\/eee448fc3f7164808013b816ba91ac7e43bbe82a70bebac296f8bc6f0addaa1a?s=96&d=mm&r=g","url":"https:\/\/secure.gravatar.com\/avatar\/eee448fc3f7164808013b816ba91ac7e43bbe82a70bebac296f8bc6f0addaa1a?s=96&d=mm&r=g","contentUrl":"https:\/\/secure.gravatar.com\/avatar\/eee448fc3f7164808013b816ba91ac7e43bbe82a70bebac296f8bc6f0addaa1a?s=96&d=mm&r=g","caption":"Edici\u00f3n Web"},"url":"https:\/\/canal7slp.tv\/2023\/author\/edicionweb\/"}]}},"_links":{"self":[{"href":"https:\/\/canal7slp.tv\/2023\/wp-json\/wp\/v2\/posts\/98402","targetHints":{"allow":["GET"]}}],"collection":[{"href":"https:\/\/canal7slp.tv\/2023\/wp-json\/wp\/v2\/posts"}],"about":[{"href":"https:\/\/canal7slp.tv\/2023\/wp-json\/wp\/v2\/types\/post"}],"author":[{"embeddable":true,"href":"https:\/\/canal7slp.tv\/2023\/wp-json\/wp\/v2\/users\/2"}],"replies":[{"embeddable":true,"href":"https:\/\/canal7slp.tv\/2023\/wp-json\/wp\/v2\/comments?post=98402"}],"version-history":[{"count":2,"href":"https:\/\/canal7slp.tv\/2023\/wp-json\/wp\/v2\/posts\/98402\/revisions"}],"predecessor-version":[{"id":98447,"href":"https:\/\/canal7slp.tv\/2023\/wp-json\/wp\/v2\/posts\/98402\/revisions\/98447"}],"wp:featuredmedia":[{"embeddable":true,"href":"https:\/\/canal7slp.tv\/2023\/wp-json\/wp\/v2\/media\/98419"}],"wp:attachment":[{"href":"https:\/\/canal7slp.tv\/2023\/wp-json\/wp\/v2\/media?parent=98402"}],"wp:term":[{"taxonomy":"category","embeddable":true,"href":"https:\/\/canal7slp.tv\/2023\/wp-json\/wp\/v2\/categories?post=98402"},{"taxonomy":"post_tag","embeddable":true,"href":"https:\/\/canal7slp.tv\/2023\/wp-json\/wp\/v2\/tags?post=98402"}],"curies":[{"name":"wp","href":"https:\/\/api.w.org\/{rel}","templated":true}]}}