{"id":98401,"date":"2023-06-14T19:00:53","date_gmt":"2023-06-15T01:00:53","guid":{"rendered":"https:\/\/canal7slp.tv\/2023\/?p=98401"},"modified":"2023-06-14T19:00:53","modified_gmt":"2023-06-15T01:00:53","slug":"descarta-morena-posibles-alianzas-con-el-pvem-en-slp","status":"publish","type":"post","link":"https:\/\/canal7slp.tv\/2023\/descarta-morena-posibles-alianzas-con-el-pvem-en-slp\/","title":{"rendered":"Descarta MORENA posibles alianzas con el PVEM en SLP"},"content":{"rendered":"<p style=\"text-align: justify;\"><span style=\"font-size: 1.21429rem;\">SLP.- La dirigente estatal de Morena Rita Ozalia Rodr\u00edguez Vel\u00e1zquez cuestion\u00f3 a quienes dijo, habiendo abandonado a un partido pol\u00edtico busquen ahora acomodo en su partido, con la intenci\u00f3n de obtener un cargo de elecci\u00f3n.<\/span><\/p>\n<p style=\"text-align: justify;\">Afirm\u00f3 que en MORENA no habr\u00e1 cabida para oportunistas que dijo, solo buscan el beneficio personal y que van contra los principios de este partido.<\/p>\n<p style=\"text-align: justify;\">En m\u00e1s temas de su partido Rodr\u00edguez Vel\u00e1zquez afirm\u00f3 que aunque en lo nacional ya hay acuerdos en San Luis Potos\u00ed no har\u00e1n alianzas con el Partido Verde Ecologista \u201cporque MORENA es mucho partido y porque podemos solos\u201d afirm\u00f3 la dirigente.<\/p>\n<p style=\"text-align: justify;\">Por \u00faltimo, la dirigente estatal del partido del Movimiento de Regeneraci\u00f3n Nacional se refiri\u00f3 a su hermana Rosa Icela Rodr\u00edguez Vel\u00e1zquez, titular de la Secretar\u00eda de Seguridad y Protecci\u00f3n Ciudadana del gobierno federal, luego de que la funcionara declinara renunciar para buscar un cargo de elecci\u00f3n popular. Esto fue lo que dijo la dirigente estatal de MORENA.<\/p>\n<p>Por: Claudio Ibarra<\/p>\n","protected":false},"excerpt":{"rendered":"<p>SLP.- La dirigente estatal de Morena Rita Ozalia Rodr\u00edguez Vel\u00e1zquez cuestion\u00f3 a quienes dijo, habiendo abandonado a un partido pol\u00edtico busquen ahora acomodo en su partido, con la intenci\u00f3n de obtener un cargo de elecci\u00f3n. Afirm\u00f3 que en MORENA no habr\u00e1 cabida para oportunistas que dijo, solo buscan el beneficio personal y que van contra los principios de este partido. En m\u00e1s temas de su partido Rodr\u00edguez Vel\u00e1zquez afirm\u00f3 que aunque en lo nacional ya hay acuerdos en San Luis Potos\u00ed no har\u00e1n alianzas con el Partido Verde Ecologista \u201cporque MORENA es mucho partido y porque podemos solos\u201d afirm\u00f3 la [&hellip;]<\/p>\n","protected":false},"author":2,"featured_media":98413,"comment_status":"closed","ping_status":"closed","sticky":false,"template":"","format":"video","meta":{"footnotes":""},"categories":[5,45],"tags":[],"class_list":["post-98401","post","type-post","status-publish","format-video","has-post-thumbnail","hentry","category-destacadas","category-localesyregionales","post_format-post-format-video","post--single"],"yoast_head":"<!-- This site is optimized with the Yoast SEO plugin v27.4 - https:\/\/yoast.com\/product\/yoast-seo-wordpress\/ -->\n<title>Descarta MORENA posibles alianzas con el PVEM en SLP - Canal 7 SLP - 2023<\/title>\n<meta name=\"robots\" content=\"index, follow, max-snippet:-1, max-image-preview:large, max-video-preview:-1\" \/>\n<link rel=\"canonical\" href=\"https:\/\/canal7slp.tv\/2023\/descarta-morena-posibles-alianzas-con-el-pvem-en-slp\/\" \/>\n<meta property=\"og:locale\" content=\"es_ES\" \/>\n<meta property=\"og:type\" content=\"article\" \/>\n<meta property=\"og:title\" content=\"Descarta MORENA posibles alianzas con el PVEM en SLP - Canal 7 SLP - 2023\" \/>\n<meta property=\"og:description\" content=\"SLP.- La dirigente estatal de Morena Rita Ozalia Rodr\u00edguez Vel\u00e1zquez cuestion\u00f3 a quienes dijo, habiendo abandonado a un partido pol\u00edtico busquen ahora acomodo en su partido, con la intenci\u00f3n de obtener un cargo de elecci\u00f3n. Afirm\u00f3 que en MORENA no habr\u00e1 cabida para oportunistas que dijo, solo buscan el beneficio personal y que van contra los principios de este partido. En m\u00e1s temas de su partido Rodr\u00edguez Vel\u00e1zquez afirm\u00f3 que aunque en lo nacional ya hay acuerdos en San Luis Potos\u00ed no har\u00e1n alianzas con el Partido Verde Ecologista \u201cporque MORENA es mucho partido y porque podemos solos\u201d afirm\u00f3 la [&hellip;]\" \/>\n<meta property=\"og:url\" content=\"https:\/\/canal7slp.tv\/2023\/descarta-morena-posibles-alianzas-con-el-pvem-en-slp\/\" \/>\n<meta property=\"og:site_name\" content=\"Canal 7 SLP - 2023\" \/>\n<meta property=\"article:publisher\" content=\"https:\/\/www.facebook.com\/noticieroscanalsiete\" \/>\n<meta property=\"article:published_time\" content=\"2023-06-15T01:00:53+00:00\" \/>\n<meta property=\"og:image\" content=\"https:\/\/canal7slp.tv\/2023\/wp-content\/uploads\/2023\/06\/Claudio0Rita.jpg\" \/>\n\t<meta property=\"og:image:width\" content=\"1280\" \/>\n\t<meta property=\"og:image:height\" content=\"720\" \/>\n\t<meta property=\"og:image:type\" content=\"image\/jpeg\" \/>\n<meta name=\"author\" content=\"Edici\u00f3n Web\" \/>\n<meta name=\"twitter:card\" content=\"summary_large_image\" \/>\n<meta name=\"twitter:creator\" content=\"@NOTICIEROS7\" \/>\n<meta name=\"twitter:site\" content=\"@NOTICIEROS7\" \/>\n<meta name=\"twitter:label1\" content=\"Escrito por\" \/>\n\t<meta name=\"twitter:data1\" content=\"Edici\u00f3n Web\" \/>\n\t<meta name=\"twitter:label2\" content=\"Tiempo de lectura\" \/>\n\t<meta name=\"twitter:data2\" content=\"1 minuto\" \/>\n<script type=\"application\/ld+json\" class=\"yoast-schema-graph\">{\"@context\":\"https:\\\/\\\/schema.org\",\"@graph\":[{\"@type\":\"Article\",\"@id\":\"https:\\\/\\\/canal7slp.tv\\\/2023\\\/descarta-morena-posibles-alianzas-con-el-pvem-en-slp\\\/#article\",\"isPartOf\":{\"@id\":\"https:\\\/\\\/canal7slp.tv\\\/2023\\\/descarta-morena-posibles-alianzas-con-el-pvem-en-slp\\\/\"},\"author\":{\"name\":\"Edici\u00f3n Web\",\"@id\":\"https:\\\/\\\/canal7slp.tv\\\/2023\\\/#\\\/schema\\\/person\\\/639c424e3584069003b11ae813915da6\"},\"headline\":\"Descarta MORENA posibles alianzas con el PVEM en SLP\",\"datePublished\":\"2023-06-15T01:00:53+00:00\",\"mainEntityOfPage\":{\"@id\":\"https:\\\/\\\/canal7slp.tv\\\/2023\\\/descarta-morena-posibles-alianzas-con-el-pvem-en-slp\\\/\"},\"wordCount\":186,\"publisher\":{\"@id\":\"https:\\\/\\\/canal7slp.tv\\\/2023\\\/#organization\"},\"image\":{\"@id\":\"https:\\\/\\\/canal7slp.tv\\\/2023\\\/descarta-morena-posibles-alianzas-con-el-pvem-en-slp\\\/#primaryimage\"},\"thumbnailUrl\":\"https:\\\/\\\/canal7slp.tv\\\/2023\\\/wp-content\\\/uploads\\\/2023\\\/06\\\/Claudio0Rita.jpg\",\"articleSection\":[\"DESTACADAS\",\"LOCALES Y REGIONALES\"],\"inLanguage\":\"es\"},{\"@type\":\"WebPage\",\"@id\":\"https:\\\/\\\/canal7slp.tv\\\/2023\\\/descarta-morena-posibles-alianzas-con-el-pvem-en-slp\\\/\",\"url\":\"https:\\\/\\\/canal7slp.tv\\\/2023\\\/descarta-morena-posibles-alianzas-con-el-pvem-en-slp\\\/\",\"name\":\"Descarta MORENA posibles alianzas con el PVEM en SLP - Canal 7 SLP - 2023\",\"isPartOf\":{\"@id\":\"https:\\\/\\\/canal7slp.tv\\\/2023\\\/#website\"},\"primaryImageOfPage\":{\"@id\":\"https:\\\/\\\/canal7slp.tv\\\/2023\\\/descarta-morena-posibles-alianzas-con-el-pvem-en-slp\\\/#primaryimage\"},\"image\":{\"@id\":\"https:\\\/\\\/canal7slp.tv\\\/2023\\\/descarta-morena-posibles-alianzas-con-el-pvem-en-slp\\\/#primaryimage\"},\"thumbnailUrl\":\"https:\\\/\\\/canal7slp.tv\\\/2023\\\/wp-content\\\/uploads\\\/2023\\\/06\\\/Claudio0Rita.jpg\",\"datePublished\":\"2023-06-15T01:00:53+00:00\",\"breadcrumb\":{\"@id\":\"https:\\\/\\\/canal7slp.tv\\\/2023\\\/descarta-morena-posibles-alianzas-con-el-pvem-en-slp\\\/#breadcrumb\"},\"inLanguage\":\"es\",\"potentialAction\":[{\"@type\":\"ReadAction\",\"target\":[\"https:\\\/\\\/canal7slp.tv\\\/2023\\\/descarta-morena-posibles-alianzas-con-el-pvem-en-slp\\\/\"]}]},{\"@type\":\"ImageObject\",\"inLanguage\":\"es\",\"@id\":\"https:\\\/\\\/canal7slp.tv\\\/2023\\\/descarta-morena-posibles-alianzas-con-el-pvem-en-slp\\\/#primaryimage\",\"url\":\"https:\\\/\\\/canal7slp.tv\\\/2023\\\/wp-content\\\/uploads\\\/2023\\\/06\\\/Claudio0Rita.jpg\",\"contentUrl\":\"https:\\\/\\\/canal7slp.tv\\\/2023\\\/wp-content\\\/uploads\\\/2023\\\/06\\\/Claudio0Rita.jpg\",\"width\":1280,\"height\":720},{\"@type\":\"BreadcrumbList\",\"@id\":\"https:\\\/\\\/canal7slp.tv\\\/2023\\\/descarta-morena-posibles-alianzas-con-el-pvem-en-slp\\\/#breadcrumb\",\"itemListElement\":[{\"@type\":\"ListItem\",\"position\":1,\"name\":\"Portada\",\"item\":\"https:\\\/\\\/canal7slp.tv\\\/2023\\\/\"},{\"@type\":\"ListItem\",\"position\":2,\"name\":\"Descarta MORENA posibles alianzas con el PVEM en SLP\"}]},{\"@type\":\"WebSite\",\"@id\":\"https:\\\/\\\/canal7slp.tv\\\/2023\\\/#website\",\"url\":\"https:\\\/\\\/canal7slp.tv\\\/2023\\\/\",\"name\":\"N7 - Noticieros Canal 7\",\"description\":\"Somos Televisi\u00f3n\",\"publisher\":{\"@id\":\"https:\\\/\\\/canal7slp.tv\\\/2023\\\/#organization\"},\"potentialAction\":[{\"@type\":\"SearchAction\",\"target\":{\"@type\":\"EntryPoint\",\"urlTemplate\":\"https:\\\/\\\/canal7slp.tv\\\/2023\\\/?s={search_term_string}\"},\"query-input\":{\"@type\":\"PropertyValueSpecification\",\"valueRequired\":true,\"valueName\":\"search_term_string\"}}],\"inLanguage\":\"es\"},{\"@type\":\"Organization\",\"@id\":\"https:\\\/\\\/canal7slp.tv\\\/2023\\\/#organization\",\"name\":\"Noticieros Canal 7\",\"url\":\"https:\\\/\\\/canal7slp.tv\\\/2023\\\/\",\"logo\":{\"@type\":\"ImageObject\",\"inLanguage\":\"es\",\"@id\":\"https:\\\/\\\/canal7slp.tv\\\/2023\\\/#\\\/schema\\\/logo\\\/image\\\/\",\"url\":\"https:\\\/\\\/canal7slp.tv\\\/2023\\\/wp-content\\\/uploads\\\/2021\\\/01\\\/logo-noticieros@2x.png\",\"contentUrl\":\"https:\\\/\\\/canal7slp.tv\\\/2023\\\/wp-content\\\/uploads\\\/2021\\\/01\\\/logo-noticieros@2x.png\",\"width\":1017,\"height\":268,\"caption\":\"Noticieros Canal 7\"},\"image\":{\"@id\":\"https:\\\/\\\/canal7slp.tv\\\/2023\\\/#\\\/schema\\\/logo\\\/image\\\/\"},\"sameAs\":[\"https:\\\/\\\/www.facebook.com\\\/noticieroscanalsiete\",\"https:\\\/\\\/x.com\\\/NOTICIEROS7\",\"https:\\\/\\\/www.instagram.com\\\/canal7_slp\",\"https:\\\/\\\/www.youtube.com\\\/channel\\\/UCliiYs-gP3JfJeqdPrNdd5A\"]},{\"@type\":\"Person\",\"@id\":\"https:\\\/\\\/canal7slp.tv\\\/2023\\\/#\\\/schema\\\/person\\\/639c424e3584069003b11ae813915da6\",\"name\":\"Edici\u00f3n Web\",\"image\":{\"@type\":\"ImageObject\",\"inLanguage\":\"es\",\"@id\":\"https:\\\/\\\/secure.gravatar.com\\\/avatar\\\/eee448fc3f7164808013b816ba91ac7e43bbe82a70bebac296f8bc6f0addaa1a?s=96&d=mm&r=g\",\"url\":\"https:\\\/\\\/secure.gravatar.com\\\/avatar\\\/eee448fc3f7164808013b816ba91ac7e43bbe82a70bebac296f8bc6f0addaa1a?s=96&d=mm&r=g\",\"contentUrl\":\"https:\\\/\\\/secure.gravatar.com\\\/avatar\\\/eee448fc3f7164808013b816ba91ac7e43bbe82a70bebac296f8bc6f0addaa1a?s=96&d=mm&r=g\",\"caption\":\"Edici\u00f3n Web\"},\"url\":\"https:\\\/\\\/canal7slp.tv\\\/2023\\\/author\\\/edicionweb\\\/\"}]}<\/script>\n<!-- \/ Yoast SEO plugin. -->","yoast_head_json":{"title":"Descarta MORENA posibles alianzas con el PVEM en SLP - Canal 7 SLP - 2023","robots":{"index":"index","follow":"follow","max-snippet":"max-snippet:-1","max-image-preview":"max-image-preview:large","max-video-preview":"max-video-preview:-1"},"canonical":"https:\/\/canal7slp.tv\/2023\/descarta-morena-posibles-alianzas-con-el-pvem-en-slp\/","og_locale":"es_ES","og_type":"article","og_title":"Descarta MORENA posibles alianzas con el PVEM en SLP - Canal 7 SLP - 2023","og_description":"SLP.- La dirigente estatal de Morena Rita Ozalia Rodr\u00edguez Vel\u00e1zquez cuestion\u00f3 a quienes dijo, habiendo abandonado a un partido pol\u00edtico busquen ahora acomodo en su partido, con la intenci\u00f3n de obtener un cargo de elecci\u00f3n. Afirm\u00f3 que en MORENA no habr\u00e1 cabida para oportunistas que dijo, solo buscan el beneficio personal y que van contra los principios de este partido. En m\u00e1s temas de su partido Rodr\u00edguez Vel\u00e1zquez afirm\u00f3 que aunque en lo nacional ya hay acuerdos en San Luis Potos\u00ed no har\u00e1n alianzas con el Partido Verde Ecologista \u201cporque MORENA es mucho partido y porque podemos solos\u201d afirm\u00f3 la [&hellip;]","og_url":"https:\/\/canal7slp.tv\/2023\/descarta-morena-posibles-alianzas-con-el-pvem-en-slp\/","og_site_name":"Canal 7 SLP - 2023","article_publisher":"https:\/\/www.facebook.com\/noticieroscanalsiete","article_published_time":"2023-06-15T01:00:53+00:00","og_image":[{"width":1280,"height":720,"url":"https:\/\/canal7slp.tv\/2023\/wp-content\/uploads\/2023\/06\/Claudio0Rita.jpg","type":"image\/jpeg"}],"author":"Edici\u00f3n Web","twitter_card":"summary_large_image","twitter_creator":"@NOTICIEROS7","twitter_site":"@NOTICIEROS7","twitter_misc":{"Escrito por":"Edici\u00f3n Web","Tiempo de lectura":"1 minuto"},"schema":{"@context":"https:\/\/schema.org","@graph":[{"@type":"Article","@id":"https:\/\/canal7slp.tv\/2023\/descarta-morena-posibles-alianzas-con-el-pvem-en-slp\/#article","isPartOf":{"@id":"https:\/\/canal7slp.tv\/2023\/descarta-morena-posibles-alianzas-con-el-pvem-en-slp\/"},"author":{"name":"Edici\u00f3n Web","@id":"https:\/\/canal7slp.tv\/2023\/#\/schema\/person\/639c424e3584069003b11ae813915da6"},"headline":"Descarta MORENA posibles alianzas con el PVEM en SLP","datePublished":"2023-06-15T01:00:53+00:00","mainEntityOfPage":{"@id":"https:\/\/canal7slp.tv\/2023\/descarta-morena-posibles-alianzas-con-el-pvem-en-slp\/"},"wordCount":186,"publisher":{"@id":"https:\/\/canal7slp.tv\/2023\/#organization"},"image":{"@id":"https:\/\/canal7slp.tv\/2023\/descarta-morena-posibles-alianzas-con-el-pvem-en-slp\/#primaryimage"},"thumbnailUrl":"https:\/\/canal7slp.tv\/2023\/wp-content\/uploads\/2023\/06\/Claudio0Rita.jpg","articleSection":["DESTACADAS","LOCALES Y REGIONALES"],"inLanguage":"es"},{"@type":"WebPage","@id":"https:\/\/canal7slp.tv\/2023\/descarta-morena-posibles-alianzas-con-el-pvem-en-slp\/","url":"https:\/\/canal7slp.tv\/2023\/descarta-morena-posibles-alianzas-con-el-pvem-en-slp\/","name":"Descarta MORENA posibles alianzas con el PVEM en SLP - Canal 7 SLP - 2023","isPartOf":{"@id":"https:\/\/canal7slp.tv\/2023\/#website"},"primaryImageOfPage":{"@id":"https:\/\/canal7slp.tv\/2023\/descarta-morena-posibles-alianzas-con-el-pvem-en-slp\/#primaryimage"},"image":{"@id":"https:\/\/canal7slp.tv\/2023\/descarta-morena-posibles-alianzas-con-el-pvem-en-slp\/#primaryimage"},"thumbnailUrl":"https:\/\/canal7slp.tv\/2023\/wp-content\/uploads\/2023\/06\/Claudio0Rita.jpg","datePublished":"2023-06-15T01:00:53+00:00","breadcrumb":{"@id":"https:\/\/canal7slp.tv\/2023\/descarta-morena-posibles-alianzas-con-el-pvem-en-slp\/#breadcrumb"},"inLanguage":"es","potentialAction":[{"@type":"ReadAction","target":["https:\/\/canal7slp.tv\/2023\/descarta-morena-posibles-alianzas-con-el-pvem-en-slp\/"]}]},{"@type":"ImageObject","inLanguage":"es","@id":"https:\/\/canal7slp.tv\/2023\/descarta-morena-posibles-alianzas-con-el-pvem-en-slp\/#primaryimage","url":"https:\/\/canal7slp.tv\/2023\/wp-content\/uploads\/2023\/06\/Claudio0Rita.jpg","contentUrl":"https:\/\/canal7slp.tv\/2023\/wp-content\/uploads\/2023\/06\/Claudio0Rita.jpg","width":1280,"height":720},{"@type":"BreadcrumbList","@id":"https:\/\/canal7slp.tv\/2023\/descarta-morena-posibles-alianzas-con-el-pvem-en-slp\/#breadcrumb","itemListElement":[{"@type":"ListItem","position":1,"name":"Portada","item":"https:\/\/canal7slp.tv\/2023\/"},{"@type":"ListItem","position":2,"name":"Descarta MORENA posibles alianzas con el PVEM en SLP"}]},{"@type":"WebSite","@id":"https:\/\/canal7slp.tv\/2023\/#website","url":"https:\/\/canal7slp.tv\/2023\/","name":"N7 - Noticieros Canal 7","description":"Somos Televisi\u00f3n","publisher":{"@id":"https:\/\/canal7slp.tv\/2023\/#organization"},"potentialAction":[{"@type":"SearchAction","target":{"@type":"EntryPoint","urlTemplate":"https:\/\/canal7slp.tv\/2023\/?s={search_term_string}"},"query-input":{"@type":"PropertyValueSpecification","valueRequired":true,"valueName":"search_term_string"}}],"inLanguage":"es"},{"@type":"Organization","@id":"https:\/\/canal7slp.tv\/2023\/#organization","name":"Noticieros Canal 7","url":"https:\/\/canal7slp.tv\/2023\/","logo":{"@type":"ImageObject","inLanguage":"es","@id":"https:\/\/canal7slp.tv\/2023\/#\/schema\/logo\/image\/","url":"https:\/\/canal7slp.tv\/2023\/wp-content\/uploads\/2021\/01\/logo-noticieros@2x.png","contentUrl":"https:\/\/canal7slp.tv\/2023\/wp-content\/uploads\/2021\/01\/logo-noticieros@2x.png","width":1017,"height":268,"caption":"Noticieros Canal 7"},"image":{"@id":"https:\/\/canal7slp.tv\/2023\/#\/schema\/logo\/image\/"},"sameAs":["https:\/\/www.facebook.com\/noticieroscanalsiete","https:\/\/x.com\/NOTICIEROS7","https:\/\/www.instagram.com\/canal7_slp","https:\/\/www.youtube.com\/channel\/UCliiYs-gP3JfJeqdPrNdd5A"]},{"@type":"Person","@id":"https:\/\/canal7slp.tv\/2023\/#\/schema\/person\/639c424e3584069003b11ae813915da6","name":"Edici\u00f3n Web","image":{"@type":"ImageObject","inLanguage":"es","@id":"https:\/\/secure.gravatar.com\/avatar\/eee448fc3f7164808013b816ba91ac7e43bbe82a70bebac296f8bc6f0addaa1a?s=96&d=mm&r=g","url":"https:\/\/secure.gravatar.com\/avatar\/eee448fc3f7164808013b816ba91ac7e43bbe82a70bebac296f8bc6f0addaa1a?s=96&d=mm&r=g","contentUrl":"https:\/\/secure.gravatar.com\/avatar\/eee448fc3f7164808013b816ba91ac7e43bbe82a70bebac296f8bc6f0addaa1a?s=96&d=mm&r=g","caption":"Edici\u00f3n Web"},"url":"https:\/\/canal7slp.tv\/2023\/author\/edicionweb\/"}]}},"_links":{"self":[{"href":"https:\/\/canal7slp.tv\/2023\/wp-json\/wp\/v2\/posts\/98401","targetHints":{"allow":["GET"]}}],"collection":[{"href":"https:\/\/canal7slp.tv\/2023\/wp-json\/wp\/v2\/posts"}],"about":[{"href":"https:\/\/canal7slp.tv\/2023\/wp-json\/wp\/v2\/types\/post"}],"author":[{"embeddable":true,"href":"https:\/\/canal7slp.tv\/2023\/wp-json\/wp\/v2\/users\/2"}],"replies":[{"embeddable":true,"href":"https:\/\/canal7slp.tv\/2023\/wp-json\/wp\/v2\/comments?post=98401"}],"version-history":[{"count":2,"href":"https:\/\/canal7slp.tv\/2023\/wp-json\/wp\/v2\/posts\/98401\/revisions"}],"predecessor-version":[{"id":98443,"href":"https:\/\/canal7slp.tv\/2023\/wp-json\/wp\/v2\/posts\/98401\/revisions\/98443"}],"wp:featuredmedia":[{"embeddable":true,"href":"https:\/\/canal7slp.tv\/2023\/wp-json\/wp\/v2\/media\/98413"}],"wp:attachment":[{"href":"https:\/\/canal7slp.tv\/2023\/wp-json\/wp\/v2\/media?parent=98401"}],"wp:term":[{"taxonomy":"category","embeddable":true,"href":"https:\/\/canal7slp.tv\/2023\/wp-json\/wp\/v2\/categories?post=98401"},{"taxonomy":"post_tag","embeddable":true,"href":"https:\/\/canal7slp.tv\/2023\/wp-json\/wp\/v2\/tags?post=98401"}],"curies":[{"name":"wp","href":"https:\/\/api.w.org\/{rel}","templated":true}]}}