{"id":98399,"date":"2023-06-14T18:57:23","date_gmt":"2023-06-15T00:57:23","guid":{"rendered":"https:\/\/canal7slp.tv\/2023\/?p=98399"},"modified":"2023-06-14T18:57:23","modified_gmt":"2023-06-15T00:57:23","slug":"mayor-impulso-a-la-conectividad-aerea-y-fortalecimiento-a-la-seguridad-en-la-carretera-requiere-slp-afirma-sector-hotelero","status":"publish","type":"post","link":"https:\/\/canal7slp.tv\/2023\/mayor-impulso-a-la-conectividad-aerea-y-fortalecimiento-a-la-seguridad-en-la-carretera-requiere-slp-afirma-sector-hotelero\/","title":{"rendered":"Mayor impulso a la conectividad a\u00e9rea y fortalecimiento a la seguridad en la carretera requiere SLP; afirma sector hotelero"},"content":{"rendered":"<p style=\"text-align: justify;\">SLP.-\u00a0El presidente local de la asociaci\u00f3n de Hoteles y Moteles Rafael Armend\u00e1riz Bl\u00e1zquez afirm\u00f3 que para esta temporada de verano, se tienen buenas expectativas en cuanto a ocupaci\u00f3n hotelera en el estado.<\/p>\n<p style=\"text-align: justify;\">Sin embargo, el empresario afirm\u00f3 que en cuanto a la conectividad a\u00e9rea se debe dar un mayor impulso pero tambi\u00e9n, dar mayor seguridad en las carreteras si en el aeropuerto local solo sigue operando una l\u00ednea a\u00e9rea.<\/p>\n<p style=\"text-align: justify;\">El empresario hotelero record\u00f3 que se aproxima la Feria Nacional Potosina al decir que la capacidad en n\u00famero de cuartos es de 13 mil en todo el estado, y 7 mil en la ciudad capital.<\/p>\n<p style=\"text-align: justify;\">Armend\u00e1riz Bl\u00e1zquez insisti\u00f3 en el tema de la conectividad a\u00e9rea al decir que empresarios y los tres niveles de gobierno deben implementar estrategias, para traer m\u00e1s l\u00edneas que operen en el aeropuerto local.<\/p>\n<p style=\"text-align: justify;\">Por: Claudio Ibarra<\/p>\n","protected":false},"excerpt":{"rendered":"<p>SLP.-\u00a0El presidente local de la asociaci\u00f3n de Hoteles y Moteles Rafael Armend\u00e1riz Bl\u00e1zquez afirm\u00f3 que para esta temporada de verano, se tienen buenas expectativas en cuanto a ocupaci\u00f3n hotelera en el estado. Sin embargo, el empresario afirm\u00f3 que en cuanto a la conectividad a\u00e9rea se debe dar un mayor impulso pero tambi\u00e9n, dar mayor seguridad en las carreteras si en el aeropuerto local solo sigue operando una l\u00ednea a\u00e9rea. El empresario hotelero record\u00f3 que se aproxima la Feria Nacional Potosina al decir que la capacidad en n\u00famero de cuartos es de 13 mil en todo el estado, y 7 mil [&hellip;]<\/p>\n","protected":false},"author":2,"featured_media":98439,"comment_status":"closed","ping_status":"closed","sticky":false,"template":"","format":"video","meta":{"footnotes":""},"categories":[5,45],"tags":[],"class_list":["post-98399","post","type-post","status-publish","format-video","has-post-thumbnail","hentry","category-destacadas","category-localesyregionales","post_format-post-format-video","post--single"],"yoast_head":"<!-- This site is optimized with the Yoast SEO plugin v27.4 - https:\/\/yoast.com\/product\/yoast-seo-wordpress\/ -->\n<title>Mayor impulso a la conectividad a\u00e9rea y fortalecimiento a la seguridad en la carretera requiere SLP; afirma sector hotelero - Canal 7 SLP - 2023<\/title>\n<meta name=\"robots\" content=\"index, follow, max-snippet:-1, max-image-preview:large, max-video-preview:-1\" \/>\n<link rel=\"canonical\" href=\"https:\/\/canal7slp.tv\/2023\/mayor-impulso-a-la-conectividad-aerea-y-fortalecimiento-a-la-seguridad-en-la-carretera-requiere-slp-afirma-sector-hotelero\/\" \/>\n<meta property=\"og:locale\" content=\"es_ES\" \/>\n<meta property=\"og:type\" content=\"article\" \/>\n<meta property=\"og:title\" content=\"Mayor impulso a la conectividad a\u00e9rea y fortalecimiento a la seguridad en la carretera requiere SLP; afirma sector hotelero - Canal 7 SLP - 2023\" \/>\n<meta property=\"og:description\" content=\"SLP.-\u00a0El presidente local de la asociaci\u00f3n de Hoteles y Moteles Rafael Armend\u00e1riz Bl\u00e1zquez afirm\u00f3 que para esta temporada de verano, se tienen buenas expectativas en cuanto a ocupaci\u00f3n hotelera en el estado. Sin embargo, el empresario afirm\u00f3 que en cuanto a la conectividad a\u00e9rea se debe dar un mayor impulso pero tambi\u00e9n, dar mayor seguridad en las carreteras si en el aeropuerto local solo sigue operando una l\u00ednea a\u00e9rea. El empresario hotelero record\u00f3 que se aproxima la Feria Nacional Potosina al decir que la capacidad en n\u00famero de cuartos es de 13 mil en todo el estado, y 7 mil [&hellip;]\" \/>\n<meta property=\"og:url\" content=\"https:\/\/canal7slp.tv\/2023\/mayor-impulso-a-la-conectividad-aerea-y-fortalecimiento-a-la-seguridad-en-la-carretera-requiere-slp-afirma-sector-hotelero\/\" \/>\n<meta property=\"og:site_name\" content=\"Canal 7 SLP - 2023\" \/>\n<meta property=\"article:publisher\" content=\"https:\/\/www.facebook.com\/noticieroscanalsiete\" \/>\n<meta property=\"article:published_time\" content=\"2023-06-15T00:57:23+00:00\" \/>\n<meta property=\"og:image\" content=\"https:\/\/canal7slp.tv\/2023\/wp-content\/uploads\/2023\/06\/Claudio0Carretero.jpg\" \/>\n\t<meta property=\"og:image:width\" content=\"1280\" \/>\n\t<meta property=\"og:image:height\" content=\"720\" \/>\n\t<meta property=\"og:image:type\" content=\"image\/jpeg\" \/>\n<meta name=\"author\" content=\"Edici\u00f3n Web\" \/>\n<meta name=\"twitter:card\" content=\"summary_large_image\" \/>\n<meta name=\"twitter:creator\" content=\"@NOTICIEROS7\" \/>\n<meta name=\"twitter:site\" content=\"@NOTICIEROS7\" \/>\n<meta name=\"twitter:label1\" content=\"Escrito por\" \/>\n\t<meta name=\"twitter:data1\" content=\"Edici\u00f3n Web\" \/>\n\t<meta name=\"twitter:label2\" content=\"Tiempo de lectura\" \/>\n\t<meta name=\"twitter:data2\" content=\"1 minuto\" \/>\n<script type=\"application\/ld+json\" class=\"yoast-schema-graph\">{\"@context\":\"https:\\\/\\\/schema.org\",\"@graph\":[{\"@type\":\"Article\",\"@id\":\"https:\\\/\\\/canal7slp.tv\\\/2023\\\/mayor-impulso-a-la-conectividad-aerea-y-fortalecimiento-a-la-seguridad-en-la-carretera-requiere-slp-afirma-sector-hotelero\\\/#article\",\"isPartOf\":{\"@id\":\"https:\\\/\\\/canal7slp.tv\\\/2023\\\/mayor-impulso-a-la-conectividad-aerea-y-fortalecimiento-a-la-seguridad-en-la-carretera-requiere-slp-afirma-sector-hotelero\\\/\"},\"author\":{\"name\":\"Edici\u00f3n Web\",\"@id\":\"https:\\\/\\\/canal7slp.tv\\\/2023\\\/#\\\/schema\\\/person\\\/639c424e3584069003b11ae813915da6\"},\"headline\":\"Mayor impulso a la conectividad a\u00e9rea y fortalecimiento a la seguridad en la carretera requiere SLP; afirma sector hotelero\",\"datePublished\":\"2023-06-15T00:57:23+00:00\",\"mainEntityOfPage\":{\"@id\":\"https:\\\/\\\/canal7slp.tv\\\/2023\\\/mayor-impulso-a-la-conectividad-aerea-y-fortalecimiento-a-la-seguridad-en-la-carretera-requiere-slp-afirma-sector-hotelero\\\/\"},\"wordCount\":174,\"publisher\":{\"@id\":\"https:\\\/\\\/canal7slp.tv\\\/2023\\\/#organization\"},\"image\":{\"@id\":\"https:\\\/\\\/canal7slp.tv\\\/2023\\\/mayor-impulso-a-la-conectividad-aerea-y-fortalecimiento-a-la-seguridad-en-la-carretera-requiere-slp-afirma-sector-hotelero\\\/#primaryimage\"},\"thumbnailUrl\":\"https:\\\/\\\/canal7slp.tv\\\/2023\\\/wp-content\\\/uploads\\\/2023\\\/06\\\/Claudio0Carretero.jpg\",\"articleSection\":[\"DESTACADAS\",\"LOCALES Y REGIONALES\"],\"inLanguage\":\"es\"},{\"@type\":\"WebPage\",\"@id\":\"https:\\\/\\\/canal7slp.tv\\\/2023\\\/mayor-impulso-a-la-conectividad-aerea-y-fortalecimiento-a-la-seguridad-en-la-carretera-requiere-slp-afirma-sector-hotelero\\\/\",\"url\":\"https:\\\/\\\/canal7slp.tv\\\/2023\\\/mayor-impulso-a-la-conectividad-aerea-y-fortalecimiento-a-la-seguridad-en-la-carretera-requiere-slp-afirma-sector-hotelero\\\/\",\"name\":\"Mayor impulso a la conectividad a\u00e9rea y fortalecimiento a la seguridad en la carretera requiere SLP; afirma sector hotelero - Canal 7 SLP - 2023\",\"isPartOf\":{\"@id\":\"https:\\\/\\\/canal7slp.tv\\\/2023\\\/#website\"},\"primaryImageOfPage\":{\"@id\":\"https:\\\/\\\/canal7slp.tv\\\/2023\\\/mayor-impulso-a-la-conectividad-aerea-y-fortalecimiento-a-la-seguridad-en-la-carretera-requiere-slp-afirma-sector-hotelero\\\/#primaryimage\"},\"image\":{\"@id\":\"https:\\\/\\\/canal7slp.tv\\\/2023\\\/mayor-impulso-a-la-conectividad-aerea-y-fortalecimiento-a-la-seguridad-en-la-carretera-requiere-slp-afirma-sector-hotelero\\\/#primaryimage\"},\"thumbnailUrl\":\"https:\\\/\\\/canal7slp.tv\\\/2023\\\/wp-content\\\/uploads\\\/2023\\\/06\\\/Claudio0Carretero.jpg\",\"datePublished\":\"2023-06-15T00:57:23+00:00\",\"breadcrumb\":{\"@id\":\"https:\\\/\\\/canal7slp.tv\\\/2023\\\/mayor-impulso-a-la-conectividad-aerea-y-fortalecimiento-a-la-seguridad-en-la-carretera-requiere-slp-afirma-sector-hotelero\\\/#breadcrumb\"},\"inLanguage\":\"es\",\"potentialAction\":[{\"@type\":\"ReadAction\",\"target\":[\"https:\\\/\\\/canal7slp.tv\\\/2023\\\/mayor-impulso-a-la-conectividad-aerea-y-fortalecimiento-a-la-seguridad-en-la-carretera-requiere-slp-afirma-sector-hotelero\\\/\"]}]},{\"@type\":\"ImageObject\",\"inLanguage\":\"es\",\"@id\":\"https:\\\/\\\/canal7slp.tv\\\/2023\\\/mayor-impulso-a-la-conectividad-aerea-y-fortalecimiento-a-la-seguridad-en-la-carretera-requiere-slp-afirma-sector-hotelero\\\/#primaryimage\",\"url\":\"https:\\\/\\\/canal7slp.tv\\\/2023\\\/wp-content\\\/uploads\\\/2023\\\/06\\\/Claudio0Carretero.jpg\",\"contentUrl\":\"https:\\\/\\\/canal7slp.tv\\\/2023\\\/wp-content\\\/uploads\\\/2023\\\/06\\\/Claudio0Carretero.jpg\",\"width\":1280,\"height\":720},{\"@type\":\"BreadcrumbList\",\"@id\":\"https:\\\/\\\/canal7slp.tv\\\/2023\\\/mayor-impulso-a-la-conectividad-aerea-y-fortalecimiento-a-la-seguridad-en-la-carretera-requiere-slp-afirma-sector-hotelero\\\/#breadcrumb\",\"itemListElement\":[{\"@type\":\"ListItem\",\"position\":1,\"name\":\"Portada\",\"item\":\"https:\\\/\\\/canal7slp.tv\\\/2023\\\/\"},{\"@type\":\"ListItem\",\"position\":2,\"name\":\"Mayor impulso a la conectividad a\u00e9rea y fortalecimiento a la seguridad en la carretera requiere SLP; afirma sector hotelero\"}]},{\"@type\":\"WebSite\",\"@id\":\"https:\\\/\\\/canal7slp.tv\\\/2023\\\/#website\",\"url\":\"https:\\\/\\\/canal7slp.tv\\\/2023\\\/\",\"name\":\"N7 - Noticieros Canal 7\",\"description\":\"Somos Televisi\u00f3n\",\"publisher\":{\"@id\":\"https:\\\/\\\/canal7slp.tv\\\/2023\\\/#organization\"},\"potentialAction\":[{\"@type\":\"SearchAction\",\"target\":{\"@type\":\"EntryPoint\",\"urlTemplate\":\"https:\\\/\\\/canal7slp.tv\\\/2023\\\/?s={search_term_string}\"},\"query-input\":{\"@type\":\"PropertyValueSpecification\",\"valueRequired\":true,\"valueName\":\"search_term_string\"}}],\"inLanguage\":\"es\"},{\"@type\":\"Organization\",\"@id\":\"https:\\\/\\\/canal7slp.tv\\\/2023\\\/#organization\",\"name\":\"Noticieros Canal 7\",\"url\":\"https:\\\/\\\/canal7slp.tv\\\/2023\\\/\",\"logo\":{\"@type\":\"ImageObject\",\"inLanguage\":\"es\",\"@id\":\"https:\\\/\\\/canal7slp.tv\\\/2023\\\/#\\\/schema\\\/logo\\\/image\\\/\",\"url\":\"https:\\\/\\\/canal7slp.tv\\\/2023\\\/wp-content\\\/uploads\\\/2021\\\/01\\\/logo-noticieros@2x.png\",\"contentUrl\":\"https:\\\/\\\/canal7slp.tv\\\/2023\\\/wp-content\\\/uploads\\\/2021\\\/01\\\/logo-noticieros@2x.png\",\"width\":1017,\"height\":268,\"caption\":\"Noticieros Canal 7\"},\"image\":{\"@id\":\"https:\\\/\\\/canal7slp.tv\\\/2023\\\/#\\\/schema\\\/logo\\\/image\\\/\"},\"sameAs\":[\"https:\\\/\\\/www.facebook.com\\\/noticieroscanalsiete\",\"https:\\\/\\\/x.com\\\/NOTICIEROS7\",\"https:\\\/\\\/www.instagram.com\\\/canal7_slp\",\"https:\\\/\\\/www.youtube.com\\\/channel\\\/UCliiYs-gP3JfJeqdPrNdd5A\"]},{\"@type\":\"Person\",\"@id\":\"https:\\\/\\\/canal7slp.tv\\\/2023\\\/#\\\/schema\\\/person\\\/639c424e3584069003b11ae813915da6\",\"name\":\"Edici\u00f3n Web\",\"image\":{\"@type\":\"ImageObject\",\"inLanguage\":\"es\",\"@id\":\"https:\\\/\\\/secure.gravatar.com\\\/avatar\\\/eee448fc3f7164808013b816ba91ac7e43bbe82a70bebac296f8bc6f0addaa1a?s=96&d=mm&r=g\",\"url\":\"https:\\\/\\\/secure.gravatar.com\\\/avatar\\\/eee448fc3f7164808013b816ba91ac7e43bbe82a70bebac296f8bc6f0addaa1a?s=96&d=mm&r=g\",\"contentUrl\":\"https:\\\/\\\/secure.gravatar.com\\\/avatar\\\/eee448fc3f7164808013b816ba91ac7e43bbe82a70bebac296f8bc6f0addaa1a?s=96&d=mm&r=g\",\"caption\":\"Edici\u00f3n Web\"},\"url\":\"https:\\\/\\\/canal7slp.tv\\\/2023\\\/author\\\/edicionweb\\\/\"}]}<\/script>\n<!-- \/ Yoast SEO plugin. -->","yoast_head_json":{"title":"Mayor impulso a la conectividad a\u00e9rea y fortalecimiento a la seguridad en la carretera requiere SLP; afirma sector hotelero - Canal 7 SLP - 2023","robots":{"index":"index","follow":"follow","max-snippet":"max-snippet:-1","max-image-preview":"max-image-preview:large","max-video-preview":"max-video-preview:-1"},"canonical":"https:\/\/canal7slp.tv\/2023\/mayor-impulso-a-la-conectividad-aerea-y-fortalecimiento-a-la-seguridad-en-la-carretera-requiere-slp-afirma-sector-hotelero\/","og_locale":"es_ES","og_type":"article","og_title":"Mayor impulso a la conectividad a\u00e9rea y fortalecimiento a la seguridad en la carretera requiere SLP; afirma sector hotelero - Canal 7 SLP - 2023","og_description":"SLP.-\u00a0El presidente local de la asociaci\u00f3n de Hoteles y Moteles Rafael Armend\u00e1riz Bl\u00e1zquez afirm\u00f3 que para esta temporada de verano, se tienen buenas expectativas en cuanto a ocupaci\u00f3n hotelera en el estado. Sin embargo, el empresario afirm\u00f3 que en cuanto a la conectividad a\u00e9rea se debe dar un mayor impulso pero tambi\u00e9n, dar mayor seguridad en las carreteras si en el aeropuerto local solo sigue operando una l\u00ednea a\u00e9rea. El empresario hotelero record\u00f3 que se aproxima la Feria Nacional Potosina al decir que la capacidad en n\u00famero de cuartos es de 13 mil en todo el estado, y 7 mil [&hellip;]","og_url":"https:\/\/canal7slp.tv\/2023\/mayor-impulso-a-la-conectividad-aerea-y-fortalecimiento-a-la-seguridad-en-la-carretera-requiere-slp-afirma-sector-hotelero\/","og_site_name":"Canal 7 SLP - 2023","article_publisher":"https:\/\/www.facebook.com\/noticieroscanalsiete","article_published_time":"2023-06-15T00:57:23+00:00","og_image":[{"width":1280,"height":720,"url":"https:\/\/canal7slp.tv\/2023\/wp-content\/uploads\/2023\/06\/Claudio0Carretero.jpg","type":"image\/jpeg"}],"author":"Edici\u00f3n Web","twitter_card":"summary_large_image","twitter_creator":"@NOTICIEROS7","twitter_site":"@NOTICIEROS7","twitter_misc":{"Escrito por":"Edici\u00f3n Web","Tiempo de lectura":"1 minuto"},"schema":{"@context":"https:\/\/schema.org","@graph":[{"@type":"Article","@id":"https:\/\/canal7slp.tv\/2023\/mayor-impulso-a-la-conectividad-aerea-y-fortalecimiento-a-la-seguridad-en-la-carretera-requiere-slp-afirma-sector-hotelero\/#article","isPartOf":{"@id":"https:\/\/canal7slp.tv\/2023\/mayor-impulso-a-la-conectividad-aerea-y-fortalecimiento-a-la-seguridad-en-la-carretera-requiere-slp-afirma-sector-hotelero\/"},"author":{"name":"Edici\u00f3n Web","@id":"https:\/\/canal7slp.tv\/2023\/#\/schema\/person\/639c424e3584069003b11ae813915da6"},"headline":"Mayor impulso a la conectividad a\u00e9rea y fortalecimiento a la seguridad en la carretera requiere SLP; afirma sector hotelero","datePublished":"2023-06-15T00:57:23+00:00","mainEntityOfPage":{"@id":"https:\/\/canal7slp.tv\/2023\/mayor-impulso-a-la-conectividad-aerea-y-fortalecimiento-a-la-seguridad-en-la-carretera-requiere-slp-afirma-sector-hotelero\/"},"wordCount":174,"publisher":{"@id":"https:\/\/canal7slp.tv\/2023\/#organization"},"image":{"@id":"https:\/\/canal7slp.tv\/2023\/mayor-impulso-a-la-conectividad-aerea-y-fortalecimiento-a-la-seguridad-en-la-carretera-requiere-slp-afirma-sector-hotelero\/#primaryimage"},"thumbnailUrl":"https:\/\/canal7slp.tv\/2023\/wp-content\/uploads\/2023\/06\/Claudio0Carretero.jpg","articleSection":["DESTACADAS","LOCALES Y REGIONALES"],"inLanguage":"es"},{"@type":"WebPage","@id":"https:\/\/canal7slp.tv\/2023\/mayor-impulso-a-la-conectividad-aerea-y-fortalecimiento-a-la-seguridad-en-la-carretera-requiere-slp-afirma-sector-hotelero\/","url":"https:\/\/canal7slp.tv\/2023\/mayor-impulso-a-la-conectividad-aerea-y-fortalecimiento-a-la-seguridad-en-la-carretera-requiere-slp-afirma-sector-hotelero\/","name":"Mayor impulso a la conectividad a\u00e9rea y fortalecimiento a la seguridad en la carretera requiere SLP; afirma sector hotelero - Canal 7 SLP - 2023","isPartOf":{"@id":"https:\/\/canal7slp.tv\/2023\/#website"},"primaryImageOfPage":{"@id":"https:\/\/canal7slp.tv\/2023\/mayor-impulso-a-la-conectividad-aerea-y-fortalecimiento-a-la-seguridad-en-la-carretera-requiere-slp-afirma-sector-hotelero\/#primaryimage"},"image":{"@id":"https:\/\/canal7slp.tv\/2023\/mayor-impulso-a-la-conectividad-aerea-y-fortalecimiento-a-la-seguridad-en-la-carretera-requiere-slp-afirma-sector-hotelero\/#primaryimage"},"thumbnailUrl":"https:\/\/canal7slp.tv\/2023\/wp-content\/uploads\/2023\/06\/Claudio0Carretero.jpg","datePublished":"2023-06-15T00:57:23+00:00","breadcrumb":{"@id":"https:\/\/canal7slp.tv\/2023\/mayor-impulso-a-la-conectividad-aerea-y-fortalecimiento-a-la-seguridad-en-la-carretera-requiere-slp-afirma-sector-hotelero\/#breadcrumb"},"inLanguage":"es","potentialAction":[{"@type":"ReadAction","target":["https:\/\/canal7slp.tv\/2023\/mayor-impulso-a-la-conectividad-aerea-y-fortalecimiento-a-la-seguridad-en-la-carretera-requiere-slp-afirma-sector-hotelero\/"]}]},{"@type":"ImageObject","inLanguage":"es","@id":"https:\/\/canal7slp.tv\/2023\/mayor-impulso-a-la-conectividad-aerea-y-fortalecimiento-a-la-seguridad-en-la-carretera-requiere-slp-afirma-sector-hotelero\/#primaryimage","url":"https:\/\/canal7slp.tv\/2023\/wp-content\/uploads\/2023\/06\/Claudio0Carretero.jpg","contentUrl":"https:\/\/canal7slp.tv\/2023\/wp-content\/uploads\/2023\/06\/Claudio0Carretero.jpg","width":1280,"height":720},{"@type":"BreadcrumbList","@id":"https:\/\/canal7slp.tv\/2023\/mayor-impulso-a-la-conectividad-aerea-y-fortalecimiento-a-la-seguridad-en-la-carretera-requiere-slp-afirma-sector-hotelero\/#breadcrumb","itemListElement":[{"@type":"ListItem","position":1,"name":"Portada","item":"https:\/\/canal7slp.tv\/2023\/"},{"@type":"ListItem","position":2,"name":"Mayor impulso a la conectividad a\u00e9rea y fortalecimiento a la seguridad en la carretera requiere SLP; afirma sector hotelero"}]},{"@type":"WebSite","@id":"https:\/\/canal7slp.tv\/2023\/#website","url":"https:\/\/canal7slp.tv\/2023\/","name":"N7 - Noticieros Canal 7","description":"Somos Televisi\u00f3n","publisher":{"@id":"https:\/\/canal7slp.tv\/2023\/#organization"},"potentialAction":[{"@type":"SearchAction","target":{"@type":"EntryPoint","urlTemplate":"https:\/\/canal7slp.tv\/2023\/?s={search_term_string}"},"query-input":{"@type":"PropertyValueSpecification","valueRequired":true,"valueName":"search_term_string"}}],"inLanguage":"es"},{"@type":"Organization","@id":"https:\/\/canal7slp.tv\/2023\/#organization","name":"Noticieros Canal 7","url":"https:\/\/canal7slp.tv\/2023\/","logo":{"@type":"ImageObject","inLanguage":"es","@id":"https:\/\/canal7slp.tv\/2023\/#\/schema\/logo\/image\/","url":"https:\/\/canal7slp.tv\/2023\/wp-content\/uploads\/2021\/01\/logo-noticieros@2x.png","contentUrl":"https:\/\/canal7slp.tv\/2023\/wp-content\/uploads\/2021\/01\/logo-noticieros@2x.png","width":1017,"height":268,"caption":"Noticieros Canal 7"},"image":{"@id":"https:\/\/canal7slp.tv\/2023\/#\/schema\/logo\/image\/"},"sameAs":["https:\/\/www.facebook.com\/noticieroscanalsiete","https:\/\/x.com\/NOTICIEROS7","https:\/\/www.instagram.com\/canal7_slp","https:\/\/www.youtube.com\/channel\/UCliiYs-gP3JfJeqdPrNdd5A"]},{"@type":"Person","@id":"https:\/\/canal7slp.tv\/2023\/#\/schema\/person\/639c424e3584069003b11ae813915da6","name":"Edici\u00f3n Web","image":{"@type":"ImageObject","inLanguage":"es","@id":"https:\/\/secure.gravatar.com\/avatar\/eee448fc3f7164808013b816ba91ac7e43bbe82a70bebac296f8bc6f0addaa1a?s=96&d=mm&r=g","url":"https:\/\/secure.gravatar.com\/avatar\/eee448fc3f7164808013b816ba91ac7e43bbe82a70bebac296f8bc6f0addaa1a?s=96&d=mm&r=g","contentUrl":"https:\/\/secure.gravatar.com\/avatar\/eee448fc3f7164808013b816ba91ac7e43bbe82a70bebac296f8bc6f0addaa1a?s=96&d=mm&r=g","caption":"Edici\u00f3n Web"},"url":"https:\/\/canal7slp.tv\/2023\/author\/edicionweb\/"}]}},"_links":{"self":[{"href":"https:\/\/canal7slp.tv\/2023\/wp-json\/wp\/v2\/posts\/98399","targetHints":{"allow":["GET"]}}],"collection":[{"href":"https:\/\/canal7slp.tv\/2023\/wp-json\/wp\/v2\/posts"}],"about":[{"href":"https:\/\/canal7slp.tv\/2023\/wp-json\/wp\/v2\/types\/post"}],"author":[{"embeddable":true,"href":"https:\/\/canal7slp.tv\/2023\/wp-json\/wp\/v2\/users\/2"}],"replies":[{"embeddable":true,"href":"https:\/\/canal7slp.tv\/2023\/wp-json\/wp\/v2\/comments?post=98399"}],"version-history":[{"count":3,"href":"https:\/\/canal7slp.tv\/2023\/wp-json\/wp\/v2\/posts\/98399\/revisions"}],"predecessor-version":[{"id":98441,"href":"https:\/\/canal7slp.tv\/2023\/wp-json\/wp\/v2\/posts\/98399\/revisions\/98441"}],"wp:featuredmedia":[{"embeddable":true,"href":"https:\/\/canal7slp.tv\/2023\/wp-json\/wp\/v2\/media\/98439"}],"wp:attachment":[{"href":"https:\/\/canal7slp.tv\/2023\/wp-json\/wp\/v2\/media?parent=98399"}],"wp:term":[{"taxonomy":"category","embeddable":true,"href":"https:\/\/canal7slp.tv\/2023\/wp-json\/wp\/v2\/categories?post=98399"},{"taxonomy":"post_tag","embeddable":true,"href":"https:\/\/canal7slp.tv\/2023\/wp-json\/wp\/v2\/tags?post=98399"}],"curies":[{"name":"wp","href":"https:\/\/api.w.org\/{rel}","templated":true}]}}