{"id":98374,"date":"2023-06-14T19:27:45","date_gmt":"2023-06-15T01:27:45","guid":{"rendered":"https:\/\/canal7slp.tv\/2023\/?p=98374"},"modified":"2023-06-14T19:27:45","modified_gmt":"2023-06-15T01:27:45","slug":"detenida-regidora-de-reynosa-con-42-kilos-de-cocaina","status":"publish","type":"post","link":"https:\/\/canal7slp.tv\/2023\/detenida-regidora-de-reynosa-con-42-kilos-de-cocaina\/","title":{"rendered":"Detenida regidora de Reynosa con 42 kilos de coca\u00edna"},"content":{"rendered":"<p style=\"text-align: justify;\">Texas.- La regidora de Reynosa, Tamaulipas, Denisse Ahumada Mart\u00ednez fue arrestada en la garita de Falfurrias, Texas, en posesi\u00f3n de 42 kilos de coca\u00edna.<\/p>\n<p style=\"text-align: justify;\">La Patrulla Fronteriza de Estados Unidos confirm\u00f3 el arresto y revel\u00f3 que la camioneta blanca de la regidora fue inspeccionada con rayos X y hubo anomal\u00edas en los asientos.<\/p>\n<p style=\"text-align: justify;\">Luego de una b\u00fasqueda f\u00edsica, se localizaron paquetes envueltos en papel aluminio y con cinta adhesiva.<\/p>\n<p style=\"text-align: justify;\">La regidora confes\u00f3 que la droga ten\u00eda como destino la ciudad de San Antonio, Texas. Asimismo, revel\u00f3 que ya hab\u00eda transportado narc\u00f3ticos en anteriores ocasiones.<\/p>\n<p style=\"text-align: justify;\">La regidora comparecer\u00e1 en una segunda audiencia preliminar ante el juez Juan F. Alan\u00eds, ma\u00f1ana en punto de las 14:00 horas, para determinar su situaci\u00f3n jur\u00eddica.<\/p>\n<p style=\"text-align: justify;\">El juez federal en McAllen le neg\u00f3 el derecho a pagar fianza.<\/p>\n","protected":false},"excerpt":{"rendered":"<p>Texas.- La regidora de Reynosa, Tamaulipas, Denisse Ahumada Mart\u00ednez fue arrestada en la garita de Falfurrias, Texas, en posesi\u00f3n de 42 kilos de coca\u00edna. La Patrulla Fronteriza de Estados Unidos confirm\u00f3 el arresto y revel\u00f3 que la camioneta blanca de la regidora fue inspeccionada con rayos X y hubo anomal\u00edas en los asientos. Luego de una b\u00fasqueda f\u00edsica, se localizaron paquetes envueltos en papel aluminio y con cinta adhesiva. La regidora confes\u00f3 que la droga ten\u00eda como destino la ciudad de San Antonio, Texas. Asimismo, revel\u00f3 que ya hab\u00eda transportado narc\u00f3ticos en anteriores ocasiones. La regidora comparecer\u00e1 en una segunda [&hellip;]<\/p>\n","protected":false},"author":2,"featured_media":98390,"comment_status":"closed","ping_status":"closed","sticky":false,"template":"","format":"standard","meta":{"footnotes":""},"categories":[46],"tags":[],"class_list":["post-98374","post","type-post","status-publish","format-standard","has-post-thumbnail","hentry","category-nacional","post--single"],"yoast_head":"<!-- This site is optimized with the Yoast SEO plugin v27.4 - https:\/\/yoast.com\/product\/yoast-seo-wordpress\/ -->\n<title>Detenida regidora de Reynosa con 42 kilos de coca\u00edna - Canal 7 SLP - 2023<\/title>\n<meta name=\"robots\" content=\"index, follow, max-snippet:-1, max-image-preview:large, max-video-preview:-1\" \/>\n<link rel=\"canonical\" href=\"https:\/\/canal7slp.tv\/2023\/detenida-regidora-de-reynosa-con-42-kilos-de-cocaina\/\" \/>\n<meta property=\"og:locale\" content=\"es_ES\" \/>\n<meta property=\"og:type\" content=\"article\" \/>\n<meta property=\"og:title\" content=\"Detenida regidora de Reynosa con 42 kilos de coca\u00edna - Canal 7 SLP - 2023\" \/>\n<meta property=\"og:description\" content=\"Texas.- La regidora de Reynosa, Tamaulipas, Denisse Ahumada Mart\u00ednez fue arrestada en la garita de Falfurrias, Texas, en posesi\u00f3n de 42 kilos de coca\u00edna. La Patrulla Fronteriza de Estados Unidos confirm\u00f3 el arresto y revel\u00f3 que la camioneta blanca de la regidora fue inspeccionada con rayos X y hubo anomal\u00edas en los asientos. Luego de una b\u00fasqueda f\u00edsica, se localizaron paquetes envueltos en papel aluminio y con cinta adhesiva. La regidora confes\u00f3 que la droga ten\u00eda como destino la ciudad de San Antonio, Texas. Asimismo, revel\u00f3 que ya hab\u00eda transportado narc\u00f3ticos en anteriores ocasiones. La regidora comparecer\u00e1 en una segunda [&hellip;]\" \/>\n<meta property=\"og:url\" content=\"https:\/\/canal7slp.tv\/2023\/detenida-regidora-de-reynosa-con-42-kilos-de-cocaina\/\" \/>\n<meta property=\"og:site_name\" content=\"Canal 7 SLP - 2023\" \/>\n<meta property=\"article:publisher\" content=\"https:\/\/www.facebook.com\/noticieroscanalsiete\" \/>\n<meta property=\"article:published_time\" content=\"2023-06-15T01:27:45+00:00\" \/>\n<meta property=\"og:image\" content=\"https:\/\/canal7slp.tv\/2023\/wp-content\/uploads\/2023\/06\/03-13.jpg\" \/>\n\t<meta property=\"og:image:width\" content=\"1140\" \/>\n\t<meta property=\"og:image:height\" content=\"712\" \/>\n\t<meta property=\"og:image:type\" content=\"image\/jpeg\" \/>\n<meta name=\"author\" content=\"Edici\u00f3n Web\" \/>\n<meta name=\"twitter:card\" content=\"summary_large_image\" \/>\n<meta name=\"twitter:creator\" content=\"@NOTICIEROS7\" \/>\n<meta name=\"twitter:site\" content=\"@NOTICIEROS7\" \/>\n<meta name=\"twitter:label1\" content=\"Escrito por\" \/>\n\t<meta name=\"twitter:data1\" content=\"Edici\u00f3n Web\" \/>\n\t<meta name=\"twitter:label2\" content=\"Tiempo de lectura\" \/>\n\t<meta name=\"twitter:data2\" content=\"1 minuto\" \/>\n<script type=\"application\/ld+json\" class=\"yoast-schema-graph\">{\"@context\":\"https:\\\/\\\/schema.org\",\"@graph\":[{\"@type\":\"Article\",\"@id\":\"https:\\\/\\\/canal7slp.tv\\\/2023\\\/detenida-regidora-de-reynosa-con-42-kilos-de-cocaina\\\/#article\",\"isPartOf\":{\"@id\":\"https:\\\/\\\/canal7slp.tv\\\/2023\\\/detenida-regidora-de-reynosa-con-42-kilos-de-cocaina\\\/\"},\"author\":{\"name\":\"Edici\u00f3n Web\",\"@id\":\"https:\\\/\\\/canal7slp.tv\\\/2023\\\/#\\\/schema\\\/person\\\/639c424e3584069003b11ae813915da6\"},\"headline\":\"Detenida regidora de Reynosa con 42 kilos de coca\u00edna\",\"datePublished\":\"2023-06-15T01:27:45+00:00\",\"mainEntityOfPage\":{\"@id\":\"https:\\\/\\\/canal7slp.tv\\\/2023\\\/detenida-regidora-de-reynosa-con-42-kilos-de-cocaina\\\/\"},\"wordCount\":153,\"publisher\":{\"@id\":\"https:\\\/\\\/canal7slp.tv\\\/2023\\\/#organization\"},\"image\":{\"@id\":\"https:\\\/\\\/canal7slp.tv\\\/2023\\\/detenida-regidora-de-reynosa-con-42-kilos-de-cocaina\\\/#primaryimage\"},\"thumbnailUrl\":\"https:\\\/\\\/canal7slp.tv\\\/2023\\\/wp-content\\\/uploads\\\/2023\\\/06\\\/03-13.jpg\",\"articleSection\":[\"NACIONALES\"],\"inLanguage\":\"es\"},{\"@type\":\"WebPage\",\"@id\":\"https:\\\/\\\/canal7slp.tv\\\/2023\\\/detenida-regidora-de-reynosa-con-42-kilos-de-cocaina\\\/\",\"url\":\"https:\\\/\\\/canal7slp.tv\\\/2023\\\/detenida-regidora-de-reynosa-con-42-kilos-de-cocaina\\\/\",\"name\":\"Detenida regidora de Reynosa con 42 kilos de coca\u00edna - Canal 7 SLP - 2023\",\"isPartOf\":{\"@id\":\"https:\\\/\\\/canal7slp.tv\\\/2023\\\/#website\"},\"primaryImageOfPage\":{\"@id\":\"https:\\\/\\\/canal7slp.tv\\\/2023\\\/detenida-regidora-de-reynosa-con-42-kilos-de-cocaina\\\/#primaryimage\"},\"image\":{\"@id\":\"https:\\\/\\\/canal7slp.tv\\\/2023\\\/detenida-regidora-de-reynosa-con-42-kilos-de-cocaina\\\/#primaryimage\"},\"thumbnailUrl\":\"https:\\\/\\\/canal7slp.tv\\\/2023\\\/wp-content\\\/uploads\\\/2023\\\/06\\\/03-13.jpg\",\"datePublished\":\"2023-06-15T01:27:45+00:00\",\"breadcrumb\":{\"@id\":\"https:\\\/\\\/canal7slp.tv\\\/2023\\\/detenida-regidora-de-reynosa-con-42-kilos-de-cocaina\\\/#breadcrumb\"},\"inLanguage\":\"es\",\"potentialAction\":[{\"@type\":\"ReadAction\",\"target\":[\"https:\\\/\\\/canal7slp.tv\\\/2023\\\/detenida-regidora-de-reynosa-con-42-kilos-de-cocaina\\\/\"]}]},{\"@type\":\"ImageObject\",\"inLanguage\":\"es\",\"@id\":\"https:\\\/\\\/canal7slp.tv\\\/2023\\\/detenida-regidora-de-reynosa-con-42-kilos-de-cocaina\\\/#primaryimage\",\"url\":\"https:\\\/\\\/canal7slp.tv\\\/2023\\\/wp-content\\\/uploads\\\/2023\\\/06\\\/03-13.jpg\",\"contentUrl\":\"https:\\\/\\\/canal7slp.tv\\\/2023\\\/wp-content\\\/uploads\\\/2023\\\/06\\\/03-13.jpg\",\"width\":1140,\"height\":712},{\"@type\":\"BreadcrumbList\",\"@id\":\"https:\\\/\\\/canal7slp.tv\\\/2023\\\/detenida-regidora-de-reynosa-con-42-kilos-de-cocaina\\\/#breadcrumb\",\"itemListElement\":[{\"@type\":\"ListItem\",\"position\":1,\"name\":\"Portada\",\"item\":\"https:\\\/\\\/canal7slp.tv\\\/2023\\\/\"},{\"@type\":\"ListItem\",\"position\":2,\"name\":\"Detenida regidora de Reynosa con 42 kilos de coca\u00edna\"}]},{\"@type\":\"WebSite\",\"@id\":\"https:\\\/\\\/canal7slp.tv\\\/2023\\\/#website\",\"url\":\"https:\\\/\\\/canal7slp.tv\\\/2023\\\/\",\"name\":\"N7 - Noticieros Canal 7\",\"description\":\"Somos Televisi\u00f3n\",\"publisher\":{\"@id\":\"https:\\\/\\\/canal7slp.tv\\\/2023\\\/#organization\"},\"potentialAction\":[{\"@type\":\"SearchAction\",\"target\":{\"@type\":\"EntryPoint\",\"urlTemplate\":\"https:\\\/\\\/canal7slp.tv\\\/2023\\\/?s={search_term_string}\"},\"query-input\":{\"@type\":\"PropertyValueSpecification\",\"valueRequired\":true,\"valueName\":\"search_term_string\"}}],\"inLanguage\":\"es\"},{\"@type\":\"Organization\",\"@id\":\"https:\\\/\\\/canal7slp.tv\\\/2023\\\/#organization\",\"name\":\"Noticieros Canal 7\",\"url\":\"https:\\\/\\\/canal7slp.tv\\\/2023\\\/\",\"logo\":{\"@type\":\"ImageObject\",\"inLanguage\":\"es\",\"@id\":\"https:\\\/\\\/canal7slp.tv\\\/2023\\\/#\\\/schema\\\/logo\\\/image\\\/\",\"url\":\"https:\\\/\\\/canal7slp.tv\\\/2023\\\/wp-content\\\/uploads\\\/2021\\\/01\\\/logo-noticieros@2x.png\",\"contentUrl\":\"https:\\\/\\\/canal7slp.tv\\\/2023\\\/wp-content\\\/uploads\\\/2021\\\/01\\\/logo-noticieros@2x.png\",\"width\":1017,\"height\":268,\"caption\":\"Noticieros Canal 7\"},\"image\":{\"@id\":\"https:\\\/\\\/canal7slp.tv\\\/2023\\\/#\\\/schema\\\/logo\\\/image\\\/\"},\"sameAs\":[\"https:\\\/\\\/www.facebook.com\\\/noticieroscanalsiete\",\"https:\\\/\\\/x.com\\\/NOTICIEROS7\",\"https:\\\/\\\/www.instagram.com\\\/canal7_slp\",\"https:\\\/\\\/www.youtube.com\\\/channel\\\/UCliiYs-gP3JfJeqdPrNdd5A\"]},{\"@type\":\"Person\",\"@id\":\"https:\\\/\\\/canal7slp.tv\\\/2023\\\/#\\\/schema\\\/person\\\/639c424e3584069003b11ae813915da6\",\"name\":\"Edici\u00f3n Web\",\"image\":{\"@type\":\"ImageObject\",\"inLanguage\":\"es\",\"@id\":\"https:\\\/\\\/secure.gravatar.com\\\/avatar\\\/eee448fc3f7164808013b816ba91ac7e43bbe82a70bebac296f8bc6f0addaa1a?s=96&d=mm&r=g\",\"url\":\"https:\\\/\\\/secure.gravatar.com\\\/avatar\\\/eee448fc3f7164808013b816ba91ac7e43bbe82a70bebac296f8bc6f0addaa1a?s=96&d=mm&r=g\",\"contentUrl\":\"https:\\\/\\\/secure.gravatar.com\\\/avatar\\\/eee448fc3f7164808013b816ba91ac7e43bbe82a70bebac296f8bc6f0addaa1a?s=96&d=mm&r=g\",\"caption\":\"Edici\u00f3n Web\"},\"url\":\"https:\\\/\\\/canal7slp.tv\\\/2023\\\/author\\\/edicionweb\\\/\"}]}<\/script>\n<!-- \/ Yoast SEO plugin. -->","yoast_head_json":{"title":"Detenida regidora de Reynosa con 42 kilos de coca\u00edna - Canal 7 SLP - 2023","robots":{"index":"index","follow":"follow","max-snippet":"max-snippet:-1","max-image-preview":"max-image-preview:large","max-video-preview":"max-video-preview:-1"},"canonical":"https:\/\/canal7slp.tv\/2023\/detenida-regidora-de-reynosa-con-42-kilos-de-cocaina\/","og_locale":"es_ES","og_type":"article","og_title":"Detenida regidora de Reynosa con 42 kilos de coca\u00edna - Canal 7 SLP - 2023","og_description":"Texas.- La regidora de Reynosa, Tamaulipas, Denisse Ahumada Mart\u00ednez fue arrestada en la garita de Falfurrias, Texas, en posesi\u00f3n de 42 kilos de coca\u00edna. La Patrulla Fronteriza de Estados Unidos confirm\u00f3 el arresto y revel\u00f3 que la camioneta blanca de la regidora fue inspeccionada con rayos X y hubo anomal\u00edas en los asientos. Luego de una b\u00fasqueda f\u00edsica, se localizaron paquetes envueltos en papel aluminio y con cinta adhesiva. La regidora confes\u00f3 que la droga ten\u00eda como destino la ciudad de San Antonio, Texas. Asimismo, revel\u00f3 que ya hab\u00eda transportado narc\u00f3ticos en anteriores ocasiones. La regidora comparecer\u00e1 en una segunda [&hellip;]","og_url":"https:\/\/canal7slp.tv\/2023\/detenida-regidora-de-reynosa-con-42-kilos-de-cocaina\/","og_site_name":"Canal 7 SLP - 2023","article_publisher":"https:\/\/www.facebook.com\/noticieroscanalsiete","article_published_time":"2023-06-15T01:27:45+00:00","og_image":[{"width":1140,"height":712,"url":"https:\/\/canal7slp.tv\/2023\/wp-content\/uploads\/2023\/06\/03-13.jpg","type":"image\/jpeg"}],"author":"Edici\u00f3n Web","twitter_card":"summary_large_image","twitter_creator":"@NOTICIEROS7","twitter_site":"@NOTICIEROS7","twitter_misc":{"Escrito por":"Edici\u00f3n Web","Tiempo de lectura":"1 minuto"},"schema":{"@context":"https:\/\/schema.org","@graph":[{"@type":"Article","@id":"https:\/\/canal7slp.tv\/2023\/detenida-regidora-de-reynosa-con-42-kilos-de-cocaina\/#article","isPartOf":{"@id":"https:\/\/canal7slp.tv\/2023\/detenida-regidora-de-reynosa-con-42-kilos-de-cocaina\/"},"author":{"name":"Edici\u00f3n Web","@id":"https:\/\/canal7slp.tv\/2023\/#\/schema\/person\/639c424e3584069003b11ae813915da6"},"headline":"Detenida regidora de Reynosa con 42 kilos de coca\u00edna","datePublished":"2023-06-15T01:27:45+00:00","mainEntityOfPage":{"@id":"https:\/\/canal7slp.tv\/2023\/detenida-regidora-de-reynosa-con-42-kilos-de-cocaina\/"},"wordCount":153,"publisher":{"@id":"https:\/\/canal7slp.tv\/2023\/#organization"},"image":{"@id":"https:\/\/canal7slp.tv\/2023\/detenida-regidora-de-reynosa-con-42-kilos-de-cocaina\/#primaryimage"},"thumbnailUrl":"https:\/\/canal7slp.tv\/2023\/wp-content\/uploads\/2023\/06\/03-13.jpg","articleSection":["NACIONALES"],"inLanguage":"es"},{"@type":"WebPage","@id":"https:\/\/canal7slp.tv\/2023\/detenida-regidora-de-reynosa-con-42-kilos-de-cocaina\/","url":"https:\/\/canal7slp.tv\/2023\/detenida-regidora-de-reynosa-con-42-kilos-de-cocaina\/","name":"Detenida regidora de Reynosa con 42 kilos de coca\u00edna - Canal 7 SLP - 2023","isPartOf":{"@id":"https:\/\/canal7slp.tv\/2023\/#website"},"primaryImageOfPage":{"@id":"https:\/\/canal7slp.tv\/2023\/detenida-regidora-de-reynosa-con-42-kilos-de-cocaina\/#primaryimage"},"image":{"@id":"https:\/\/canal7slp.tv\/2023\/detenida-regidora-de-reynosa-con-42-kilos-de-cocaina\/#primaryimage"},"thumbnailUrl":"https:\/\/canal7slp.tv\/2023\/wp-content\/uploads\/2023\/06\/03-13.jpg","datePublished":"2023-06-15T01:27:45+00:00","breadcrumb":{"@id":"https:\/\/canal7slp.tv\/2023\/detenida-regidora-de-reynosa-con-42-kilos-de-cocaina\/#breadcrumb"},"inLanguage":"es","potentialAction":[{"@type":"ReadAction","target":["https:\/\/canal7slp.tv\/2023\/detenida-regidora-de-reynosa-con-42-kilos-de-cocaina\/"]}]},{"@type":"ImageObject","inLanguage":"es","@id":"https:\/\/canal7slp.tv\/2023\/detenida-regidora-de-reynosa-con-42-kilos-de-cocaina\/#primaryimage","url":"https:\/\/canal7slp.tv\/2023\/wp-content\/uploads\/2023\/06\/03-13.jpg","contentUrl":"https:\/\/canal7slp.tv\/2023\/wp-content\/uploads\/2023\/06\/03-13.jpg","width":1140,"height":712},{"@type":"BreadcrumbList","@id":"https:\/\/canal7slp.tv\/2023\/detenida-regidora-de-reynosa-con-42-kilos-de-cocaina\/#breadcrumb","itemListElement":[{"@type":"ListItem","position":1,"name":"Portada","item":"https:\/\/canal7slp.tv\/2023\/"},{"@type":"ListItem","position":2,"name":"Detenida regidora de Reynosa con 42 kilos de coca\u00edna"}]},{"@type":"WebSite","@id":"https:\/\/canal7slp.tv\/2023\/#website","url":"https:\/\/canal7slp.tv\/2023\/","name":"N7 - Noticieros Canal 7","description":"Somos Televisi\u00f3n","publisher":{"@id":"https:\/\/canal7slp.tv\/2023\/#organization"},"potentialAction":[{"@type":"SearchAction","target":{"@type":"EntryPoint","urlTemplate":"https:\/\/canal7slp.tv\/2023\/?s={search_term_string}"},"query-input":{"@type":"PropertyValueSpecification","valueRequired":true,"valueName":"search_term_string"}}],"inLanguage":"es"},{"@type":"Organization","@id":"https:\/\/canal7slp.tv\/2023\/#organization","name":"Noticieros Canal 7","url":"https:\/\/canal7slp.tv\/2023\/","logo":{"@type":"ImageObject","inLanguage":"es","@id":"https:\/\/canal7slp.tv\/2023\/#\/schema\/logo\/image\/","url":"https:\/\/canal7slp.tv\/2023\/wp-content\/uploads\/2021\/01\/logo-noticieros@2x.png","contentUrl":"https:\/\/canal7slp.tv\/2023\/wp-content\/uploads\/2021\/01\/logo-noticieros@2x.png","width":1017,"height":268,"caption":"Noticieros Canal 7"},"image":{"@id":"https:\/\/canal7slp.tv\/2023\/#\/schema\/logo\/image\/"},"sameAs":["https:\/\/www.facebook.com\/noticieroscanalsiete","https:\/\/x.com\/NOTICIEROS7","https:\/\/www.instagram.com\/canal7_slp","https:\/\/www.youtube.com\/channel\/UCliiYs-gP3JfJeqdPrNdd5A"]},{"@type":"Person","@id":"https:\/\/canal7slp.tv\/2023\/#\/schema\/person\/639c424e3584069003b11ae813915da6","name":"Edici\u00f3n Web","image":{"@type":"ImageObject","inLanguage":"es","@id":"https:\/\/secure.gravatar.com\/avatar\/eee448fc3f7164808013b816ba91ac7e43bbe82a70bebac296f8bc6f0addaa1a?s=96&d=mm&r=g","url":"https:\/\/secure.gravatar.com\/avatar\/eee448fc3f7164808013b816ba91ac7e43bbe82a70bebac296f8bc6f0addaa1a?s=96&d=mm&r=g","contentUrl":"https:\/\/secure.gravatar.com\/avatar\/eee448fc3f7164808013b816ba91ac7e43bbe82a70bebac296f8bc6f0addaa1a?s=96&d=mm&r=g","caption":"Edici\u00f3n Web"},"url":"https:\/\/canal7slp.tv\/2023\/author\/edicionweb\/"}]}},"_links":{"self":[{"href":"https:\/\/canal7slp.tv\/2023\/wp-json\/wp\/v2\/posts\/98374","targetHints":{"allow":["GET"]}}],"collection":[{"href":"https:\/\/canal7slp.tv\/2023\/wp-json\/wp\/v2\/posts"}],"about":[{"href":"https:\/\/canal7slp.tv\/2023\/wp-json\/wp\/v2\/types\/post"}],"author":[{"embeddable":true,"href":"https:\/\/canal7slp.tv\/2023\/wp-json\/wp\/v2\/users\/2"}],"replies":[{"embeddable":true,"href":"https:\/\/canal7slp.tv\/2023\/wp-json\/wp\/v2\/comments?post=98374"}],"version-history":[{"count":3,"href":"https:\/\/canal7slp.tv\/2023\/wp-json\/wp\/v2\/posts\/98374\/revisions"}],"predecessor-version":[{"id":98451,"href":"https:\/\/canal7slp.tv\/2023\/wp-json\/wp\/v2\/posts\/98374\/revisions\/98451"}],"wp:featuredmedia":[{"embeddable":true,"href":"https:\/\/canal7slp.tv\/2023\/wp-json\/wp\/v2\/media\/98390"}],"wp:attachment":[{"href":"https:\/\/canal7slp.tv\/2023\/wp-json\/wp\/v2\/media?parent=98374"}],"wp:term":[{"taxonomy":"category","embeddable":true,"href":"https:\/\/canal7slp.tv\/2023\/wp-json\/wp\/v2\/categories?post=98374"},{"taxonomy":"post_tag","embeddable":true,"href":"https:\/\/canal7slp.tv\/2023\/wp-json\/wp\/v2\/tags?post=98374"}],"curies":[{"name":"wp","href":"https:\/\/api.w.org\/{rel}","templated":true}]}}