{"id":98372,"date":"2023-06-14T19:24:41","date_gmt":"2023-06-15T01:24:41","guid":{"rendered":"https:\/\/canal7slp.tv\/2023\/?p=98372"},"modified":"2023-06-14T19:24:41","modified_gmt":"2023-06-15T01:24:41","slug":"es-posible-morir-por-un-golpe-de-calor-advierten","status":"publish","type":"post","link":"https:\/\/canal7slp.tv\/2023\/es-posible-morir-por-un-golpe-de-calor-advierten\/","title":{"rendered":"Es posible morir por un golpe de calor, advierten"},"content":{"rendered":"<p style=\"text-align: justify;\">M\u00e9xico.- Especialistas advierten que los efectos del calor extremo pueden ocasionar la muerte en hasta el 80% de las personas afectadas.<\/p>\n<p style=\"text-align: justify;\">Debido a esto, es fundamental tomar precauciones preventivas y buscar ayuda de los servicios de emergencia si es necesario.<\/p>\n<p style=\"text-align: justify;\">El golpe de calor se considera una emergencia m\u00e9dica que pone en peligro la vida del paciente.<\/p>\n<p style=\"text-align: justify;\">Algunos de los signos y s\u00edntomas de esta condici\u00f3n incluyen haber estado expuesto al sol durante periodos prolongados, presentar una temperatura corporal de 39.5 o 40 grados Celsius, experimentar n\u00e1useas, v\u00f3mitos, dolor de cabeza, palpitaciones y alteraciones neurol\u00f3gicas como somnolencia excesiva, fatiga extrema y alucinaciones, que pueden llevar a la persona a un estado de coma y, en \u00faltima instancia, a la muerte.<\/p>\n<p style=\"text-align: justify;\">Los especialistas recomendaron que todas las personas eviten exponerse al sol y mantengan sus hogares ventilados, ya que el golpe de calor tambi\u00e9n puede ocurrir en lugares muy calurosos y con poca circulaci\u00f3n de aire.<\/p>\n","protected":false},"excerpt":{"rendered":"<p>M\u00e9xico.- Especialistas advierten que los efectos del calor extremo pueden ocasionar la muerte en hasta el 80% de las personas afectadas. Debido a esto, es fundamental tomar precauciones preventivas y buscar ayuda de los servicios de emergencia si es necesario. El golpe de calor se considera una emergencia m\u00e9dica que pone en peligro la vida del paciente. Algunos de los signos y s\u00edntomas de esta condici\u00f3n incluyen haber estado expuesto al sol durante periodos prolongados, presentar una temperatura corporal de 39.5 o 40 grados Celsius, experimentar n\u00e1useas, v\u00f3mitos, dolor de cabeza, palpitaciones y alteraciones neurol\u00f3gicas como somnolencia excesiva, fatiga extrema [&hellip;]<\/p>\n","protected":false},"author":2,"featured_media":98388,"comment_status":"closed","ping_status":"closed","sticky":false,"template":"","format":"standard","meta":{"footnotes":""},"categories":[46],"tags":[],"class_list":["post-98372","post","type-post","status-publish","format-standard","has-post-thumbnail","hentry","category-nacional","post--single"],"yoast_head":"<!-- This site is optimized with the Yoast SEO plugin v27.4 - https:\/\/yoast.com\/product\/yoast-seo-wordpress\/ -->\n<title>Es posible morir por un golpe de calor, advierten - Canal 7 SLP - 2023<\/title>\n<meta name=\"robots\" content=\"index, follow, max-snippet:-1, max-image-preview:large, max-video-preview:-1\" \/>\n<link rel=\"canonical\" href=\"https:\/\/canal7slp.tv\/2023\/es-posible-morir-por-un-golpe-de-calor-advierten\/\" \/>\n<meta property=\"og:locale\" content=\"es_ES\" \/>\n<meta property=\"og:type\" content=\"article\" \/>\n<meta property=\"og:title\" content=\"Es posible morir por un golpe de calor, advierten - Canal 7 SLP - 2023\" \/>\n<meta property=\"og:description\" content=\"M\u00e9xico.- Especialistas advierten que los efectos del calor extremo pueden ocasionar la muerte en hasta el 80% de las personas afectadas. Debido a esto, es fundamental tomar precauciones preventivas y buscar ayuda de los servicios de emergencia si es necesario. El golpe de calor se considera una emergencia m\u00e9dica que pone en peligro la vida del paciente. Algunos de los signos y s\u00edntomas de esta condici\u00f3n incluyen haber estado expuesto al sol durante periodos prolongados, presentar una temperatura corporal de 39.5 o 40 grados Celsius, experimentar n\u00e1useas, v\u00f3mitos, dolor de cabeza, palpitaciones y alteraciones neurol\u00f3gicas como somnolencia excesiva, fatiga extrema [&hellip;]\" \/>\n<meta property=\"og:url\" content=\"https:\/\/canal7slp.tv\/2023\/es-posible-morir-por-un-golpe-de-calor-advierten\/\" \/>\n<meta property=\"og:site_name\" content=\"Canal 7 SLP - 2023\" \/>\n<meta property=\"article:publisher\" content=\"https:\/\/www.facebook.com\/noticieroscanalsiete\" \/>\n<meta property=\"article:published_time\" content=\"2023-06-15T01:24:41+00:00\" \/>\n<meta property=\"og:image\" content=\"https:\/\/canal7slp.tv\/2023\/wp-content\/uploads\/2023\/06\/01-11.jpg\" \/>\n\t<meta property=\"og:image:width\" content=\"1200\" \/>\n\t<meta property=\"og:image:height\" content=\"900\" \/>\n\t<meta property=\"og:image:type\" content=\"image\/jpeg\" \/>\n<meta name=\"author\" content=\"Edici\u00f3n Web\" \/>\n<meta name=\"twitter:card\" content=\"summary_large_image\" \/>\n<meta name=\"twitter:creator\" content=\"@NOTICIEROS7\" \/>\n<meta name=\"twitter:site\" content=\"@NOTICIEROS7\" \/>\n<meta name=\"twitter:label1\" content=\"Escrito por\" \/>\n\t<meta name=\"twitter:data1\" content=\"Edici\u00f3n Web\" \/>\n\t<meta name=\"twitter:label2\" content=\"Tiempo de lectura\" \/>\n\t<meta name=\"twitter:data2\" content=\"1 minuto\" \/>\n<script type=\"application\/ld+json\" class=\"yoast-schema-graph\">{\"@context\":\"https:\\\/\\\/schema.org\",\"@graph\":[{\"@type\":\"Article\",\"@id\":\"https:\\\/\\\/canal7slp.tv\\\/2023\\\/es-posible-morir-por-un-golpe-de-calor-advierten\\\/#article\",\"isPartOf\":{\"@id\":\"https:\\\/\\\/canal7slp.tv\\\/2023\\\/es-posible-morir-por-un-golpe-de-calor-advierten\\\/\"},\"author\":{\"name\":\"Edici\u00f3n Web\",\"@id\":\"https:\\\/\\\/canal7slp.tv\\\/2023\\\/#\\\/schema\\\/person\\\/639c424e3584069003b11ae813915da6\"},\"headline\":\"Es posible morir por un golpe de calor, advierten\",\"datePublished\":\"2023-06-15T01:24:41+00:00\",\"mainEntityOfPage\":{\"@id\":\"https:\\\/\\\/canal7slp.tv\\\/2023\\\/es-posible-morir-por-un-golpe-de-calor-advierten\\\/\"},\"wordCount\":171,\"publisher\":{\"@id\":\"https:\\\/\\\/canal7slp.tv\\\/2023\\\/#organization\"},\"image\":{\"@id\":\"https:\\\/\\\/canal7slp.tv\\\/2023\\\/es-posible-morir-por-un-golpe-de-calor-advierten\\\/#primaryimage\"},\"thumbnailUrl\":\"https:\\\/\\\/canal7slp.tv\\\/2023\\\/wp-content\\\/uploads\\\/2023\\\/06\\\/01-11.jpg\",\"articleSection\":[\"NACIONALES\"],\"inLanguage\":\"es\"},{\"@type\":\"WebPage\",\"@id\":\"https:\\\/\\\/canal7slp.tv\\\/2023\\\/es-posible-morir-por-un-golpe-de-calor-advierten\\\/\",\"url\":\"https:\\\/\\\/canal7slp.tv\\\/2023\\\/es-posible-morir-por-un-golpe-de-calor-advierten\\\/\",\"name\":\"Es posible morir por un golpe de calor, advierten - Canal 7 SLP - 2023\",\"isPartOf\":{\"@id\":\"https:\\\/\\\/canal7slp.tv\\\/2023\\\/#website\"},\"primaryImageOfPage\":{\"@id\":\"https:\\\/\\\/canal7slp.tv\\\/2023\\\/es-posible-morir-por-un-golpe-de-calor-advierten\\\/#primaryimage\"},\"image\":{\"@id\":\"https:\\\/\\\/canal7slp.tv\\\/2023\\\/es-posible-morir-por-un-golpe-de-calor-advierten\\\/#primaryimage\"},\"thumbnailUrl\":\"https:\\\/\\\/canal7slp.tv\\\/2023\\\/wp-content\\\/uploads\\\/2023\\\/06\\\/01-11.jpg\",\"datePublished\":\"2023-06-15T01:24:41+00:00\",\"breadcrumb\":{\"@id\":\"https:\\\/\\\/canal7slp.tv\\\/2023\\\/es-posible-morir-por-un-golpe-de-calor-advierten\\\/#breadcrumb\"},\"inLanguage\":\"es\",\"potentialAction\":[{\"@type\":\"ReadAction\",\"target\":[\"https:\\\/\\\/canal7slp.tv\\\/2023\\\/es-posible-morir-por-un-golpe-de-calor-advierten\\\/\"]}]},{\"@type\":\"ImageObject\",\"inLanguage\":\"es\",\"@id\":\"https:\\\/\\\/canal7slp.tv\\\/2023\\\/es-posible-morir-por-un-golpe-de-calor-advierten\\\/#primaryimage\",\"url\":\"https:\\\/\\\/canal7slp.tv\\\/2023\\\/wp-content\\\/uploads\\\/2023\\\/06\\\/01-11.jpg\",\"contentUrl\":\"https:\\\/\\\/canal7slp.tv\\\/2023\\\/wp-content\\\/uploads\\\/2023\\\/06\\\/01-11.jpg\",\"width\":1200,\"height\":900},{\"@type\":\"BreadcrumbList\",\"@id\":\"https:\\\/\\\/canal7slp.tv\\\/2023\\\/es-posible-morir-por-un-golpe-de-calor-advierten\\\/#breadcrumb\",\"itemListElement\":[{\"@type\":\"ListItem\",\"position\":1,\"name\":\"Portada\",\"item\":\"https:\\\/\\\/canal7slp.tv\\\/2023\\\/\"},{\"@type\":\"ListItem\",\"position\":2,\"name\":\"Es posible morir por un golpe de calor, advierten\"}]},{\"@type\":\"WebSite\",\"@id\":\"https:\\\/\\\/canal7slp.tv\\\/2023\\\/#website\",\"url\":\"https:\\\/\\\/canal7slp.tv\\\/2023\\\/\",\"name\":\"N7 - Noticieros Canal 7\",\"description\":\"Somos Televisi\u00f3n\",\"publisher\":{\"@id\":\"https:\\\/\\\/canal7slp.tv\\\/2023\\\/#organization\"},\"potentialAction\":[{\"@type\":\"SearchAction\",\"target\":{\"@type\":\"EntryPoint\",\"urlTemplate\":\"https:\\\/\\\/canal7slp.tv\\\/2023\\\/?s={search_term_string}\"},\"query-input\":{\"@type\":\"PropertyValueSpecification\",\"valueRequired\":true,\"valueName\":\"search_term_string\"}}],\"inLanguage\":\"es\"},{\"@type\":\"Organization\",\"@id\":\"https:\\\/\\\/canal7slp.tv\\\/2023\\\/#organization\",\"name\":\"Noticieros Canal 7\",\"url\":\"https:\\\/\\\/canal7slp.tv\\\/2023\\\/\",\"logo\":{\"@type\":\"ImageObject\",\"inLanguage\":\"es\",\"@id\":\"https:\\\/\\\/canal7slp.tv\\\/2023\\\/#\\\/schema\\\/logo\\\/image\\\/\",\"url\":\"https:\\\/\\\/canal7slp.tv\\\/2023\\\/wp-content\\\/uploads\\\/2021\\\/01\\\/logo-noticieros@2x.png\",\"contentUrl\":\"https:\\\/\\\/canal7slp.tv\\\/2023\\\/wp-content\\\/uploads\\\/2021\\\/01\\\/logo-noticieros@2x.png\",\"width\":1017,\"height\":268,\"caption\":\"Noticieros Canal 7\"},\"image\":{\"@id\":\"https:\\\/\\\/canal7slp.tv\\\/2023\\\/#\\\/schema\\\/logo\\\/image\\\/\"},\"sameAs\":[\"https:\\\/\\\/www.facebook.com\\\/noticieroscanalsiete\",\"https:\\\/\\\/x.com\\\/NOTICIEROS7\",\"https:\\\/\\\/www.instagram.com\\\/canal7_slp\",\"https:\\\/\\\/www.youtube.com\\\/channel\\\/UCliiYs-gP3JfJeqdPrNdd5A\"]},{\"@type\":\"Person\",\"@id\":\"https:\\\/\\\/canal7slp.tv\\\/2023\\\/#\\\/schema\\\/person\\\/639c424e3584069003b11ae813915da6\",\"name\":\"Edici\u00f3n Web\",\"image\":{\"@type\":\"ImageObject\",\"inLanguage\":\"es\",\"@id\":\"https:\\\/\\\/secure.gravatar.com\\\/avatar\\\/eee448fc3f7164808013b816ba91ac7e43bbe82a70bebac296f8bc6f0addaa1a?s=96&d=mm&r=g\",\"url\":\"https:\\\/\\\/secure.gravatar.com\\\/avatar\\\/eee448fc3f7164808013b816ba91ac7e43bbe82a70bebac296f8bc6f0addaa1a?s=96&d=mm&r=g\",\"contentUrl\":\"https:\\\/\\\/secure.gravatar.com\\\/avatar\\\/eee448fc3f7164808013b816ba91ac7e43bbe82a70bebac296f8bc6f0addaa1a?s=96&d=mm&r=g\",\"caption\":\"Edici\u00f3n Web\"},\"url\":\"https:\\\/\\\/canal7slp.tv\\\/2023\\\/author\\\/edicionweb\\\/\"}]}<\/script>\n<!-- \/ Yoast SEO plugin. -->","yoast_head_json":{"title":"Es posible morir por un golpe de calor, advierten - Canal 7 SLP - 2023","robots":{"index":"index","follow":"follow","max-snippet":"max-snippet:-1","max-image-preview":"max-image-preview:large","max-video-preview":"max-video-preview:-1"},"canonical":"https:\/\/canal7slp.tv\/2023\/es-posible-morir-por-un-golpe-de-calor-advierten\/","og_locale":"es_ES","og_type":"article","og_title":"Es posible morir por un golpe de calor, advierten - Canal 7 SLP - 2023","og_description":"M\u00e9xico.- Especialistas advierten que los efectos del calor extremo pueden ocasionar la muerte en hasta el 80% de las personas afectadas. Debido a esto, es fundamental tomar precauciones preventivas y buscar ayuda de los servicios de emergencia si es necesario. El golpe de calor se considera una emergencia m\u00e9dica que pone en peligro la vida del paciente. Algunos de los signos y s\u00edntomas de esta condici\u00f3n incluyen haber estado expuesto al sol durante periodos prolongados, presentar una temperatura corporal de 39.5 o 40 grados Celsius, experimentar n\u00e1useas, v\u00f3mitos, dolor de cabeza, palpitaciones y alteraciones neurol\u00f3gicas como somnolencia excesiva, fatiga extrema [&hellip;]","og_url":"https:\/\/canal7slp.tv\/2023\/es-posible-morir-por-un-golpe-de-calor-advierten\/","og_site_name":"Canal 7 SLP - 2023","article_publisher":"https:\/\/www.facebook.com\/noticieroscanalsiete","article_published_time":"2023-06-15T01:24:41+00:00","og_image":[{"width":1200,"height":900,"url":"https:\/\/canal7slp.tv\/2023\/wp-content\/uploads\/2023\/06\/01-11.jpg","type":"image\/jpeg"}],"author":"Edici\u00f3n Web","twitter_card":"summary_large_image","twitter_creator":"@NOTICIEROS7","twitter_site":"@NOTICIEROS7","twitter_misc":{"Escrito por":"Edici\u00f3n Web","Tiempo de lectura":"1 minuto"},"schema":{"@context":"https:\/\/schema.org","@graph":[{"@type":"Article","@id":"https:\/\/canal7slp.tv\/2023\/es-posible-morir-por-un-golpe-de-calor-advierten\/#article","isPartOf":{"@id":"https:\/\/canal7slp.tv\/2023\/es-posible-morir-por-un-golpe-de-calor-advierten\/"},"author":{"name":"Edici\u00f3n Web","@id":"https:\/\/canal7slp.tv\/2023\/#\/schema\/person\/639c424e3584069003b11ae813915da6"},"headline":"Es posible morir por un golpe de calor, advierten","datePublished":"2023-06-15T01:24:41+00:00","mainEntityOfPage":{"@id":"https:\/\/canal7slp.tv\/2023\/es-posible-morir-por-un-golpe-de-calor-advierten\/"},"wordCount":171,"publisher":{"@id":"https:\/\/canal7slp.tv\/2023\/#organization"},"image":{"@id":"https:\/\/canal7slp.tv\/2023\/es-posible-morir-por-un-golpe-de-calor-advierten\/#primaryimage"},"thumbnailUrl":"https:\/\/canal7slp.tv\/2023\/wp-content\/uploads\/2023\/06\/01-11.jpg","articleSection":["NACIONALES"],"inLanguage":"es"},{"@type":"WebPage","@id":"https:\/\/canal7slp.tv\/2023\/es-posible-morir-por-un-golpe-de-calor-advierten\/","url":"https:\/\/canal7slp.tv\/2023\/es-posible-morir-por-un-golpe-de-calor-advierten\/","name":"Es posible morir por un golpe de calor, advierten - Canal 7 SLP - 2023","isPartOf":{"@id":"https:\/\/canal7slp.tv\/2023\/#website"},"primaryImageOfPage":{"@id":"https:\/\/canal7slp.tv\/2023\/es-posible-morir-por-un-golpe-de-calor-advierten\/#primaryimage"},"image":{"@id":"https:\/\/canal7slp.tv\/2023\/es-posible-morir-por-un-golpe-de-calor-advierten\/#primaryimage"},"thumbnailUrl":"https:\/\/canal7slp.tv\/2023\/wp-content\/uploads\/2023\/06\/01-11.jpg","datePublished":"2023-06-15T01:24:41+00:00","breadcrumb":{"@id":"https:\/\/canal7slp.tv\/2023\/es-posible-morir-por-un-golpe-de-calor-advierten\/#breadcrumb"},"inLanguage":"es","potentialAction":[{"@type":"ReadAction","target":["https:\/\/canal7slp.tv\/2023\/es-posible-morir-por-un-golpe-de-calor-advierten\/"]}]},{"@type":"ImageObject","inLanguage":"es","@id":"https:\/\/canal7slp.tv\/2023\/es-posible-morir-por-un-golpe-de-calor-advierten\/#primaryimage","url":"https:\/\/canal7slp.tv\/2023\/wp-content\/uploads\/2023\/06\/01-11.jpg","contentUrl":"https:\/\/canal7slp.tv\/2023\/wp-content\/uploads\/2023\/06\/01-11.jpg","width":1200,"height":900},{"@type":"BreadcrumbList","@id":"https:\/\/canal7slp.tv\/2023\/es-posible-morir-por-un-golpe-de-calor-advierten\/#breadcrumb","itemListElement":[{"@type":"ListItem","position":1,"name":"Portada","item":"https:\/\/canal7slp.tv\/2023\/"},{"@type":"ListItem","position":2,"name":"Es posible morir por un golpe de calor, advierten"}]},{"@type":"WebSite","@id":"https:\/\/canal7slp.tv\/2023\/#website","url":"https:\/\/canal7slp.tv\/2023\/","name":"N7 - Noticieros Canal 7","description":"Somos Televisi\u00f3n","publisher":{"@id":"https:\/\/canal7slp.tv\/2023\/#organization"},"potentialAction":[{"@type":"SearchAction","target":{"@type":"EntryPoint","urlTemplate":"https:\/\/canal7slp.tv\/2023\/?s={search_term_string}"},"query-input":{"@type":"PropertyValueSpecification","valueRequired":true,"valueName":"search_term_string"}}],"inLanguage":"es"},{"@type":"Organization","@id":"https:\/\/canal7slp.tv\/2023\/#organization","name":"Noticieros Canal 7","url":"https:\/\/canal7slp.tv\/2023\/","logo":{"@type":"ImageObject","inLanguage":"es","@id":"https:\/\/canal7slp.tv\/2023\/#\/schema\/logo\/image\/","url":"https:\/\/canal7slp.tv\/2023\/wp-content\/uploads\/2021\/01\/logo-noticieros@2x.png","contentUrl":"https:\/\/canal7slp.tv\/2023\/wp-content\/uploads\/2021\/01\/logo-noticieros@2x.png","width":1017,"height":268,"caption":"Noticieros Canal 7"},"image":{"@id":"https:\/\/canal7slp.tv\/2023\/#\/schema\/logo\/image\/"},"sameAs":["https:\/\/www.facebook.com\/noticieroscanalsiete","https:\/\/x.com\/NOTICIEROS7","https:\/\/www.instagram.com\/canal7_slp","https:\/\/www.youtube.com\/channel\/UCliiYs-gP3JfJeqdPrNdd5A"]},{"@type":"Person","@id":"https:\/\/canal7slp.tv\/2023\/#\/schema\/person\/639c424e3584069003b11ae813915da6","name":"Edici\u00f3n Web","image":{"@type":"ImageObject","inLanguage":"es","@id":"https:\/\/secure.gravatar.com\/avatar\/eee448fc3f7164808013b816ba91ac7e43bbe82a70bebac296f8bc6f0addaa1a?s=96&d=mm&r=g","url":"https:\/\/secure.gravatar.com\/avatar\/eee448fc3f7164808013b816ba91ac7e43bbe82a70bebac296f8bc6f0addaa1a?s=96&d=mm&r=g","contentUrl":"https:\/\/secure.gravatar.com\/avatar\/eee448fc3f7164808013b816ba91ac7e43bbe82a70bebac296f8bc6f0addaa1a?s=96&d=mm&r=g","caption":"Edici\u00f3n Web"},"url":"https:\/\/canal7slp.tv\/2023\/author\/edicionweb\/"}]}},"_links":{"self":[{"href":"https:\/\/canal7slp.tv\/2023\/wp-json\/wp\/v2\/posts\/98372","targetHints":{"allow":["GET"]}}],"collection":[{"href":"https:\/\/canal7slp.tv\/2023\/wp-json\/wp\/v2\/posts"}],"about":[{"href":"https:\/\/canal7slp.tv\/2023\/wp-json\/wp\/v2\/types\/post"}],"author":[{"embeddable":true,"href":"https:\/\/canal7slp.tv\/2023\/wp-json\/wp\/v2\/users\/2"}],"replies":[{"embeddable":true,"href":"https:\/\/canal7slp.tv\/2023\/wp-json\/wp\/v2\/comments?post=98372"}],"version-history":[{"count":3,"href":"https:\/\/canal7slp.tv\/2023\/wp-json\/wp\/v2\/posts\/98372\/revisions"}],"predecessor-version":[{"id":98449,"href":"https:\/\/canal7slp.tv\/2023\/wp-json\/wp\/v2\/posts\/98372\/revisions\/98449"}],"wp:featuredmedia":[{"embeddable":true,"href":"https:\/\/canal7slp.tv\/2023\/wp-json\/wp\/v2\/media\/98388"}],"wp:attachment":[{"href":"https:\/\/canal7slp.tv\/2023\/wp-json\/wp\/v2\/media?parent=98372"}],"wp:term":[{"taxonomy":"category","embeddable":true,"href":"https:\/\/canal7slp.tv\/2023\/wp-json\/wp\/v2\/categories?post=98372"},{"taxonomy":"post_tag","embeddable":true,"href":"https:\/\/canal7slp.tv\/2023\/wp-json\/wp\/v2\/tags?post=98372"}],"curies":[{"name":"wp","href":"https:\/\/api.w.org\/{rel}","templated":true}]}}