{"id":98187,"date":"2023-06-14T16:45:34","date_gmt":"2023-06-14T22:45:34","guid":{"rendered":"https:\/\/canal7slp.tv\/2023\/?p=98187"},"modified":"2023-06-14T16:45:46","modified_gmt":"2023-06-14T22:45:46","slug":"anuncian-a-alicia-barcena-como-nueva-canciller-de-mexico","status":"publish","type":"post","link":"https:\/\/canal7slp.tv\/2023\/anuncian-a-alicia-barcena-como-nueva-canciller-de-mexico\/","title":{"rendered":"Alicia B\u00e1rcena, diplom\u00e1tica, ser\u00e1 la nueva Secretaria de Relaciones Exteriores"},"content":{"rendered":"<ul>\n<li>En tanto, la subsecretaria, Carmen Moreno Toscano funge como encargada de despacho<\/li>\n<\/ul>\n<p style=\"text-align: justify;\">M\u00e9xico.- El Presidente Andr\u00e9s Manuel L\u00f3pez Obrador anunci\u00f3 que Alicia B\u00e1rcena Ibarra, actual embajadora de M\u00e9xico en Chile y ex secretaria ejecutiva de la Comisi\u00f3n Econ\u00f3mica para Am\u00e9rica Latina (Cepal), ser\u00e1 la nueva titular de la Secretar\u00eda de Relaciones Exteriores en sustituci\u00f3n de Marcelo Ebrard.<\/p>\n<p style=\"text-align: justify;\">El mandatario se\u00f1al\u00f3 que B\u00e1rcena Ibarra es una mujer inteligente y capaz con una amplia carrera en el campo de la diplomacia.<\/p>\n","protected":false},"excerpt":{"rendered":"<p>En tanto, la subsecretaria, Carmen Moreno Toscano funge como encargada de despacho M\u00e9xico.- El Presidente Andr\u00e9s Manuel L\u00f3pez Obrador anunci\u00f3 que Alicia B\u00e1rcena Ibarra, actual embajadora de M\u00e9xico en Chile y ex secretaria ejecutiva de la Comisi\u00f3n Econ\u00f3mica para Am\u00e9rica Latina (Cepal), ser\u00e1 la nueva titular de la Secretar\u00eda de Relaciones Exteriores en sustituci\u00f3n de Marcelo Ebrard. El mandatario se\u00f1al\u00f3 que B\u00e1rcena Ibarra es una mujer inteligente y capaz con una amplia carrera en el campo de la diplomacia.<\/p>\n","protected":false},"author":2,"featured_media":98206,"comment_status":"closed","ping_status":"closed","sticky":false,"template":"","format":"standard","meta":{"footnotes":""},"categories":[46],"tags":[],"class_list":["post-98187","post","type-post","status-publish","format-standard","has-post-thumbnail","hentry","category-nacional","post--single"],"yoast_head":"<!-- This site is optimized with the Yoast SEO plugin v27.4 - https:\/\/yoast.com\/product\/yoast-seo-wordpress\/ -->\n<title>Alicia B\u00e1rcena, diplom\u00e1tica, ser\u00e1 la nueva Secretaria de Relaciones Exteriores - Canal 7 SLP - 2023<\/title>\n<meta name=\"robots\" content=\"index, follow, max-snippet:-1, max-image-preview:large, max-video-preview:-1\" \/>\n<link rel=\"canonical\" href=\"https:\/\/canal7slp.tv\/2023\/anuncian-a-alicia-barcena-como-nueva-canciller-de-mexico\/\" \/>\n<meta property=\"og:locale\" content=\"es_ES\" \/>\n<meta property=\"og:type\" content=\"article\" \/>\n<meta property=\"og:title\" content=\"Alicia B\u00e1rcena, diplom\u00e1tica, ser\u00e1 la nueva Secretaria de Relaciones Exteriores - Canal 7 SLP - 2023\" \/>\n<meta property=\"og:description\" content=\"En tanto, la subsecretaria, Carmen Moreno Toscano funge como encargada de despacho M\u00e9xico.- El Presidente Andr\u00e9s Manuel L\u00f3pez Obrador anunci\u00f3 que Alicia B\u00e1rcena Ibarra, actual embajadora de M\u00e9xico en Chile y ex secretaria ejecutiva de la Comisi\u00f3n Econ\u00f3mica para Am\u00e9rica Latina (Cepal), ser\u00e1 la nueva titular de la Secretar\u00eda de Relaciones Exteriores en sustituci\u00f3n de Marcelo Ebrard. El mandatario se\u00f1al\u00f3 que B\u00e1rcena Ibarra es una mujer inteligente y capaz con una amplia carrera en el campo de la diplomacia.\" \/>\n<meta property=\"og:url\" content=\"https:\/\/canal7slp.tv\/2023\/anuncian-a-alicia-barcena-como-nueva-canciller-de-mexico\/\" \/>\n<meta property=\"og:site_name\" content=\"Canal 7 SLP - 2023\" \/>\n<meta property=\"article:publisher\" content=\"https:\/\/www.facebook.com\/noticieroscanalsiete\" \/>\n<meta property=\"article:published_time\" content=\"2023-06-14T22:45:34+00:00\" \/>\n<meta property=\"article:modified_time\" content=\"2023-06-14T22:45:46+00:00\" \/>\n<meta property=\"og:image\" content=\"https:\/\/canal7slp.tv\/2023\/wp-content\/uploads\/2023\/06\/07-2.jpg\" \/>\n\t<meta property=\"og:image:width\" content=\"1200\" \/>\n\t<meta property=\"og:image:height\" content=\"792\" \/>\n\t<meta property=\"og:image:type\" content=\"image\/jpeg\" \/>\n<meta name=\"author\" content=\"Edici\u00f3n Web\" \/>\n<meta name=\"twitter:card\" content=\"summary_large_image\" \/>\n<meta name=\"twitter:creator\" content=\"@NOTICIEROS7\" \/>\n<meta name=\"twitter:site\" content=\"@NOTICIEROS7\" \/>\n<meta name=\"twitter:label1\" content=\"Escrito por\" \/>\n\t<meta name=\"twitter:data1\" content=\"Edici\u00f3n Web\" \/>\n\t<meta name=\"twitter:label2\" content=\"Tiempo de lectura\" \/>\n\t<meta name=\"twitter:data2\" content=\"1 minuto\" \/>\n<script type=\"application\/ld+json\" class=\"yoast-schema-graph\">{\"@context\":\"https:\\\/\\\/schema.org\",\"@graph\":[{\"@type\":\"Article\",\"@id\":\"https:\\\/\\\/canal7slp.tv\\\/2023\\\/anuncian-a-alicia-barcena-como-nueva-canciller-de-mexico\\\/#article\",\"isPartOf\":{\"@id\":\"https:\\\/\\\/canal7slp.tv\\\/2023\\\/anuncian-a-alicia-barcena-como-nueva-canciller-de-mexico\\\/\"},\"author\":{\"name\":\"Edici\u00f3n Web\",\"@id\":\"https:\\\/\\\/canal7slp.tv\\\/2023\\\/#\\\/schema\\\/person\\\/639c424e3584069003b11ae813915da6\"},\"headline\":\"Alicia B\u00e1rcena, diplom\u00e1tica, ser\u00e1 la nueva Secretaria de Relaciones Exteriores\",\"datePublished\":\"2023-06-14T22:45:34+00:00\",\"dateModified\":\"2023-06-14T22:45:46+00:00\",\"mainEntityOfPage\":{\"@id\":\"https:\\\/\\\/canal7slp.tv\\\/2023\\\/anuncian-a-alicia-barcena-como-nueva-canciller-de-mexico\\\/\"},\"wordCount\":104,\"publisher\":{\"@id\":\"https:\\\/\\\/canal7slp.tv\\\/2023\\\/#organization\"},\"image\":{\"@id\":\"https:\\\/\\\/canal7slp.tv\\\/2023\\\/anuncian-a-alicia-barcena-como-nueva-canciller-de-mexico\\\/#primaryimage\"},\"thumbnailUrl\":\"https:\\\/\\\/canal7slp.tv\\\/2023\\\/wp-content\\\/uploads\\\/2023\\\/06\\\/07-2.jpg\",\"articleSection\":[\"NACIONALES\"],\"inLanguage\":\"es\"},{\"@type\":\"WebPage\",\"@id\":\"https:\\\/\\\/canal7slp.tv\\\/2023\\\/anuncian-a-alicia-barcena-como-nueva-canciller-de-mexico\\\/\",\"url\":\"https:\\\/\\\/canal7slp.tv\\\/2023\\\/anuncian-a-alicia-barcena-como-nueva-canciller-de-mexico\\\/\",\"name\":\"Alicia B\u00e1rcena, diplom\u00e1tica, ser\u00e1 la nueva Secretaria de Relaciones Exteriores - Canal 7 SLP - 2023\",\"isPartOf\":{\"@id\":\"https:\\\/\\\/canal7slp.tv\\\/2023\\\/#website\"},\"primaryImageOfPage\":{\"@id\":\"https:\\\/\\\/canal7slp.tv\\\/2023\\\/anuncian-a-alicia-barcena-como-nueva-canciller-de-mexico\\\/#primaryimage\"},\"image\":{\"@id\":\"https:\\\/\\\/canal7slp.tv\\\/2023\\\/anuncian-a-alicia-barcena-como-nueva-canciller-de-mexico\\\/#primaryimage\"},\"thumbnailUrl\":\"https:\\\/\\\/canal7slp.tv\\\/2023\\\/wp-content\\\/uploads\\\/2023\\\/06\\\/07-2.jpg\",\"datePublished\":\"2023-06-14T22:45:34+00:00\",\"dateModified\":\"2023-06-14T22:45:46+00:00\",\"breadcrumb\":{\"@id\":\"https:\\\/\\\/canal7slp.tv\\\/2023\\\/anuncian-a-alicia-barcena-como-nueva-canciller-de-mexico\\\/#breadcrumb\"},\"inLanguage\":\"es\",\"potentialAction\":[{\"@type\":\"ReadAction\",\"target\":[\"https:\\\/\\\/canal7slp.tv\\\/2023\\\/anuncian-a-alicia-barcena-como-nueva-canciller-de-mexico\\\/\"]}]},{\"@type\":\"ImageObject\",\"inLanguage\":\"es\",\"@id\":\"https:\\\/\\\/canal7slp.tv\\\/2023\\\/anuncian-a-alicia-barcena-como-nueva-canciller-de-mexico\\\/#primaryimage\",\"url\":\"https:\\\/\\\/canal7slp.tv\\\/2023\\\/wp-content\\\/uploads\\\/2023\\\/06\\\/07-2.jpg\",\"contentUrl\":\"https:\\\/\\\/canal7slp.tv\\\/2023\\\/wp-content\\\/uploads\\\/2023\\\/06\\\/07-2.jpg\",\"width\":1200,\"height\":792},{\"@type\":\"BreadcrumbList\",\"@id\":\"https:\\\/\\\/canal7slp.tv\\\/2023\\\/anuncian-a-alicia-barcena-como-nueva-canciller-de-mexico\\\/#breadcrumb\",\"itemListElement\":[{\"@type\":\"ListItem\",\"position\":1,\"name\":\"Portada\",\"item\":\"https:\\\/\\\/canal7slp.tv\\\/2023\\\/\"},{\"@type\":\"ListItem\",\"position\":2,\"name\":\"Alicia B\u00e1rcena, diplom\u00e1tica, ser\u00e1 la nueva Secretaria de Relaciones Exteriores\"}]},{\"@type\":\"WebSite\",\"@id\":\"https:\\\/\\\/canal7slp.tv\\\/2023\\\/#website\",\"url\":\"https:\\\/\\\/canal7slp.tv\\\/2023\\\/\",\"name\":\"N7 - Noticieros Canal 7\",\"description\":\"Somos Televisi\u00f3n\",\"publisher\":{\"@id\":\"https:\\\/\\\/canal7slp.tv\\\/2023\\\/#organization\"},\"potentialAction\":[{\"@type\":\"SearchAction\",\"target\":{\"@type\":\"EntryPoint\",\"urlTemplate\":\"https:\\\/\\\/canal7slp.tv\\\/2023\\\/?s={search_term_string}\"},\"query-input\":{\"@type\":\"PropertyValueSpecification\",\"valueRequired\":true,\"valueName\":\"search_term_string\"}}],\"inLanguage\":\"es\"},{\"@type\":\"Organization\",\"@id\":\"https:\\\/\\\/canal7slp.tv\\\/2023\\\/#organization\",\"name\":\"Noticieros Canal 7\",\"url\":\"https:\\\/\\\/canal7slp.tv\\\/2023\\\/\",\"logo\":{\"@type\":\"ImageObject\",\"inLanguage\":\"es\",\"@id\":\"https:\\\/\\\/canal7slp.tv\\\/2023\\\/#\\\/schema\\\/logo\\\/image\\\/\",\"url\":\"https:\\\/\\\/canal7slp.tv\\\/2023\\\/wp-content\\\/uploads\\\/2021\\\/01\\\/logo-noticieros@2x.png\",\"contentUrl\":\"https:\\\/\\\/canal7slp.tv\\\/2023\\\/wp-content\\\/uploads\\\/2021\\\/01\\\/logo-noticieros@2x.png\",\"width\":1017,\"height\":268,\"caption\":\"Noticieros Canal 7\"},\"image\":{\"@id\":\"https:\\\/\\\/canal7slp.tv\\\/2023\\\/#\\\/schema\\\/logo\\\/image\\\/\"},\"sameAs\":[\"https:\\\/\\\/www.facebook.com\\\/noticieroscanalsiete\",\"https:\\\/\\\/x.com\\\/NOTICIEROS7\",\"https:\\\/\\\/www.instagram.com\\\/canal7_slp\",\"https:\\\/\\\/www.youtube.com\\\/channel\\\/UCliiYs-gP3JfJeqdPrNdd5A\"]},{\"@type\":\"Person\",\"@id\":\"https:\\\/\\\/canal7slp.tv\\\/2023\\\/#\\\/schema\\\/person\\\/639c424e3584069003b11ae813915da6\",\"name\":\"Edici\u00f3n Web\",\"image\":{\"@type\":\"ImageObject\",\"inLanguage\":\"es\",\"@id\":\"https:\\\/\\\/secure.gravatar.com\\\/avatar\\\/eee448fc3f7164808013b816ba91ac7e43bbe82a70bebac296f8bc6f0addaa1a?s=96&d=mm&r=g\",\"url\":\"https:\\\/\\\/secure.gravatar.com\\\/avatar\\\/eee448fc3f7164808013b816ba91ac7e43bbe82a70bebac296f8bc6f0addaa1a?s=96&d=mm&r=g\",\"contentUrl\":\"https:\\\/\\\/secure.gravatar.com\\\/avatar\\\/eee448fc3f7164808013b816ba91ac7e43bbe82a70bebac296f8bc6f0addaa1a?s=96&d=mm&r=g\",\"caption\":\"Edici\u00f3n Web\"},\"url\":\"https:\\\/\\\/canal7slp.tv\\\/2023\\\/author\\\/edicionweb\\\/\"}]}<\/script>\n<!-- \/ Yoast SEO plugin. -->","yoast_head_json":{"title":"Alicia B\u00e1rcena, diplom\u00e1tica, ser\u00e1 la nueva Secretaria de Relaciones Exteriores - Canal 7 SLP - 2023","robots":{"index":"index","follow":"follow","max-snippet":"max-snippet:-1","max-image-preview":"max-image-preview:large","max-video-preview":"max-video-preview:-1"},"canonical":"https:\/\/canal7slp.tv\/2023\/anuncian-a-alicia-barcena-como-nueva-canciller-de-mexico\/","og_locale":"es_ES","og_type":"article","og_title":"Alicia B\u00e1rcena, diplom\u00e1tica, ser\u00e1 la nueva Secretaria de Relaciones Exteriores - Canal 7 SLP - 2023","og_description":"En tanto, la subsecretaria, Carmen Moreno Toscano funge como encargada de despacho M\u00e9xico.- El Presidente Andr\u00e9s Manuel L\u00f3pez Obrador anunci\u00f3 que Alicia B\u00e1rcena Ibarra, actual embajadora de M\u00e9xico en Chile y ex secretaria ejecutiva de la Comisi\u00f3n Econ\u00f3mica para Am\u00e9rica Latina (Cepal), ser\u00e1 la nueva titular de la Secretar\u00eda de Relaciones Exteriores en sustituci\u00f3n de Marcelo Ebrard. El mandatario se\u00f1al\u00f3 que B\u00e1rcena Ibarra es una mujer inteligente y capaz con una amplia carrera en el campo de la diplomacia.","og_url":"https:\/\/canal7slp.tv\/2023\/anuncian-a-alicia-barcena-como-nueva-canciller-de-mexico\/","og_site_name":"Canal 7 SLP - 2023","article_publisher":"https:\/\/www.facebook.com\/noticieroscanalsiete","article_published_time":"2023-06-14T22:45:34+00:00","article_modified_time":"2023-06-14T22:45:46+00:00","og_image":[{"width":1200,"height":792,"url":"https:\/\/canal7slp.tv\/2023\/wp-content\/uploads\/2023\/06\/07-2.jpg","type":"image\/jpeg"}],"author":"Edici\u00f3n Web","twitter_card":"summary_large_image","twitter_creator":"@NOTICIEROS7","twitter_site":"@NOTICIEROS7","twitter_misc":{"Escrito por":"Edici\u00f3n Web","Tiempo de lectura":"1 minuto"},"schema":{"@context":"https:\/\/schema.org","@graph":[{"@type":"Article","@id":"https:\/\/canal7slp.tv\/2023\/anuncian-a-alicia-barcena-como-nueva-canciller-de-mexico\/#article","isPartOf":{"@id":"https:\/\/canal7slp.tv\/2023\/anuncian-a-alicia-barcena-como-nueva-canciller-de-mexico\/"},"author":{"name":"Edici\u00f3n Web","@id":"https:\/\/canal7slp.tv\/2023\/#\/schema\/person\/639c424e3584069003b11ae813915da6"},"headline":"Alicia B\u00e1rcena, diplom\u00e1tica, ser\u00e1 la nueva Secretaria de Relaciones Exteriores","datePublished":"2023-06-14T22:45:34+00:00","dateModified":"2023-06-14T22:45:46+00:00","mainEntityOfPage":{"@id":"https:\/\/canal7slp.tv\/2023\/anuncian-a-alicia-barcena-como-nueva-canciller-de-mexico\/"},"wordCount":104,"publisher":{"@id":"https:\/\/canal7slp.tv\/2023\/#organization"},"image":{"@id":"https:\/\/canal7slp.tv\/2023\/anuncian-a-alicia-barcena-como-nueva-canciller-de-mexico\/#primaryimage"},"thumbnailUrl":"https:\/\/canal7slp.tv\/2023\/wp-content\/uploads\/2023\/06\/07-2.jpg","articleSection":["NACIONALES"],"inLanguage":"es"},{"@type":"WebPage","@id":"https:\/\/canal7slp.tv\/2023\/anuncian-a-alicia-barcena-como-nueva-canciller-de-mexico\/","url":"https:\/\/canal7slp.tv\/2023\/anuncian-a-alicia-barcena-como-nueva-canciller-de-mexico\/","name":"Alicia B\u00e1rcena, diplom\u00e1tica, ser\u00e1 la nueva Secretaria de Relaciones Exteriores - Canal 7 SLP - 2023","isPartOf":{"@id":"https:\/\/canal7slp.tv\/2023\/#website"},"primaryImageOfPage":{"@id":"https:\/\/canal7slp.tv\/2023\/anuncian-a-alicia-barcena-como-nueva-canciller-de-mexico\/#primaryimage"},"image":{"@id":"https:\/\/canal7slp.tv\/2023\/anuncian-a-alicia-barcena-como-nueva-canciller-de-mexico\/#primaryimage"},"thumbnailUrl":"https:\/\/canal7slp.tv\/2023\/wp-content\/uploads\/2023\/06\/07-2.jpg","datePublished":"2023-06-14T22:45:34+00:00","dateModified":"2023-06-14T22:45:46+00:00","breadcrumb":{"@id":"https:\/\/canal7slp.tv\/2023\/anuncian-a-alicia-barcena-como-nueva-canciller-de-mexico\/#breadcrumb"},"inLanguage":"es","potentialAction":[{"@type":"ReadAction","target":["https:\/\/canal7slp.tv\/2023\/anuncian-a-alicia-barcena-como-nueva-canciller-de-mexico\/"]}]},{"@type":"ImageObject","inLanguage":"es","@id":"https:\/\/canal7slp.tv\/2023\/anuncian-a-alicia-barcena-como-nueva-canciller-de-mexico\/#primaryimage","url":"https:\/\/canal7slp.tv\/2023\/wp-content\/uploads\/2023\/06\/07-2.jpg","contentUrl":"https:\/\/canal7slp.tv\/2023\/wp-content\/uploads\/2023\/06\/07-2.jpg","width":1200,"height":792},{"@type":"BreadcrumbList","@id":"https:\/\/canal7slp.tv\/2023\/anuncian-a-alicia-barcena-como-nueva-canciller-de-mexico\/#breadcrumb","itemListElement":[{"@type":"ListItem","position":1,"name":"Portada","item":"https:\/\/canal7slp.tv\/2023\/"},{"@type":"ListItem","position":2,"name":"Alicia B\u00e1rcena, diplom\u00e1tica, ser\u00e1 la nueva Secretaria de Relaciones Exteriores"}]},{"@type":"WebSite","@id":"https:\/\/canal7slp.tv\/2023\/#website","url":"https:\/\/canal7slp.tv\/2023\/","name":"N7 - Noticieros Canal 7","description":"Somos Televisi\u00f3n","publisher":{"@id":"https:\/\/canal7slp.tv\/2023\/#organization"},"potentialAction":[{"@type":"SearchAction","target":{"@type":"EntryPoint","urlTemplate":"https:\/\/canal7slp.tv\/2023\/?s={search_term_string}"},"query-input":{"@type":"PropertyValueSpecification","valueRequired":true,"valueName":"search_term_string"}}],"inLanguage":"es"},{"@type":"Organization","@id":"https:\/\/canal7slp.tv\/2023\/#organization","name":"Noticieros Canal 7","url":"https:\/\/canal7slp.tv\/2023\/","logo":{"@type":"ImageObject","inLanguage":"es","@id":"https:\/\/canal7slp.tv\/2023\/#\/schema\/logo\/image\/","url":"https:\/\/canal7slp.tv\/2023\/wp-content\/uploads\/2021\/01\/logo-noticieros@2x.png","contentUrl":"https:\/\/canal7slp.tv\/2023\/wp-content\/uploads\/2021\/01\/logo-noticieros@2x.png","width":1017,"height":268,"caption":"Noticieros Canal 7"},"image":{"@id":"https:\/\/canal7slp.tv\/2023\/#\/schema\/logo\/image\/"},"sameAs":["https:\/\/www.facebook.com\/noticieroscanalsiete","https:\/\/x.com\/NOTICIEROS7","https:\/\/www.instagram.com\/canal7_slp","https:\/\/www.youtube.com\/channel\/UCliiYs-gP3JfJeqdPrNdd5A"]},{"@type":"Person","@id":"https:\/\/canal7slp.tv\/2023\/#\/schema\/person\/639c424e3584069003b11ae813915da6","name":"Edici\u00f3n Web","image":{"@type":"ImageObject","inLanguage":"es","@id":"https:\/\/secure.gravatar.com\/avatar\/eee448fc3f7164808013b816ba91ac7e43bbe82a70bebac296f8bc6f0addaa1a?s=96&d=mm&r=g","url":"https:\/\/secure.gravatar.com\/avatar\/eee448fc3f7164808013b816ba91ac7e43bbe82a70bebac296f8bc6f0addaa1a?s=96&d=mm&r=g","contentUrl":"https:\/\/secure.gravatar.com\/avatar\/eee448fc3f7164808013b816ba91ac7e43bbe82a70bebac296f8bc6f0addaa1a?s=96&d=mm&r=g","caption":"Edici\u00f3n Web"},"url":"https:\/\/canal7slp.tv\/2023\/author\/edicionweb\/"}]}},"_links":{"self":[{"href":"https:\/\/canal7slp.tv\/2023\/wp-json\/wp\/v2\/posts\/98187","targetHints":{"allow":["GET"]}}],"collection":[{"href":"https:\/\/canal7slp.tv\/2023\/wp-json\/wp\/v2\/posts"}],"about":[{"href":"https:\/\/canal7slp.tv\/2023\/wp-json\/wp\/v2\/types\/post"}],"author":[{"embeddable":true,"href":"https:\/\/canal7slp.tv\/2023\/wp-json\/wp\/v2\/users\/2"}],"replies":[{"embeddable":true,"href":"https:\/\/canal7slp.tv\/2023\/wp-json\/wp\/v2\/comments?post=98187"}],"version-history":[{"count":4,"href":"https:\/\/canal7slp.tv\/2023\/wp-json\/wp\/v2\/posts\/98187\/revisions"}],"predecessor-version":[{"id":98398,"href":"https:\/\/canal7slp.tv\/2023\/wp-json\/wp\/v2\/posts\/98187\/revisions\/98398"}],"wp:featuredmedia":[{"embeddable":true,"href":"https:\/\/canal7slp.tv\/2023\/wp-json\/wp\/v2\/media\/98206"}],"wp:attachment":[{"href":"https:\/\/canal7slp.tv\/2023\/wp-json\/wp\/v2\/media?parent=98187"}],"wp:term":[{"taxonomy":"category","embeddable":true,"href":"https:\/\/canal7slp.tv\/2023\/wp-json\/wp\/v2\/categories?post=98187"},{"taxonomy":"post_tag","embeddable":true,"href":"https:\/\/canal7slp.tv\/2023\/wp-json\/wp\/v2\/tags?post=98187"}],"curies":[{"name":"wp","href":"https:\/\/api.w.org\/{rel}","templated":true}]}}