{"id":98186,"date":"2023-06-14T19:22:09","date_gmt":"2023-06-15T01:22:09","guid":{"rendered":"https:\/\/canal7slp.tv\/2023\/?p=98186"},"modified":"2023-06-14T19:22:09","modified_gmt":"2023-06-15T01:22:09","slug":"trump-se-declara-no-culpable-de-los-37-delitos-que-se-le-imputan","status":"publish","type":"post","link":"https:\/\/canal7slp.tv\/2023\/trump-se-declara-no-culpable-de-los-37-delitos-que-se-le-imputan\/","title":{"rendered":"Trump se declara no culpable de los 37 delitos que se le imputan"},"content":{"rendered":"<p style=\"text-align: justify;\">EUA.- El expresidente de Estados Unidos, Donald Trump, se declar\u00f3 \u00abno culpable\u00bb este martes ante un tribunal federal de Miami de los cargos federales presentados en su contra.<\/p>\n<p style=\"text-align: justify;\">Trump enfrenta acusaciones por la retenci\u00f3n y ocultaci\u00f3n de documentos clasificados en su casa de Florida despu\u00e9s de haber dejado la Casa Blanca.<\/p>\n<p style=\"text-align: justify;\">El exmandatario es el primer presidente y expresidente en la historia de Estados Unidos en afrontar una acusaci\u00f3n federal.<\/p>\n<p style=\"text-align: justify;\">Compareci\u00f3 ante el juez federal Jonathan Goodman, quien le notific\u00f3 los 37 cargos que le imput\u00f3 un Gran Jurado por el manejo de documentos clasificados en Mar-a-Lago, su residencia en el sur de Florida.<\/p>\n<p style=\"text-align: justify;\">Trump atribuye la acusaci\u00f3n liderada por el fiscal especial Jack Smith a una \u00abgran caza de brujas\u00bb lanzada por el presidente actual de EU, el dem\u00f3crata Joe Biden, y que responde a una campa\u00f1a de \u00abinterferencia electoral\u00bb, como lo reiter\u00f3 hoy en su red social Truth.<\/p>\n","protected":false},"excerpt":{"rendered":"<p>EUA.- El expresidente de Estados Unidos, Donald Trump, se declar\u00f3 \u00abno culpable\u00bb este martes ante un tribunal federal de Miami de los cargos federales presentados en su contra. Trump enfrenta acusaciones por la retenci\u00f3n y ocultaci\u00f3n de documentos clasificados en su casa de Florida despu\u00e9s de haber dejado la Casa Blanca. El exmandatario es el primer presidente y expresidente en la historia de Estados Unidos en afrontar una acusaci\u00f3n federal. Compareci\u00f3 ante el juez federal Jonathan Goodman, quien le notific\u00f3 los 37 cargos que le imput\u00f3 un Gran Jurado por el manejo de documentos clasificados en Mar-a-Lago, su residencia en [&hellip;]<\/p>\n","protected":false},"author":2,"featured_media":98208,"comment_status":"closed","ping_status":"closed","sticky":false,"template":"","format":"standard","meta":{"footnotes":""},"categories":[44],"tags":[],"class_list":["post-98186","post","type-post","status-publish","format-standard","has-post-thumbnail","hentry","category-internacional","post--single"],"yoast_head":"<!-- This site is optimized with the Yoast SEO plugin v27.4 - https:\/\/yoast.com\/product\/yoast-seo-wordpress\/ -->\n<title>Trump se declara no culpable de los 37 delitos que se le imputan - Canal 7 SLP - 2023<\/title>\n<meta name=\"robots\" content=\"index, follow, max-snippet:-1, max-image-preview:large, max-video-preview:-1\" \/>\n<link rel=\"canonical\" href=\"https:\/\/canal7slp.tv\/2023\/trump-se-declara-no-culpable-de-los-37-delitos-que-se-le-imputan\/\" \/>\n<meta property=\"og:locale\" content=\"es_ES\" \/>\n<meta property=\"og:type\" content=\"article\" \/>\n<meta property=\"og:title\" content=\"Trump se declara no culpable de los 37 delitos que se le imputan - Canal 7 SLP - 2023\" \/>\n<meta property=\"og:description\" content=\"EUA.- El expresidente de Estados Unidos, Donald Trump, se declar\u00f3 \u00abno culpable\u00bb este martes ante un tribunal federal de Miami de los cargos federales presentados en su contra. Trump enfrenta acusaciones por la retenci\u00f3n y ocultaci\u00f3n de documentos clasificados en su casa de Florida despu\u00e9s de haber dejado la Casa Blanca. El exmandatario es el primer presidente y expresidente en la historia de Estados Unidos en afrontar una acusaci\u00f3n federal. Compareci\u00f3 ante el juez federal Jonathan Goodman, quien le notific\u00f3 los 37 cargos que le imput\u00f3 un Gran Jurado por el manejo de documentos clasificados en Mar-a-Lago, su residencia en [&hellip;]\" \/>\n<meta property=\"og:url\" content=\"https:\/\/canal7slp.tv\/2023\/trump-se-declara-no-culpable-de-los-37-delitos-que-se-le-imputan\/\" \/>\n<meta property=\"og:site_name\" content=\"Canal 7 SLP - 2023\" \/>\n<meta property=\"article:publisher\" content=\"https:\/\/www.facebook.com\/noticieroscanalsiete\" \/>\n<meta property=\"article:published_time\" content=\"2023-06-15T01:22:09+00:00\" \/>\n<meta property=\"og:image\" content=\"https:\/\/canal7slp.tv\/2023\/wp-content\/uploads\/2023\/06\/09.jpg\" \/>\n\t<meta property=\"og:image:width\" content=\"976\" \/>\n\t<meta property=\"og:image:height\" content=\"549\" \/>\n\t<meta property=\"og:image:type\" content=\"image\/jpeg\" \/>\n<meta name=\"author\" content=\"Edici\u00f3n Web\" \/>\n<meta name=\"twitter:card\" content=\"summary_large_image\" \/>\n<meta name=\"twitter:creator\" content=\"@NOTICIEROS7\" \/>\n<meta name=\"twitter:site\" content=\"@NOTICIEROS7\" \/>\n<meta name=\"twitter:label1\" content=\"Escrito por\" \/>\n\t<meta name=\"twitter:data1\" content=\"Edici\u00f3n Web\" \/>\n\t<meta name=\"twitter:label2\" content=\"Tiempo de lectura\" \/>\n\t<meta name=\"twitter:data2\" content=\"1 minuto\" \/>\n<script type=\"application\/ld+json\" class=\"yoast-schema-graph\">{\"@context\":\"https:\\\/\\\/schema.org\",\"@graph\":[{\"@type\":\"Article\",\"@id\":\"https:\\\/\\\/canal7slp.tv\\\/2023\\\/trump-se-declara-no-culpable-de-los-37-delitos-que-se-le-imputan\\\/#article\",\"isPartOf\":{\"@id\":\"https:\\\/\\\/canal7slp.tv\\\/2023\\\/trump-se-declara-no-culpable-de-los-37-delitos-que-se-le-imputan\\\/\"},\"author\":{\"name\":\"Edici\u00f3n Web\",\"@id\":\"https:\\\/\\\/canal7slp.tv\\\/2023\\\/#\\\/schema\\\/person\\\/639c424e3584069003b11ae813915da6\"},\"headline\":\"Trump se declara no culpable de los 37 delitos que se le imputan\",\"datePublished\":\"2023-06-15T01:22:09+00:00\",\"mainEntityOfPage\":{\"@id\":\"https:\\\/\\\/canal7slp.tv\\\/2023\\\/trump-se-declara-no-culpable-de-los-37-delitos-que-se-le-imputan\\\/\"},\"wordCount\":169,\"publisher\":{\"@id\":\"https:\\\/\\\/canal7slp.tv\\\/2023\\\/#organization\"},\"image\":{\"@id\":\"https:\\\/\\\/canal7slp.tv\\\/2023\\\/trump-se-declara-no-culpable-de-los-37-delitos-que-se-le-imputan\\\/#primaryimage\"},\"thumbnailUrl\":\"https:\\\/\\\/canal7slp.tv\\\/2023\\\/wp-content\\\/uploads\\\/2023\\\/06\\\/09.jpg\",\"articleSection\":[\"INTERNACIONALES\"],\"inLanguage\":\"es\"},{\"@type\":\"WebPage\",\"@id\":\"https:\\\/\\\/canal7slp.tv\\\/2023\\\/trump-se-declara-no-culpable-de-los-37-delitos-que-se-le-imputan\\\/\",\"url\":\"https:\\\/\\\/canal7slp.tv\\\/2023\\\/trump-se-declara-no-culpable-de-los-37-delitos-que-se-le-imputan\\\/\",\"name\":\"Trump se declara no culpable de los 37 delitos que se le imputan - Canal 7 SLP - 2023\",\"isPartOf\":{\"@id\":\"https:\\\/\\\/canal7slp.tv\\\/2023\\\/#website\"},\"primaryImageOfPage\":{\"@id\":\"https:\\\/\\\/canal7slp.tv\\\/2023\\\/trump-se-declara-no-culpable-de-los-37-delitos-que-se-le-imputan\\\/#primaryimage\"},\"image\":{\"@id\":\"https:\\\/\\\/canal7slp.tv\\\/2023\\\/trump-se-declara-no-culpable-de-los-37-delitos-que-se-le-imputan\\\/#primaryimage\"},\"thumbnailUrl\":\"https:\\\/\\\/canal7slp.tv\\\/2023\\\/wp-content\\\/uploads\\\/2023\\\/06\\\/09.jpg\",\"datePublished\":\"2023-06-15T01:22:09+00:00\",\"breadcrumb\":{\"@id\":\"https:\\\/\\\/canal7slp.tv\\\/2023\\\/trump-se-declara-no-culpable-de-los-37-delitos-que-se-le-imputan\\\/#breadcrumb\"},\"inLanguage\":\"es\",\"potentialAction\":[{\"@type\":\"ReadAction\",\"target\":[\"https:\\\/\\\/canal7slp.tv\\\/2023\\\/trump-se-declara-no-culpable-de-los-37-delitos-que-se-le-imputan\\\/\"]}]},{\"@type\":\"ImageObject\",\"inLanguage\":\"es\",\"@id\":\"https:\\\/\\\/canal7slp.tv\\\/2023\\\/trump-se-declara-no-culpable-de-los-37-delitos-que-se-le-imputan\\\/#primaryimage\",\"url\":\"https:\\\/\\\/canal7slp.tv\\\/2023\\\/wp-content\\\/uploads\\\/2023\\\/06\\\/09.jpg\",\"contentUrl\":\"https:\\\/\\\/canal7slp.tv\\\/2023\\\/wp-content\\\/uploads\\\/2023\\\/06\\\/09.jpg\",\"width\":976,\"height\":549},{\"@type\":\"BreadcrumbList\",\"@id\":\"https:\\\/\\\/canal7slp.tv\\\/2023\\\/trump-se-declara-no-culpable-de-los-37-delitos-que-se-le-imputan\\\/#breadcrumb\",\"itemListElement\":[{\"@type\":\"ListItem\",\"position\":1,\"name\":\"Portada\",\"item\":\"https:\\\/\\\/canal7slp.tv\\\/2023\\\/\"},{\"@type\":\"ListItem\",\"position\":2,\"name\":\"Trump se declara no culpable de los 37 delitos que se le imputan\"}]},{\"@type\":\"WebSite\",\"@id\":\"https:\\\/\\\/canal7slp.tv\\\/2023\\\/#website\",\"url\":\"https:\\\/\\\/canal7slp.tv\\\/2023\\\/\",\"name\":\"N7 - Noticieros Canal 7\",\"description\":\"Somos Televisi\u00f3n\",\"publisher\":{\"@id\":\"https:\\\/\\\/canal7slp.tv\\\/2023\\\/#organization\"},\"potentialAction\":[{\"@type\":\"SearchAction\",\"target\":{\"@type\":\"EntryPoint\",\"urlTemplate\":\"https:\\\/\\\/canal7slp.tv\\\/2023\\\/?s={search_term_string}\"},\"query-input\":{\"@type\":\"PropertyValueSpecification\",\"valueRequired\":true,\"valueName\":\"search_term_string\"}}],\"inLanguage\":\"es\"},{\"@type\":\"Organization\",\"@id\":\"https:\\\/\\\/canal7slp.tv\\\/2023\\\/#organization\",\"name\":\"Noticieros Canal 7\",\"url\":\"https:\\\/\\\/canal7slp.tv\\\/2023\\\/\",\"logo\":{\"@type\":\"ImageObject\",\"inLanguage\":\"es\",\"@id\":\"https:\\\/\\\/canal7slp.tv\\\/2023\\\/#\\\/schema\\\/logo\\\/image\\\/\",\"url\":\"https:\\\/\\\/canal7slp.tv\\\/2023\\\/wp-content\\\/uploads\\\/2021\\\/01\\\/logo-noticieros@2x.png\",\"contentUrl\":\"https:\\\/\\\/canal7slp.tv\\\/2023\\\/wp-content\\\/uploads\\\/2021\\\/01\\\/logo-noticieros@2x.png\",\"width\":1017,\"height\":268,\"caption\":\"Noticieros Canal 7\"},\"image\":{\"@id\":\"https:\\\/\\\/canal7slp.tv\\\/2023\\\/#\\\/schema\\\/logo\\\/image\\\/\"},\"sameAs\":[\"https:\\\/\\\/www.facebook.com\\\/noticieroscanalsiete\",\"https:\\\/\\\/x.com\\\/NOTICIEROS7\",\"https:\\\/\\\/www.instagram.com\\\/canal7_slp\",\"https:\\\/\\\/www.youtube.com\\\/channel\\\/UCliiYs-gP3JfJeqdPrNdd5A\"]},{\"@type\":\"Person\",\"@id\":\"https:\\\/\\\/canal7slp.tv\\\/2023\\\/#\\\/schema\\\/person\\\/639c424e3584069003b11ae813915da6\",\"name\":\"Edici\u00f3n Web\",\"image\":{\"@type\":\"ImageObject\",\"inLanguage\":\"es\",\"@id\":\"https:\\\/\\\/secure.gravatar.com\\\/avatar\\\/eee448fc3f7164808013b816ba91ac7e43bbe82a70bebac296f8bc6f0addaa1a?s=96&d=mm&r=g\",\"url\":\"https:\\\/\\\/secure.gravatar.com\\\/avatar\\\/eee448fc3f7164808013b816ba91ac7e43bbe82a70bebac296f8bc6f0addaa1a?s=96&d=mm&r=g\",\"contentUrl\":\"https:\\\/\\\/secure.gravatar.com\\\/avatar\\\/eee448fc3f7164808013b816ba91ac7e43bbe82a70bebac296f8bc6f0addaa1a?s=96&d=mm&r=g\",\"caption\":\"Edici\u00f3n Web\"},\"url\":\"https:\\\/\\\/canal7slp.tv\\\/2023\\\/author\\\/edicionweb\\\/\"}]}<\/script>\n<!-- \/ Yoast SEO plugin. -->","yoast_head_json":{"title":"Trump se declara no culpable de los 37 delitos que se le imputan - Canal 7 SLP - 2023","robots":{"index":"index","follow":"follow","max-snippet":"max-snippet:-1","max-image-preview":"max-image-preview:large","max-video-preview":"max-video-preview:-1"},"canonical":"https:\/\/canal7slp.tv\/2023\/trump-se-declara-no-culpable-de-los-37-delitos-que-se-le-imputan\/","og_locale":"es_ES","og_type":"article","og_title":"Trump se declara no culpable de los 37 delitos que se le imputan - Canal 7 SLP - 2023","og_description":"EUA.- El expresidente de Estados Unidos, Donald Trump, se declar\u00f3 \u00abno culpable\u00bb este martes ante un tribunal federal de Miami de los cargos federales presentados en su contra. Trump enfrenta acusaciones por la retenci\u00f3n y ocultaci\u00f3n de documentos clasificados en su casa de Florida despu\u00e9s de haber dejado la Casa Blanca. El exmandatario es el primer presidente y expresidente en la historia de Estados Unidos en afrontar una acusaci\u00f3n federal. Compareci\u00f3 ante el juez federal Jonathan Goodman, quien le notific\u00f3 los 37 cargos que le imput\u00f3 un Gran Jurado por el manejo de documentos clasificados en Mar-a-Lago, su residencia en [&hellip;]","og_url":"https:\/\/canal7slp.tv\/2023\/trump-se-declara-no-culpable-de-los-37-delitos-que-se-le-imputan\/","og_site_name":"Canal 7 SLP - 2023","article_publisher":"https:\/\/www.facebook.com\/noticieroscanalsiete","article_published_time":"2023-06-15T01:22:09+00:00","og_image":[{"width":976,"height":549,"url":"https:\/\/canal7slp.tv\/2023\/wp-content\/uploads\/2023\/06\/09.jpg","type":"image\/jpeg"}],"author":"Edici\u00f3n Web","twitter_card":"summary_large_image","twitter_creator":"@NOTICIEROS7","twitter_site":"@NOTICIEROS7","twitter_misc":{"Escrito por":"Edici\u00f3n Web","Tiempo de lectura":"1 minuto"},"schema":{"@context":"https:\/\/schema.org","@graph":[{"@type":"Article","@id":"https:\/\/canal7slp.tv\/2023\/trump-se-declara-no-culpable-de-los-37-delitos-que-se-le-imputan\/#article","isPartOf":{"@id":"https:\/\/canal7slp.tv\/2023\/trump-se-declara-no-culpable-de-los-37-delitos-que-se-le-imputan\/"},"author":{"name":"Edici\u00f3n Web","@id":"https:\/\/canal7slp.tv\/2023\/#\/schema\/person\/639c424e3584069003b11ae813915da6"},"headline":"Trump se declara no culpable de los 37 delitos que se le imputan","datePublished":"2023-06-15T01:22:09+00:00","mainEntityOfPage":{"@id":"https:\/\/canal7slp.tv\/2023\/trump-se-declara-no-culpable-de-los-37-delitos-que-se-le-imputan\/"},"wordCount":169,"publisher":{"@id":"https:\/\/canal7slp.tv\/2023\/#organization"},"image":{"@id":"https:\/\/canal7slp.tv\/2023\/trump-se-declara-no-culpable-de-los-37-delitos-que-se-le-imputan\/#primaryimage"},"thumbnailUrl":"https:\/\/canal7slp.tv\/2023\/wp-content\/uploads\/2023\/06\/09.jpg","articleSection":["INTERNACIONALES"],"inLanguage":"es"},{"@type":"WebPage","@id":"https:\/\/canal7slp.tv\/2023\/trump-se-declara-no-culpable-de-los-37-delitos-que-se-le-imputan\/","url":"https:\/\/canal7slp.tv\/2023\/trump-se-declara-no-culpable-de-los-37-delitos-que-se-le-imputan\/","name":"Trump se declara no culpable de los 37 delitos que se le imputan - Canal 7 SLP - 2023","isPartOf":{"@id":"https:\/\/canal7slp.tv\/2023\/#website"},"primaryImageOfPage":{"@id":"https:\/\/canal7slp.tv\/2023\/trump-se-declara-no-culpable-de-los-37-delitos-que-se-le-imputan\/#primaryimage"},"image":{"@id":"https:\/\/canal7slp.tv\/2023\/trump-se-declara-no-culpable-de-los-37-delitos-que-se-le-imputan\/#primaryimage"},"thumbnailUrl":"https:\/\/canal7slp.tv\/2023\/wp-content\/uploads\/2023\/06\/09.jpg","datePublished":"2023-06-15T01:22:09+00:00","breadcrumb":{"@id":"https:\/\/canal7slp.tv\/2023\/trump-se-declara-no-culpable-de-los-37-delitos-que-se-le-imputan\/#breadcrumb"},"inLanguage":"es","potentialAction":[{"@type":"ReadAction","target":["https:\/\/canal7slp.tv\/2023\/trump-se-declara-no-culpable-de-los-37-delitos-que-se-le-imputan\/"]}]},{"@type":"ImageObject","inLanguage":"es","@id":"https:\/\/canal7slp.tv\/2023\/trump-se-declara-no-culpable-de-los-37-delitos-que-se-le-imputan\/#primaryimage","url":"https:\/\/canal7slp.tv\/2023\/wp-content\/uploads\/2023\/06\/09.jpg","contentUrl":"https:\/\/canal7slp.tv\/2023\/wp-content\/uploads\/2023\/06\/09.jpg","width":976,"height":549},{"@type":"BreadcrumbList","@id":"https:\/\/canal7slp.tv\/2023\/trump-se-declara-no-culpable-de-los-37-delitos-que-se-le-imputan\/#breadcrumb","itemListElement":[{"@type":"ListItem","position":1,"name":"Portada","item":"https:\/\/canal7slp.tv\/2023\/"},{"@type":"ListItem","position":2,"name":"Trump se declara no culpable de los 37 delitos que se le imputan"}]},{"@type":"WebSite","@id":"https:\/\/canal7slp.tv\/2023\/#website","url":"https:\/\/canal7slp.tv\/2023\/","name":"N7 - Noticieros Canal 7","description":"Somos Televisi\u00f3n","publisher":{"@id":"https:\/\/canal7slp.tv\/2023\/#organization"},"potentialAction":[{"@type":"SearchAction","target":{"@type":"EntryPoint","urlTemplate":"https:\/\/canal7slp.tv\/2023\/?s={search_term_string}"},"query-input":{"@type":"PropertyValueSpecification","valueRequired":true,"valueName":"search_term_string"}}],"inLanguage":"es"},{"@type":"Organization","@id":"https:\/\/canal7slp.tv\/2023\/#organization","name":"Noticieros Canal 7","url":"https:\/\/canal7slp.tv\/2023\/","logo":{"@type":"ImageObject","inLanguage":"es","@id":"https:\/\/canal7slp.tv\/2023\/#\/schema\/logo\/image\/","url":"https:\/\/canal7slp.tv\/2023\/wp-content\/uploads\/2021\/01\/logo-noticieros@2x.png","contentUrl":"https:\/\/canal7slp.tv\/2023\/wp-content\/uploads\/2021\/01\/logo-noticieros@2x.png","width":1017,"height":268,"caption":"Noticieros Canal 7"},"image":{"@id":"https:\/\/canal7slp.tv\/2023\/#\/schema\/logo\/image\/"},"sameAs":["https:\/\/www.facebook.com\/noticieroscanalsiete","https:\/\/x.com\/NOTICIEROS7","https:\/\/www.instagram.com\/canal7_slp","https:\/\/www.youtube.com\/channel\/UCliiYs-gP3JfJeqdPrNdd5A"]},{"@type":"Person","@id":"https:\/\/canal7slp.tv\/2023\/#\/schema\/person\/639c424e3584069003b11ae813915da6","name":"Edici\u00f3n Web","image":{"@type":"ImageObject","inLanguage":"es","@id":"https:\/\/secure.gravatar.com\/avatar\/eee448fc3f7164808013b816ba91ac7e43bbe82a70bebac296f8bc6f0addaa1a?s=96&d=mm&r=g","url":"https:\/\/secure.gravatar.com\/avatar\/eee448fc3f7164808013b816ba91ac7e43bbe82a70bebac296f8bc6f0addaa1a?s=96&d=mm&r=g","contentUrl":"https:\/\/secure.gravatar.com\/avatar\/eee448fc3f7164808013b816ba91ac7e43bbe82a70bebac296f8bc6f0addaa1a?s=96&d=mm&r=g","caption":"Edici\u00f3n Web"},"url":"https:\/\/canal7slp.tv\/2023\/author\/edicionweb\/"}]}},"_links":{"self":[{"href":"https:\/\/canal7slp.tv\/2023\/wp-json\/wp\/v2\/posts\/98186","targetHints":{"allow":["GET"]}}],"collection":[{"href":"https:\/\/canal7slp.tv\/2023\/wp-json\/wp\/v2\/posts"}],"about":[{"href":"https:\/\/canal7slp.tv\/2023\/wp-json\/wp\/v2\/types\/post"}],"author":[{"embeddable":true,"href":"https:\/\/canal7slp.tv\/2023\/wp-json\/wp\/v2\/users\/2"}],"replies":[{"embeddable":true,"href":"https:\/\/canal7slp.tv\/2023\/wp-json\/wp\/v2\/comments?post=98186"}],"version-history":[{"count":3,"href":"https:\/\/canal7slp.tv\/2023\/wp-json\/wp\/v2\/posts\/98186\/revisions"}],"predecessor-version":[{"id":98448,"href":"https:\/\/canal7slp.tv\/2023\/wp-json\/wp\/v2\/posts\/98186\/revisions\/98448"}],"wp:featuredmedia":[{"embeddable":true,"href":"https:\/\/canal7slp.tv\/2023\/wp-json\/wp\/v2\/media\/98208"}],"wp:attachment":[{"href":"https:\/\/canal7slp.tv\/2023\/wp-json\/wp\/v2\/media?parent=98186"}],"wp:term":[{"taxonomy":"category","embeddable":true,"href":"https:\/\/canal7slp.tv\/2023\/wp-json\/wp\/v2\/categories?post=98186"},{"taxonomy":"post_tag","embeddable":true,"href":"https:\/\/canal7slp.tv\/2023\/wp-json\/wp\/v2\/tags?post=98186"}],"curies":[{"name":"wp","href":"https:\/\/api.w.org\/{rel}","templated":true}]}}