{"id":97564,"date":"2023-06-06T19:24:31","date_gmt":"2023-06-07T01:24:31","guid":{"rendered":"https:\/\/canal7slp.tv\/2023\/?p=97564"},"modified":"2023-06-06T19:24:31","modified_gmt":"2023-06-07T01:24:31","slug":"inicia-en-slp-incorporacion-de-personas-con-discapacidad-a-pension-del-bienestar","status":"publish","type":"post","link":"https:\/\/canal7slp.tv\/2023\/inicia-en-slp-incorporacion-de-personas-con-discapacidad-a-pension-del-bienestar\/","title":{"rendered":"Inicia en SLP incorporaci\u00f3n de personas con discapacidad a pensi\u00f3n del Bienestar"},"content":{"rendered":"<p style=\"text-align: justify;\">SLP.- De acuerdo con las autoridades federales, ser\u00e1 este 7 de junio cuando se comience con el periodo de registro de nuevas solicitudes de incorporaci\u00f3n al programa de Pensi\u00f3n para el Bienestar de las Personas con discapacidad en San Luis Potos\u00ed.<\/p>\n<p style=\"text-align: justify;\">Esto como parte de los resultados obtenidos con la firma de convenio entre la Secretaria del Bienestar, Ariadna Montiel Reyes y el Gobernador, Jos\u00e9 Ricardo Gallardo Cardona; y a la inversi\u00f3n bipartita entre el gobierno federal y estatal.<\/p>\n<p style=\"text-align: justify;\">Es as\u00ed como las y los potosinos con discapacidad de hasta 64 a\u00f1os de edad, podr\u00e1n ser derechohabientes de esta pensi\u00f3n, toda vez que anteriormente solo se otorgaban hasta los 29 a\u00f1os.<\/p>\n<p style=\"text-align: justify;\">El periodo de registro estar\u00e1 vigente del 7 al 30 de junio; los documentos a presentar tanto de la persona derechohabiente como de la persona auxiliar son: identificaci\u00f3n oficial vigente, CURP de impresi\u00f3n reciente, acta de nacimiento legible, comprobante de domicilio no mayor a seis meses, certificado de discapacidad emitido por alguna instituci\u00f3n p\u00fablica de salud y tel\u00e9fono de contacto.<\/p>\n<p style=\"text-align: justify;\">Las personas que viven en San Luis Potos\u00ed deber\u00e1n acudir a la delegaci\u00f3n de programas para el Bienestar, ubicada en Fray Diego de la Magdalena S\/N, frente al pante\u00f3n del Saucito.<\/p>\n<p style=\"text-align: justify;\">Los que residen en el municipio de Soledad de Graciano S\u00e1nchez, la atenci\u00f3n les ser\u00e1 otorgada en el auditorio de la calle Cholultecas, fraccionamiento Hogares Ferrocarrileros segunda secci\u00f3n; para el resto del estado, se instalar\u00e1 un m\u00f3dulo de incorporaci\u00f3n en los Centros Integradores de Desarrollo de las cabeceras municipales.<\/p>\n<p style=\"text-align: justify;\">Para obtener m\u00e1s informaci\u00f3n, se puede consultar la p\u00e1gina de la Secretar\u00eda de Bienestar: https:\/\/www.gob.mx\/bienestar.<\/p>\n<p>Por: Jos\u00e9 Luis V\u00e1zquez<\/p>\n","protected":false},"excerpt":{"rendered":"<p>SLP.- De acuerdo con las autoridades federales, ser\u00e1 este 7 de junio cuando se comience con el periodo de registro de nuevas solicitudes de incorporaci\u00f3n al programa de Pensi\u00f3n para el Bienestar de las Personas con discapacidad en San Luis Potos\u00ed. Esto como parte de los resultados obtenidos con la firma de convenio entre la Secretaria del Bienestar, Ariadna Montiel Reyes y el Gobernador, Jos\u00e9 Ricardo Gallardo Cardona; y a la inversi\u00f3n bipartita entre el gobierno federal y estatal. Es as\u00ed como las y los potosinos con discapacidad de hasta 64 a\u00f1os de edad, podr\u00e1n ser derechohabientes de esta pensi\u00f3n, [&hellip;]<\/p>\n","protected":false},"author":2,"featured_media":97596,"comment_status":"closed","ping_status":"closed","sticky":false,"template":"","format":"video","meta":{"footnotes":""},"categories":[5,45],"tags":[],"class_list":["post-97564","post","type-post","status-publish","format-video","has-post-thumbnail","hentry","category-destacadas","category-localesyregionales","post_format-post-format-video","post--single"],"yoast_head":"<!-- This site is optimized with the Yoast SEO plugin v27.4 - https:\/\/yoast.com\/product\/yoast-seo-wordpress\/ -->\n<title>Inicia en SLP incorporaci\u00f3n de personas con discapacidad a pensi\u00f3n del Bienestar - Canal 7 SLP - 2023<\/title>\n<meta name=\"robots\" content=\"index, follow, max-snippet:-1, max-image-preview:large, max-video-preview:-1\" \/>\n<link rel=\"canonical\" href=\"https:\/\/canal7slp.tv\/2023\/inicia-en-slp-incorporacion-de-personas-con-discapacidad-a-pension-del-bienestar\/\" \/>\n<meta property=\"og:locale\" content=\"es_ES\" \/>\n<meta property=\"og:type\" content=\"article\" \/>\n<meta property=\"og:title\" content=\"Inicia en SLP incorporaci\u00f3n de personas con discapacidad a pensi\u00f3n del Bienestar - Canal 7 SLP - 2023\" \/>\n<meta property=\"og:description\" content=\"SLP.- De acuerdo con las autoridades federales, ser\u00e1 este 7 de junio cuando se comience con el periodo de registro de nuevas solicitudes de incorporaci\u00f3n al programa de Pensi\u00f3n para el Bienestar de las Personas con discapacidad en San Luis Potos\u00ed. Esto como parte de los resultados obtenidos con la firma de convenio entre la Secretaria del Bienestar, Ariadna Montiel Reyes y el Gobernador, Jos\u00e9 Ricardo Gallardo Cardona; y a la inversi\u00f3n bipartita entre el gobierno federal y estatal. Es as\u00ed como las y los potosinos con discapacidad de hasta 64 a\u00f1os de edad, podr\u00e1n ser derechohabientes de esta pensi\u00f3n, [&hellip;]\" \/>\n<meta property=\"og:url\" content=\"https:\/\/canal7slp.tv\/2023\/inicia-en-slp-incorporacion-de-personas-con-discapacidad-a-pension-del-bienestar\/\" \/>\n<meta property=\"og:site_name\" content=\"Canal 7 SLP - 2023\" \/>\n<meta property=\"article:publisher\" content=\"https:\/\/www.facebook.com\/noticieroscanalsiete\" \/>\n<meta property=\"article:published_time\" content=\"2023-06-07T01:24:31+00:00\" \/>\n<meta property=\"og:image\" content=\"https:\/\/canal7slp.tv\/2023\/wp-content\/uploads\/2023\/06\/Vazquez0Discapacidad.jpg\" \/>\n\t<meta property=\"og:image:width\" content=\"1280\" \/>\n\t<meta property=\"og:image:height\" content=\"720\" \/>\n\t<meta property=\"og:image:type\" content=\"image\/jpeg\" \/>\n<meta name=\"author\" content=\"Edici\u00f3n Web\" \/>\n<meta name=\"twitter:card\" content=\"summary_large_image\" \/>\n<meta name=\"twitter:creator\" content=\"@NOTICIEROS7\" \/>\n<meta name=\"twitter:site\" content=\"@NOTICIEROS7\" \/>\n<meta name=\"twitter:label1\" content=\"Escrito por\" \/>\n\t<meta name=\"twitter:data1\" content=\"Edici\u00f3n Web\" \/>\n\t<meta name=\"twitter:label2\" content=\"Tiempo de lectura\" \/>\n\t<meta name=\"twitter:data2\" content=\"2 minutos\" \/>\n<script type=\"application\/ld+json\" class=\"yoast-schema-graph\">{\"@context\":\"https:\\\/\\\/schema.org\",\"@graph\":[{\"@type\":\"Article\",\"@id\":\"https:\\\/\\\/canal7slp.tv\\\/2023\\\/inicia-en-slp-incorporacion-de-personas-con-discapacidad-a-pension-del-bienestar\\\/#article\",\"isPartOf\":{\"@id\":\"https:\\\/\\\/canal7slp.tv\\\/2023\\\/inicia-en-slp-incorporacion-de-personas-con-discapacidad-a-pension-del-bienestar\\\/\"},\"author\":{\"name\":\"Edici\u00f3n Web\",\"@id\":\"https:\\\/\\\/canal7slp.tv\\\/2023\\\/#\\\/schema\\\/person\\\/639c424e3584069003b11ae813915da6\"},\"headline\":\"Inicia en SLP incorporaci\u00f3n de personas con discapacidad a pensi\u00f3n del Bienestar\",\"datePublished\":\"2023-06-07T01:24:31+00:00\",\"mainEntityOfPage\":{\"@id\":\"https:\\\/\\\/canal7slp.tv\\\/2023\\\/inicia-en-slp-incorporacion-de-personas-con-discapacidad-a-pension-del-bienestar\\\/\"},\"wordCount\":310,\"publisher\":{\"@id\":\"https:\\\/\\\/canal7slp.tv\\\/2023\\\/#organization\"},\"image\":{\"@id\":\"https:\\\/\\\/canal7slp.tv\\\/2023\\\/inicia-en-slp-incorporacion-de-personas-con-discapacidad-a-pension-del-bienestar\\\/#primaryimage\"},\"thumbnailUrl\":\"https:\\\/\\\/canal7slp.tv\\\/2023\\\/wp-content\\\/uploads\\\/2023\\\/06\\\/Vazquez0Discapacidad.jpg\",\"articleSection\":[\"DESTACADAS\",\"LOCALES Y REGIONALES\"],\"inLanguage\":\"es\"},{\"@type\":\"WebPage\",\"@id\":\"https:\\\/\\\/canal7slp.tv\\\/2023\\\/inicia-en-slp-incorporacion-de-personas-con-discapacidad-a-pension-del-bienestar\\\/\",\"url\":\"https:\\\/\\\/canal7slp.tv\\\/2023\\\/inicia-en-slp-incorporacion-de-personas-con-discapacidad-a-pension-del-bienestar\\\/\",\"name\":\"Inicia en SLP incorporaci\u00f3n de personas con discapacidad a pensi\u00f3n del Bienestar - Canal 7 SLP - 2023\",\"isPartOf\":{\"@id\":\"https:\\\/\\\/canal7slp.tv\\\/2023\\\/#website\"},\"primaryImageOfPage\":{\"@id\":\"https:\\\/\\\/canal7slp.tv\\\/2023\\\/inicia-en-slp-incorporacion-de-personas-con-discapacidad-a-pension-del-bienestar\\\/#primaryimage\"},\"image\":{\"@id\":\"https:\\\/\\\/canal7slp.tv\\\/2023\\\/inicia-en-slp-incorporacion-de-personas-con-discapacidad-a-pension-del-bienestar\\\/#primaryimage\"},\"thumbnailUrl\":\"https:\\\/\\\/canal7slp.tv\\\/2023\\\/wp-content\\\/uploads\\\/2023\\\/06\\\/Vazquez0Discapacidad.jpg\",\"datePublished\":\"2023-06-07T01:24:31+00:00\",\"breadcrumb\":{\"@id\":\"https:\\\/\\\/canal7slp.tv\\\/2023\\\/inicia-en-slp-incorporacion-de-personas-con-discapacidad-a-pension-del-bienestar\\\/#breadcrumb\"},\"inLanguage\":\"es\",\"potentialAction\":[{\"@type\":\"ReadAction\",\"target\":[\"https:\\\/\\\/canal7slp.tv\\\/2023\\\/inicia-en-slp-incorporacion-de-personas-con-discapacidad-a-pension-del-bienestar\\\/\"]}]},{\"@type\":\"ImageObject\",\"inLanguage\":\"es\",\"@id\":\"https:\\\/\\\/canal7slp.tv\\\/2023\\\/inicia-en-slp-incorporacion-de-personas-con-discapacidad-a-pension-del-bienestar\\\/#primaryimage\",\"url\":\"https:\\\/\\\/canal7slp.tv\\\/2023\\\/wp-content\\\/uploads\\\/2023\\\/06\\\/Vazquez0Discapacidad.jpg\",\"contentUrl\":\"https:\\\/\\\/canal7slp.tv\\\/2023\\\/wp-content\\\/uploads\\\/2023\\\/06\\\/Vazquez0Discapacidad.jpg\",\"width\":1280,\"height\":720},{\"@type\":\"BreadcrumbList\",\"@id\":\"https:\\\/\\\/canal7slp.tv\\\/2023\\\/inicia-en-slp-incorporacion-de-personas-con-discapacidad-a-pension-del-bienestar\\\/#breadcrumb\",\"itemListElement\":[{\"@type\":\"ListItem\",\"position\":1,\"name\":\"Portada\",\"item\":\"https:\\\/\\\/canal7slp.tv\\\/2023\\\/\"},{\"@type\":\"ListItem\",\"position\":2,\"name\":\"Inicia en SLP incorporaci\u00f3n de personas con discapacidad a pensi\u00f3n del Bienestar\"}]},{\"@type\":\"WebSite\",\"@id\":\"https:\\\/\\\/canal7slp.tv\\\/2023\\\/#website\",\"url\":\"https:\\\/\\\/canal7slp.tv\\\/2023\\\/\",\"name\":\"N7 - Noticieros Canal 7\",\"description\":\"Somos Televisi\u00f3n\",\"publisher\":{\"@id\":\"https:\\\/\\\/canal7slp.tv\\\/2023\\\/#organization\"},\"potentialAction\":[{\"@type\":\"SearchAction\",\"target\":{\"@type\":\"EntryPoint\",\"urlTemplate\":\"https:\\\/\\\/canal7slp.tv\\\/2023\\\/?s={search_term_string}\"},\"query-input\":{\"@type\":\"PropertyValueSpecification\",\"valueRequired\":true,\"valueName\":\"search_term_string\"}}],\"inLanguage\":\"es\"},{\"@type\":\"Organization\",\"@id\":\"https:\\\/\\\/canal7slp.tv\\\/2023\\\/#organization\",\"name\":\"Noticieros Canal 7\",\"url\":\"https:\\\/\\\/canal7slp.tv\\\/2023\\\/\",\"logo\":{\"@type\":\"ImageObject\",\"inLanguage\":\"es\",\"@id\":\"https:\\\/\\\/canal7slp.tv\\\/2023\\\/#\\\/schema\\\/logo\\\/image\\\/\",\"url\":\"https:\\\/\\\/canal7slp.tv\\\/2023\\\/wp-content\\\/uploads\\\/2021\\\/01\\\/logo-noticieros@2x.png\",\"contentUrl\":\"https:\\\/\\\/canal7slp.tv\\\/2023\\\/wp-content\\\/uploads\\\/2021\\\/01\\\/logo-noticieros@2x.png\",\"width\":1017,\"height\":268,\"caption\":\"Noticieros Canal 7\"},\"image\":{\"@id\":\"https:\\\/\\\/canal7slp.tv\\\/2023\\\/#\\\/schema\\\/logo\\\/image\\\/\"},\"sameAs\":[\"https:\\\/\\\/www.facebook.com\\\/noticieroscanalsiete\",\"https:\\\/\\\/x.com\\\/NOTICIEROS7\",\"https:\\\/\\\/www.instagram.com\\\/canal7_slp\",\"https:\\\/\\\/www.youtube.com\\\/channel\\\/UCliiYs-gP3JfJeqdPrNdd5A\"]},{\"@type\":\"Person\",\"@id\":\"https:\\\/\\\/canal7slp.tv\\\/2023\\\/#\\\/schema\\\/person\\\/639c424e3584069003b11ae813915da6\",\"name\":\"Edici\u00f3n Web\",\"image\":{\"@type\":\"ImageObject\",\"inLanguage\":\"es\",\"@id\":\"https:\\\/\\\/secure.gravatar.com\\\/avatar\\\/eee448fc3f7164808013b816ba91ac7e43bbe82a70bebac296f8bc6f0addaa1a?s=96&d=mm&r=g\",\"url\":\"https:\\\/\\\/secure.gravatar.com\\\/avatar\\\/eee448fc3f7164808013b816ba91ac7e43bbe82a70bebac296f8bc6f0addaa1a?s=96&d=mm&r=g\",\"contentUrl\":\"https:\\\/\\\/secure.gravatar.com\\\/avatar\\\/eee448fc3f7164808013b816ba91ac7e43bbe82a70bebac296f8bc6f0addaa1a?s=96&d=mm&r=g\",\"caption\":\"Edici\u00f3n Web\"},\"url\":\"https:\\\/\\\/canal7slp.tv\\\/2023\\\/author\\\/edicionweb\\\/\"}]}<\/script>\n<!-- \/ Yoast SEO plugin. -->","yoast_head_json":{"title":"Inicia en SLP incorporaci\u00f3n de personas con discapacidad a pensi\u00f3n del Bienestar - Canal 7 SLP - 2023","robots":{"index":"index","follow":"follow","max-snippet":"max-snippet:-1","max-image-preview":"max-image-preview:large","max-video-preview":"max-video-preview:-1"},"canonical":"https:\/\/canal7slp.tv\/2023\/inicia-en-slp-incorporacion-de-personas-con-discapacidad-a-pension-del-bienestar\/","og_locale":"es_ES","og_type":"article","og_title":"Inicia en SLP incorporaci\u00f3n de personas con discapacidad a pensi\u00f3n del Bienestar - Canal 7 SLP - 2023","og_description":"SLP.- De acuerdo con las autoridades federales, ser\u00e1 este 7 de junio cuando se comience con el periodo de registro de nuevas solicitudes de incorporaci\u00f3n al programa de Pensi\u00f3n para el Bienestar de las Personas con discapacidad en San Luis Potos\u00ed. Esto como parte de los resultados obtenidos con la firma de convenio entre la Secretaria del Bienestar, Ariadna Montiel Reyes y el Gobernador, Jos\u00e9 Ricardo Gallardo Cardona; y a la inversi\u00f3n bipartita entre el gobierno federal y estatal. Es as\u00ed como las y los potosinos con discapacidad de hasta 64 a\u00f1os de edad, podr\u00e1n ser derechohabientes de esta pensi\u00f3n, [&hellip;]","og_url":"https:\/\/canal7slp.tv\/2023\/inicia-en-slp-incorporacion-de-personas-con-discapacidad-a-pension-del-bienestar\/","og_site_name":"Canal 7 SLP - 2023","article_publisher":"https:\/\/www.facebook.com\/noticieroscanalsiete","article_published_time":"2023-06-07T01:24:31+00:00","og_image":[{"width":1280,"height":720,"url":"https:\/\/canal7slp.tv\/2023\/wp-content\/uploads\/2023\/06\/Vazquez0Discapacidad.jpg","type":"image\/jpeg"}],"author":"Edici\u00f3n Web","twitter_card":"summary_large_image","twitter_creator":"@NOTICIEROS7","twitter_site":"@NOTICIEROS7","twitter_misc":{"Escrito por":"Edici\u00f3n Web","Tiempo de lectura":"2 minutos"},"schema":{"@context":"https:\/\/schema.org","@graph":[{"@type":"Article","@id":"https:\/\/canal7slp.tv\/2023\/inicia-en-slp-incorporacion-de-personas-con-discapacidad-a-pension-del-bienestar\/#article","isPartOf":{"@id":"https:\/\/canal7slp.tv\/2023\/inicia-en-slp-incorporacion-de-personas-con-discapacidad-a-pension-del-bienestar\/"},"author":{"name":"Edici\u00f3n Web","@id":"https:\/\/canal7slp.tv\/2023\/#\/schema\/person\/639c424e3584069003b11ae813915da6"},"headline":"Inicia en SLP incorporaci\u00f3n de personas con discapacidad a pensi\u00f3n del Bienestar","datePublished":"2023-06-07T01:24:31+00:00","mainEntityOfPage":{"@id":"https:\/\/canal7slp.tv\/2023\/inicia-en-slp-incorporacion-de-personas-con-discapacidad-a-pension-del-bienestar\/"},"wordCount":310,"publisher":{"@id":"https:\/\/canal7slp.tv\/2023\/#organization"},"image":{"@id":"https:\/\/canal7slp.tv\/2023\/inicia-en-slp-incorporacion-de-personas-con-discapacidad-a-pension-del-bienestar\/#primaryimage"},"thumbnailUrl":"https:\/\/canal7slp.tv\/2023\/wp-content\/uploads\/2023\/06\/Vazquez0Discapacidad.jpg","articleSection":["DESTACADAS","LOCALES Y REGIONALES"],"inLanguage":"es"},{"@type":"WebPage","@id":"https:\/\/canal7slp.tv\/2023\/inicia-en-slp-incorporacion-de-personas-con-discapacidad-a-pension-del-bienestar\/","url":"https:\/\/canal7slp.tv\/2023\/inicia-en-slp-incorporacion-de-personas-con-discapacidad-a-pension-del-bienestar\/","name":"Inicia en SLP incorporaci\u00f3n de personas con discapacidad a pensi\u00f3n del Bienestar - Canal 7 SLP - 2023","isPartOf":{"@id":"https:\/\/canal7slp.tv\/2023\/#website"},"primaryImageOfPage":{"@id":"https:\/\/canal7slp.tv\/2023\/inicia-en-slp-incorporacion-de-personas-con-discapacidad-a-pension-del-bienestar\/#primaryimage"},"image":{"@id":"https:\/\/canal7slp.tv\/2023\/inicia-en-slp-incorporacion-de-personas-con-discapacidad-a-pension-del-bienestar\/#primaryimage"},"thumbnailUrl":"https:\/\/canal7slp.tv\/2023\/wp-content\/uploads\/2023\/06\/Vazquez0Discapacidad.jpg","datePublished":"2023-06-07T01:24:31+00:00","breadcrumb":{"@id":"https:\/\/canal7slp.tv\/2023\/inicia-en-slp-incorporacion-de-personas-con-discapacidad-a-pension-del-bienestar\/#breadcrumb"},"inLanguage":"es","potentialAction":[{"@type":"ReadAction","target":["https:\/\/canal7slp.tv\/2023\/inicia-en-slp-incorporacion-de-personas-con-discapacidad-a-pension-del-bienestar\/"]}]},{"@type":"ImageObject","inLanguage":"es","@id":"https:\/\/canal7slp.tv\/2023\/inicia-en-slp-incorporacion-de-personas-con-discapacidad-a-pension-del-bienestar\/#primaryimage","url":"https:\/\/canal7slp.tv\/2023\/wp-content\/uploads\/2023\/06\/Vazquez0Discapacidad.jpg","contentUrl":"https:\/\/canal7slp.tv\/2023\/wp-content\/uploads\/2023\/06\/Vazquez0Discapacidad.jpg","width":1280,"height":720},{"@type":"BreadcrumbList","@id":"https:\/\/canal7slp.tv\/2023\/inicia-en-slp-incorporacion-de-personas-con-discapacidad-a-pension-del-bienestar\/#breadcrumb","itemListElement":[{"@type":"ListItem","position":1,"name":"Portada","item":"https:\/\/canal7slp.tv\/2023\/"},{"@type":"ListItem","position":2,"name":"Inicia en SLP incorporaci\u00f3n de personas con discapacidad a pensi\u00f3n del Bienestar"}]},{"@type":"WebSite","@id":"https:\/\/canal7slp.tv\/2023\/#website","url":"https:\/\/canal7slp.tv\/2023\/","name":"N7 - Noticieros Canal 7","description":"Somos Televisi\u00f3n","publisher":{"@id":"https:\/\/canal7slp.tv\/2023\/#organization"},"potentialAction":[{"@type":"SearchAction","target":{"@type":"EntryPoint","urlTemplate":"https:\/\/canal7slp.tv\/2023\/?s={search_term_string}"},"query-input":{"@type":"PropertyValueSpecification","valueRequired":true,"valueName":"search_term_string"}}],"inLanguage":"es"},{"@type":"Organization","@id":"https:\/\/canal7slp.tv\/2023\/#organization","name":"Noticieros Canal 7","url":"https:\/\/canal7slp.tv\/2023\/","logo":{"@type":"ImageObject","inLanguage":"es","@id":"https:\/\/canal7slp.tv\/2023\/#\/schema\/logo\/image\/","url":"https:\/\/canal7slp.tv\/2023\/wp-content\/uploads\/2021\/01\/logo-noticieros@2x.png","contentUrl":"https:\/\/canal7slp.tv\/2023\/wp-content\/uploads\/2021\/01\/logo-noticieros@2x.png","width":1017,"height":268,"caption":"Noticieros Canal 7"},"image":{"@id":"https:\/\/canal7slp.tv\/2023\/#\/schema\/logo\/image\/"},"sameAs":["https:\/\/www.facebook.com\/noticieroscanalsiete","https:\/\/x.com\/NOTICIEROS7","https:\/\/www.instagram.com\/canal7_slp","https:\/\/www.youtube.com\/channel\/UCliiYs-gP3JfJeqdPrNdd5A"]},{"@type":"Person","@id":"https:\/\/canal7slp.tv\/2023\/#\/schema\/person\/639c424e3584069003b11ae813915da6","name":"Edici\u00f3n Web","image":{"@type":"ImageObject","inLanguage":"es","@id":"https:\/\/secure.gravatar.com\/avatar\/eee448fc3f7164808013b816ba91ac7e43bbe82a70bebac296f8bc6f0addaa1a?s=96&d=mm&r=g","url":"https:\/\/secure.gravatar.com\/avatar\/eee448fc3f7164808013b816ba91ac7e43bbe82a70bebac296f8bc6f0addaa1a?s=96&d=mm&r=g","contentUrl":"https:\/\/secure.gravatar.com\/avatar\/eee448fc3f7164808013b816ba91ac7e43bbe82a70bebac296f8bc6f0addaa1a?s=96&d=mm&r=g","caption":"Edici\u00f3n Web"},"url":"https:\/\/canal7slp.tv\/2023\/author\/edicionweb\/"}]}},"_links":{"self":[{"href":"https:\/\/canal7slp.tv\/2023\/wp-json\/wp\/v2\/posts\/97564","targetHints":{"allow":["GET"]}}],"collection":[{"href":"https:\/\/canal7slp.tv\/2023\/wp-json\/wp\/v2\/posts"}],"about":[{"href":"https:\/\/canal7slp.tv\/2023\/wp-json\/wp\/v2\/types\/post"}],"author":[{"embeddable":true,"href":"https:\/\/canal7slp.tv\/2023\/wp-json\/wp\/v2\/users\/2"}],"replies":[{"embeddable":true,"href":"https:\/\/canal7slp.tv\/2023\/wp-json\/wp\/v2\/comments?post=97564"}],"version-history":[{"count":2,"href":"https:\/\/canal7slp.tv\/2023\/wp-json\/wp\/v2\/posts\/97564\/revisions"}],"predecessor-version":[{"id":97597,"href":"https:\/\/canal7slp.tv\/2023\/wp-json\/wp\/v2\/posts\/97564\/revisions\/97597"}],"wp:featuredmedia":[{"embeddable":true,"href":"https:\/\/canal7slp.tv\/2023\/wp-json\/wp\/v2\/media\/97596"}],"wp:attachment":[{"href":"https:\/\/canal7slp.tv\/2023\/wp-json\/wp\/v2\/media?parent=97564"}],"wp:term":[{"taxonomy":"category","embeddable":true,"href":"https:\/\/canal7slp.tv\/2023\/wp-json\/wp\/v2\/categories?post=97564"},{"taxonomy":"post_tag","embeddable":true,"href":"https:\/\/canal7slp.tv\/2023\/wp-json\/wp\/v2\/tags?post=97564"}],"curies":[{"name":"wp","href":"https:\/\/api.w.org\/{rel}","templated":true}]}}