{"id":97369,"date":"2023-06-04T15:51:18","date_gmt":"2023-06-04T21:51:18","guid":{"rendered":"https:\/\/canal7slp.tv\/2023\/?p=97369"},"modified":"2023-06-05T13:33:53","modified_gmt":"2023-06-05T19:33:53","slug":"viral-el-chicles-perrito-corredor-gano-su-primer-maraton-de-cinco-kilometros","status":"publish","type":"post","link":"https:\/\/canal7slp.tv\/2023\/viral-el-chicles-perrito-corredor-gano-su-primer-maraton-de-cinco-kilometros\/","title":{"rendered":"#Viral \u00abEl Chicles\u00bb, perrito corredor, gan\u00f3 su primer marat\u00f3n de cinco kil\u00f3metros"},"content":{"rendered":"<p style=\"text-align: justify;\">Tijuana.- En Redes Sociales se ha vuelto viral un perrito llamada \u201cEl Chicles\u201d, el cual compite con frecuencia en las carreras atl\u00e9ticas que se realizan en Tijauna.<\/p>\n<p style=\"text-align: justify;\">Esta ocasi\u00f3n, en el marat\u00f3n de Tijuana obtuvo el primer lugar.<\/p>\n<div style=\"width: 352px;\" class=\"wp-video\"><video class=\"wp-video-shortcode\" id=\"video-97369-1\" width=\"352\" height=\"640\" preload=\"metadata\" controls=\"controls\"><source type=\"video\/mp4\" src=\"https:\/\/canal7slp.tv\/2023\/wp-content\/uploads\/2023\/06\/Chicles.mp4?_=1\" \/><a href=\"https:\/\/canal7slp.tv\/2023\/wp-content\/uploads\/2023\/06\/Chicles.mp4\">https:\/\/canal7slp.tv\/2023\/wp-content\/uploads\/2023\/06\/Chicles.mp4<\/a><\/video><\/div>\n<p style=\"text-align: justify;\">De acuerdo con la cuenta \u201celchicles1350\u201d de TikTok, el \u201csuave lomito\u201d fue galardonado tras obtener la victoria.<\/p>\n<p style=\"text-align: justify;\">Aunado a esto, se dio a conocer que tambi\u00e9n obtuvo el tercer puesto general en Conalep de 5 km.<\/p>\n<p style=\"text-align: justify;\">Cada que compite El Chicles, los usuarios de redes expresan su cari\u00f1o, apoyo y respaldo con el canino.<\/p>\n<p style=\"text-align: justify;\">Cabe se\u00f1alar que en cada competencia, un gran n\u00famero de personas busca sacarse una foto con Chicles.<\/p>\n<p style=\"text-align: justify;\">De acuerdo con lo dado a conocer, \u201cEl Chicles\u201d es un perro de 8 a\u00f1os. Y se ha vuelto popular por haber competido en diferentes carreras, demostrando su talento para este tipo de competiciones, adem\u00e1s de tener un carisma que no puede ocultar.<\/p>\n","protected":false},"excerpt":{"rendered":"<p>Tijuana.- En Redes Sociales se ha vuelto viral un perrito llamada \u201cEl Chicles\u201d, el cual compite con frecuencia en las carreras atl\u00e9ticas que se realizan en Tijauna. Esta ocasi\u00f3n, en el marat\u00f3n de Tijuana obtuvo el primer lugar. De acuerdo con la cuenta \u201celchicles1350\u201d de TikTok, el \u201csuave lomito\u201d fue galardonado tras obtener la victoria. Aunado a esto, se dio a conocer que tambi\u00e9n obtuvo el tercer puesto general en Conalep de 5 km. Cada que compite El Chicles, los usuarios de redes expresan su cari\u00f1o, apoyo y respaldo con el canino. Cabe se\u00f1alar que en cada competencia, un gran [&hellip;]<\/p>\n","protected":false},"author":2,"featured_media":97379,"comment_status":"closed","ping_status":"closed","sticky":false,"template":"","format":"standard","meta":{"footnotes":""},"categories":[7],"tags":[],"class_list":["post-97369","post","type-post","status-publish","format-standard","has-post-thumbnail","hentry","category-deportes","post--single"],"yoast_head":"<!-- This site is optimized with the Yoast SEO plugin v27.4 - https:\/\/yoast.com\/product\/yoast-seo-wordpress\/ -->\n<title>#Viral &quot;El Chicles&quot;, perrito corredor, gan\u00f3 su primer marat\u00f3n de cinco kil\u00f3metros - Canal 7 SLP - 2023<\/title>\n<meta name=\"robots\" content=\"index, follow, max-snippet:-1, max-image-preview:large, max-video-preview:-1\" \/>\n<link rel=\"canonical\" href=\"https:\/\/canal7slp.tv\/2023\/viral-el-chicles-perrito-corredor-gano-su-primer-maraton-de-cinco-kilometros\/\" \/>\n<meta property=\"og:locale\" content=\"es_ES\" \/>\n<meta property=\"og:type\" content=\"article\" \/>\n<meta property=\"og:title\" content=\"#Viral &quot;El Chicles&quot;, perrito corredor, gan\u00f3 su primer marat\u00f3n de cinco kil\u00f3metros - Canal 7 SLP - 2023\" \/>\n<meta property=\"og:description\" content=\"Tijuana.- En Redes Sociales se ha vuelto viral un perrito llamada \u201cEl Chicles\u201d, el cual compite con frecuencia en las carreras atl\u00e9ticas que se realizan en Tijauna. Esta ocasi\u00f3n, en el marat\u00f3n de Tijuana obtuvo el primer lugar. De acuerdo con la cuenta \u201celchicles1350\u201d de TikTok, el \u201csuave lomito\u201d fue galardonado tras obtener la victoria. Aunado a esto, se dio a conocer que tambi\u00e9n obtuvo el tercer puesto general en Conalep de 5 km. Cada que compite El Chicles, los usuarios de redes expresan su cari\u00f1o, apoyo y respaldo con el canino. Cabe se\u00f1alar que en cada competencia, un gran [&hellip;]\" \/>\n<meta property=\"og:url\" content=\"https:\/\/canal7slp.tv\/2023\/viral-el-chicles-perrito-corredor-gano-su-primer-maraton-de-cinco-kilometros\/\" \/>\n<meta property=\"og:site_name\" content=\"Canal 7 SLP - 2023\" \/>\n<meta property=\"article:publisher\" content=\"https:\/\/www.facebook.com\/noticieroscanalsiete\" \/>\n<meta property=\"article:published_time\" content=\"2023-06-04T21:51:18+00:00\" \/>\n<meta property=\"article:modified_time\" content=\"2023-06-05T19:33:53+00:00\" \/>\n<meta property=\"og:image\" content=\"https:\/\/canal7slp.tv\/2023\/wp-content\/uploads\/2023\/06\/04-2.jpg\" \/>\n\t<meta property=\"og:image:width\" content=\"989\" \/>\n\t<meta property=\"og:image:height\" content=\"500\" \/>\n\t<meta property=\"og:image:type\" content=\"image\/jpeg\" \/>\n<meta name=\"author\" content=\"Edici\u00f3n Web\" \/>\n<meta name=\"twitter:card\" content=\"summary_large_image\" \/>\n<meta name=\"twitter:creator\" content=\"@NOTICIEROS7\" \/>\n<meta name=\"twitter:site\" content=\"@NOTICIEROS7\" \/>\n<meta name=\"twitter:label1\" content=\"Escrito por\" \/>\n\t<meta name=\"twitter:data1\" content=\"Edici\u00f3n Web\" \/>\n\t<meta name=\"twitter:label2\" content=\"Tiempo de lectura\" \/>\n\t<meta name=\"twitter:data2\" content=\"1 minuto\" \/>\n<script type=\"application\/ld+json\" class=\"yoast-schema-graph\">{\"@context\":\"https:\\\/\\\/schema.org\",\"@graph\":[{\"@type\":\"Article\",\"@id\":\"https:\\\/\\\/canal7slp.tv\\\/2023\\\/viral-el-chicles-perrito-corredor-gano-su-primer-maraton-de-cinco-kilometros\\\/#article\",\"isPartOf\":{\"@id\":\"https:\\\/\\\/canal7slp.tv\\\/2023\\\/viral-el-chicles-perrito-corredor-gano-su-primer-maraton-de-cinco-kilometros\\\/\"},\"author\":{\"name\":\"Edici\u00f3n Web\",\"@id\":\"https:\\\/\\\/canal7slp.tv\\\/2023\\\/#\\\/schema\\\/person\\\/639c424e3584069003b11ae813915da6\"},\"headline\":\"#Viral \u00abEl Chicles\u00bb, perrito corredor, gan\u00f3 su primer marat\u00f3n de cinco kil\u00f3metros\",\"datePublished\":\"2023-06-04T21:51:18+00:00\",\"dateModified\":\"2023-06-05T19:33:53+00:00\",\"mainEntityOfPage\":{\"@id\":\"https:\\\/\\\/canal7slp.tv\\\/2023\\\/viral-el-chicles-perrito-corredor-gano-su-primer-maraton-de-cinco-kilometros\\\/\"},\"wordCount\":187,\"publisher\":{\"@id\":\"https:\\\/\\\/canal7slp.tv\\\/2023\\\/#organization\"},\"image\":{\"@id\":\"https:\\\/\\\/canal7slp.tv\\\/2023\\\/viral-el-chicles-perrito-corredor-gano-su-primer-maraton-de-cinco-kilometros\\\/#primaryimage\"},\"thumbnailUrl\":\"https:\\\/\\\/canal7slp.tv\\\/2023\\\/wp-content\\\/uploads\\\/2023\\\/06\\\/04-2.jpg\",\"articleSection\":[\"DEPORTES\"],\"inLanguage\":\"es\"},{\"@type\":\"WebPage\",\"@id\":\"https:\\\/\\\/canal7slp.tv\\\/2023\\\/viral-el-chicles-perrito-corredor-gano-su-primer-maraton-de-cinco-kilometros\\\/\",\"url\":\"https:\\\/\\\/canal7slp.tv\\\/2023\\\/viral-el-chicles-perrito-corredor-gano-su-primer-maraton-de-cinco-kilometros\\\/\",\"name\":\"#Viral \\\"El Chicles\\\", perrito corredor, gan\u00f3 su primer marat\u00f3n de cinco kil\u00f3metros - Canal 7 SLP - 2023\",\"isPartOf\":{\"@id\":\"https:\\\/\\\/canal7slp.tv\\\/2023\\\/#website\"},\"primaryImageOfPage\":{\"@id\":\"https:\\\/\\\/canal7slp.tv\\\/2023\\\/viral-el-chicles-perrito-corredor-gano-su-primer-maraton-de-cinco-kilometros\\\/#primaryimage\"},\"image\":{\"@id\":\"https:\\\/\\\/canal7slp.tv\\\/2023\\\/viral-el-chicles-perrito-corredor-gano-su-primer-maraton-de-cinco-kilometros\\\/#primaryimage\"},\"thumbnailUrl\":\"https:\\\/\\\/canal7slp.tv\\\/2023\\\/wp-content\\\/uploads\\\/2023\\\/06\\\/04-2.jpg\",\"datePublished\":\"2023-06-04T21:51:18+00:00\",\"dateModified\":\"2023-06-05T19:33:53+00:00\",\"breadcrumb\":{\"@id\":\"https:\\\/\\\/canal7slp.tv\\\/2023\\\/viral-el-chicles-perrito-corredor-gano-su-primer-maraton-de-cinco-kilometros\\\/#breadcrumb\"},\"inLanguage\":\"es\",\"potentialAction\":[{\"@type\":\"ReadAction\",\"target\":[\"https:\\\/\\\/canal7slp.tv\\\/2023\\\/viral-el-chicles-perrito-corredor-gano-su-primer-maraton-de-cinco-kilometros\\\/\"]}]},{\"@type\":\"ImageObject\",\"inLanguage\":\"es\",\"@id\":\"https:\\\/\\\/canal7slp.tv\\\/2023\\\/viral-el-chicles-perrito-corredor-gano-su-primer-maraton-de-cinco-kilometros\\\/#primaryimage\",\"url\":\"https:\\\/\\\/canal7slp.tv\\\/2023\\\/wp-content\\\/uploads\\\/2023\\\/06\\\/04-2.jpg\",\"contentUrl\":\"https:\\\/\\\/canal7slp.tv\\\/2023\\\/wp-content\\\/uploads\\\/2023\\\/06\\\/04-2.jpg\",\"width\":989,\"height\":500},{\"@type\":\"BreadcrumbList\",\"@id\":\"https:\\\/\\\/canal7slp.tv\\\/2023\\\/viral-el-chicles-perrito-corredor-gano-su-primer-maraton-de-cinco-kilometros\\\/#breadcrumb\",\"itemListElement\":[{\"@type\":\"ListItem\",\"position\":1,\"name\":\"Portada\",\"item\":\"https:\\\/\\\/canal7slp.tv\\\/2023\\\/\"},{\"@type\":\"ListItem\",\"position\":2,\"name\":\"#Viral &#8220;El Chicles&#8221;, perrito corredor, gan\u00f3 su primer marat\u00f3n de cinco kil\u00f3metros\"}]},{\"@type\":\"WebSite\",\"@id\":\"https:\\\/\\\/canal7slp.tv\\\/2023\\\/#website\",\"url\":\"https:\\\/\\\/canal7slp.tv\\\/2023\\\/\",\"name\":\"N7 - Noticieros Canal 7\",\"description\":\"Somos Televisi\u00f3n\",\"publisher\":{\"@id\":\"https:\\\/\\\/canal7slp.tv\\\/2023\\\/#organization\"},\"potentialAction\":[{\"@type\":\"SearchAction\",\"target\":{\"@type\":\"EntryPoint\",\"urlTemplate\":\"https:\\\/\\\/canal7slp.tv\\\/2023\\\/?s={search_term_string}\"},\"query-input\":{\"@type\":\"PropertyValueSpecification\",\"valueRequired\":true,\"valueName\":\"search_term_string\"}}],\"inLanguage\":\"es\"},{\"@type\":\"Organization\",\"@id\":\"https:\\\/\\\/canal7slp.tv\\\/2023\\\/#organization\",\"name\":\"Noticieros Canal 7\",\"url\":\"https:\\\/\\\/canal7slp.tv\\\/2023\\\/\",\"logo\":{\"@type\":\"ImageObject\",\"inLanguage\":\"es\",\"@id\":\"https:\\\/\\\/canal7slp.tv\\\/2023\\\/#\\\/schema\\\/logo\\\/image\\\/\",\"url\":\"https:\\\/\\\/canal7slp.tv\\\/2023\\\/wp-content\\\/uploads\\\/2021\\\/01\\\/logo-noticieros@2x.png\",\"contentUrl\":\"https:\\\/\\\/canal7slp.tv\\\/2023\\\/wp-content\\\/uploads\\\/2021\\\/01\\\/logo-noticieros@2x.png\",\"width\":1017,\"height\":268,\"caption\":\"Noticieros Canal 7\"},\"image\":{\"@id\":\"https:\\\/\\\/canal7slp.tv\\\/2023\\\/#\\\/schema\\\/logo\\\/image\\\/\"},\"sameAs\":[\"https:\\\/\\\/www.facebook.com\\\/noticieroscanalsiete\",\"https:\\\/\\\/x.com\\\/NOTICIEROS7\",\"https:\\\/\\\/www.instagram.com\\\/canal7_slp\",\"https:\\\/\\\/www.youtube.com\\\/channel\\\/UCliiYs-gP3JfJeqdPrNdd5A\"]},{\"@type\":\"Person\",\"@id\":\"https:\\\/\\\/canal7slp.tv\\\/2023\\\/#\\\/schema\\\/person\\\/639c424e3584069003b11ae813915da6\",\"name\":\"Edici\u00f3n Web\",\"image\":{\"@type\":\"ImageObject\",\"inLanguage\":\"es\",\"@id\":\"https:\\\/\\\/secure.gravatar.com\\\/avatar\\\/eee448fc3f7164808013b816ba91ac7e43bbe82a70bebac296f8bc6f0addaa1a?s=96&d=mm&r=g\",\"url\":\"https:\\\/\\\/secure.gravatar.com\\\/avatar\\\/eee448fc3f7164808013b816ba91ac7e43bbe82a70bebac296f8bc6f0addaa1a?s=96&d=mm&r=g\",\"contentUrl\":\"https:\\\/\\\/secure.gravatar.com\\\/avatar\\\/eee448fc3f7164808013b816ba91ac7e43bbe82a70bebac296f8bc6f0addaa1a?s=96&d=mm&r=g\",\"caption\":\"Edici\u00f3n Web\"},\"url\":\"https:\\\/\\\/canal7slp.tv\\\/2023\\\/author\\\/edicionweb\\\/\"}]}<\/script>\n<!-- \/ Yoast SEO plugin. -->","yoast_head_json":{"title":"#Viral \"El Chicles\", perrito corredor, gan\u00f3 su primer marat\u00f3n de cinco kil\u00f3metros - Canal 7 SLP - 2023","robots":{"index":"index","follow":"follow","max-snippet":"max-snippet:-1","max-image-preview":"max-image-preview:large","max-video-preview":"max-video-preview:-1"},"canonical":"https:\/\/canal7slp.tv\/2023\/viral-el-chicles-perrito-corredor-gano-su-primer-maraton-de-cinco-kilometros\/","og_locale":"es_ES","og_type":"article","og_title":"#Viral \"El Chicles\", perrito corredor, gan\u00f3 su primer marat\u00f3n de cinco kil\u00f3metros - Canal 7 SLP - 2023","og_description":"Tijuana.- En Redes Sociales se ha vuelto viral un perrito llamada \u201cEl Chicles\u201d, el cual compite con frecuencia en las carreras atl\u00e9ticas que se realizan en Tijauna. Esta ocasi\u00f3n, en el marat\u00f3n de Tijuana obtuvo el primer lugar. De acuerdo con la cuenta \u201celchicles1350\u201d de TikTok, el \u201csuave lomito\u201d fue galardonado tras obtener la victoria. Aunado a esto, se dio a conocer que tambi\u00e9n obtuvo el tercer puesto general en Conalep de 5 km. Cada que compite El Chicles, los usuarios de redes expresan su cari\u00f1o, apoyo y respaldo con el canino. Cabe se\u00f1alar que en cada competencia, un gran [&hellip;]","og_url":"https:\/\/canal7slp.tv\/2023\/viral-el-chicles-perrito-corredor-gano-su-primer-maraton-de-cinco-kilometros\/","og_site_name":"Canal 7 SLP - 2023","article_publisher":"https:\/\/www.facebook.com\/noticieroscanalsiete","article_published_time":"2023-06-04T21:51:18+00:00","article_modified_time":"2023-06-05T19:33:53+00:00","og_image":[{"width":989,"height":500,"url":"https:\/\/canal7slp.tv\/2023\/wp-content\/uploads\/2023\/06\/04-2.jpg","type":"image\/jpeg"}],"author":"Edici\u00f3n Web","twitter_card":"summary_large_image","twitter_creator":"@NOTICIEROS7","twitter_site":"@NOTICIEROS7","twitter_misc":{"Escrito por":"Edici\u00f3n Web","Tiempo de lectura":"1 minuto"},"schema":{"@context":"https:\/\/schema.org","@graph":[{"@type":"Article","@id":"https:\/\/canal7slp.tv\/2023\/viral-el-chicles-perrito-corredor-gano-su-primer-maraton-de-cinco-kilometros\/#article","isPartOf":{"@id":"https:\/\/canal7slp.tv\/2023\/viral-el-chicles-perrito-corredor-gano-su-primer-maraton-de-cinco-kilometros\/"},"author":{"name":"Edici\u00f3n Web","@id":"https:\/\/canal7slp.tv\/2023\/#\/schema\/person\/639c424e3584069003b11ae813915da6"},"headline":"#Viral \u00abEl Chicles\u00bb, perrito corredor, gan\u00f3 su primer marat\u00f3n de cinco kil\u00f3metros","datePublished":"2023-06-04T21:51:18+00:00","dateModified":"2023-06-05T19:33:53+00:00","mainEntityOfPage":{"@id":"https:\/\/canal7slp.tv\/2023\/viral-el-chicles-perrito-corredor-gano-su-primer-maraton-de-cinco-kilometros\/"},"wordCount":187,"publisher":{"@id":"https:\/\/canal7slp.tv\/2023\/#organization"},"image":{"@id":"https:\/\/canal7slp.tv\/2023\/viral-el-chicles-perrito-corredor-gano-su-primer-maraton-de-cinco-kilometros\/#primaryimage"},"thumbnailUrl":"https:\/\/canal7slp.tv\/2023\/wp-content\/uploads\/2023\/06\/04-2.jpg","articleSection":["DEPORTES"],"inLanguage":"es"},{"@type":"WebPage","@id":"https:\/\/canal7slp.tv\/2023\/viral-el-chicles-perrito-corredor-gano-su-primer-maraton-de-cinco-kilometros\/","url":"https:\/\/canal7slp.tv\/2023\/viral-el-chicles-perrito-corredor-gano-su-primer-maraton-de-cinco-kilometros\/","name":"#Viral \"El Chicles\", perrito corredor, gan\u00f3 su primer marat\u00f3n de cinco kil\u00f3metros - Canal 7 SLP - 2023","isPartOf":{"@id":"https:\/\/canal7slp.tv\/2023\/#website"},"primaryImageOfPage":{"@id":"https:\/\/canal7slp.tv\/2023\/viral-el-chicles-perrito-corredor-gano-su-primer-maraton-de-cinco-kilometros\/#primaryimage"},"image":{"@id":"https:\/\/canal7slp.tv\/2023\/viral-el-chicles-perrito-corredor-gano-su-primer-maraton-de-cinco-kilometros\/#primaryimage"},"thumbnailUrl":"https:\/\/canal7slp.tv\/2023\/wp-content\/uploads\/2023\/06\/04-2.jpg","datePublished":"2023-06-04T21:51:18+00:00","dateModified":"2023-06-05T19:33:53+00:00","breadcrumb":{"@id":"https:\/\/canal7slp.tv\/2023\/viral-el-chicles-perrito-corredor-gano-su-primer-maraton-de-cinco-kilometros\/#breadcrumb"},"inLanguage":"es","potentialAction":[{"@type":"ReadAction","target":["https:\/\/canal7slp.tv\/2023\/viral-el-chicles-perrito-corredor-gano-su-primer-maraton-de-cinco-kilometros\/"]}]},{"@type":"ImageObject","inLanguage":"es","@id":"https:\/\/canal7slp.tv\/2023\/viral-el-chicles-perrito-corredor-gano-su-primer-maraton-de-cinco-kilometros\/#primaryimage","url":"https:\/\/canal7slp.tv\/2023\/wp-content\/uploads\/2023\/06\/04-2.jpg","contentUrl":"https:\/\/canal7slp.tv\/2023\/wp-content\/uploads\/2023\/06\/04-2.jpg","width":989,"height":500},{"@type":"BreadcrumbList","@id":"https:\/\/canal7slp.tv\/2023\/viral-el-chicles-perrito-corredor-gano-su-primer-maraton-de-cinco-kilometros\/#breadcrumb","itemListElement":[{"@type":"ListItem","position":1,"name":"Portada","item":"https:\/\/canal7slp.tv\/2023\/"},{"@type":"ListItem","position":2,"name":"#Viral &#8220;El Chicles&#8221;, perrito corredor, gan\u00f3 su primer marat\u00f3n de cinco kil\u00f3metros"}]},{"@type":"WebSite","@id":"https:\/\/canal7slp.tv\/2023\/#website","url":"https:\/\/canal7slp.tv\/2023\/","name":"N7 - Noticieros Canal 7","description":"Somos Televisi\u00f3n","publisher":{"@id":"https:\/\/canal7slp.tv\/2023\/#organization"},"potentialAction":[{"@type":"SearchAction","target":{"@type":"EntryPoint","urlTemplate":"https:\/\/canal7slp.tv\/2023\/?s={search_term_string}"},"query-input":{"@type":"PropertyValueSpecification","valueRequired":true,"valueName":"search_term_string"}}],"inLanguage":"es"},{"@type":"Organization","@id":"https:\/\/canal7slp.tv\/2023\/#organization","name":"Noticieros Canal 7","url":"https:\/\/canal7slp.tv\/2023\/","logo":{"@type":"ImageObject","inLanguage":"es","@id":"https:\/\/canal7slp.tv\/2023\/#\/schema\/logo\/image\/","url":"https:\/\/canal7slp.tv\/2023\/wp-content\/uploads\/2021\/01\/logo-noticieros@2x.png","contentUrl":"https:\/\/canal7slp.tv\/2023\/wp-content\/uploads\/2021\/01\/logo-noticieros@2x.png","width":1017,"height":268,"caption":"Noticieros Canal 7"},"image":{"@id":"https:\/\/canal7slp.tv\/2023\/#\/schema\/logo\/image\/"},"sameAs":["https:\/\/www.facebook.com\/noticieroscanalsiete","https:\/\/x.com\/NOTICIEROS7","https:\/\/www.instagram.com\/canal7_slp","https:\/\/www.youtube.com\/channel\/UCliiYs-gP3JfJeqdPrNdd5A"]},{"@type":"Person","@id":"https:\/\/canal7slp.tv\/2023\/#\/schema\/person\/639c424e3584069003b11ae813915da6","name":"Edici\u00f3n Web","image":{"@type":"ImageObject","inLanguage":"es","@id":"https:\/\/secure.gravatar.com\/avatar\/eee448fc3f7164808013b816ba91ac7e43bbe82a70bebac296f8bc6f0addaa1a?s=96&d=mm&r=g","url":"https:\/\/secure.gravatar.com\/avatar\/eee448fc3f7164808013b816ba91ac7e43bbe82a70bebac296f8bc6f0addaa1a?s=96&d=mm&r=g","contentUrl":"https:\/\/secure.gravatar.com\/avatar\/eee448fc3f7164808013b816ba91ac7e43bbe82a70bebac296f8bc6f0addaa1a?s=96&d=mm&r=g","caption":"Edici\u00f3n Web"},"url":"https:\/\/canal7slp.tv\/2023\/author\/edicionweb\/"}]}},"_links":{"self":[{"href":"https:\/\/canal7slp.tv\/2023\/wp-json\/wp\/v2\/posts\/97369","targetHints":{"allow":["GET"]}}],"collection":[{"href":"https:\/\/canal7slp.tv\/2023\/wp-json\/wp\/v2\/posts"}],"about":[{"href":"https:\/\/canal7slp.tv\/2023\/wp-json\/wp\/v2\/types\/post"}],"author":[{"embeddable":true,"href":"https:\/\/canal7slp.tv\/2023\/wp-json\/wp\/v2\/users\/2"}],"replies":[{"embeddable":true,"href":"https:\/\/canal7slp.tv\/2023\/wp-json\/wp\/v2\/comments?post=97369"}],"version-history":[{"count":3,"href":"https:\/\/canal7slp.tv\/2023\/wp-json\/wp\/v2\/posts\/97369\/revisions"}],"predecessor-version":[{"id":97425,"href":"https:\/\/canal7slp.tv\/2023\/wp-json\/wp\/v2\/posts\/97369\/revisions\/97425"}],"wp:featuredmedia":[{"embeddable":true,"href":"https:\/\/canal7slp.tv\/2023\/wp-json\/wp\/v2\/media\/97379"}],"wp:attachment":[{"href":"https:\/\/canal7slp.tv\/2023\/wp-json\/wp\/v2\/media?parent=97369"}],"wp:term":[{"taxonomy":"category","embeddable":true,"href":"https:\/\/canal7slp.tv\/2023\/wp-json\/wp\/v2\/categories?post=97369"},{"taxonomy":"post_tag","embeddable":true,"href":"https:\/\/canal7slp.tv\/2023\/wp-json\/wp\/v2\/tags?post=97369"}],"curies":[{"name":"wp","href":"https:\/\/api.w.org\/{rel}","templated":true}]}}