{"id":97359,"date":"2023-06-04T12:20:03","date_gmt":"2023-06-04T18:20:03","guid":{"rendered":"https:\/\/canal7slp.tv\/2023\/?p=97359"},"modified":"2023-06-04T12:20:03","modified_gmt":"2023-06-04T18:20:03","slug":"arlene-se-debilita-en-su-trayecto-por-el-golfo-de-mexico-nhc","status":"publish","type":"post","link":"https:\/\/canal7slp.tv\/2023\/arlene-se-debilita-en-su-trayecto-por-el-golfo-de-mexico-nhc\/","title":{"rendered":"Arlene se debilita en su trayecto por el Golfo de M\u00e9xico: NHC"},"content":{"rendered":"<p style=\"text-align: justify;\">\n<p style=\"text-align: justify;\">EUA.- De acuerdo con datos del Centro Nacional de Huracanes (NHC) de Estados Unidos, el primer sistema de la actual temporada de huracanes del Atl\u00e1ntico, \u201cArlene\u201d esta perdiendo fuerza en su trayecto hacia el sur por el Golfo de M\u00e9xico y se degrad\u00f3 a Depresi\u00f3n Tropical.<\/p>\n<p style=\"text-align: justify;\">El organismo detall\u00f3 que \u201cArlene\u201d se mueve a 11 kil\u00f3metros por hora y se espera que gire al este durante la noche de este 3 de junio.<\/p>\n<p style=\"text-align: justify;\">\u00abArlene\u00bb se sit\u00faa alrededor de 230 km al oeste de un conjunto de islas conocidas como el Parque Nacional Tortugas Secas.<\/p>\n<p style=\"text-align: justify;\">El sistema arrastra vientos m\u00e1ximos sostenidos de cerca de 55 km\/h con r\u00e1fagas m\u00e1s fuertes.<\/p>\n<p style=\"text-align: justify;\">Cabe se\u00f1alar que los vientos con fuerza de tormenta tropical se extienden hasta 110 km desde el centro del sistema.<\/p>\n<p style=\"text-align: justify;\">Las cantidades de lluvia que se prev\u00e9 que deje \u00abArlene\u00bb en las pr\u00f3ximas horas es de 1 a 2 pulgadas, con cantidades localmente m\u00e1s altas de hasta 5 pulgadas hasta esta noche en sectores del sur de la Pen\u00ednsula de Florida.<\/p>\n","protected":false},"excerpt":{"rendered":"<p>EUA.- De acuerdo con datos del Centro Nacional de Huracanes (NHC) de Estados Unidos, el primer sistema de la actual temporada de huracanes del Atl\u00e1ntico, \u201cArlene\u201d esta perdiendo fuerza en su trayecto hacia el sur por el Golfo de M\u00e9xico y se degrad\u00f3 a Depresi\u00f3n Tropical. El organismo detall\u00f3 que \u201cArlene\u201d se mueve a 11 kil\u00f3metros por hora y se espera que gire al este durante la noche de este 3 de junio. \u00abArlene\u00bb se sit\u00faa alrededor de 230 km al oeste de un conjunto de islas conocidas como el Parque Nacional Tortugas Secas. El sistema arrastra vientos m\u00e1ximos sostenidos [&hellip;]<\/p>\n","protected":false},"author":2,"featured_media":97360,"comment_status":"closed","ping_status":"closed","sticky":false,"template":"","format":"standard","meta":{"footnotes":""},"categories":[44],"tags":[],"class_list":["post-97359","post","type-post","status-publish","format-standard","has-post-thumbnail","hentry","category-internacional","post--single"],"yoast_head":"<!-- This site is optimized with the Yoast SEO plugin v27.4 - https:\/\/yoast.com\/product\/yoast-seo-wordpress\/ -->\n<title>Arlene se debilita en su trayecto por el Golfo de M\u00e9xico: NHC - Canal 7 SLP - 2023<\/title>\n<meta name=\"robots\" content=\"index, follow, max-snippet:-1, max-image-preview:large, max-video-preview:-1\" \/>\n<link rel=\"canonical\" href=\"https:\/\/canal7slp.tv\/2023\/arlene-se-debilita-en-su-trayecto-por-el-golfo-de-mexico-nhc\/\" \/>\n<meta property=\"og:locale\" content=\"es_ES\" \/>\n<meta property=\"og:type\" content=\"article\" \/>\n<meta property=\"og:title\" content=\"Arlene se debilita en su trayecto por el Golfo de M\u00e9xico: NHC - Canal 7 SLP - 2023\" \/>\n<meta property=\"og:description\" content=\"EUA.- De acuerdo con datos del Centro Nacional de Huracanes (NHC) de Estados Unidos, el primer sistema de la actual temporada de huracanes del Atl\u00e1ntico, \u201cArlene\u201d esta perdiendo fuerza en su trayecto hacia el sur por el Golfo de M\u00e9xico y se degrad\u00f3 a Depresi\u00f3n Tropical. El organismo detall\u00f3 que \u201cArlene\u201d se mueve a 11 kil\u00f3metros por hora y se espera que gire al este durante la noche de este 3 de junio. \u00abArlene\u00bb se sit\u00faa alrededor de 230 km al oeste de un conjunto de islas conocidas como el Parque Nacional Tortugas Secas. El sistema arrastra vientos m\u00e1ximos sostenidos [&hellip;]\" \/>\n<meta property=\"og:url\" content=\"https:\/\/canal7slp.tv\/2023\/arlene-se-debilita-en-su-trayecto-por-el-golfo-de-mexico-nhc\/\" \/>\n<meta property=\"og:site_name\" content=\"Canal 7 SLP - 2023\" \/>\n<meta property=\"article:publisher\" content=\"https:\/\/www.facebook.com\/noticieroscanalsiete\" \/>\n<meta property=\"article:published_time\" content=\"2023-06-04T18:20:03+00:00\" \/>\n<meta property=\"og:image\" content=\"https:\/\/canal7slp.tv\/2023\/wp-content\/uploads\/2023\/06\/05-2.jpg\" \/>\n\t<meta property=\"og:image:width\" content=\"1600\" \/>\n\t<meta property=\"og:image:height\" content=\"900\" \/>\n\t<meta property=\"og:image:type\" content=\"image\/jpeg\" \/>\n<meta name=\"author\" content=\"Edici\u00f3n Web\" \/>\n<meta name=\"twitter:card\" content=\"summary_large_image\" \/>\n<meta name=\"twitter:creator\" content=\"@NOTICIEROS7\" \/>\n<meta name=\"twitter:site\" content=\"@NOTICIEROS7\" \/>\n<meta name=\"twitter:label1\" content=\"Escrito por\" \/>\n\t<meta name=\"twitter:data1\" content=\"Edici\u00f3n Web\" \/>\n\t<meta name=\"twitter:label2\" content=\"Tiempo de lectura\" \/>\n\t<meta name=\"twitter:data2\" content=\"1 minuto\" \/>\n<script type=\"application\/ld+json\" class=\"yoast-schema-graph\">{\"@context\":\"https:\\\/\\\/schema.org\",\"@graph\":[{\"@type\":\"Article\",\"@id\":\"https:\\\/\\\/canal7slp.tv\\\/2023\\\/arlene-se-debilita-en-su-trayecto-por-el-golfo-de-mexico-nhc\\\/#article\",\"isPartOf\":{\"@id\":\"https:\\\/\\\/canal7slp.tv\\\/2023\\\/arlene-se-debilita-en-su-trayecto-por-el-golfo-de-mexico-nhc\\\/\"},\"author\":{\"name\":\"Edici\u00f3n Web\",\"@id\":\"https:\\\/\\\/canal7slp.tv\\\/2023\\\/#\\\/schema\\\/person\\\/639c424e3584069003b11ae813915da6\"},\"headline\":\"Arlene se debilita en su trayecto por el Golfo de M\u00e9xico: NHC\",\"datePublished\":\"2023-06-04T18:20:03+00:00\",\"mainEntityOfPage\":{\"@id\":\"https:\\\/\\\/canal7slp.tv\\\/2023\\\/arlene-se-debilita-en-su-trayecto-por-el-golfo-de-mexico-nhc\\\/\"},\"wordCount\":189,\"publisher\":{\"@id\":\"https:\\\/\\\/canal7slp.tv\\\/2023\\\/#organization\"},\"image\":{\"@id\":\"https:\\\/\\\/canal7slp.tv\\\/2023\\\/arlene-se-debilita-en-su-trayecto-por-el-golfo-de-mexico-nhc\\\/#primaryimage\"},\"thumbnailUrl\":\"https:\\\/\\\/canal7slp.tv\\\/2023\\\/wp-content\\\/uploads\\\/2023\\\/06\\\/05-2.jpg\",\"articleSection\":[\"INTERNACIONALES\"],\"inLanguage\":\"es\"},{\"@type\":\"WebPage\",\"@id\":\"https:\\\/\\\/canal7slp.tv\\\/2023\\\/arlene-se-debilita-en-su-trayecto-por-el-golfo-de-mexico-nhc\\\/\",\"url\":\"https:\\\/\\\/canal7slp.tv\\\/2023\\\/arlene-se-debilita-en-su-trayecto-por-el-golfo-de-mexico-nhc\\\/\",\"name\":\"Arlene se debilita en su trayecto por el Golfo de M\u00e9xico: NHC - Canal 7 SLP - 2023\",\"isPartOf\":{\"@id\":\"https:\\\/\\\/canal7slp.tv\\\/2023\\\/#website\"},\"primaryImageOfPage\":{\"@id\":\"https:\\\/\\\/canal7slp.tv\\\/2023\\\/arlene-se-debilita-en-su-trayecto-por-el-golfo-de-mexico-nhc\\\/#primaryimage\"},\"image\":{\"@id\":\"https:\\\/\\\/canal7slp.tv\\\/2023\\\/arlene-se-debilita-en-su-trayecto-por-el-golfo-de-mexico-nhc\\\/#primaryimage\"},\"thumbnailUrl\":\"https:\\\/\\\/canal7slp.tv\\\/2023\\\/wp-content\\\/uploads\\\/2023\\\/06\\\/05-2.jpg\",\"datePublished\":\"2023-06-04T18:20:03+00:00\",\"breadcrumb\":{\"@id\":\"https:\\\/\\\/canal7slp.tv\\\/2023\\\/arlene-se-debilita-en-su-trayecto-por-el-golfo-de-mexico-nhc\\\/#breadcrumb\"},\"inLanguage\":\"es\",\"potentialAction\":[{\"@type\":\"ReadAction\",\"target\":[\"https:\\\/\\\/canal7slp.tv\\\/2023\\\/arlene-se-debilita-en-su-trayecto-por-el-golfo-de-mexico-nhc\\\/\"]}]},{\"@type\":\"ImageObject\",\"inLanguage\":\"es\",\"@id\":\"https:\\\/\\\/canal7slp.tv\\\/2023\\\/arlene-se-debilita-en-su-trayecto-por-el-golfo-de-mexico-nhc\\\/#primaryimage\",\"url\":\"https:\\\/\\\/canal7slp.tv\\\/2023\\\/wp-content\\\/uploads\\\/2023\\\/06\\\/05-2.jpg\",\"contentUrl\":\"https:\\\/\\\/canal7slp.tv\\\/2023\\\/wp-content\\\/uploads\\\/2023\\\/06\\\/05-2.jpg\",\"width\":1600,\"height\":900},{\"@type\":\"BreadcrumbList\",\"@id\":\"https:\\\/\\\/canal7slp.tv\\\/2023\\\/arlene-se-debilita-en-su-trayecto-por-el-golfo-de-mexico-nhc\\\/#breadcrumb\",\"itemListElement\":[{\"@type\":\"ListItem\",\"position\":1,\"name\":\"Portada\",\"item\":\"https:\\\/\\\/canal7slp.tv\\\/2023\\\/\"},{\"@type\":\"ListItem\",\"position\":2,\"name\":\"Arlene se debilita en su trayecto por el Golfo de M\u00e9xico: NHC\"}]},{\"@type\":\"WebSite\",\"@id\":\"https:\\\/\\\/canal7slp.tv\\\/2023\\\/#website\",\"url\":\"https:\\\/\\\/canal7slp.tv\\\/2023\\\/\",\"name\":\"N7 - Noticieros Canal 7\",\"description\":\"Somos Televisi\u00f3n\",\"publisher\":{\"@id\":\"https:\\\/\\\/canal7slp.tv\\\/2023\\\/#organization\"},\"potentialAction\":[{\"@type\":\"SearchAction\",\"target\":{\"@type\":\"EntryPoint\",\"urlTemplate\":\"https:\\\/\\\/canal7slp.tv\\\/2023\\\/?s={search_term_string}\"},\"query-input\":{\"@type\":\"PropertyValueSpecification\",\"valueRequired\":true,\"valueName\":\"search_term_string\"}}],\"inLanguage\":\"es\"},{\"@type\":\"Organization\",\"@id\":\"https:\\\/\\\/canal7slp.tv\\\/2023\\\/#organization\",\"name\":\"Noticieros Canal 7\",\"url\":\"https:\\\/\\\/canal7slp.tv\\\/2023\\\/\",\"logo\":{\"@type\":\"ImageObject\",\"inLanguage\":\"es\",\"@id\":\"https:\\\/\\\/canal7slp.tv\\\/2023\\\/#\\\/schema\\\/logo\\\/image\\\/\",\"url\":\"https:\\\/\\\/canal7slp.tv\\\/2023\\\/wp-content\\\/uploads\\\/2021\\\/01\\\/logo-noticieros@2x.png\",\"contentUrl\":\"https:\\\/\\\/canal7slp.tv\\\/2023\\\/wp-content\\\/uploads\\\/2021\\\/01\\\/logo-noticieros@2x.png\",\"width\":1017,\"height\":268,\"caption\":\"Noticieros Canal 7\"},\"image\":{\"@id\":\"https:\\\/\\\/canal7slp.tv\\\/2023\\\/#\\\/schema\\\/logo\\\/image\\\/\"},\"sameAs\":[\"https:\\\/\\\/www.facebook.com\\\/noticieroscanalsiete\",\"https:\\\/\\\/x.com\\\/NOTICIEROS7\",\"https:\\\/\\\/www.instagram.com\\\/canal7_slp\",\"https:\\\/\\\/www.youtube.com\\\/channel\\\/UCliiYs-gP3JfJeqdPrNdd5A\"]},{\"@type\":\"Person\",\"@id\":\"https:\\\/\\\/canal7slp.tv\\\/2023\\\/#\\\/schema\\\/person\\\/639c424e3584069003b11ae813915da6\",\"name\":\"Edici\u00f3n Web\",\"image\":{\"@type\":\"ImageObject\",\"inLanguage\":\"es\",\"@id\":\"https:\\\/\\\/secure.gravatar.com\\\/avatar\\\/eee448fc3f7164808013b816ba91ac7e43bbe82a70bebac296f8bc6f0addaa1a?s=96&d=mm&r=g\",\"url\":\"https:\\\/\\\/secure.gravatar.com\\\/avatar\\\/eee448fc3f7164808013b816ba91ac7e43bbe82a70bebac296f8bc6f0addaa1a?s=96&d=mm&r=g\",\"contentUrl\":\"https:\\\/\\\/secure.gravatar.com\\\/avatar\\\/eee448fc3f7164808013b816ba91ac7e43bbe82a70bebac296f8bc6f0addaa1a?s=96&d=mm&r=g\",\"caption\":\"Edici\u00f3n Web\"},\"url\":\"https:\\\/\\\/canal7slp.tv\\\/2023\\\/author\\\/edicionweb\\\/\"}]}<\/script>\n<!-- \/ Yoast SEO plugin. -->","yoast_head_json":{"title":"Arlene se debilita en su trayecto por el Golfo de M\u00e9xico: NHC - Canal 7 SLP - 2023","robots":{"index":"index","follow":"follow","max-snippet":"max-snippet:-1","max-image-preview":"max-image-preview:large","max-video-preview":"max-video-preview:-1"},"canonical":"https:\/\/canal7slp.tv\/2023\/arlene-se-debilita-en-su-trayecto-por-el-golfo-de-mexico-nhc\/","og_locale":"es_ES","og_type":"article","og_title":"Arlene se debilita en su trayecto por el Golfo de M\u00e9xico: NHC - Canal 7 SLP - 2023","og_description":"EUA.- De acuerdo con datos del Centro Nacional de Huracanes (NHC) de Estados Unidos, el primer sistema de la actual temporada de huracanes del Atl\u00e1ntico, \u201cArlene\u201d esta perdiendo fuerza en su trayecto hacia el sur por el Golfo de M\u00e9xico y se degrad\u00f3 a Depresi\u00f3n Tropical. El organismo detall\u00f3 que \u201cArlene\u201d se mueve a 11 kil\u00f3metros por hora y se espera que gire al este durante la noche de este 3 de junio. \u00abArlene\u00bb se sit\u00faa alrededor de 230 km al oeste de un conjunto de islas conocidas como el Parque Nacional Tortugas Secas. El sistema arrastra vientos m\u00e1ximos sostenidos [&hellip;]","og_url":"https:\/\/canal7slp.tv\/2023\/arlene-se-debilita-en-su-trayecto-por-el-golfo-de-mexico-nhc\/","og_site_name":"Canal 7 SLP - 2023","article_publisher":"https:\/\/www.facebook.com\/noticieroscanalsiete","article_published_time":"2023-06-04T18:20:03+00:00","og_image":[{"width":1600,"height":900,"url":"https:\/\/canal7slp.tv\/2023\/wp-content\/uploads\/2023\/06\/05-2.jpg","type":"image\/jpeg"}],"author":"Edici\u00f3n Web","twitter_card":"summary_large_image","twitter_creator":"@NOTICIEROS7","twitter_site":"@NOTICIEROS7","twitter_misc":{"Escrito por":"Edici\u00f3n Web","Tiempo de lectura":"1 minuto"},"schema":{"@context":"https:\/\/schema.org","@graph":[{"@type":"Article","@id":"https:\/\/canal7slp.tv\/2023\/arlene-se-debilita-en-su-trayecto-por-el-golfo-de-mexico-nhc\/#article","isPartOf":{"@id":"https:\/\/canal7slp.tv\/2023\/arlene-se-debilita-en-su-trayecto-por-el-golfo-de-mexico-nhc\/"},"author":{"name":"Edici\u00f3n Web","@id":"https:\/\/canal7slp.tv\/2023\/#\/schema\/person\/639c424e3584069003b11ae813915da6"},"headline":"Arlene se debilita en su trayecto por el Golfo de M\u00e9xico: NHC","datePublished":"2023-06-04T18:20:03+00:00","mainEntityOfPage":{"@id":"https:\/\/canal7slp.tv\/2023\/arlene-se-debilita-en-su-trayecto-por-el-golfo-de-mexico-nhc\/"},"wordCount":189,"publisher":{"@id":"https:\/\/canal7slp.tv\/2023\/#organization"},"image":{"@id":"https:\/\/canal7slp.tv\/2023\/arlene-se-debilita-en-su-trayecto-por-el-golfo-de-mexico-nhc\/#primaryimage"},"thumbnailUrl":"https:\/\/canal7slp.tv\/2023\/wp-content\/uploads\/2023\/06\/05-2.jpg","articleSection":["INTERNACIONALES"],"inLanguage":"es"},{"@type":"WebPage","@id":"https:\/\/canal7slp.tv\/2023\/arlene-se-debilita-en-su-trayecto-por-el-golfo-de-mexico-nhc\/","url":"https:\/\/canal7slp.tv\/2023\/arlene-se-debilita-en-su-trayecto-por-el-golfo-de-mexico-nhc\/","name":"Arlene se debilita en su trayecto por el Golfo de M\u00e9xico: NHC - Canal 7 SLP - 2023","isPartOf":{"@id":"https:\/\/canal7slp.tv\/2023\/#website"},"primaryImageOfPage":{"@id":"https:\/\/canal7slp.tv\/2023\/arlene-se-debilita-en-su-trayecto-por-el-golfo-de-mexico-nhc\/#primaryimage"},"image":{"@id":"https:\/\/canal7slp.tv\/2023\/arlene-se-debilita-en-su-trayecto-por-el-golfo-de-mexico-nhc\/#primaryimage"},"thumbnailUrl":"https:\/\/canal7slp.tv\/2023\/wp-content\/uploads\/2023\/06\/05-2.jpg","datePublished":"2023-06-04T18:20:03+00:00","breadcrumb":{"@id":"https:\/\/canal7slp.tv\/2023\/arlene-se-debilita-en-su-trayecto-por-el-golfo-de-mexico-nhc\/#breadcrumb"},"inLanguage":"es","potentialAction":[{"@type":"ReadAction","target":["https:\/\/canal7slp.tv\/2023\/arlene-se-debilita-en-su-trayecto-por-el-golfo-de-mexico-nhc\/"]}]},{"@type":"ImageObject","inLanguage":"es","@id":"https:\/\/canal7slp.tv\/2023\/arlene-se-debilita-en-su-trayecto-por-el-golfo-de-mexico-nhc\/#primaryimage","url":"https:\/\/canal7slp.tv\/2023\/wp-content\/uploads\/2023\/06\/05-2.jpg","contentUrl":"https:\/\/canal7slp.tv\/2023\/wp-content\/uploads\/2023\/06\/05-2.jpg","width":1600,"height":900},{"@type":"BreadcrumbList","@id":"https:\/\/canal7slp.tv\/2023\/arlene-se-debilita-en-su-trayecto-por-el-golfo-de-mexico-nhc\/#breadcrumb","itemListElement":[{"@type":"ListItem","position":1,"name":"Portada","item":"https:\/\/canal7slp.tv\/2023\/"},{"@type":"ListItem","position":2,"name":"Arlene se debilita en su trayecto por el Golfo de M\u00e9xico: NHC"}]},{"@type":"WebSite","@id":"https:\/\/canal7slp.tv\/2023\/#website","url":"https:\/\/canal7slp.tv\/2023\/","name":"N7 - Noticieros Canal 7","description":"Somos Televisi\u00f3n","publisher":{"@id":"https:\/\/canal7slp.tv\/2023\/#organization"},"potentialAction":[{"@type":"SearchAction","target":{"@type":"EntryPoint","urlTemplate":"https:\/\/canal7slp.tv\/2023\/?s={search_term_string}"},"query-input":{"@type":"PropertyValueSpecification","valueRequired":true,"valueName":"search_term_string"}}],"inLanguage":"es"},{"@type":"Organization","@id":"https:\/\/canal7slp.tv\/2023\/#organization","name":"Noticieros Canal 7","url":"https:\/\/canal7slp.tv\/2023\/","logo":{"@type":"ImageObject","inLanguage":"es","@id":"https:\/\/canal7slp.tv\/2023\/#\/schema\/logo\/image\/","url":"https:\/\/canal7slp.tv\/2023\/wp-content\/uploads\/2021\/01\/logo-noticieros@2x.png","contentUrl":"https:\/\/canal7slp.tv\/2023\/wp-content\/uploads\/2021\/01\/logo-noticieros@2x.png","width":1017,"height":268,"caption":"Noticieros Canal 7"},"image":{"@id":"https:\/\/canal7slp.tv\/2023\/#\/schema\/logo\/image\/"},"sameAs":["https:\/\/www.facebook.com\/noticieroscanalsiete","https:\/\/x.com\/NOTICIEROS7","https:\/\/www.instagram.com\/canal7_slp","https:\/\/www.youtube.com\/channel\/UCliiYs-gP3JfJeqdPrNdd5A"]},{"@type":"Person","@id":"https:\/\/canal7slp.tv\/2023\/#\/schema\/person\/639c424e3584069003b11ae813915da6","name":"Edici\u00f3n Web","image":{"@type":"ImageObject","inLanguage":"es","@id":"https:\/\/secure.gravatar.com\/avatar\/eee448fc3f7164808013b816ba91ac7e43bbe82a70bebac296f8bc6f0addaa1a?s=96&d=mm&r=g","url":"https:\/\/secure.gravatar.com\/avatar\/eee448fc3f7164808013b816ba91ac7e43bbe82a70bebac296f8bc6f0addaa1a?s=96&d=mm&r=g","contentUrl":"https:\/\/secure.gravatar.com\/avatar\/eee448fc3f7164808013b816ba91ac7e43bbe82a70bebac296f8bc6f0addaa1a?s=96&d=mm&r=g","caption":"Edici\u00f3n Web"},"url":"https:\/\/canal7slp.tv\/2023\/author\/edicionweb\/"}]}},"_links":{"self":[{"href":"https:\/\/canal7slp.tv\/2023\/wp-json\/wp\/v2\/posts\/97359","targetHints":{"allow":["GET"]}}],"collection":[{"href":"https:\/\/canal7slp.tv\/2023\/wp-json\/wp\/v2\/posts"}],"about":[{"href":"https:\/\/canal7slp.tv\/2023\/wp-json\/wp\/v2\/types\/post"}],"author":[{"embeddable":true,"href":"https:\/\/canal7slp.tv\/2023\/wp-json\/wp\/v2\/users\/2"}],"replies":[{"embeddable":true,"href":"https:\/\/canal7slp.tv\/2023\/wp-json\/wp\/v2\/comments?post=97359"}],"version-history":[{"count":1,"href":"https:\/\/canal7slp.tv\/2023\/wp-json\/wp\/v2\/posts\/97359\/revisions"}],"predecessor-version":[{"id":97361,"href":"https:\/\/canal7slp.tv\/2023\/wp-json\/wp\/v2\/posts\/97359\/revisions\/97361"}],"wp:featuredmedia":[{"embeddable":true,"href":"https:\/\/canal7slp.tv\/2023\/wp-json\/wp\/v2\/media\/97360"}],"wp:attachment":[{"href":"https:\/\/canal7slp.tv\/2023\/wp-json\/wp\/v2\/media?parent=97359"}],"wp:term":[{"taxonomy":"category","embeddable":true,"href":"https:\/\/canal7slp.tv\/2023\/wp-json\/wp\/v2\/categories?post=97359"},{"taxonomy":"post_tag","embeddable":true,"href":"https:\/\/canal7slp.tv\/2023\/wp-json\/wp\/v2\/tags?post=97359"}],"curies":[{"name":"wp","href":"https:\/\/api.w.org\/{rel}","templated":true}]}}