{"id":97353,"date":"2023-06-04T12:14:56","date_gmt":"2023-06-04T18:14:56","guid":{"rendered":"https:\/\/canal7slp.tv\/2023\/?p=97353"},"modified":"2023-06-04T12:14:56","modified_gmt":"2023-06-04T18:14:56","slug":"oposicion-impugna-en-la-scjn-cuatro-leyes-del-viernes-negro","status":"publish","type":"post","link":"https:\/\/canal7slp.tv\/2023\/oposicion-impugna-en-la-scjn-cuatro-leyes-del-viernes-negro\/","title":{"rendered":"Oposici\u00f3n impugna en la SCJN cuatro leyes del \u201cViernes Negro\u201d"},"content":{"rendered":"<p style=\"text-align: justify;\">\n<p style=\"text-align: justify;\">M\u00e9xico.- No\u00e9 Casta\u00f1\u00f3n Ram\u00edrez, senador de Movimiento Ciudadano, present\u00f3 este 2 de junio ante la Suprema Corte de Justicia de la Naci\u00f3n (SCJN) cuatro acciones de inconstitucionalidad en contra decretos aprobados por Morena y sus aliados en el denominado \u00abviernes negro\u00bb.<\/p>\n<p style=\"text-align: justify;\">El senador detall\u00f3 que con esto recursos no s\u00f3lo se busca impugnar la ilegalidad de la sesi\u00f3n, sino tambi\u00e9n el contenido de cada uno de los decretos aprobados en la sesi\u00f3n nocturna del 28 de abril.<\/p>\n<p style=\"text-align: justify;\">Asimismo, se\u00f1al\u00f3 que estas cuatro acciones de inconstitucionalidad son el primer bloque impugnaciones que se presentar\u00e1n en contra de las 12 reformas aprobadas en la \u00faltima sesi\u00f3n ordinaria del Senado.<\/p>\n<p style=\"text-align: justify;\">Las acciones de inconstitucionalidad versan sobre:<\/p>\n<ul>\n<li style=\"text-align: justify;\">la militarizaci\u00f3n del espacio a\u00e9reo<\/li>\n<li style=\"text-align: justify;\">la militarizaci\u00f3n en los concesiones de v\u00edas f\u00e9rreas<\/li>\n<li style=\"text-align: justify;\">la entrega de recursos econ\u00f3micos a la Sedena y los militares provenientes del turismo<\/li>\n<li style=\"text-align: justify;\">la que busca dar certidumbre al uso de precursores qu\u00edmicos en anest\u00e9sicos como el fentanilo<\/li>\n<\/ul>\n","protected":false},"excerpt":{"rendered":"<p>M\u00e9xico.- No\u00e9 Casta\u00f1\u00f3n Ram\u00edrez, senador de Movimiento Ciudadano, present\u00f3 este 2 de junio ante la Suprema Corte de Justicia de la Naci\u00f3n (SCJN) cuatro acciones de inconstitucionalidad en contra decretos aprobados por Morena y sus aliados en el denominado \u00abviernes negro\u00bb. El senador detall\u00f3 que con esto recursos no s\u00f3lo se busca impugnar la ilegalidad de la sesi\u00f3n, sino tambi\u00e9n el contenido de cada uno de los decretos aprobados en la sesi\u00f3n nocturna del 28 de abril. Asimismo, se\u00f1al\u00f3 que estas cuatro acciones de inconstitucionalidad son el primer bloque impugnaciones que se presentar\u00e1n en contra de las 12 reformas aprobadas [&hellip;]<\/p>\n","protected":false},"author":2,"featured_media":97354,"comment_status":"closed","ping_status":"closed","sticky":false,"template":"","format":"standard","meta":{"footnotes":""},"categories":[46],"tags":[],"class_list":["post-97353","post","type-post","status-publish","format-standard","has-post-thumbnail","hentry","category-nacional","post--single"],"yoast_head":"<!-- This site is optimized with the Yoast SEO plugin v27.4 - https:\/\/yoast.com\/product\/yoast-seo-wordpress\/ -->\n<title>Oposici\u00f3n impugna en la SCJN cuatro leyes del \u201cViernes Negro\u201d - Canal 7 SLP - 2023<\/title>\n<meta name=\"robots\" content=\"index, follow, max-snippet:-1, max-image-preview:large, max-video-preview:-1\" \/>\n<link rel=\"canonical\" href=\"https:\/\/canal7slp.tv\/2023\/oposicion-impugna-en-la-scjn-cuatro-leyes-del-viernes-negro\/\" \/>\n<meta property=\"og:locale\" content=\"es_ES\" \/>\n<meta property=\"og:type\" content=\"article\" \/>\n<meta property=\"og:title\" content=\"Oposici\u00f3n impugna en la SCJN cuatro leyes del \u201cViernes Negro\u201d - Canal 7 SLP - 2023\" \/>\n<meta property=\"og:description\" content=\"M\u00e9xico.- No\u00e9 Casta\u00f1\u00f3n Ram\u00edrez, senador de Movimiento Ciudadano, present\u00f3 este 2 de junio ante la Suprema Corte de Justicia de la Naci\u00f3n (SCJN) cuatro acciones de inconstitucionalidad en contra decretos aprobados por Morena y sus aliados en el denominado \u00abviernes negro\u00bb. El senador detall\u00f3 que con esto recursos no s\u00f3lo se busca impugnar la ilegalidad de la sesi\u00f3n, sino tambi\u00e9n el contenido de cada uno de los decretos aprobados en la sesi\u00f3n nocturna del 28 de abril. Asimismo, se\u00f1al\u00f3 que estas cuatro acciones de inconstitucionalidad son el primer bloque impugnaciones que se presentar\u00e1n en contra de las 12 reformas aprobadas [&hellip;]\" \/>\n<meta property=\"og:url\" content=\"https:\/\/canal7slp.tv\/2023\/oposicion-impugna-en-la-scjn-cuatro-leyes-del-viernes-negro\/\" \/>\n<meta property=\"og:site_name\" content=\"Canal 7 SLP - 2023\" \/>\n<meta property=\"article:publisher\" content=\"https:\/\/www.facebook.com\/noticieroscanalsiete\" \/>\n<meta property=\"article:published_time\" content=\"2023-06-04T18:14:56+00:00\" \/>\n<meta property=\"og:image\" content=\"https:\/\/canal7slp.tv\/2023\/wp-content\/uploads\/2023\/06\/03-2.jpg\" \/>\n\t<meta property=\"og:image:width\" content=\"1300\" \/>\n\t<meta property=\"og:image:height\" content=\"752\" \/>\n\t<meta property=\"og:image:type\" content=\"image\/jpeg\" \/>\n<meta name=\"author\" content=\"Edici\u00f3n Web\" \/>\n<meta name=\"twitter:card\" content=\"summary_large_image\" \/>\n<meta name=\"twitter:creator\" content=\"@NOTICIEROS7\" \/>\n<meta name=\"twitter:site\" content=\"@NOTICIEROS7\" \/>\n<meta name=\"twitter:label1\" content=\"Escrito por\" \/>\n\t<meta name=\"twitter:data1\" content=\"Edici\u00f3n Web\" \/>\n\t<meta name=\"twitter:label2\" content=\"Tiempo de lectura\" \/>\n\t<meta name=\"twitter:data2\" content=\"1 minuto\" \/>\n<script type=\"application\/ld+json\" class=\"yoast-schema-graph\">{\"@context\":\"https:\\\/\\\/schema.org\",\"@graph\":[{\"@type\":\"Article\",\"@id\":\"https:\\\/\\\/canal7slp.tv\\\/2023\\\/oposicion-impugna-en-la-scjn-cuatro-leyes-del-viernes-negro\\\/#article\",\"isPartOf\":{\"@id\":\"https:\\\/\\\/canal7slp.tv\\\/2023\\\/oposicion-impugna-en-la-scjn-cuatro-leyes-del-viernes-negro\\\/\"},\"author\":{\"name\":\"Edici\u00f3n Web\",\"@id\":\"https:\\\/\\\/canal7slp.tv\\\/2023\\\/#\\\/schema\\\/person\\\/639c424e3584069003b11ae813915da6\"},\"headline\":\"Oposici\u00f3n impugna en la SCJN cuatro leyes del \u201cViernes Negro\u201d\",\"datePublished\":\"2023-06-04T18:14:56+00:00\",\"mainEntityOfPage\":{\"@id\":\"https:\\\/\\\/canal7slp.tv\\\/2023\\\/oposicion-impugna-en-la-scjn-cuatro-leyes-del-viernes-negro\\\/\"},\"wordCount\":183,\"publisher\":{\"@id\":\"https:\\\/\\\/canal7slp.tv\\\/2023\\\/#organization\"},\"image\":{\"@id\":\"https:\\\/\\\/canal7slp.tv\\\/2023\\\/oposicion-impugna-en-la-scjn-cuatro-leyes-del-viernes-negro\\\/#primaryimage\"},\"thumbnailUrl\":\"https:\\\/\\\/canal7slp.tv\\\/2023\\\/wp-content\\\/uploads\\\/2023\\\/06\\\/03-2.jpg\",\"articleSection\":[\"NACIONALES\"],\"inLanguage\":\"es\"},{\"@type\":\"WebPage\",\"@id\":\"https:\\\/\\\/canal7slp.tv\\\/2023\\\/oposicion-impugna-en-la-scjn-cuatro-leyes-del-viernes-negro\\\/\",\"url\":\"https:\\\/\\\/canal7slp.tv\\\/2023\\\/oposicion-impugna-en-la-scjn-cuatro-leyes-del-viernes-negro\\\/\",\"name\":\"Oposici\u00f3n impugna en la SCJN cuatro leyes del \u201cViernes Negro\u201d - Canal 7 SLP - 2023\",\"isPartOf\":{\"@id\":\"https:\\\/\\\/canal7slp.tv\\\/2023\\\/#website\"},\"primaryImageOfPage\":{\"@id\":\"https:\\\/\\\/canal7slp.tv\\\/2023\\\/oposicion-impugna-en-la-scjn-cuatro-leyes-del-viernes-negro\\\/#primaryimage\"},\"image\":{\"@id\":\"https:\\\/\\\/canal7slp.tv\\\/2023\\\/oposicion-impugna-en-la-scjn-cuatro-leyes-del-viernes-negro\\\/#primaryimage\"},\"thumbnailUrl\":\"https:\\\/\\\/canal7slp.tv\\\/2023\\\/wp-content\\\/uploads\\\/2023\\\/06\\\/03-2.jpg\",\"datePublished\":\"2023-06-04T18:14:56+00:00\",\"breadcrumb\":{\"@id\":\"https:\\\/\\\/canal7slp.tv\\\/2023\\\/oposicion-impugna-en-la-scjn-cuatro-leyes-del-viernes-negro\\\/#breadcrumb\"},\"inLanguage\":\"es\",\"potentialAction\":[{\"@type\":\"ReadAction\",\"target\":[\"https:\\\/\\\/canal7slp.tv\\\/2023\\\/oposicion-impugna-en-la-scjn-cuatro-leyes-del-viernes-negro\\\/\"]}]},{\"@type\":\"ImageObject\",\"inLanguage\":\"es\",\"@id\":\"https:\\\/\\\/canal7slp.tv\\\/2023\\\/oposicion-impugna-en-la-scjn-cuatro-leyes-del-viernes-negro\\\/#primaryimage\",\"url\":\"https:\\\/\\\/canal7slp.tv\\\/2023\\\/wp-content\\\/uploads\\\/2023\\\/06\\\/03-2.jpg\",\"contentUrl\":\"https:\\\/\\\/canal7slp.tv\\\/2023\\\/wp-content\\\/uploads\\\/2023\\\/06\\\/03-2.jpg\",\"width\":1300,\"height\":752},{\"@type\":\"BreadcrumbList\",\"@id\":\"https:\\\/\\\/canal7slp.tv\\\/2023\\\/oposicion-impugna-en-la-scjn-cuatro-leyes-del-viernes-negro\\\/#breadcrumb\",\"itemListElement\":[{\"@type\":\"ListItem\",\"position\":1,\"name\":\"Portada\",\"item\":\"https:\\\/\\\/canal7slp.tv\\\/2023\\\/\"},{\"@type\":\"ListItem\",\"position\":2,\"name\":\"Oposici\u00f3n impugna en la SCJN cuatro leyes del \u201cViernes Negro\u201d\"}]},{\"@type\":\"WebSite\",\"@id\":\"https:\\\/\\\/canal7slp.tv\\\/2023\\\/#website\",\"url\":\"https:\\\/\\\/canal7slp.tv\\\/2023\\\/\",\"name\":\"N7 - Noticieros Canal 7\",\"description\":\"Somos Televisi\u00f3n\",\"publisher\":{\"@id\":\"https:\\\/\\\/canal7slp.tv\\\/2023\\\/#organization\"},\"potentialAction\":[{\"@type\":\"SearchAction\",\"target\":{\"@type\":\"EntryPoint\",\"urlTemplate\":\"https:\\\/\\\/canal7slp.tv\\\/2023\\\/?s={search_term_string}\"},\"query-input\":{\"@type\":\"PropertyValueSpecification\",\"valueRequired\":true,\"valueName\":\"search_term_string\"}}],\"inLanguage\":\"es\"},{\"@type\":\"Organization\",\"@id\":\"https:\\\/\\\/canal7slp.tv\\\/2023\\\/#organization\",\"name\":\"Noticieros Canal 7\",\"url\":\"https:\\\/\\\/canal7slp.tv\\\/2023\\\/\",\"logo\":{\"@type\":\"ImageObject\",\"inLanguage\":\"es\",\"@id\":\"https:\\\/\\\/canal7slp.tv\\\/2023\\\/#\\\/schema\\\/logo\\\/image\\\/\",\"url\":\"https:\\\/\\\/canal7slp.tv\\\/2023\\\/wp-content\\\/uploads\\\/2021\\\/01\\\/logo-noticieros@2x.png\",\"contentUrl\":\"https:\\\/\\\/canal7slp.tv\\\/2023\\\/wp-content\\\/uploads\\\/2021\\\/01\\\/logo-noticieros@2x.png\",\"width\":1017,\"height\":268,\"caption\":\"Noticieros Canal 7\"},\"image\":{\"@id\":\"https:\\\/\\\/canal7slp.tv\\\/2023\\\/#\\\/schema\\\/logo\\\/image\\\/\"},\"sameAs\":[\"https:\\\/\\\/www.facebook.com\\\/noticieroscanalsiete\",\"https:\\\/\\\/x.com\\\/NOTICIEROS7\",\"https:\\\/\\\/www.instagram.com\\\/canal7_slp\",\"https:\\\/\\\/www.youtube.com\\\/channel\\\/UCliiYs-gP3JfJeqdPrNdd5A\"]},{\"@type\":\"Person\",\"@id\":\"https:\\\/\\\/canal7slp.tv\\\/2023\\\/#\\\/schema\\\/person\\\/639c424e3584069003b11ae813915da6\",\"name\":\"Edici\u00f3n Web\",\"image\":{\"@type\":\"ImageObject\",\"inLanguage\":\"es\",\"@id\":\"https:\\\/\\\/secure.gravatar.com\\\/avatar\\\/eee448fc3f7164808013b816ba91ac7e43bbe82a70bebac296f8bc6f0addaa1a?s=96&d=mm&r=g\",\"url\":\"https:\\\/\\\/secure.gravatar.com\\\/avatar\\\/eee448fc3f7164808013b816ba91ac7e43bbe82a70bebac296f8bc6f0addaa1a?s=96&d=mm&r=g\",\"contentUrl\":\"https:\\\/\\\/secure.gravatar.com\\\/avatar\\\/eee448fc3f7164808013b816ba91ac7e43bbe82a70bebac296f8bc6f0addaa1a?s=96&d=mm&r=g\",\"caption\":\"Edici\u00f3n Web\"},\"url\":\"https:\\\/\\\/canal7slp.tv\\\/2023\\\/author\\\/edicionweb\\\/\"}]}<\/script>\n<!-- \/ Yoast SEO plugin. -->","yoast_head_json":{"title":"Oposici\u00f3n impugna en la SCJN cuatro leyes del \u201cViernes Negro\u201d - Canal 7 SLP - 2023","robots":{"index":"index","follow":"follow","max-snippet":"max-snippet:-1","max-image-preview":"max-image-preview:large","max-video-preview":"max-video-preview:-1"},"canonical":"https:\/\/canal7slp.tv\/2023\/oposicion-impugna-en-la-scjn-cuatro-leyes-del-viernes-negro\/","og_locale":"es_ES","og_type":"article","og_title":"Oposici\u00f3n impugna en la SCJN cuatro leyes del \u201cViernes Negro\u201d - Canal 7 SLP - 2023","og_description":"M\u00e9xico.- No\u00e9 Casta\u00f1\u00f3n Ram\u00edrez, senador de Movimiento Ciudadano, present\u00f3 este 2 de junio ante la Suprema Corte de Justicia de la Naci\u00f3n (SCJN) cuatro acciones de inconstitucionalidad en contra decretos aprobados por Morena y sus aliados en el denominado \u00abviernes negro\u00bb. El senador detall\u00f3 que con esto recursos no s\u00f3lo se busca impugnar la ilegalidad de la sesi\u00f3n, sino tambi\u00e9n el contenido de cada uno de los decretos aprobados en la sesi\u00f3n nocturna del 28 de abril. Asimismo, se\u00f1al\u00f3 que estas cuatro acciones de inconstitucionalidad son el primer bloque impugnaciones que se presentar\u00e1n en contra de las 12 reformas aprobadas [&hellip;]","og_url":"https:\/\/canal7slp.tv\/2023\/oposicion-impugna-en-la-scjn-cuatro-leyes-del-viernes-negro\/","og_site_name":"Canal 7 SLP - 2023","article_publisher":"https:\/\/www.facebook.com\/noticieroscanalsiete","article_published_time":"2023-06-04T18:14:56+00:00","og_image":[{"width":1300,"height":752,"url":"https:\/\/canal7slp.tv\/2023\/wp-content\/uploads\/2023\/06\/03-2.jpg","type":"image\/jpeg"}],"author":"Edici\u00f3n Web","twitter_card":"summary_large_image","twitter_creator":"@NOTICIEROS7","twitter_site":"@NOTICIEROS7","twitter_misc":{"Escrito por":"Edici\u00f3n Web","Tiempo de lectura":"1 minuto"},"schema":{"@context":"https:\/\/schema.org","@graph":[{"@type":"Article","@id":"https:\/\/canal7slp.tv\/2023\/oposicion-impugna-en-la-scjn-cuatro-leyes-del-viernes-negro\/#article","isPartOf":{"@id":"https:\/\/canal7slp.tv\/2023\/oposicion-impugna-en-la-scjn-cuatro-leyes-del-viernes-negro\/"},"author":{"name":"Edici\u00f3n Web","@id":"https:\/\/canal7slp.tv\/2023\/#\/schema\/person\/639c424e3584069003b11ae813915da6"},"headline":"Oposici\u00f3n impugna en la SCJN cuatro leyes del \u201cViernes Negro\u201d","datePublished":"2023-06-04T18:14:56+00:00","mainEntityOfPage":{"@id":"https:\/\/canal7slp.tv\/2023\/oposicion-impugna-en-la-scjn-cuatro-leyes-del-viernes-negro\/"},"wordCount":183,"publisher":{"@id":"https:\/\/canal7slp.tv\/2023\/#organization"},"image":{"@id":"https:\/\/canal7slp.tv\/2023\/oposicion-impugna-en-la-scjn-cuatro-leyes-del-viernes-negro\/#primaryimage"},"thumbnailUrl":"https:\/\/canal7slp.tv\/2023\/wp-content\/uploads\/2023\/06\/03-2.jpg","articleSection":["NACIONALES"],"inLanguage":"es"},{"@type":"WebPage","@id":"https:\/\/canal7slp.tv\/2023\/oposicion-impugna-en-la-scjn-cuatro-leyes-del-viernes-negro\/","url":"https:\/\/canal7slp.tv\/2023\/oposicion-impugna-en-la-scjn-cuatro-leyes-del-viernes-negro\/","name":"Oposici\u00f3n impugna en la SCJN cuatro leyes del \u201cViernes Negro\u201d - Canal 7 SLP - 2023","isPartOf":{"@id":"https:\/\/canal7slp.tv\/2023\/#website"},"primaryImageOfPage":{"@id":"https:\/\/canal7slp.tv\/2023\/oposicion-impugna-en-la-scjn-cuatro-leyes-del-viernes-negro\/#primaryimage"},"image":{"@id":"https:\/\/canal7slp.tv\/2023\/oposicion-impugna-en-la-scjn-cuatro-leyes-del-viernes-negro\/#primaryimage"},"thumbnailUrl":"https:\/\/canal7slp.tv\/2023\/wp-content\/uploads\/2023\/06\/03-2.jpg","datePublished":"2023-06-04T18:14:56+00:00","breadcrumb":{"@id":"https:\/\/canal7slp.tv\/2023\/oposicion-impugna-en-la-scjn-cuatro-leyes-del-viernes-negro\/#breadcrumb"},"inLanguage":"es","potentialAction":[{"@type":"ReadAction","target":["https:\/\/canal7slp.tv\/2023\/oposicion-impugna-en-la-scjn-cuatro-leyes-del-viernes-negro\/"]}]},{"@type":"ImageObject","inLanguage":"es","@id":"https:\/\/canal7slp.tv\/2023\/oposicion-impugna-en-la-scjn-cuatro-leyes-del-viernes-negro\/#primaryimage","url":"https:\/\/canal7slp.tv\/2023\/wp-content\/uploads\/2023\/06\/03-2.jpg","contentUrl":"https:\/\/canal7slp.tv\/2023\/wp-content\/uploads\/2023\/06\/03-2.jpg","width":1300,"height":752},{"@type":"BreadcrumbList","@id":"https:\/\/canal7slp.tv\/2023\/oposicion-impugna-en-la-scjn-cuatro-leyes-del-viernes-negro\/#breadcrumb","itemListElement":[{"@type":"ListItem","position":1,"name":"Portada","item":"https:\/\/canal7slp.tv\/2023\/"},{"@type":"ListItem","position":2,"name":"Oposici\u00f3n impugna en la SCJN cuatro leyes del \u201cViernes Negro\u201d"}]},{"@type":"WebSite","@id":"https:\/\/canal7slp.tv\/2023\/#website","url":"https:\/\/canal7slp.tv\/2023\/","name":"N7 - Noticieros Canal 7","description":"Somos Televisi\u00f3n","publisher":{"@id":"https:\/\/canal7slp.tv\/2023\/#organization"},"potentialAction":[{"@type":"SearchAction","target":{"@type":"EntryPoint","urlTemplate":"https:\/\/canal7slp.tv\/2023\/?s={search_term_string}"},"query-input":{"@type":"PropertyValueSpecification","valueRequired":true,"valueName":"search_term_string"}}],"inLanguage":"es"},{"@type":"Organization","@id":"https:\/\/canal7slp.tv\/2023\/#organization","name":"Noticieros Canal 7","url":"https:\/\/canal7slp.tv\/2023\/","logo":{"@type":"ImageObject","inLanguage":"es","@id":"https:\/\/canal7slp.tv\/2023\/#\/schema\/logo\/image\/","url":"https:\/\/canal7slp.tv\/2023\/wp-content\/uploads\/2021\/01\/logo-noticieros@2x.png","contentUrl":"https:\/\/canal7slp.tv\/2023\/wp-content\/uploads\/2021\/01\/logo-noticieros@2x.png","width":1017,"height":268,"caption":"Noticieros Canal 7"},"image":{"@id":"https:\/\/canal7slp.tv\/2023\/#\/schema\/logo\/image\/"},"sameAs":["https:\/\/www.facebook.com\/noticieroscanalsiete","https:\/\/x.com\/NOTICIEROS7","https:\/\/www.instagram.com\/canal7_slp","https:\/\/www.youtube.com\/channel\/UCliiYs-gP3JfJeqdPrNdd5A"]},{"@type":"Person","@id":"https:\/\/canal7slp.tv\/2023\/#\/schema\/person\/639c424e3584069003b11ae813915da6","name":"Edici\u00f3n Web","image":{"@type":"ImageObject","inLanguage":"es","@id":"https:\/\/secure.gravatar.com\/avatar\/eee448fc3f7164808013b816ba91ac7e43bbe82a70bebac296f8bc6f0addaa1a?s=96&d=mm&r=g","url":"https:\/\/secure.gravatar.com\/avatar\/eee448fc3f7164808013b816ba91ac7e43bbe82a70bebac296f8bc6f0addaa1a?s=96&d=mm&r=g","contentUrl":"https:\/\/secure.gravatar.com\/avatar\/eee448fc3f7164808013b816ba91ac7e43bbe82a70bebac296f8bc6f0addaa1a?s=96&d=mm&r=g","caption":"Edici\u00f3n Web"},"url":"https:\/\/canal7slp.tv\/2023\/author\/edicionweb\/"}]}},"_links":{"self":[{"href":"https:\/\/canal7slp.tv\/2023\/wp-json\/wp\/v2\/posts\/97353","targetHints":{"allow":["GET"]}}],"collection":[{"href":"https:\/\/canal7slp.tv\/2023\/wp-json\/wp\/v2\/posts"}],"about":[{"href":"https:\/\/canal7slp.tv\/2023\/wp-json\/wp\/v2\/types\/post"}],"author":[{"embeddable":true,"href":"https:\/\/canal7slp.tv\/2023\/wp-json\/wp\/v2\/users\/2"}],"replies":[{"embeddable":true,"href":"https:\/\/canal7slp.tv\/2023\/wp-json\/wp\/v2\/comments?post=97353"}],"version-history":[{"count":1,"href":"https:\/\/canal7slp.tv\/2023\/wp-json\/wp\/v2\/posts\/97353\/revisions"}],"predecessor-version":[{"id":97355,"href":"https:\/\/canal7slp.tv\/2023\/wp-json\/wp\/v2\/posts\/97353\/revisions\/97355"}],"wp:featuredmedia":[{"embeddable":true,"href":"https:\/\/canal7slp.tv\/2023\/wp-json\/wp\/v2\/media\/97354"}],"wp:attachment":[{"href":"https:\/\/canal7slp.tv\/2023\/wp-json\/wp\/v2\/media?parent=97353"}],"wp:term":[{"taxonomy":"category","embeddable":true,"href":"https:\/\/canal7slp.tv\/2023\/wp-json\/wp\/v2\/categories?post=97353"},{"taxonomy":"post_tag","embeddable":true,"href":"https:\/\/canal7slp.tv\/2023\/wp-json\/wp\/v2\/tags?post=97353"}],"curies":[{"name":"wp","href":"https:\/\/api.w.org\/{rel}","templated":true}]}}