{"id":97342,"date":"2023-06-04T12:09:34","date_gmt":"2023-06-04T18:09:34","guid":{"rendered":"https:\/\/canal7slp.tv\/2023\/?p=97342"},"modified":"2023-06-04T12:09:34","modified_gmt":"2023-06-04T18:09:34","slug":"detienen-a-otro-migrante-venezolano-por-incendio-en-ciudad-juarez","status":"publish","type":"post","link":"https:\/\/canal7slp.tv\/2023\/detienen-a-otro-migrante-venezolano-por-incendio-en-ciudad-juarez\/","title":{"rendered":"Detienen a otro migrante venezolano por incendio en Ciudad Ju\u00e1rez"},"content":{"rendered":"<p style=\"text-align: justify;\">M\u00e9xico.- La Fiscal\u00eda General de la Rep\u00fablica (FGR) en Chihuahua llev\u00f3 a cabo una orden de aprehensi\u00f3n contra Carlos Eduardo Colombo Rodr\u00edguez, migrante venezolano acusado de iniciar un incendio en la estaci\u00f3n del Instituto Nacional de Migraci\u00f3n (INM) el 27 de marzo, que result\u00f3 en la muerte de 40 personas.<\/p>\n<p style=\"text-align: justify;\">En redes sociales se dio a conocer que la detenci\u00f3n se llev\u00f3 a cabo en las cercan\u00edas del Hotel Colonial en Ciudad Ju\u00e1rez, Chihuahua.<\/p>\n<p style=\"text-align: justify;\">Hay videos que circulan en las redes sociales que muestran la detenci\u00f3n y se ve a Colombo vistiendo una camiseta y pantal\u00f3n blanco mientras es esposado por un agente y otro explica los motivos de su arresto.<\/p>\n<p style=\"text-align: justify;\">Colombo Rodr\u00edguez afirma su inocencia ante las autoridades y dice que no ha hecho nada, aunque se le acusa de homicidio. La situaci\u00f3n jur\u00eddica del joven venezolano ser\u00e1 determinada en los pr\u00f3ximos d\u00edas y actualmente est\u00e1 bajo custodia de la FGR.<\/p>\n","protected":false},"excerpt":{"rendered":"<p>M\u00e9xico.- La Fiscal\u00eda General de la Rep\u00fablica (FGR) en Chihuahua llev\u00f3 a cabo una orden de aprehensi\u00f3n contra Carlos Eduardo Colombo Rodr\u00edguez, migrante venezolano acusado de iniciar un incendio en la estaci\u00f3n del Instituto Nacional de Migraci\u00f3n (INM) el 27 de marzo, que result\u00f3 en la muerte de 40 personas. En redes sociales se dio a conocer que la detenci\u00f3n se llev\u00f3 a cabo en las cercan\u00edas del Hotel Colonial en Ciudad Ju\u00e1rez, Chihuahua. Hay videos que circulan en las redes sociales que muestran la detenci\u00f3n y se ve a Colombo vistiendo una camiseta y pantal\u00f3n blanco mientras es esposado [&hellip;]<\/p>\n","protected":false},"author":2,"featured_media":97349,"comment_status":"closed","ping_status":"closed","sticky":false,"template":"","format":"standard","meta":{"footnotes":""},"categories":[46],"tags":[],"class_list":["post-97342","post","type-post","status-publish","format-standard","has-post-thumbnail","hentry","category-nacional","post--single"],"yoast_head":"<!-- This site is optimized with the Yoast SEO plugin v27.4 - https:\/\/yoast.com\/product\/yoast-seo-wordpress\/ -->\n<title>Detienen a otro migrante venezolano por incendio en Ciudad Ju\u00e1rez - Canal 7 SLP - 2023<\/title>\n<meta name=\"robots\" content=\"index, follow, max-snippet:-1, max-image-preview:large, max-video-preview:-1\" \/>\n<link rel=\"canonical\" href=\"https:\/\/canal7slp.tv\/2023\/detienen-a-otro-migrante-venezolano-por-incendio-en-ciudad-juarez\/\" \/>\n<meta property=\"og:locale\" content=\"es_ES\" \/>\n<meta property=\"og:type\" content=\"article\" \/>\n<meta property=\"og:title\" content=\"Detienen a otro migrante venezolano por incendio en Ciudad Ju\u00e1rez - Canal 7 SLP - 2023\" \/>\n<meta property=\"og:description\" content=\"M\u00e9xico.- La Fiscal\u00eda General de la Rep\u00fablica (FGR) en Chihuahua llev\u00f3 a cabo una orden de aprehensi\u00f3n contra Carlos Eduardo Colombo Rodr\u00edguez, migrante venezolano acusado de iniciar un incendio en la estaci\u00f3n del Instituto Nacional de Migraci\u00f3n (INM) el 27 de marzo, que result\u00f3 en la muerte de 40 personas. En redes sociales se dio a conocer que la detenci\u00f3n se llev\u00f3 a cabo en las cercan\u00edas del Hotel Colonial en Ciudad Ju\u00e1rez, Chihuahua. Hay videos que circulan en las redes sociales que muestran la detenci\u00f3n y se ve a Colombo vistiendo una camiseta y pantal\u00f3n blanco mientras es esposado [&hellip;]\" \/>\n<meta property=\"og:url\" content=\"https:\/\/canal7slp.tv\/2023\/detienen-a-otro-migrante-venezolano-por-incendio-en-ciudad-juarez\/\" \/>\n<meta property=\"og:site_name\" content=\"Canal 7 SLP - 2023\" \/>\n<meta property=\"article:publisher\" content=\"https:\/\/www.facebook.com\/noticieroscanalsiete\" \/>\n<meta property=\"article:published_time\" content=\"2023-06-04T18:09:34+00:00\" \/>\n<meta property=\"og:image\" content=\"https:\/\/canal7slp.tv\/2023\/wp-content\/uploads\/2023\/06\/01-1.png\" \/>\n\t<meta property=\"og:image:width\" content=\"768\" \/>\n\t<meta property=\"og:image:height\" content=\"479\" \/>\n\t<meta property=\"og:image:type\" content=\"image\/png\" \/>\n<meta name=\"author\" content=\"Edici\u00f3n Web\" \/>\n<meta name=\"twitter:card\" content=\"summary_large_image\" \/>\n<meta name=\"twitter:creator\" content=\"@NOTICIEROS7\" \/>\n<meta name=\"twitter:site\" content=\"@NOTICIEROS7\" \/>\n<meta name=\"twitter:label1\" content=\"Escrito por\" \/>\n\t<meta name=\"twitter:data1\" content=\"Edici\u00f3n Web\" \/>\n\t<meta name=\"twitter:label2\" content=\"Tiempo de lectura\" \/>\n\t<meta name=\"twitter:data2\" content=\"1 minuto\" \/>\n<script type=\"application\/ld+json\" class=\"yoast-schema-graph\">{\"@context\":\"https:\\\/\\\/schema.org\",\"@graph\":[{\"@type\":\"Article\",\"@id\":\"https:\\\/\\\/canal7slp.tv\\\/2023\\\/detienen-a-otro-migrante-venezolano-por-incendio-en-ciudad-juarez\\\/#article\",\"isPartOf\":{\"@id\":\"https:\\\/\\\/canal7slp.tv\\\/2023\\\/detienen-a-otro-migrante-venezolano-por-incendio-en-ciudad-juarez\\\/\"},\"author\":{\"name\":\"Edici\u00f3n Web\",\"@id\":\"https:\\\/\\\/canal7slp.tv\\\/2023\\\/#\\\/schema\\\/person\\\/639c424e3584069003b11ae813915da6\"},\"headline\":\"Detienen a otro migrante venezolano por incendio en Ciudad Ju\u00e1rez\",\"datePublished\":\"2023-06-04T18:09:34+00:00\",\"mainEntityOfPage\":{\"@id\":\"https:\\\/\\\/canal7slp.tv\\\/2023\\\/detienen-a-otro-migrante-venezolano-por-incendio-en-ciudad-juarez\\\/\"},\"wordCount\":179,\"publisher\":{\"@id\":\"https:\\\/\\\/canal7slp.tv\\\/2023\\\/#organization\"},\"image\":{\"@id\":\"https:\\\/\\\/canal7slp.tv\\\/2023\\\/detienen-a-otro-migrante-venezolano-por-incendio-en-ciudad-juarez\\\/#primaryimage\"},\"thumbnailUrl\":\"https:\\\/\\\/canal7slp.tv\\\/2023\\\/wp-content\\\/uploads\\\/2023\\\/06\\\/01-1.png\",\"articleSection\":[\"NACIONALES\"],\"inLanguage\":\"es\"},{\"@type\":\"WebPage\",\"@id\":\"https:\\\/\\\/canal7slp.tv\\\/2023\\\/detienen-a-otro-migrante-venezolano-por-incendio-en-ciudad-juarez\\\/\",\"url\":\"https:\\\/\\\/canal7slp.tv\\\/2023\\\/detienen-a-otro-migrante-venezolano-por-incendio-en-ciudad-juarez\\\/\",\"name\":\"Detienen a otro migrante venezolano por incendio en Ciudad Ju\u00e1rez - Canal 7 SLP - 2023\",\"isPartOf\":{\"@id\":\"https:\\\/\\\/canal7slp.tv\\\/2023\\\/#website\"},\"primaryImageOfPage\":{\"@id\":\"https:\\\/\\\/canal7slp.tv\\\/2023\\\/detienen-a-otro-migrante-venezolano-por-incendio-en-ciudad-juarez\\\/#primaryimage\"},\"image\":{\"@id\":\"https:\\\/\\\/canal7slp.tv\\\/2023\\\/detienen-a-otro-migrante-venezolano-por-incendio-en-ciudad-juarez\\\/#primaryimage\"},\"thumbnailUrl\":\"https:\\\/\\\/canal7slp.tv\\\/2023\\\/wp-content\\\/uploads\\\/2023\\\/06\\\/01-1.png\",\"datePublished\":\"2023-06-04T18:09:34+00:00\",\"breadcrumb\":{\"@id\":\"https:\\\/\\\/canal7slp.tv\\\/2023\\\/detienen-a-otro-migrante-venezolano-por-incendio-en-ciudad-juarez\\\/#breadcrumb\"},\"inLanguage\":\"es\",\"potentialAction\":[{\"@type\":\"ReadAction\",\"target\":[\"https:\\\/\\\/canal7slp.tv\\\/2023\\\/detienen-a-otro-migrante-venezolano-por-incendio-en-ciudad-juarez\\\/\"]}]},{\"@type\":\"ImageObject\",\"inLanguage\":\"es\",\"@id\":\"https:\\\/\\\/canal7slp.tv\\\/2023\\\/detienen-a-otro-migrante-venezolano-por-incendio-en-ciudad-juarez\\\/#primaryimage\",\"url\":\"https:\\\/\\\/canal7slp.tv\\\/2023\\\/wp-content\\\/uploads\\\/2023\\\/06\\\/01-1.png\",\"contentUrl\":\"https:\\\/\\\/canal7slp.tv\\\/2023\\\/wp-content\\\/uploads\\\/2023\\\/06\\\/01-1.png\",\"width\":768,\"height\":479},{\"@type\":\"BreadcrumbList\",\"@id\":\"https:\\\/\\\/canal7slp.tv\\\/2023\\\/detienen-a-otro-migrante-venezolano-por-incendio-en-ciudad-juarez\\\/#breadcrumb\",\"itemListElement\":[{\"@type\":\"ListItem\",\"position\":1,\"name\":\"Portada\",\"item\":\"https:\\\/\\\/canal7slp.tv\\\/2023\\\/\"},{\"@type\":\"ListItem\",\"position\":2,\"name\":\"Detienen a otro migrante venezolano por incendio en Ciudad Ju\u00e1rez\"}]},{\"@type\":\"WebSite\",\"@id\":\"https:\\\/\\\/canal7slp.tv\\\/2023\\\/#website\",\"url\":\"https:\\\/\\\/canal7slp.tv\\\/2023\\\/\",\"name\":\"N7 - Noticieros Canal 7\",\"description\":\"Somos Televisi\u00f3n\",\"publisher\":{\"@id\":\"https:\\\/\\\/canal7slp.tv\\\/2023\\\/#organization\"},\"potentialAction\":[{\"@type\":\"SearchAction\",\"target\":{\"@type\":\"EntryPoint\",\"urlTemplate\":\"https:\\\/\\\/canal7slp.tv\\\/2023\\\/?s={search_term_string}\"},\"query-input\":{\"@type\":\"PropertyValueSpecification\",\"valueRequired\":true,\"valueName\":\"search_term_string\"}}],\"inLanguage\":\"es\"},{\"@type\":\"Organization\",\"@id\":\"https:\\\/\\\/canal7slp.tv\\\/2023\\\/#organization\",\"name\":\"Noticieros Canal 7\",\"url\":\"https:\\\/\\\/canal7slp.tv\\\/2023\\\/\",\"logo\":{\"@type\":\"ImageObject\",\"inLanguage\":\"es\",\"@id\":\"https:\\\/\\\/canal7slp.tv\\\/2023\\\/#\\\/schema\\\/logo\\\/image\\\/\",\"url\":\"https:\\\/\\\/canal7slp.tv\\\/2023\\\/wp-content\\\/uploads\\\/2021\\\/01\\\/logo-noticieros@2x.png\",\"contentUrl\":\"https:\\\/\\\/canal7slp.tv\\\/2023\\\/wp-content\\\/uploads\\\/2021\\\/01\\\/logo-noticieros@2x.png\",\"width\":1017,\"height\":268,\"caption\":\"Noticieros Canal 7\"},\"image\":{\"@id\":\"https:\\\/\\\/canal7slp.tv\\\/2023\\\/#\\\/schema\\\/logo\\\/image\\\/\"},\"sameAs\":[\"https:\\\/\\\/www.facebook.com\\\/noticieroscanalsiete\",\"https:\\\/\\\/x.com\\\/NOTICIEROS7\",\"https:\\\/\\\/www.instagram.com\\\/canal7_slp\",\"https:\\\/\\\/www.youtube.com\\\/channel\\\/UCliiYs-gP3JfJeqdPrNdd5A\"]},{\"@type\":\"Person\",\"@id\":\"https:\\\/\\\/canal7slp.tv\\\/2023\\\/#\\\/schema\\\/person\\\/639c424e3584069003b11ae813915da6\",\"name\":\"Edici\u00f3n Web\",\"image\":{\"@type\":\"ImageObject\",\"inLanguage\":\"es\",\"@id\":\"https:\\\/\\\/secure.gravatar.com\\\/avatar\\\/eee448fc3f7164808013b816ba91ac7e43bbe82a70bebac296f8bc6f0addaa1a?s=96&d=mm&r=g\",\"url\":\"https:\\\/\\\/secure.gravatar.com\\\/avatar\\\/eee448fc3f7164808013b816ba91ac7e43bbe82a70bebac296f8bc6f0addaa1a?s=96&d=mm&r=g\",\"contentUrl\":\"https:\\\/\\\/secure.gravatar.com\\\/avatar\\\/eee448fc3f7164808013b816ba91ac7e43bbe82a70bebac296f8bc6f0addaa1a?s=96&d=mm&r=g\",\"caption\":\"Edici\u00f3n Web\"},\"url\":\"https:\\\/\\\/canal7slp.tv\\\/2023\\\/author\\\/edicionweb\\\/\"}]}<\/script>\n<!-- \/ Yoast SEO plugin. -->","yoast_head_json":{"title":"Detienen a otro migrante venezolano por incendio en Ciudad Ju\u00e1rez - Canal 7 SLP - 2023","robots":{"index":"index","follow":"follow","max-snippet":"max-snippet:-1","max-image-preview":"max-image-preview:large","max-video-preview":"max-video-preview:-1"},"canonical":"https:\/\/canal7slp.tv\/2023\/detienen-a-otro-migrante-venezolano-por-incendio-en-ciudad-juarez\/","og_locale":"es_ES","og_type":"article","og_title":"Detienen a otro migrante venezolano por incendio en Ciudad Ju\u00e1rez - Canal 7 SLP - 2023","og_description":"M\u00e9xico.- La Fiscal\u00eda General de la Rep\u00fablica (FGR) en Chihuahua llev\u00f3 a cabo una orden de aprehensi\u00f3n contra Carlos Eduardo Colombo Rodr\u00edguez, migrante venezolano acusado de iniciar un incendio en la estaci\u00f3n del Instituto Nacional de Migraci\u00f3n (INM) el 27 de marzo, que result\u00f3 en la muerte de 40 personas. En redes sociales se dio a conocer que la detenci\u00f3n se llev\u00f3 a cabo en las cercan\u00edas del Hotel Colonial en Ciudad Ju\u00e1rez, Chihuahua. Hay videos que circulan en las redes sociales que muestran la detenci\u00f3n y se ve a Colombo vistiendo una camiseta y pantal\u00f3n blanco mientras es esposado [&hellip;]","og_url":"https:\/\/canal7slp.tv\/2023\/detienen-a-otro-migrante-venezolano-por-incendio-en-ciudad-juarez\/","og_site_name":"Canal 7 SLP - 2023","article_publisher":"https:\/\/www.facebook.com\/noticieroscanalsiete","article_published_time":"2023-06-04T18:09:34+00:00","og_image":[{"width":768,"height":479,"url":"https:\/\/canal7slp.tv\/2023\/wp-content\/uploads\/2023\/06\/01-1.png","type":"image\/png"}],"author":"Edici\u00f3n Web","twitter_card":"summary_large_image","twitter_creator":"@NOTICIEROS7","twitter_site":"@NOTICIEROS7","twitter_misc":{"Escrito por":"Edici\u00f3n Web","Tiempo de lectura":"1 minuto"},"schema":{"@context":"https:\/\/schema.org","@graph":[{"@type":"Article","@id":"https:\/\/canal7slp.tv\/2023\/detienen-a-otro-migrante-venezolano-por-incendio-en-ciudad-juarez\/#article","isPartOf":{"@id":"https:\/\/canal7slp.tv\/2023\/detienen-a-otro-migrante-venezolano-por-incendio-en-ciudad-juarez\/"},"author":{"name":"Edici\u00f3n Web","@id":"https:\/\/canal7slp.tv\/2023\/#\/schema\/person\/639c424e3584069003b11ae813915da6"},"headline":"Detienen a otro migrante venezolano por incendio en Ciudad Ju\u00e1rez","datePublished":"2023-06-04T18:09:34+00:00","mainEntityOfPage":{"@id":"https:\/\/canal7slp.tv\/2023\/detienen-a-otro-migrante-venezolano-por-incendio-en-ciudad-juarez\/"},"wordCount":179,"publisher":{"@id":"https:\/\/canal7slp.tv\/2023\/#organization"},"image":{"@id":"https:\/\/canal7slp.tv\/2023\/detienen-a-otro-migrante-venezolano-por-incendio-en-ciudad-juarez\/#primaryimage"},"thumbnailUrl":"https:\/\/canal7slp.tv\/2023\/wp-content\/uploads\/2023\/06\/01-1.png","articleSection":["NACIONALES"],"inLanguage":"es"},{"@type":"WebPage","@id":"https:\/\/canal7slp.tv\/2023\/detienen-a-otro-migrante-venezolano-por-incendio-en-ciudad-juarez\/","url":"https:\/\/canal7slp.tv\/2023\/detienen-a-otro-migrante-venezolano-por-incendio-en-ciudad-juarez\/","name":"Detienen a otro migrante venezolano por incendio en Ciudad Ju\u00e1rez - Canal 7 SLP - 2023","isPartOf":{"@id":"https:\/\/canal7slp.tv\/2023\/#website"},"primaryImageOfPage":{"@id":"https:\/\/canal7slp.tv\/2023\/detienen-a-otro-migrante-venezolano-por-incendio-en-ciudad-juarez\/#primaryimage"},"image":{"@id":"https:\/\/canal7slp.tv\/2023\/detienen-a-otro-migrante-venezolano-por-incendio-en-ciudad-juarez\/#primaryimage"},"thumbnailUrl":"https:\/\/canal7slp.tv\/2023\/wp-content\/uploads\/2023\/06\/01-1.png","datePublished":"2023-06-04T18:09:34+00:00","breadcrumb":{"@id":"https:\/\/canal7slp.tv\/2023\/detienen-a-otro-migrante-venezolano-por-incendio-en-ciudad-juarez\/#breadcrumb"},"inLanguage":"es","potentialAction":[{"@type":"ReadAction","target":["https:\/\/canal7slp.tv\/2023\/detienen-a-otro-migrante-venezolano-por-incendio-en-ciudad-juarez\/"]}]},{"@type":"ImageObject","inLanguage":"es","@id":"https:\/\/canal7slp.tv\/2023\/detienen-a-otro-migrante-venezolano-por-incendio-en-ciudad-juarez\/#primaryimage","url":"https:\/\/canal7slp.tv\/2023\/wp-content\/uploads\/2023\/06\/01-1.png","contentUrl":"https:\/\/canal7slp.tv\/2023\/wp-content\/uploads\/2023\/06\/01-1.png","width":768,"height":479},{"@type":"BreadcrumbList","@id":"https:\/\/canal7slp.tv\/2023\/detienen-a-otro-migrante-venezolano-por-incendio-en-ciudad-juarez\/#breadcrumb","itemListElement":[{"@type":"ListItem","position":1,"name":"Portada","item":"https:\/\/canal7slp.tv\/2023\/"},{"@type":"ListItem","position":2,"name":"Detienen a otro migrante venezolano por incendio en Ciudad Ju\u00e1rez"}]},{"@type":"WebSite","@id":"https:\/\/canal7slp.tv\/2023\/#website","url":"https:\/\/canal7slp.tv\/2023\/","name":"N7 - Noticieros Canal 7","description":"Somos Televisi\u00f3n","publisher":{"@id":"https:\/\/canal7slp.tv\/2023\/#organization"},"potentialAction":[{"@type":"SearchAction","target":{"@type":"EntryPoint","urlTemplate":"https:\/\/canal7slp.tv\/2023\/?s={search_term_string}"},"query-input":{"@type":"PropertyValueSpecification","valueRequired":true,"valueName":"search_term_string"}}],"inLanguage":"es"},{"@type":"Organization","@id":"https:\/\/canal7slp.tv\/2023\/#organization","name":"Noticieros Canal 7","url":"https:\/\/canal7slp.tv\/2023\/","logo":{"@type":"ImageObject","inLanguage":"es","@id":"https:\/\/canal7slp.tv\/2023\/#\/schema\/logo\/image\/","url":"https:\/\/canal7slp.tv\/2023\/wp-content\/uploads\/2021\/01\/logo-noticieros@2x.png","contentUrl":"https:\/\/canal7slp.tv\/2023\/wp-content\/uploads\/2021\/01\/logo-noticieros@2x.png","width":1017,"height":268,"caption":"Noticieros Canal 7"},"image":{"@id":"https:\/\/canal7slp.tv\/2023\/#\/schema\/logo\/image\/"},"sameAs":["https:\/\/www.facebook.com\/noticieroscanalsiete","https:\/\/x.com\/NOTICIEROS7","https:\/\/www.instagram.com\/canal7_slp","https:\/\/www.youtube.com\/channel\/UCliiYs-gP3JfJeqdPrNdd5A"]},{"@type":"Person","@id":"https:\/\/canal7slp.tv\/2023\/#\/schema\/person\/639c424e3584069003b11ae813915da6","name":"Edici\u00f3n Web","image":{"@type":"ImageObject","inLanguage":"es","@id":"https:\/\/secure.gravatar.com\/avatar\/eee448fc3f7164808013b816ba91ac7e43bbe82a70bebac296f8bc6f0addaa1a?s=96&d=mm&r=g","url":"https:\/\/secure.gravatar.com\/avatar\/eee448fc3f7164808013b816ba91ac7e43bbe82a70bebac296f8bc6f0addaa1a?s=96&d=mm&r=g","contentUrl":"https:\/\/secure.gravatar.com\/avatar\/eee448fc3f7164808013b816ba91ac7e43bbe82a70bebac296f8bc6f0addaa1a?s=96&d=mm&r=g","caption":"Edici\u00f3n Web"},"url":"https:\/\/canal7slp.tv\/2023\/author\/edicionweb\/"}]}},"_links":{"self":[{"href":"https:\/\/canal7slp.tv\/2023\/wp-json\/wp\/v2\/posts\/97342","targetHints":{"allow":["GET"]}}],"collection":[{"href":"https:\/\/canal7slp.tv\/2023\/wp-json\/wp\/v2\/posts"}],"about":[{"href":"https:\/\/canal7slp.tv\/2023\/wp-json\/wp\/v2\/types\/post"}],"author":[{"embeddable":true,"href":"https:\/\/canal7slp.tv\/2023\/wp-json\/wp\/v2\/users\/2"}],"replies":[{"embeddable":true,"href":"https:\/\/canal7slp.tv\/2023\/wp-json\/wp\/v2\/comments?post=97342"}],"version-history":[{"count":1,"href":"https:\/\/canal7slp.tv\/2023\/wp-json\/wp\/v2\/posts\/97342\/revisions"}],"predecessor-version":[{"id":97348,"href":"https:\/\/canal7slp.tv\/2023\/wp-json\/wp\/v2\/posts\/97342\/revisions\/97348"}],"wp:featuredmedia":[{"embeddable":true,"href":"https:\/\/canal7slp.tv\/2023\/wp-json\/wp\/v2\/media\/97349"}],"wp:attachment":[{"href":"https:\/\/canal7slp.tv\/2023\/wp-json\/wp\/v2\/media?parent=97342"}],"wp:term":[{"taxonomy":"category","embeddable":true,"href":"https:\/\/canal7slp.tv\/2023\/wp-json\/wp\/v2\/categories?post=97342"},{"taxonomy":"post_tag","embeddable":true,"href":"https:\/\/canal7slp.tv\/2023\/wp-json\/wp\/v2\/tags?post=97342"}],"curies":[{"name":"wp","href":"https:\/\/api.w.org\/{rel}","templated":true}]}}